{"id":183,"count":3,"description":"","link":"https:\/\/www.culture-numerique.fr\/?tag=semaine-de-la-presse-et-des-medias-a-lecole","name":"Semaine de la presse et des m\u00e9dias \u00e0 l'\u00e9cole","slug":"semaine-de-la-presse-et-des-medias-a-lecole","taxonomy":"post_tag","meta":[],"_links":{"self":[{"href":"https:\/\/www.culture-numerique.fr\/index.php?rest_route=\/wp\/v2\/tags\/183","targetHints":{"allow":["GET"]}}],"collection":[{"href":"https:\/\/www.culture-numerique.fr\/index.php?rest_route=\/wp\/v2\/tags"}],"about":[{"href":"https:\/\/www.culture-numerique.fr\/index.php?rest_route=\/wp\/v2\/taxonomies\/post_tag"}],"wp:post_type":[{"href":"https:\/\/www.culture-numerique.fr\/index.php?rest_route=%2Fwp%2Fv2%2Fposts&tags=183"}],"curies":[{"name":"wp","href":"https:\/\/api.w.org\/{rel}","templated":true}]}}