{"id":995,"date":"2014-06-09T19:14:22","date_gmt":"2014-06-09T17:14:22","guid":{"rendered":"http:\/\/www.culture-numerique.fr\/?p=995"},"modified":"2016-11-04T15:56:27","modified_gmt":"2016-11-04T14:56:27","slug":"blogosphere-blogosphere-est-ce-que-jai-une-gueule-de-blogosphere","status":"publish","type":"post","link":"https:\/\/www.culture-numerique.fr\/?p=995","title":{"rendered":"Blogosph\u00e8re\u00a0! Blogosph\u00e8re\u00a0! Est-ce que j&rsquo;ai une gueule de blogosph\u00e8re\u00a0?"},"content":{"rendered":"<p><a href=\"http:\/\/www.culture-numerique.fr\/wp-content\/uploads\/2014\/06\/2014-06-09_165514.jpg\"><img loading=\"lazy\" decoding=\"async\" class=\"wp-image-996 aligncenter\" src=\"http:\/\/www.culture-numerique.fr\/wp-content\/uploads\/2014\/06\/2014-06-09_165514.jpg\" alt=\"Atmosph\u00e8re\" width=\"834\" height=\"462\" srcset=\"https:\/\/www.culture-numerique.fr\/wp-content\/uploads\/2014\/06\/2014-06-09_165514.jpg 587w, https:\/\/www.culture-numerique.fr\/wp-content\/uploads\/2014\/06\/2014-06-09_165514-300x166.jpg 300w, https:\/\/www.culture-numerique.fr\/wp-content\/uploads\/2014\/06\/2014-06-09_165514-100x55.jpg 100w, https:\/\/www.culture-numerique.fr\/wp-content\/uploads\/2014\/06\/2014-06-09_165514-150x83.jpg 150w, https:\/\/www.culture-numerique.fr\/wp-content\/uploads\/2014\/06\/2014-06-09_165514-200x110.jpg 200w, https:\/\/www.culture-numerique.fr\/wp-content\/uploads\/2014\/06\/2014-06-09_165514-450x249.jpg 450w\" sizes=\"auto, (max-width: 834px) 100vw, 834px\" \/><\/a><\/p>\n<p><strong>Pour paraphraser\u00a0Arletty<\/strong>\u00a0dans \u00ab\u00a0<a href=\"https:\/\/www.youtube.com\/watch?v=6DKI0EP-RMA\" target=\"_blank\">H\u00f4tel du Nord\u00a0<\/a>\u00bb\u00a0r\u00e9pondant ainsi\u00a0\u00e0 Louis Jouvet\u00a0qui lui disait vouloir partir et changer d&rsquo;atmosph\u00e8re, j&rsquo;ai eu l&rsquo;occasion tout r\u00e9cemment\u00a0de me demander moi aussi ce qui rattache ce blogue \u00e0 la blogosph\u00e8re, celle suppos\u00e9e influencer, tirer un peu les ficelles et orienter la r\u00e9flexion. Il y a des jours, comme \u00e7a, o\u00f9 on \u00e9crit un bien bel article argument\u00e9, convaincant, valoris\u00e9 semble-t-il par les \u00ab\u00a0likes\u00a0\u00bb et les \u00ab\u00a0retweets\u00a0\u00bb idoines, o\u00f9 l&rsquo;on cro\u00eet avoir fait l&rsquo;essentiel et persuad\u00e9\u00a0tout le monde que ses\u00a0id\u00e9es sont les meilleures&#8230; Et puis, au d\u00e9tour d&rsquo;un commentaire ou d&rsquo;une autre publication, on\u00a0tombe de haut&#8230;<\/p>\n<p>De \u00ab e-influenceur \u00bb et faiseur suppos\u00e9 d&rsquo;id\u00e9es forc\u00e9ment neuves, on\u00a0devient alors d&rsquo;un coup t\u00e2cheron scribouillard, vil petit blogueur de l&rsquo;Internet souterrain et occulte, lu par hasard et par s\u00e9rendipit\u00e9, certes, mais jamais \u00e9cout\u00e9 ni compris&#8230;<\/p>\n<p>Ce matin encore, tenez, je lisais tranquillement une plateforme collaborative et l&rsquo;une des questions pos\u00e9es \u00e0 propos du num\u00e9rique\u00a0consistait \u00e0 savoir quand son utilisation \u00e9tait un plus. J&rsquo;ai d\u00e9j\u00e0 un peu de mal avec la formulation convenue \u00ab utiliser le num\u00e9rique \u00bb mais, vous le savez, car j&rsquo;en ai d\u00e9j\u00e0 longuement parl\u00e9 dans ce r\u00e9cent billet \u00ab\u00a0<a title=\"Num\u00e9rique : changer radicalement le questionnement\" href=\"http:\/\/www.culture-numerique.fr\/?p=712\" target=\"_blank\">Num\u00e9rique : changer radicalement le questionnement<\/a>\u00a0\u00bb\u00a0, <strong>la question \u00ab\u00a0\u00c0 quoi sert le num\u00e9rique\u00a0\u00bb n&rsquo;a pas \u00e0 mon avis le moindre sens<\/strong>. Voyez-vous, j&rsquo;imaginais b\u00eatement que le mouvement p\u00e9dagogique \u00e0 l&rsquo;initiative de cette r\u00e9flexion avait d\u00e9j\u00e0\u00a0avanc\u00e9 sur ce sujet pour poser l&rsquo;\u00e9ventuelle question suivante \u00ab\u00a0Qu&rsquo;est ce que \u00e7a change\u00a0?\u00a0\u00bb, en ayant d\u00e9finitivement compris qu&rsquo;une posture p\u00e9dagogique qui \u00e9chapperait au num\u00e9rique \u00e9tait devenue\u00a0impossible. Et invivable. J&rsquo;imaginais&#8230; et me trompais gravement.<\/p>\n<p>Voil\u00e0 d\u00e9j\u00e0 un moment que le vocabulaire a, fort heureusement, chang\u00e9 du c\u00f4t\u00e9 du minist\u00e8re. On y \u00e9voque maintenant la <a href=\"http:\/\/www.education.gouv.fr\/cid79643\/une-strategie-ambitieuse-pour-faire-entrer-l-ecole-dans-l-ere-du-numerique.html\" target=\"_blank\">strat\u00e9gie pour faire entrer l&rsquo;\u00e9cole dans l&rsquo;\u00e8re du num\u00e9rique<\/a>, on y promeut l&rsquo;<a href=\"http:\/\/www.education.gouv.fr\/pid29064\/ecole-numerique.html\" target=\"_blank\">\u00e9cole num\u00e9rique<\/a>\u00a0et la culture num\u00e9rique, on y installe une <a href=\"http:\/\/www.education.gouv.fr\/cid77084\/direction-du-numerique-pour-l-education-dne.html\" target=\"_blank\">Direction du num\u00e9rique pour l&rsquo;\u00e9ducation<\/a>, on y propose des services num\u00e9riques&#8230; <strong>Tout le glossaire institutionnel est maintenant impr\u00e9gn\u00e9 de cette dimension paradigmatique que propose le num\u00e9rique<\/strong>. Fort logiquement et sans avoir \u00e0 me forcer, je me suis rang\u00e9 \u00e0 ce choix de vocabulaire, persuad\u00e9 pour ma part que ce changement \u00e9tait n\u00e9cessaire, tant les <a title=\"Ce que les Tice ont fait de mal au num\u00e9rique\" href=\"http:\/\/www.culture-numerique.fr\/?p=127\" target=\"_blank\">Tice avaient fait de mal au num\u00e9rique<\/a>, tant r\u00e9soudre ce dernier \u00e0 sa seule dimension utilitaire et technologique avait entrav\u00e9 son d\u00e9ploiement dans l&rsquo;\u00e9cole. Le choix du nom de ce blogue et mon dernier billet pour promouvoir une <a title=\"Pour une litt\u00e9ratie num\u00e9rique qui traverse et \u00e9claire les disciplines scolaires\" href=\"http:\/\/www.culture-numerique.fr\/?p=869\">litt\u00e9ratie num\u00e9rique<\/a> peuvent t\u00e9moigner de cette \u00e9volution.<\/p>\n<p>Et puis j&rsquo;observe&#8230; et m&rsquo;aper\u00e7ois qu&rsquo;il y a toujours, sur les cartes de visite\u00a0\u2014\u00a0elles sont plus difficiles \u00e0 changer\u00a0\u2014 mais aussi dans les signatures des courriels que je re\u00e7ois ou les profils ou les noms m\u00eames des abonn\u00e9s aux r\u00e9seaux sociaux avec lesquels j&rsquo;\u00e9change des mentions relatives aux \u00ab\u00a0Tice\u00a0\u00bb ou, pire\u00a0!, aux \u00ab Tuic \u00bb, \u00e0 leur ma\u00eetrise, \u00e0 leur int\u00e9gration, \u00e0 leur usage, trois mots que je hais autant que les acronymes auxquels ils se rapportent et qui s&rsquo;av\u00e8rent d\u00e9finitivement obsol\u00e8tes. Passe encore \u2014\u00a0je les comprends\u00a0\u2014 que les professeurs, le nez dans le guidon, ne r\u00e9agissent pas tr\u00e8s vite aux \u00e9volutions langagi\u00e8res et culturelles, mais la persistance de ces acronymes appos\u00e9s au nom ou d\u00e9crivant la fonction d&rsquo;un cadre de l&rsquo;enseignement para\u00eet tout bonnement incroyable\u00a0!<\/p>\n<p>C&rsquo;est dans ces moments-l\u00e0 qu&rsquo;on s&rsquo;aper\u00e7oit que les id\u00e9es qu&rsquo;on avance ont bien peu de port\u00e9e et qu&rsquo;il convient, en bon et traditionnel p\u00e9dagogue, <strong>de r\u00e9p\u00e9ter et r\u00e9p\u00e9ter inlassablement&#8230; et humblement<\/strong>.<\/p>\n<p>\u00c0 bient\u00f4t donc.<\/p>\n<p style=\"color: #0b6bbf;\">Michel Guillou\u00a0<a style=\"font-style: inherit; color: #282128;\" href=\"https:\/\/twitter.com\/michelguillou\" target=\"_blank\">@michelguillou<\/a><\/p>\n<p style=\"color: #0b6bbf;\"><a style=\"font-style: inherit; color: #282128;\" href=\"http:\/\/creativecommons.org\/licenses\/by-nc-sa\/2.0\/fr\/\" target=\"_blank\"><img loading=\"lazy\" decoding=\"async\" style=\"font-weight: inherit; font-style: inherit;\" src=\"http:\/\/i.creativecommons.org\/l\/by-nc-sa\/2.0\/fr\/80x15.png\" alt=\"image\" width=\"80\" height=\"15\" \/><\/a><\/p>\n<p style=\"color: #0b6bbf;\">[cite]<\/p>\n","protected":false},"excerpt":{"rendered":"<p><a href=\"http:\/\/www.culture-numerique.fr\/wp-content\/uploads\/2014\/06\/2014-06-09_165514.jpg\"><img loading=\"lazy\" decoding=\"async\" class=\"wp-image-996 aligncenter\" src=\"http:\/\/www.culture-numerique.fr\/wp-content\/uploads\/2014\/06\/2014-06-09_165514.jpg\" alt=\"Atmosph\u00e8re\" width=\"834\" height=\"462\" srcset=\"https:\/\/www.culture-numerique.fr\/wp-content\/uploads\/2014\/06\/2014-06-09_165514.jpg 587w, https:\/\/www.culture-numerique.fr\/wp-content\/uploads\/2014\/06\/2014-06-09_165514-300x166.jpg 300w, https:\/\/www.culture-numerique.fr\/wp-content\/uploads\/2014\/06\/2014-06-09_165514-100x55.jpg 100w, https:\/\/www.culture-numerique.fr\/wp-content\/uploads\/2014\/06\/2014-06-09_165514-150x83.jpg 150w, https:\/\/www.culture-numerique.fr\/wp-content\/uploads\/2014\/06\/2014-06-09_165514-200x110.jpg 200w, https:\/\/www.culture-numerique.fr\/wp-content\/uploads\/2014\/06\/2014-06-09_165514-450x249.jpg 450w\" sizes=\"auto, (max-width: 834px) 100vw, 834px\" \/><\/a><\/p>\n<p><strong>Pour paraphraser\u00a0Arletty<\/strong>\u00a0dans \u00ab\u00a0<a href=\"https:\/\/www.youtube.com\/watch?v=6DKI0EP-RMA\" target=\"_blank\">H\u00f4tel du Nord\u00a0<\/a>\u00bb\u00a0r\u00e9pondant ainsi\u00a0\u00e0 Louis Jouvet\u00a0qui lui disait vouloir partir et changer d&rsquo;atmosph\u00e8re, j&rsquo;ai eu l&rsquo;occasion tout r\u00e9cemment\u00a0de me demander moi aussi ce qui rattache ce blogue \u00e0 la blogosph\u00e8re,<\/p>\n<p><span class=\"ellipsis\">&hellip;<\/span><\/p>\n<div class=\"read-more\"><a href=\"https:\/\/www.culture-numerique.fr\/?p=995\">Lire la suite &#8250;<\/a><\/div>\n<p><!-- end of .read-more --><\/p>\n","protected":false},"author":1,"featured_media":996,"comment_status":"open","ping_status":"open","sticky":false,"template":"","format":"standard","meta":{"jetpack_post_was_ever_published":false,"_jetpack_newsletter_access":"","_jetpack_dont_email_post_to_subs":true,"_jetpack_newsletter_tier_id":0,"_jetpack_memberships_contains_paywalled_content":false,"_jetpack_memberships_contains_paid_content":false,"footnotes":""},"categories":[20],"tags":[398,397,396,2,41,55],"class_list":["post-995","post","type-post","status-publish","format-standard","has-post-thumbnail","hentry","category-breves","tag-blogosphere","tag-idees","tag-influence","tag-numerique","tag-tice","tag-tuic"],"jetpack_featured_media_url":"https:\/\/www.culture-numerique.fr\/wp-content\/uploads\/2014\/06\/2014-06-09_165514.jpg","jetpack_sharing_enabled":true,"_links":{"self":[{"href":"https:\/\/www.culture-numerique.fr\/index.php?rest_route=\/wp\/v2\/posts\/995","targetHints":{"allow":["GET"]}}],"collection":[{"href":"https:\/\/www.culture-numerique.fr\/index.php?rest_route=\/wp\/v2\/posts"}],"about":[{"href":"https:\/\/www.culture-numerique.fr\/index.php?rest_route=\/wp\/v2\/types\/post"}],"author":[{"embeddable":true,"href":"https:\/\/www.culture-numerique.fr\/index.php?rest_route=\/wp\/v2\/users\/1"}],"replies":[{"embeddable":true,"href":"https:\/\/www.culture-numerique.fr\/index.php?rest_route=%2Fwp%2Fv2%2Fcomments&post=995"}],"version-history":[{"count":13,"href":"https:\/\/www.culture-numerique.fr\/index.php?rest_route=\/wp\/v2\/posts\/995\/revisions"}],"predecessor-version":[{"id":5555,"href":"https:\/\/www.culture-numerique.fr\/index.php?rest_route=\/wp\/v2\/posts\/995\/revisions\/5555"}],"wp:featuredmedia":[{"embeddable":true,"href":"https:\/\/www.culture-numerique.fr\/index.php?rest_route=\/wp\/v2\/media\/996"}],"wp:attachment":[{"href":"https:\/\/www.culture-numerique.fr\/index.php?rest_route=%2Fwp%2Fv2%2Fmedia&parent=995"}],"wp:term":[{"taxonomy":"category","embeddable":true,"href":"https:\/\/www.culture-numerique.fr\/index.php?rest_route=%2Fwp%2Fv2%2Fcategories&post=995"},{"taxonomy":"post_tag","embeddable":true,"href":"https:\/\/www.culture-numerique.fr\/index.php?rest_route=%2Fwp%2Fv2%2Ftags&post=995"}],"curies":[{"name":"wp","href":"https:\/\/api.w.org\/{rel}","templated":true}]}}