{"id":933,"date":"2014-05-28T18:10:48","date_gmt":"2014-05-28T16:10:48","guid":{"rendered":"http:\/\/www.culture-numerique.fr\/?p=933"},"modified":"2017-08-04T17:51:40","modified_gmt":"2017-08-04T15:51:40","slug":"chronique-de-la-censure-ordinaire-en-milieu-educatif","status":"publish","type":"post","link":"https:\/\/www.culture-numerique.fr\/?p=933","title":{"rendered":"Chronique de la censure ordinaire en milieu \u00e9ducatif"},"content":{"rendered":"<p><a href=\"http:\/\/www.culture-numerique.fr\/wp-content\/uploads\/2014\/05\/origin_8481608368.jpg\"><img loading=\"lazy\" decoding=\"async\" class=\"alignleft wp-image-935 size-medium\" src=\"http:\/\/www.culture-numerique.fr\/wp-content\/uploads\/2014\/05\/origin_8481608368-300x300.jpg\" alt=\"Twitter en cage\" width=\"300\" height=\"300\" srcset=\"https:\/\/www.culture-numerique.fr\/wp-content\/uploads\/2014\/05\/origin_8481608368-300x300.jpg 300w, https:\/\/www.culture-numerique.fr\/wp-content\/uploads\/2014\/05\/origin_8481608368-150x150.jpg 150w, https:\/\/www.culture-numerique.fr\/wp-content\/uploads\/2014\/05\/origin_8481608368-100x100.jpg 100w, https:\/\/www.culture-numerique.fr\/wp-content\/uploads\/2014\/05\/origin_8481608368-200x200.jpg 200w, https:\/\/www.culture-numerique.fr\/wp-content\/uploads\/2014\/05\/origin_8481608368-450x449.jpg 450w, https:\/\/www.culture-numerique.fr\/wp-content\/uploads\/2014\/05\/origin_8481608368-600x600.jpg 600w, https:\/\/www.culture-numerique.fr\/wp-content\/uploads\/2014\/05\/origin_8481608368.jpg 786w\" sizes=\"auto, (max-width: 300px) 100vw, 300px\" \/><\/a><\/p>\n<p><strong>Ils en r\u00eavent la nuit, c&rsquo;est certain<\/strong>, et se r\u00e9veillent, la tempe humide, se demandant ce qu&rsquo;ils vont bien pouvoir censurer sit\u00f4t arriv\u00e9s au boulot&#8230; \u00ab\u00a0Allez, qu&rsquo;est-ce qu&rsquo;on a bien pu oublier\u00a0? YouTube, c&rsquo;est fait, Dailymotion aussi, Wat.tv, non, c&rsquo;est TF1, quand m\u00eame&#8230; Comment \u00e7a, Dailymotion, c&rsquo;est Orange\u00a0? Non, \u00e7a se saurait&#8230; Facebook, Twitter, Vine, Snapchat, Ask.fm, Renren des fois qu&rsquo;il y ait des Chinois, Vkontakte au cas o\u00f9 il y aurait des Russes, on ne sait jamais&#8230; Ah, zut, on a oubli\u00e9 Pinterest. Voil\u00e0, c&rsquo;est \u00e7a, ce matin, on va couper Pinterest&#8230;\u00a0\u00bb.<\/p>\n<p>Telle est\u00a0la dure et valeureuse vie de nombre d&rsquo;administrateurs des r\u00e9seaux des \u00e9tablissements, ceux qui ont re\u00e7u d\u00e9l\u00e9gation des chefs d&rsquo;\u00e9tablissement ou les chefs d&rsquo;\u00e9tablissement eux-m\u00eames, garants de la morale la\u00efque, gratuite et obligatoire&#8230; On n&rsquo;imagine pas les tourments de ces gens-l\u00e0, sans cesse confront\u00e9s \u00e0 la croissance exponentielle du web et \u00e0 la recrudescence des turpitudes sociales dont ces jeunes se repaissent. On n&rsquo;imagine pas la responsabilit\u00e9 de ces gens et les choix corn\u00e9liens qu&rsquo;ils ont \u00e0 faire :\u00a0au-del\u00e0 du travail d&rsquo;administration quotidien qui fait d&rsquo;eux des personnes si respect\u00e9es, c&rsquo;est la protection de tous ces jeunes mineurs qui compte, car le terroriste, le p\u00e9dophile, le harceleur, l&rsquo;homosexuel, le d\u00e9viant, le pros\u00e9lyte, le pirate, le pornographe, le n\u00e9gationniste veillent, l\u00e0, tapis au coin d&rsquo;une page web qu&rsquo;on n&rsquo;attend pas&#8230;<\/p>\n<p><a href=\"http:\/\/www.esen.education.fr\/fileadmin\/user_upload\/Modules\/Ressources\/Conferences\/flash\/10-11\/culture_num\/merzeau\/merzeau_l_culture_num\/merzeau_l_culture_num_FlashLD_460x640.html\" target=\"_blank\" rel=\"noopener\"><img loading=\"lazy\" decoding=\"async\" class=\"alignright wp-image-945\" src=\"http:\/\/www.culture-numerique.fr\/wp-content\/uploads\/2014\/05\/merzeau.jpg\" alt=\"merzeau\" width=\"344\" height=\"193\" srcset=\"https:\/\/www.culture-numerique.fr\/wp-content\/uploads\/2014\/05\/merzeau.jpg 417w, https:\/\/www.culture-numerique.fr\/wp-content\/uploads\/2014\/05\/merzeau-300x168.jpg 300w, https:\/\/www.culture-numerique.fr\/wp-content\/uploads\/2014\/05\/merzeau-100x56.jpg 100w, https:\/\/www.culture-numerique.fr\/wp-content\/uploads\/2014\/05\/merzeau-150x84.jpg 150w, https:\/\/www.culture-numerique.fr\/wp-content\/uploads\/2014\/05\/merzeau-200x112.jpg 200w\" sizes=\"auto, (max-width: 344px) 100vw, 344px\" \/><\/a>Je souhaite m&rsquo;adresser\u00a0\u00e0 vous tous, heureux gardiens de la morale \u00e9ducative, et vous engager \u00e0 cliquer sur l&rsquo;image ci-contre pour visionner \u00e0 nouveau, si vous ne l&rsquo;aviez d\u00e9j\u00e0 fait, cette vid\u00e9o\u00a0disponible sur le site de l&rsquo;\u00c9cole sup\u00e9rieure de l&rsquo;\u00e9ducation nationale ou <a href=\"http:\/\/www.esen.education.fr\/\" target=\"_blank\" rel=\"noopener\">ESEN<\/a> qui forme les cadres de cette honorable institution.<\/p>\n<p>[Note : juillet 2017. Apr\u00e8s le d\u00e9c\u00e8s de Louise Merzeau, j&rsquo;ai constat\u00e9 que cette vid\u00e9o, comme d&rsquo;autres la concernant, avait disparu du site de l&rsquo;ESENESR. Regrettable, infiniment regrettable\u00a0!]<\/p>\n<p>En r\u00e9ponse \u00e0 la derni\u00e8re question pos\u00e9e,\u00a0\u00ab <strong>Quel est votre regard sur les limites et interdictions en milieu scolaire\u00a0?<\/strong>\u00a0\u00bb, \u00e0 partir de 19&prime; et 50&Prime;, <a href=\"http:\/\/fr.wikipedia.org\/wiki\/Louise_Merzeau\" target=\"_blank\" rel=\"noopener\">Louise Merzeau<\/a>, enseignante-chercheuse en sciences de l&rsquo;information et de la communication \u00e9voque une \u00ab\u00a0<strong>absurdit\u00e9 culturelle<\/strong>\u00a0\u00bb et un\u00a0\u00ab\u00a0<strong>crime contre l\u2019\u00e9ducation<\/strong>\u00a0\u00bb, ajoutant :<\/p>\n<blockquote><p>\u00ab <strong>C&rsquo;est une absurdit\u00e9 \u00e9thique, politique ou culturelle parce qu&rsquo;elle \u00e9mane de formateurs, de responsables de l&rsquo;\u00e9ducation, de m\u00e9diateurs&#8230;<\/strong> \u00bb<\/p><\/blockquote>\n<p>Elle se demande comment des enseignants ont pu d\u00e9cider d\u2019interdire les outils qui apportent ou construisent le savoir. Comment, dit-elle, est-il possible, en l\u2019absence de toute r\u00e9flexion \u00e9ducative sur le sujet, <strong>de livrer les \u00e9l\u00e8ves aux seuls acteurs \u00e9conomiques, leur laissant le triste choix d\u2019\u00eatre consommateurs ou pirates<\/strong> ? C&rsquo;est d&rsquo;ailleurs cette triste alternative, promesse d&rsquo;une vie radieuse et \u00e9panouie, \u00e0 laquelle les censeurs condamnent les jeunes, que j&rsquo;avais \u00e9voqu\u00e9e dans un r\u00e9cent billet \u00ab\u00a0<a title=\"Consommateur ou pirate, choisir tu devras\u2026\" href=\"http:\/\/www.culture-numerique.fr\/?p=35\">Consommateur ou pirate, choisir tu devras\u2026 <\/a>\u00bb.<\/p>\n<p>Revenons \u00e0 nos censeurs, experts autoris\u00e9s \u00e0 s&rsquo;autoriser des trucs, qui s&rsquo;\u00e9battent en rond \u00e0 censurer. La derni\u00e8re chose rigolote, c&rsquo;est qu&rsquo;ils ne mesurent g\u00e9n\u00e9ralement pas les cons\u00e9quences de leurs coups de ciseau et qu&rsquo;\u00e0 force de couper \u00e0 droite et \u00e0 gauche de mani\u00e8re immod\u00e9r\u00e9e, il y a des d\u00e9g\u00e2ts collat\u00e9raux :<\/p>\n<p><a href=\"http:\/\/www.culture-numerique.fr\/wp-content\/uploads\/2014\/05\/pb-filtrage-facebook1.jpg\"><img loading=\"lazy\" decoding=\"async\" class=\"aligncenter size-full wp-image-952\" src=\"http:\/\/www.culture-numerique.fr\/wp-content\/uploads\/2014\/05\/pb-filtrage-facebook1.jpg\" alt=\"Filtrage Facebook\" width=\"1280\" height=\"671\" srcset=\"https:\/\/www.culture-numerique.fr\/wp-content\/uploads\/2014\/05\/pb-filtrage-facebook1.jpg 1280w, https:\/\/www.culture-numerique.fr\/wp-content\/uploads\/2014\/05\/pb-filtrage-facebook1-300x157.jpg 300w, https:\/\/www.culture-numerique.fr\/wp-content\/uploads\/2014\/05\/pb-filtrage-facebook1-1024x536.jpg 1024w, https:\/\/www.culture-numerique.fr\/wp-content\/uploads\/2014\/05\/pb-filtrage-facebook1-100x52.jpg 100w, https:\/\/www.culture-numerique.fr\/wp-content\/uploads\/2014\/05\/pb-filtrage-facebook1-150x78.jpg 150w, https:\/\/www.culture-numerique.fr\/wp-content\/uploads\/2014\/05\/pb-filtrage-facebook1-200x104.jpg 200w, https:\/\/www.culture-numerique.fr\/wp-content\/uploads\/2014\/05\/pb-filtrage-facebook1-450x235.jpg 450w, https:\/\/www.culture-numerique.fr\/wp-content\/uploads\/2014\/05\/pb-filtrage-facebook1-600x314.jpg 600w, https:\/\/www.culture-numerique.fr\/wp-content\/uploads\/2014\/05\/pb-filtrage-facebook1-900x471.jpg 900w\" sizes=\"auto, (max-width: 1280px) 100vw, 1280px\" \/><\/a><\/p>\n<p>Ici, le simple affichage d&rsquo;une page d&rsquo;un site web qui ne fait que pr\u00e9senter une liste de logiciels de montage vid\u00e9o, provoque l&rsquo;apparition de ce magnifique, \u00e9l\u00e9gant, explicite et discret \u2014\u00a0il cache quasiment toute la page\u00a0\u2014 rectangle jaune et orange dont la pr\u00e9sence n&rsquo;est due, comme c&rsquo;est le cas sur la tr\u00e8s grande majorit\u00e9 des sites web, qu&rsquo;\u00e0 la pr\u00e9sence incongrue d&rsquo;un bouton de partage vers Facebook ! J&rsquo;avais d\u00e9j\u00e0 rappel\u00e9 longuement, \u00e0 ce sujet, dans un billet r\u00e9cent, qu&rsquo;\u00ab\u00a0<a title=\"Un dispositif technique ne peut jamais \u00eatre la seule solution \u00e0 un probl\u00e8me \u00e9ducatif\" href=\"http:\/\/www.culture-numerique.fr\/?p=150\">Un dispositif technique ne peut jamais \u00eatre la seule solution \u00e0 un probl\u00e8me \u00e9ducatif\u00a0<\/a>\u00bb.<\/p>\n<h3>La stupidit\u00e9 des censeurs n&rsquo;a pas de limites.<\/h3>\n<p>Alors que l&rsquo;exemple ci-dessus concerne les censeurs nantais, leurs coll\u00e8gues lorrains n&rsquo;ont rien \u00e0 leur envier qui censurent m\u00eame le site acad\u00e9mique de Nancy-Metz soi-m\u00eame qui a l&rsquo;outrecuidance d&rsquo;afficher son fil Twitter.<\/p>\n<p><img loading=\"lazy\" decoding=\"async\" class=\"aligncenter wp-image-953 size-full\" src=\"http:\/\/www.culture-numerique.fr\/wp-content\/uploads\/2014\/05\/site_academique.png\" alt=\"Site academique\" width=\"1025\" height=\"535\" srcset=\"https:\/\/www.culture-numerique.fr\/wp-content\/uploads\/2014\/05\/site_academique.png 1025w, https:\/\/www.culture-numerique.fr\/wp-content\/uploads\/2014\/05\/site_academique-300x156.png 300w, https:\/\/www.culture-numerique.fr\/wp-content\/uploads\/2014\/05\/site_academique-1024x534.png 1024w, https:\/\/www.culture-numerique.fr\/wp-content\/uploads\/2014\/05\/site_academique-100x52.png 100w, https:\/\/www.culture-numerique.fr\/wp-content\/uploads\/2014\/05\/site_academique-150x78.png 150w, https:\/\/www.culture-numerique.fr\/wp-content\/uploads\/2014\/05\/site_academique-200x104.png 200w, https:\/\/www.culture-numerique.fr\/wp-content\/uploads\/2014\/05\/site_academique-450x234.png 450w, https:\/\/www.culture-numerique.fr\/wp-content\/uploads\/2014\/05\/site_academique-600x313.png 600w, https:\/\/www.culture-numerique.fr\/wp-content\/uploads\/2014\/05\/site_academique-900x469.png 900w\" sizes=\"auto, (max-width: 1025px) 100vw, 1025px\" \/><\/p>\n<p>Dans le cas ci-dessus, le grand pav\u00e9\u00a0blanc est cens\u00e9 afficher les annonces du recteur ou des services rectoraux qui concernent la communaut\u00e9 \u00e9ducative. En l&rsquo;occurrence, les lyc\u00e9ens sont ici priv\u00e9s des annonces qui concernent l&rsquo;organisation du baccalaur\u00e9at. Ce n&rsquo;est pas lamentable, c&rsquo;est juste consternant.<\/p>\n<p>C&rsquo;est consternant et \u00e7a se passe dans nombre de coll\u00e8ges et de lyc\u00e9es en France\u00a0\u2014\u00a0je ne veux m\u00eame pas parler des \u00e9coles, dont d&rsquo;ailleurs peu sont encore connect\u00e9es correctement, et qui sont sous la coupe, au choix, des logiciels de contr\u00f4le parental ou des services informatiques des communes, la plupart du temps totalement ignorants des pr\u00e9occupations \u00e9ducatives.<\/p>\n<p>Pour finir ce triste \u00e9pisode de cette chronique, je souhaite\u00a0vous raconter l&rsquo;histoire d&rsquo;un professeur de math\u00e9matiques qu&rsquo;on va appeler A. K. bien qu&rsquo;il m&rsquo;ait autoris\u00e9 \u00e0 donner son nom, car l&rsquo;histoire est publique, dit-il.\u00a0A. K.\u00a0avait, dans son pr\u00e9c\u00e9dent lyc\u00e9e, pris l&rsquo;habitude de travailler avec ses coll\u00e8gues et ses \u00e9l\u00e8ves sur les r\u00e9seaux sociaux. Il s&rsquo;agissait d&rsquo;un projet complet qui concernait l&rsquo;utilisation d&rsquo;une page Facebook, d&rsquo;un article Wikipedia et d&rsquo;un compte Twitter. Ce dernier, dit-il dans son projet, \u00e9tait utilis\u00e9 \u00e0 :<\/p>\n<blockquote><p>\u00ab \u00a0Faire passer des messages d&rsquo;ordre pratique, dates des r\u00e9unions ou conseils, agenda (sous forme de lien hypertexte), \u00e9v\u00e9nements culturels organis\u00e9s dans l&rsquo;\u00e9tablissement, prix et r\u00e9compenses remport\u00e9s par les \u00e9l\u00e8ves, infos concernant les \u00e9l\u00e8ves en voyage scolaire, dates des diff\u00e9rentes portes ouvertes,\u00a0infos sur l&rsquo;orientation, alertes neige, organisation des examens, veille technologique&#8230;\u00a0\u00bb.<\/p><\/blockquote>\n<p>Il n&rsquo;y a bien s\u00fbr rien l\u00e0 de tr\u00e8s original, car nombreuses, fort heureusement, sont les initiatives de ce genre qui fonctionnent, sous l&rsquo;impulsion et avec l&rsquo;accord de chefs d&rsquo;\u00e9tablissement engag\u00e9s.<\/p>\n<p><a href=\"http:\/\/www.culture-numerique.fr\/wp-content\/uploads\/2014\/05\/twitter_academie.png\"><img loading=\"lazy\" decoding=\"async\" class=\"alignleft wp-image-957 size-medium\" src=\"http:\/\/www.culture-numerique.fr\/wp-content\/uploads\/2014\/05\/twitter_academie-300x167.png\" alt=\"Twitter_academie\" width=\"300\" height=\"167\" srcset=\"https:\/\/www.culture-numerique.fr\/wp-content\/uploads\/2014\/05\/twitter_academie-300x167.png 300w, https:\/\/www.culture-numerique.fr\/wp-content\/uploads\/2014\/05\/twitter_academie-1024x572.png 1024w, https:\/\/www.culture-numerique.fr\/wp-content\/uploads\/2014\/05\/twitter_academie-100x55.png 100w, https:\/\/www.culture-numerique.fr\/wp-content\/uploads\/2014\/05\/twitter_academie-150x83.png 150w, https:\/\/www.culture-numerique.fr\/wp-content\/uploads\/2014\/05\/twitter_academie-200x111.png 200w, https:\/\/www.culture-numerique.fr\/wp-content\/uploads\/2014\/05\/twitter_academie-450x251.png 450w, https:\/\/www.culture-numerique.fr\/wp-content\/uploads\/2014\/05\/twitter_academie-600x335.png 600w, https:\/\/www.culture-numerique.fr\/wp-content\/uploads\/2014\/05\/twitter_academie-900x503.png 900w, https:\/\/www.culture-numerique.fr\/wp-content\/uploads\/2014\/05\/twitter_academie.png 1142w\" sizes=\"auto, (max-width: 300px) 100vw, 300px\" \/><\/a>A. K. a \u00e9t\u00e9 nomm\u00e9 depuis la rentr\u00e9e dans un autre lyc\u00e9e et s&rsquo;est vite aper\u00e7u que ce serait plus compliqu\u00e9 car les r\u00e9seaux sociaux y \u00e9taient radicalement et m\u00e9thodiquement censur\u00e9s.<\/p>\n<p>Cela n&rsquo;a nullement d\u00e9courag\u00e9 A. K.. Soucieux de ne pas bouleverser la vie de l&rsquo;\u00e9tablissement, il s&rsquo;est adress\u00e9 fort respectueusement par \u00e9crit au proviseur, \u00e0 son adjoint et au chef de travaux, administrateur du r\u00e9seau :<\/p>\n<blockquote><p>\u00ab\u00a0Je m&rsquo;\u00e9tonne que le site Twitter soit bloqu\u00e9 sur le r\u00e9seau \u00e9tablissement.\u00a0Ce r\u00e9seau social est devenu un canal de communication \u00e0 part enti\u00e8re d&rsquo;acteurs institutionnels. L&rsquo;acad\u00e9mie de Nancy-Metz a d&rsquo;ores et d\u00e9j\u00e0 son propre compte https:\/\/twitter.com\/acnancymetz sur lequel elle communique en destination des \u00e9l\u00e8ves, des parents d&rsquo;\u00e9l\u00e8ves et des professeurs, tout comme l&rsquo;\u00e9ducation nationale @EducationFrance, ou la pr\u00e9fecture de Meurthe-Moselle (tr\u00e8s pratique pour les alertes neige).<\/p>\n<p>Il a aussi de nombreuses applications p\u00e9dagogiques et pratiques :<br \/>\n&#8211; lors d&rsquo;un voyage scolaire donner des nouvelles r\u00e9guli\u00e8res aux parents, ou encore pour \u00e9changer avec des partenaires \u00e9trangers e-twinning\u00a0;<br \/>\n&#8211; [&#8230;] suivi et l&rsquo;encadrement de projets des \u00e9l\u00e8ves\u00a0;<br \/>\n&#8211; [&#8230;] orientation en direct avec les universit\u00e9s (@Univ_Lorraine par exemple) , IUT et \u00e9coles (@esstin_nancy par exemple), possibilit\u00e9 de relayer aux \u00e9l\u00e8ves diff\u00e9rentes informations et de s&rsquo;incsrire dans le grand projet Bac-3\/Bac+3.<\/p>\n<p>[&#8230;] J&rsquo;aimerais pr\u00e9senter ce point de vue en faveur d&rsquo;une \u00e9ducation au num\u00e9rique et d&rsquo;un usage raisonn\u00e9 et intelligent des r\u00e9seaux sociaux.\u00a0\u00bb<\/p><\/blockquote>\n<p>Ce questionnement a re\u00e7u une r\u00e9ponse officielle par l&rsquo;interm\u00e9diaire du compte rendu du Conseil p\u00e9dagogique :<\/p>\n<p><a href=\"http:\/\/www.culture-numerique.fr\/wp-content\/uploads\/2014\/05\/Conseil-p\u00e9dagogique.jpg\"><img loading=\"lazy\" decoding=\"async\" class=\"aligncenter wp-image-959 size-large\" src=\"http:\/\/www.culture-numerique.fr\/wp-content\/uploads\/2014\/05\/Conseil-p\u00e9dagogique-1024x194.jpg\" alt=\"Conseil p\u00e9dagogique\" width=\"550\" height=\"104\" srcset=\"https:\/\/www.culture-numerique.fr\/wp-content\/uploads\/2014\/05\/Conseil-p\u00e9dagogique-1024x194.jpg 1024w, https:\/\/www.culture-numerique.fr\/wp-content\/uploads\/2014\/05\/Conseil-p\u00e9dagogique-300x57.jpg 300w, https:\/\/www.culture-numerique.fr\/wp-content\/uploads\/2014\/05\/Conseil-p\u00e9dagogique-100x19.jpg 100w, https:\/\/www.culture-numerique.fr\/wp-content\/uploads\/2014\/05\/Conseil-p\u00e9dagogique-150x28.jpg 150w, https:\/\/www.culture-numerique.fr\/wp-content\/uploads\/2014\/05\/Conseil-p\u00e9dagogique-200x38.jpg 200w, https:\/\/www.culture-numerique.fr\/wp-content\/uploads\/2014\/05\/Conseil-p\u00e9dagogique-450x85.jpg 450w, https:\/\/www.culture-numerique.fr\/wp-content\/uploads\/2014\/05\/Conseil-p\u00e9dagogique-600x114.jpg 600w, https:\/\/www.culture-numerique.fr\/wp-content\/uploads\/2014\/05\/Conseil-p\u00e9dagogique-900x171.jpg 900w, https:\/\/www.culture-numerique.fr\/wp-content\/uploads\/2014\/05\/Conseil-p\u00e9dagogique.jpg 1056w\" sizes=\"auto, (max-width: 550px) 100vw, 550px\" \/><\/a><\/p>\n<p>Cette aimable fin de non-recevoir\u00a0montre \u00e0 l&rsquo;\u00e9vidence la distance consid\u00e9rable qui s\u00e9pare les mutations\u00a0num\u00e9riques de la soci\u00e9t\u00e9,\u00a0des entreprises, des services de l&rsquo;\u00c9tat,\u00a0les pratiques personnelles des \u00e9l\u00e8ves mais aussi l&rsquo;engagement de l&rsquo;\u00e9cole soi-m\u00eame derri\u00e8re la <a href=\"http:\/\/www.education.gouv.fr\/pid29064\/ecole-numerique.html\" target=\"_blank\" rel=\"noopener\">strat\u00e9gie mise en \u0153uvre au minist\u00e8re pour l&rsquo;\u00e9cole num\u00e9rique<\/a>\u00a0de la r\u00e9alit\u00e9 quasi obscurantiste de certains \u00e9tablissements scolaires. Par ailleurs, en\u00a0renvoyant l&rsquo;\u00e9ducation aux m\u00e9dias et au num\u00e9rique \u00e0 un suppos\u00e9 et improbable Comit\u00e9 d\u2019\u00e9ducation \u00e0 la sant\u00e9 et \u00e0 la citoyennet\u00e9 (CESC), ce \u00ab\u00a0Conseil p\u00e9dagogique\u00a0\u00bb se d\u00e9charge \u00e0 bon compte de la responsabilit\u00e9 d&rsquo;\u00e9ducation au num\u00e9rique et aux m\u00e9dias qui lui revient en propre.<\/p>\n<p><a href=\"http:\/\/owni.fr\/2010\/10\/07\/filtrage-du-net-lecole-a-pris-loption-autruche\/\" target=\"_blank\" rel=\"noopener\">Sabine Blanc disait d\u00e9j\u00e0<\/a>, en 2010, \u00e0 ce sujet, que l&rsquo;\u00e9cole avait pris l&rsquo;<strong>option autruche<\/strong>. L&rsquo;institution dresse ainsi des barri\u00e8res suppos\u00e9ment infranchissables autour d&rsquo;elle\u00a0\u2014\u00a0<strong>tout le monde sait mais ne veut surtout pas savoir<\/strong> que les \u00e9l\u00e8ves, en utilisant leurs appareils personnels ou en outrepassant ces barri\u00e8res d\u00e9risoires\u00a0acc\u00e8dent \u00e0 tout ce qu&rsquo;ils veulent.\u00a0Comme si la soci\u00e9t\u00e9 n&rsquo;avait pas chang\u00e9, comme si les \u00e9l\u00e8ves \u00e9taient rest\u00e9s les m\u00eames qu&rsquo;il y a vingt ans, comme si l&rsquo;\u00e9cole elle-m\u00eame n&rsquo;avait pas montr\u00e9 sa volont\u00e9 de changer, certains chefs d&rsquo;\u00e9tablissement, certains professeurs, certains administrateurs de r\u00e9seau sourcilleux et soucieux de conserver leur micro-pouvoir continuent ainsi inlassablement leur mission de censeurs institutionnels.<\/p>\n<p>J&rsquo;aimerais terminer ce billet en citant \u00e0 nouveau Mario Asselin, blogueur et grand \u00e9ducateur qu\u00e9b\u00e9cois, maintenant homme politique, <a href=\"http:\/\/www.cafepedagogique.net\/lexpresso\/Pages\/2010\/05\/Asselin_filtresInternet.aspx\" target=\"_blank\" rel=\"noopener\">qui disait<\/a>, en 2010 :<\/p>\n<blockquote><p>\u00ab\u00a0Je demeure fascin\u00e9 par celui qui laisse entendre que les sites du Web participatif repr\u00e9sentent de belles pertes de temps, autant pour les \u00e9l\u00e8ves que pour les membres du personnel. C&rsquo;est parce que l&rsquo;\u00e9cole est encore dans un mode o\u00f9 toute la connaissance doit passer par la t\u00eate d&rsquo;un enseignant avant de transiter vers celle des \u00e9l\u00e8ves que ce mythe tient solidement dans les r\u00e9unions administratives des d\u00e9cideurs scolaires. Pendant combien de temps encore consid\u00e9rera-t-on qu&rsquo;il est impossible d&rsquo;utiliser les dispositifs comme les blogues ou les r\u00e9seaux sociaux pour apprendre ou construire ses cours ? Ils peuvent devenir des leviers tr\u00e8s puissants au service des apprentissages.\u00a0\u00bb<\/p><\/blockquote>\n<p>Il terminait son propos par cette phrase qui devrait figurer dans tous les r\u00e8glements int\u00e9rieurs des \u00e9tablissements scolaires :<\/p>\n<blockquote><p>\u00ab\u00a0[Il]\u00a0<b style=\"color: #000000;\">est plus dangereux de ne pas \u00e9duquer devant la pr\u00e9sence de dangers potentiels que de mettre \u00e0 l\u2019Index et de risquer que les jeunes soient confront\u00e9s aux m\u00eames dangers (hors de l\u2019\u00e9cole) sans les moyens d\u2019y faire face.<\/b>\u00a0\u00bb<\/p><\/blockquote>\n<p>Pour paraphraser Jean-Marc Manach <a href=\"http:\/\/bugbrother.blog.lemonde.fr\/2011\/10\/06\/comment-contourner-la-censure-sur-internet-2\/\" target=\"_blank\" rel=\"noopener\">qui demandait<\/a>, \u00e0 propos d&rsquo;une soci\u00e9t\u00e9 de surveillance qu&rsquo;il ne cesse de d\u00e9noncer, qui surveillera les surveillants, il serait temps que l&rsquo;\u00e9cole s&rsquo;interroge sur elle-m\u00eame : <strong>qui censurera les censeurs<\/strong> ?<\/p>\n<p style=\"color: #0b6bbf;\">Michel Guillou\u00a0<a style=\"font-style: inherit; color: #282128;\" href=\"https:\/\/twitter.com\/michelguillou\" target=\"_blank\" rel=\"noopener\">@michelguillou<\/a><\/p>\n<p style=\"color: #0b6bbf;\"><a style=\"font-style: inherit; color: #282128;\" href=\"http:\/\/creativecommons.org\/licenses\/by-nc-sa\/2.0\/fr\/\" target=\"_blank\" rel=\"noopener\"><img loading=\"lazy\" decoding=\"async\" style=\"font-weight: inherit; font-style: inherit;\" src=\"http:\/\/i.creativecommons.org\/l\/by-nc-sa\/2.0\/fr\/80x15.png\" alt=\"image\" width=\"80\" height=\"15\" \/><\/a><\/p>\n<p>Cr\u00e9dit photo\u00a0: <a href=\"http:\/\/www.flickr.com\/photos\/mkhmarketing\/8481608368\/\">mkhmarketing<\/a> via <a href=\"http:\/\/photopin.com\">photopin<\/a> <a href=\"http:\/\/creativecommons.org\/licenses\/by\/2.0\/\">cc<\/a><\/p>\n<p>[cite]<\/p>\n","protected":false},"excerpt":{"rendered":"<p><a href=\"http:\/\/www.culture-numerique.fr\/wp-content\/uploads\/2014\/05\/origin_8481608368.jpg\"><img loading=\"lazy\" decoding=\"async\" class=\"alignleft wp-image-935 size-medium\" src=\"http:\/\/www.culture-numerique.fr\/wp-content\/uploads\/2014\/05\/origin_8481608368-300x300.jpg\" alt=\"Twitter en cage\" width=\"300\" height=\"300\" srcset=\"https:\/\/www.culture-numerique.fr\/wp-content\/uploads\/2014\/05\/origin_8481608368-300x300.jpg 300w, https:\/\/www.culture-numerique.fr\/wp-content\/uploads\/2014\/05\/origin_8481608368-150x150.jpg 150w, https:\/\/www.culture-numerique.fr\/wp-content\/uploads\/2014\/05\/origin_8481608368-100x100.jpg 100w, https:\/\/www.culture-numerique.fr\/wp-content\/uploads\/2014\/05\/origin_8481608368-200x200.jpg 200w, https:\/\/www.culture-numerique.fr\/wp-content\/uploads\/2014\/05\/origin_8481608368-450x449.jpg 450w, https:\/\/www.culture-numerique.fr\/wp-content\/uploads\/2014\/05\/origin_8481608368-600x600.jpg 600w, https:\/\/www.culture-numerique.fr\/wp-content\/uploads\/2014\/05\/origin_8481608368.jpg 786w\" sizes=\"auto, (max-width: 300px) 100vw, 300px\" \/><\/a><\/p>\n<p><strong>Ils en r\u00eavent la nuit, c&rsquo;est certain<\/strong>, et se r\u00e9veillent, la tempe humide, se demandant ce qu&rsquo;ils vont bien pouvoir censurer sit\u00f4t arriv\u00e9s au boulot&#8230; \u00ab\u00a0Allez, qu&rsquo;est-ce qu&rsquo;on a bien pu oublier\u00a0?<\/p>\n<p><span class=\"ellipsis\">&hellip;<\/span><\/p>\n<div class=\"read-more\"><a href=\"https:\/\/www.culture-numerique.fr\/?p=933\">Lire la suite &#8250;<\/a><\/div>\n<p><!-- end of .read-more --><\/p>\n","protected":false},"author":1,"featured_media":935,"comment_status":"open","ping_status":"open","sticky":false,"template":"","format":"standard","meta":{"jetpack_post_was_ever_published":false,"_jetpack_newsletter_access":"","_jetpack_dont_email_post_to_subs":false,"_jetpack_newsletter_tier_id":0,"_jetpack_memberships_contains_paywalled_content":false,"_jetpack_memberships_contains_paid_content":false,"footnotes":""},"categories":[9],"tags":[15,14,111,24,21,394,85,244],"class_list":["post-933","post","type-post","status-publish","format-standard","has-post-thumbnail","hentry","category-billets-dhumeur","tag-anastasie","tag-censure","tag-education-aux-medias","tag-facebook","tag-filtrage","tag-liberte-pedagogique","tag-reseaux-sociaux","tag-twitter"],"jetpack_featured_media_url":"https:\/\/www.culture-numerique.fr\/wp-content\/uploads\/2014\/05\/origin_8481608368.jpg","jetpack_sharing_enabled":true,"_links":{"self":[{"href":"https:\/\/www.culture-numerique.fr\/index.php?rest_route=\/wp\/v2\/posts\/933","targetHints":{"allow":["GET"]}}],"collection":[{"href":"https:\/\/www.culture-numerique.fr\/index.php?rest_route=\/wp\/v2\/posts"}],"about":[{"href":"https:\/\/www.culture-numerique.fr\/index.php?rest_route=\/wp\/v2\/types\/post"}],"author":[{"embeddable":true,"href":"https:\/\/www.culture-numerique.fr\/index.php?rest_route=\/wp\/v2\/users\/1"}],"replies":[{"embeddable":true,"href":"https:\/\/www.culture-numerique.fr\/index.php?rest_route=%2Fwp%2Fv2%2Fcomments&post=933"}],"version-history":[{"count":36,"href":"https:\/\/www.culture-numerique.fr\/index.php?rest_route=\/wp\/v2\/posts\/933\/revisions"}],"predecessor-version":[{"id":6186,"href":"https:\/\/www.culture-numerique.fr\/index.php?rest_route=\/wp\/v2\/posts\/933\/revisions\/6186"}],"wp:featuredmedia":[{"embeddable":true,"href":"https:\/\/www.culture-numerique.fr\/index.php?rest_route=\/wp\/v2\/media\/935"}],"wp:attachment":[{"href":"https:\/\/www.culture-numerique.fr\/index.php?rest_route=%2Fwp%2Fv2%2Fmedia&parent=933"}],"wp:term":[{"taxonomy":"category","embeddable":true,"href":"https:\/\/www.culture-numerique.fr\/index.php?rest_route=%2Fwp%2Fv2%2Fcategories&post=933"},{"taxonomy":"post_tag","embeddable":true,"href":"https:\/\/www.culture-numerique.fr\/index.php?rest_route=%2Fwp%2Fv2%2Ftags&post=933"}],"curies":[{"name":"wp","href":"https:\/\/api.w.org\/{rel}","templated":true}]}}