{"id":922,"date":"2014-05-26T17:12:37","date_gmt":"2014-05-26T15:12:37","guid":{"rendered":"http:\/\/www.culture-numerique.fr\/?p=922"},"modified":"2019-11-12T11:07:02","modified_gmt":"2019-11-12T10:07:02","slug":"internet-et-le-numerique-causes-de-la-crise-de-la-representation","status":"publish","type":"post","link":"https:\/\/www.culture-numerique.fr\/?p=922","title":{"rendered":"Internet et le num\u00e9rique causes de la crise de la repr\u00e9sentation ?"},"content":{"rendered":"<p><a href=\"http:\/\/www.culture-numerique.fr\/wp-content\/uploads\/2014\/05\/large_8161128891.jpg\"><img loading=\"lazy\" decoding=\"async\" class=\"aligncenter wp-image-924 size-full\" src=\"https:\/\/www.culture-numerique.fr\/wp-content\/uploads\/2014\/05\/large_8161128891.jpg\" alt=\"Vote\" width=\"799\" height=\"1024\" srcset=\"https:\/\/www.culture-numerique.fr\/wp-content\/uploads\/2014\/05\/large_8161128891.jpg 799w, https:\/\/www.culture-numerique.fr\/wp-content\/uploads\/2014\/05\/large_8161128891-234x300.jpg 234w, https:\/\/www.culture-numerique.fr\/wp-content\/uploads\/2014\/05\/large_8161128891-100x128.jpg 100w, https:\/\/www.culture-numerique.fr\/wp-content\/uploads\/2014\/05\/large_8161128891-150x192.jpg 150w, https:\/\/www.culture-numerique.fr\/wp-content\/uploads\/2014\/05\/large_8161128891-200x256.jpg 200w, https:\/\/www.culture-numerique.fr\/wp-content\/uploads\/2014\/05\/large_8161128891-300x384.jpg 300w, https:\/\/www.culture-numerique.fr\/wp-content\/uploads\/2014\/05\/large_8161128891-450x576.jpg 450w, https:\/\/www.culture-numerique.fr\/wp-content\/uploads\/2014\/05\/large_8161128891-600x768.jpg 600w\" sizes=\"auto, (max-width: 799px) 100vw, 799px\" \/><\/a><\/p>\n<p><strong>Ceci est mon premier \u2014\u00a0et dernier\u00a0?\u00a0\u2014 billet politique<\/strong>. Les r\u00e9sultats des \u00e9lections de nos repr\u00e9sentants au Parlement europ\u00e9en sont analys\u00e9s par les commentateurs autoris\u00e9s et les journalistes politiques dans leurs moindres d\u00e9tails. Les uns et les autres semblent noter une d\u00e9mobilisation assez forte de l&rsquo;\u00e9lectorat qui ne cro\u00eet plus gu\u00e8re au projet europ\u00e9en, lequel \u00e9lectorat choisit en ce printemps d&rsquo;aller cueillir les fleurettes plut\u00f4t que de fr\u00e9quenter les isoloirs. M\u00eame si la participation \u00e0 ces \u00e9lections semble avoir sensiblement progress\u00e9, cette derni\u00e8re reste encore tr\u00e8s faible : moins d&rsquo;un Fran\u00e7ais sur deux est all\u00e9 voter. Pour ce qui concerne le vote de\u00a0ceux qui se sont d\u00e9plac\u00e9s, les m\u00eames commentateurs et sp\u00e9cialistes notent une d\u00e9saffection tr\u00e8s grande \u00e0 l&rsquo;\u00e9gard de la repr\u00e9sentation politique traditionnelle, les grands partis, ceux qui tenaient le haut du pav\u00e9 depuis des d\u00e9cennies, semblant laisser pas mal de plumes en l&rsquo;affaire.<\/p>\n<p>Pire !, plus qu&rsquo;une d\u00e9saffection, j&rsquo;ai pour ma part l&rsquo;impression, \u00e0 \u00e9couter les gens s&rsquo;exprimer \u00e0 ce sujet, d&rsquo;une grande m\u00e9fiance des citoyens, et notamment des plus jeunes d&rsquo;entre eux, \u00e0 l&rsquo;\u00e9gard de leurs repr\u00e9sentants et de la repr\u00e9sentation en g\u00e9n\u00e9ral. Pourquoi confier son mandat \u00e0 des \u00e9lus qui font parfois exactement le contraire de ce pour quoi ils ont \u00e9t\u00e9 \u00e9lus ? Pourquoi \u00e9lire des d\u00e9put\u00e9s, que ce soit au Parlement europ\u00e9en, \u00e0 l&rsquo;Assembl\u00e9e nationale ou \u00e0 un niveau r\u00e9gional ou local si ceux qu&rsquo;on a choisis pour porter nos convictions font d&rsquo;autres choix une fois \u00e9lus ?<\/p>\n<p>Au-del\u00e0 ce ce simple constat, ne s&rsquo;agit-il pas d&rsquo;une crise grave de la d\u00e9mocratie repr\u00e9sentative ? Le peuple a-t-il encore confiance en ses mandataires ?<\/p>\n<h3><strong>Que s&rsquo;est-il pass\u00e9 depuis vingt ans ? \u00a0<\/strong><\/h3>\n<p>Pour ma part, je note l&rsquo;\u00e9mergence d&rsquo;\u00e9v\u00e9nements consid\u00e9rables qui ont\u00a0peu \u00e0 peu p\u00e9n\u00e9tr\u00e9 la soci\u00e9t\u00e9 et qu&rsquo;il l&rsquo;ont chang\u00e9e \u00e0 un tel point qu&rsquo;elle ne s&rsquo;en rend m\u00eame plus compte : l&rsquo;arriv\u00e9e de l&rsquo;Internet jusque dans les familles d&rsquo;une part, de fa\u00e7on concomitante et d&rsquo;autre part l&rsquo;\u00e9mergence d&rsquo;une soci\u00e9t\u00e9 d\u00e9finitivement num\u00e9rique\u00a0\u2014\u00a0\u00e9conomie, entreprise, pratiques sociales, services, formation du citoyen, \u00e9ducation \u00e0 son rythme&#8230;\u00a0\u2014 dans laquelle les jeunes g\u00e9n\u00e9rations, celles qui justement votent si peu, s&rsquo;\u00e9panouissent et trouvent une place de choix.<\/p>\n<p>N&rsquo;oublions jamais qu&rsquo;Internet, le r\u00e9seau des r\u00e9seaux, est n\u00e9 de l&rsquo;imagination et de la volont\u00e9 de quelques universitaires libertaires qui avaient une consid\u00e9ration mitig\u00e9e pour la d\u00e9mocratie. C&rsquo;est l\u00e0 un atavisme qui ne se d\u00e9ment pas aujourd&rsquo;hui encore. N&rsquo;oublions pas non plus qu&rsquo;Internet est devenu le terrain de jeu favori et d&rsquo;expression de groupes politiques marginaux qui ne trouvent pas dans l&rsquo;\u00e9chiquier politique traditionnel mati\u00e8re et lieu \u00e0 s&rsquo;exprimer. N&rsquo;oublions pas non plus que chaque citoyen est en mesure maintenant et enfin de dire soi-m\u00eame ce qu&rsquo;il pense, sur son blogue personnel, dans un espace collectif de publication, sur les r\u00e9seaux sociaux, dans les commentaires \u00e0 des articles dans des grands m\u00e9dias, y compris quand on le sollicite en r\u00e9action \u00e0 des d\u00e9bats politiques sur des plateaux de t\u00e9l\u00e9vision.<\/p>\n<p>Il n&rsquo;est qu&rsquo;\u00e0 observer les prurits des intellectuels, femmes et hommes politiques, journalistes qui ne supportent pas d&rsquo;\u00eatre remis en question par cette expression populaire et si, pensent-ils \u00e0 haute voix, m\u00e9diocre et insupportable, pour prendre conscience de la r\u00e9alit\u00e9 et de la force de ces voix-l\u00e0 !<\/p>\n<p>Internet et le lien social tiss\u00e9 sur les r\u00e9seaux num\u00e9riques d\u00e9rangent, perturbent, d\u00e9stabilisent la d\u00e9mocratie repr\u00e9sentative. La repr\u00e9sentation politique est de fait ni\u00e9e un peu partout \u2014 il n&rsquo;est qu&rsquo;\u00e0 lire les gazouillis d&rsquo;une \u00ab timeline \u00bb un peu fournie pour s&rsquo;en convaincre \u2014, voire raill\u00e9e dans certains m\u00e9dias moqueurs ou parodiques.<\/p>\n<p><strong>Et s&rsquo;il devenait, \u00e0 l&rsquo;aune de ces mutations si fortes et importantes, n\u00e9cessaire de r\u00e9inventer la d\u00e9mocratie ?\u00a0<\/strong><\/p>\n<p>Voil\u00e0, c&rsquo;\u00e9tait ma br\u00e8ve r\u00e9flexion du jour et ma participation au d\u00e9bat qui, comme d&rsquo;habitude, reste ouvert&#8230;<\/p>\n<p style=\"color: #0b6bbf;\">Michel Guillou\u00a0<a style=\"font-style: inherit; color: #282128;\" href=\"https:\/\/twitter.com\/michelguillou\" target=\"_blank\" rel=\"noopener noreferrer\">@michelguillou<\/a><\/p>\n<p style=\"color: #0b6bbf;\"><a style=\"font-style: inherit; color: #282128;\" href=\"http:\/\/creativecommons.org\/licenses\/by-nc-sa\/2.0\/fr\/\" target=\"_blank\" rel=\"noopener noreferrer\"><img loading=\"lazy\" decoding=\"async\" style=\"font-weight: inherit; font-style: inherit;\" src=\"http:\/\/i.creativecommons.org\/l\/by-nc-sa\/2.0\/fr\/80x15.png\" alt=\"image\" width=\"80\" height=\"15\" \/><\/a><\/p>\n<p>Cr\u00e9dit photo\u00a0: <a href=\"http:\/\/www.flickr.com\/photos\/24842486@N07\/8161128891\/\">e r j k p r u n c z y k<\/a> via <a href=\"http:\/\/photopin.com\">photopin<\/a> <a href=\"http:\/\/creativecommons.org\/licenses\/by-nc-sa\/2.0\/\">cc<\/a><\/p>\n<p>[cite]<\/p>\n","protected":false},"excerpt":{"rendered":"<p><a href=\"http:\/\/www.culture-numerique.fr\/wp-content\/uploads\/2014\/05\/large_8161128891.jpg\"><img loading=\"lazy\" decoding=\"async\" class=\"aligncenter wp-image-924 size-full\" src=\"https:\/\/www.culture-numerique.fr\/wp-content\/uploads\/2014\/05\/large_8161128891.jpg\" alt=\"Vote\" width=\"799\" height=\"1024\" srcset=\"https:\/\/www.culture-numerique.fr\/wp-content\/uploads\/2014\/05\/large_8161128891.jpg 799w, https:\/\/www.culture-numerique.fr\/wp-content\/uploads\/2014\/05\/large_8161128891-234x300.jpg 234w, https:\/\/www.culture-numerique.fr\/wp-content\/uploads\/2014\/05\/large_8161128891-100x128.jpg 100w, https:\/\/www.culture-numerique.fr\/wp-content\/uploads\/2014\/05\/large_8161128891-150x192.jpg 150w, https:\/\/www.culture-numerique.fr\/wp-content\/uploads\/2014\/05\/large_8161128891-200x256.jpg 200w, https:\/\/www.culture-numerique.fr\/wp-content\/uploads\/2014\/05\/large_8161128891-300x384.jpg 300w, https:\/\/www.culture-numerique.fr\/wp-content\/uploads\/2014\/05\/large_8161128891-450x576.jpg 450w, https:\/\/www.culture-numerique.fr\/wp-content\/uploads\/2014\/05\/large_8161128891-600x768.jpg 600w\" sizes=\"auto, (max-width: 799px) 100vw, 799px\" \/><\/a><\/p>\n<p><strong>Ceci est mon premier \u2014\u00a0et dernier\u00a0?\u00a0\u2014 billet politique<\/strong>. Les r\u00e9sultats des \u00e9lections de nos repr\u00e9sentants au Parlement europ\u00e9en sont analys\u00e9s par les commentateurs autoris\u00e9s et les journalistes politiques dans leurs moindres d\u00e9tails.<\/p>\n<p><span class=\"ellipsis\">&hellip;<\/span><\/p>\n<div class=\"read-more\"><a href=\"https:\/\/www.culture-numerique.fr\/?p=922\">Lire la suite &#8250;<\/a><\/div>\n<p><!-- end of .read-more --><\/p>\n","protected":false},"author":1,"featured_media":924,"comment_status":"open","ping_status":"open","sticky":false,"template":"","format":"standard","meta":{"jetpack_post_was_ever_published":false,"_jetpack_newsletter_access":"","_jetpack_dont_email_post_to_subs":true,"_jetpack_newsletter_tier_id":0,"_jetpack_memberships_contains_paywalled_content":false,"_jetpack_memberships_contains_paid_content":false,"footnotes":""},"categories":[9,20],"tags":[289,391,30,393,13,69,392,390],"class_list":["post-922","post","type-post","status-publish","format-standard","has-post-thumbnail","hentry","category-billets-dhumeur","category-breves","tag-democratie","tag-elections","tag-internet","tag-libertaires","tag-liberte-dexpression","tag-politique","tag-representants","tag-representation"],"jetpack_featured_media_url":"https:\/\/www.culture-numerique.fr\/wp-content\/uploads\/2014\/05\/large_8161128891.jpg","jetpack_sharing_enabled":true,"_links":{"self":[{"href":"https:\/\/www.culture-numerique.fr\/index.php?rest_route=\/wp\/v2\/posts\/922","targetHints":{"allow":["GET"]}}],"collection":[{"href":"https:\/\/www.culture-numerique.fr\/index.php?rest_route=\/wp\/v2\/posts"}],"about":[{"href":"https:\/\/www.culture-numerique.fr\/index.php?rest_route=\/wp\/v2\/types\/post"}],"author":[{"embeddable":true,"href":"https:\/\/www.culture-numerique.fr\/index.php?rest_route=\/wp\/v2\/users\/1"}],"replies":[{"embeddable":true,"href":"https:\/\/www.culture-numerique.fr\/index.php?rest_route=%2Fwp%2Fv2%2Fcomments&post=922"}],"version-history":[{"count":11,"href":"https:\/\/www.culture-numerique.fr\/index.php?rest_route=\/wp\/v2\/posts\/922\/revisions"}],"predecessor-version":[{"id":8030,"href":"https:\/\/www.culture-numerique.fr\/index.php?rest_route=\/wp\/v2\/posts\/922\/revisions\/8030"}],"wp:featuredmedia":[{"embeddable":true,"href":"https:\/\/www.culture-numerique.fr\/index.php?rest_route=\/wp\/v2\/media\/924"}],"wp:attachment":[{"href":"https:\/\/www.culture-numerique.fr\/index.php?rest_route=%2Fwp%2Fv2%2Fmedia&parent=922"}],"wp:term":[{"taxonomy":"category","embeddable":true,"href":"https:\/\/www.culture-numerique.fr\/index.php?rest_route=%2Fwp%2Fv2%2Fcategories&post=922"},{"taxonomy":"post_tag","embeddable":true,"href":"https:\/\/www.culture-numerique.fr\/index.php?rest_route=%2Fwp%2Fv2%2Ftags&post=922"}],"curies":[{"name":"wp","href":"https:\/\/api.w.org\/{rel}","templated":true}]}}