{"id":843,"date":"2014-05-13T01:32:21","date_gmt":"2014-05-12T23:32:21","guid":{"rendered":"http:\/\/www.culture-numerique.fr\/?p=843"},"modified":"2023-09-15T11:54:10","modified_gmt":"2023-09-15T09:54:10","slug":"socle-tous-les-eleves-doivent-savoir-publier","status":"publish","type":"post","link":"https:\/\/www.culture-numerique.fr\/?p=843","title":{"rendered":"Socle : tous les \u00e9l\u00e8ves doivent savoir publier"},"content":{"rendered":"<p><a href=\"http:\/\/www.culture-numerique.fr\/wp-content\/uploads\/2014\/05\/large_4805629712.jpg\"><img loading=\"lazy\" decoding=\"async\" class=\"size-full wp-image-844 aligncenter\" src=\"http:\/\/www.culture-numerique.fr\/wp-content\/uploads\/2014\/05\/large_4805629712.jpg\" alt=\"Calligraphie\" width=\"1024\" height=\"683\" srcset=\"https:\/\/www.culture-numerique.fr\/wp-content\/uploads\/2014\/05\/large_4805629712.jpg 1024w, https:\/\/www.culture-numerique.fr\/wp-content\/uploads\/2014\/05\/large_4805629712-300x200.jpg 300w, https:\/\/www.culture-numerique.fr\/wp-content\/uploads\/2014\/05\/large_4805629712-100x66.jpg 100w, https:\/\/www.culture-numerique.fr\/wp-content\/uploads\/2014\/05\/large_4805629712-150x100.jpg 150w, https:\/\/www.culture-numerique.fr\/wp-content\/uploads\/2014\/05\/large_4805629712-200x133.jpg 200w, https:\/\/www.culture-numerique.fr\/wp-content\/uploads\/2014\/05\/large_4805629712-450x300.jpg 450w, https:\/\/www.culture-numerique.fr\/wp-content\/uploads\/2014\/05\/large_4805629712-600x400.jpg 600w, https:\/\/www.culture-numerique.fr\/wp-content\/uploads\/2014\/05\/large_4805629712-900x600.jpg 900w\" sizes=\"auto, (max-width: 1024px) 100vw, 1024px\" \/><\/a><\/p>\n<p><strong>Le journal <em>Le Monde<\/em> publie aujourd&rsquo;hui<\/strong> <a href=\"\/\/www.lemonde.fr\/societe\/article\/2014\/05\/12\/que-doivent-savoir-tous-les-eleves-le-nouveau-defi-de-benoit-hamon_4415058_3224.html\" target=\"_blank\" rel=\"noopener\">un article<\/a> qui \u00e9voque\u00a0les enjeux de la prochaine pr\u00e9sentation du nouveau socle commun de connaissances, de comp\u00e9tences et de culture. Il propose \u00e9galement de ce dernier une mouture provisoire, voir en bas de ce billet, qui n&rsquo;aurait pas encore \u00e9t\u00e9 pr\u00e9sent\u00e9e aux syndicats. La version finale devrait faire l&rsquo;objet d&rsquo;une remise au ministre avant la fin du mois, lequel ministre aura peut-\u00eatre aussi son mot \u00e0 dire&#8230;<\/p>\n<p>J&rsquo;en ai fait une lecture rapide et transversale\u00a0\u2014\u00a0un mot qui devrait convenir \u00e0 l&rsquo;esprit de son \u00e9laboration\u00a0\u2014 qui laisse assez bien augurer d&rsquo;<strong>une place importante de la culture num\u00e9rique, de l&rsquo;\u00e9ducation aux m\u00e9dias et \u00e0 l&rsquo;information dans les apprentissages<\/strong>. Il persiste, semble-t-il, \u00e0 la premi\u00e8re lecture, ce verbiage utilitaire insupportable voire stupide. Il serait temps de changer de paradigme aussi quand on \u00e9voque le num\u00e9rique.<\/p>\n<p>Le lobby de l&rsquo;informatique devra se satisfaire, ce qui sans doute ne correspond pas aux efforts d\u00e9ploy\u00e9s, de la simple mention de l&rsquo;importance du code comme \u00ab\u00a0langage des outils num\u00e9riques\u00a0\u00bb (sic). Les \u00e9l\u00e8ves devront s&rsquo;initier \u00e0 la programmation et aux algorithmes simples. Cerise sur le g\u00e2teau, ils devront \u00eatre initi\u00e9s \u00e0 \u00ab\u00a0l&rsquo;usage\u00a0d&rsquo;un environnement num\u00e9rique de travail\u00a0\u00bb\u00a0!<\/p>\n<p>J&rsquo;en fr\u00e9mis encore. Mais cessons, j&rsquo;aurai l&rsquo;occasion de revenir sur tout cela d&rsquo;ici la fin de ce mois.<\/p>\n<p>Cela dit, la version qui nous est pr\u00e9sent\u00e9e souffre d&rsquo;un certain nombre d&rsquo;oublis ou d&rsquo;impr\u00e9cisions majeures sur lesquels, faute de passer \u00e0 c\u00f4t\u00e9 des enjeux, le Conseil sup\u00e9rieur des programmes devra retravailler.<\/p>\n<h3><strong>Lire, \u00e9crire, compter, publier<\/strong><\/h3>\n<p>Je r\u00e9p\u00e8te que \u00ab\u00a0<strong>publier<\/strong>\u00a0\u00bb est, \u00e0 l&rsquo;heure du num\u00e9rique, une nouvelle comp\u00e9tence, aussi fondamentale que les trois premi\u00e8res, dont l&rsquo;apprentissage est n\u00e9cessaire au citoyen de demain.<\/p>\n<p><strong>La production, la fabrication, l&rsquo;invention, la bidouille, la cr\u00e9ation, la co-construction<\/strong> sont des mises en action de l&rsquo;\u00e9l\u00e8ve dont les m\u00e9canismes doivent \u00eatre compris et ma\u00eetris\u00e9s\u00a0maintenant dans tous les apprentissages fondamentaux. Ils sont tr\u00e8s peu \u00e9voqu\u00e9s dans le document que le <a href=\"http:\/\/www.education.gouv.fr\/cid75495\/le-conseil-superieur-des-programmes.html\" target=\"_blank\" rel=\"noopener\">C.\u00a0S.\u00a0P<\/a>. nous pr\u00e9sente et, quand ils le sont, par exemple pour la production ou la cr\u00e9ation, on ne leur accorde qu&rsquo;un r\u00f4le subsidiaire, pour la mise en \u0153uvre d&rsquo;autres comp\u00e9tences sp\u00e9cifiques.<\/p>\n<p>L&rsquo;Internet et les r\u00e9seaux num\u00e9riques, je le r\u00e9p\u00e8te aussi, ont permis au citoyen et, en l&rsquo;occurrence \u00e0 l&rsquo;\u00e9cole au jeune citoyen, d&rsquo;<strong>exercer sa libert\u00e9 d&rsquo;opinion et d&rsquo;expression<\/strong>. Comme d&rsquo;habitude quand une libert\u00e9 est donn\u00e9e sans frein et surtout sans \u00e9ducation \u00e0 des jeunes, certains de ces derniers ont pu en abuser. Il n&rsquo;y a l\u00e0 rien de grave. Ces petits emb\u00eatements sont la preuve que publier est devenu maintenant indispensable \u00e0 enseigner.<\/p>\n<p><span style=\"background-color: #ffff00;\"><strong>Confronter son opinion, son travail, ses cr\u00e9ations num\u00e9riques, ses objets de fabrication \u00e0 un auditoire universel est \u00e0 la fois une chance inou\u00efe et nouvelle dans l&rsquo;histoire mais aussi un fort enjeu d&rsquo;\u00e9ducation.\u00a0<\/strong><\/span><\/p>\n<p><strong>Tout cela doit appara\u00eetre dans le socle, de mani\u00e8re claire et engag\u00e9e<\/strong>, qui puisse d\u00e9montrer que l&rsquo;\u00e9cole est en accord avec son temps.<\/p>\n<p><a style=\"text-decoration: underline;\" title=\"View Socle Au 7 Mai (1) (2) on Scribd\" href=\"http:\/\/www.scribd.com\/doc\/223484068\">Socle Au 7 Mai (1) (2)<\/a><\/p>\n<p><iframe loading=\"lazy\" id=\"doc_95393\" class=\"scribd_iframe_embed\" src=\"\/\/www.scribd.com\/embeds\/223484068\/content?start_page=1&amp;view_mode=scroll&amp;show_recommendations=true\" width=\"100%\" height=\"600\" frameborder=\"0\" scrolling=\"no\" data-auto-height=\"false\" data-aspect-ratio=\"undefined\"><\/iframe><\/p>\n<p>[Mise \u00e0 jour 19 h : le SE-UNSA fait parvenir <a href=\"http:\/\/ecolededemain.wordpress.com\/2014\/05\/13\/socle-commun-les-propositions-du-se-unsa\/\" target=\"_blank\" rel=\"noopener\">ses propositions<\/a> \u00e0 ce sujet.<br \/>\nJe rel\u00e8ve ce paragraphe\u00a0:<\/p>\n<blockquote><p>\u00ab\u00a0\u00c0 l\u2019issue de la scolarit\u00e9 obligatoire, l\u2019\u00e9l\u00e8ve est capable d\u2019utiliser de mani\u00e8re critique les technologies de\u00a0la soci\u00e9t\u00e9 de l&rsquo;information. Il apprend \u00e0 chercher l\u2019information, \u00e0 organiser son espace informationnel et \u00e0 \u00eatre critique face \u00e0 la pluralit\u00e9 et multiplicit\u00e9 des informations. L\u2019\u00e9l\u00e8ve apprend \u00e0 s\u2019exprimer, \u00e0 cr\u00e9er des contenus, \u00e0 publier et \u00e0 contribuer en ligne. Il d\u00e9veloppe une culture num\u00e9rique en exer\u00e7ant sa libert\u00e9 d\u2019expression et en confrontant ses opinions, son travail et ses cr\u00e9ations \u00e0 un auditoire universel.\u00a0\u00bb<\/p><\/blockquote>\n<p>J&rsquo;applaudis des deux mains&#8230;]<\/p>\n<p>Michel Guillou\u00a0<a style=\"font-style: inherit; color: #282128;\" href=\"https:\/\/twitter.com\/michelguillou\" target=\"_blank\" rel=\"noopener\">@michelguillou<\/a><\/p>\n<p style=\"color: #0b6bbf;\"><a style=\"font-style: inherit; color: #282128;\" href=\"http:\/\/creativecommons.org\/licenses\/by-nc-sa\/2.0\/fr\/\" target=\"_blank\" rel=\"noopener\"><img loading=\"lazy\" decoding=\"async\" style=\"font-weight: inherit; font-style: inherit;\" src=\"http:\/\/i.creativecommons.org\/l\/by-nc-sa\/2.0\/fr\/80x15.png\" alt=\"image\" width=\"80\" height=\"15\" \/><\/a><\/p>\n<p>Cr\u00e9dit photo : <a href=\"http:\/\/www.flickr.com\/photos\/urbanrex\/4805629712\/\">Dancing Lemur<\/a> via <a href=\"http:\/\/photopin.com\">photopin<\/a> <a href=\"http:\/\/creativecommons.org\/licenses\/by-nc\/2.0\/\">cc<\/a><\/p>\n","protected":false},"excerpt":{"rendered":"<p><a href=\"http:\/\/www.culture-numerique.fr\/wp-content\/uploads\/2014\/05\/large_4805629712.jpg\"><img loading=\"lazy\" decoding=\"async\" class=\"size-full wp-image-844 aligncenter\" src=\"http:\/\/www.culture-numerique.fr\/wp-content\/uploads\/2014\/05\/large_4805629712.jpg\" alt=\"Calligraphie\" width=\"1024\" height=\"683\" srcset=\"https:\/\/www.culture-numerique.fr\/wp-content\/uploads\/2014\/05\/large_4805629712.jpg 1024w, https:\/\/www.culture-numerique.fr\/wp-content\/uploads\/2014\/05\/large_4805629712-300x200.jpg 300w, https:\/\/www.culture-numerique.fr\/wp-content\/uploads\/2014\/05\/large_4805629712-100x66.jpg 100w, https:\/\/www.culture-numerique.fr\/wp-content\/uploads\/2014\/05\/large_4805629712-150x100.jpg 150w, https:\/\/www.culture-numerique.fr\/wp-content\/uploads\/2014\/05\/large_4805629712-200x133.jpg 200w, https:\/\/www.culture-numerique.fr\/wp-content\/uploads\/2014\/05\/large_4805629712-450x300.jpg 450w, https:\/\/www.culture-numerique.fr\/wp-content\/uploads\/2014\/05\/large_4805629712-600x400.jpg 600w, https:\/\/www.culture-numerique.fr\/wp-content\/uploads\/2014\/05\/large_4805629712-900x600.jpg 900w\" sizes=\"auto, (max-width: 1024px) 100vw, 1024px\" \/><\/a><\/p>\n<p><strong>Le journal <em>Le Monde<\/em> publie aujourd&rsquo;hui<\/strong> <a href=\"\/\/www.lemonde.fr\/societe\/article\/2014\/05\/12\/que-doivent-savoir-tous-les-eleves-le-nouveau-defi-de-benoit-hamon_4415058_3224.html\" target=\"_blank\" rel=\"noopener\">un article<\/a> qui \u00e9voque\u00a0les enjeux de la prochaine pr\u00e9sentation du nouveau socle commun de connaissances, de comp\u00e9tences et de culture. Il propose \u00e9galement de ce dernier une mouture provisoire,<\/p>\n<p><span class=\"ellipsis\">&hellip;<\/span><\/p>\n<div class=\"read-more\"><a href=\"https:\/\/www.culture-numerique.fr\/?p=843\">Lire la suite &#8250;<\/a><\/div>\n<p><!-- end of .read-more --><\/p>\n","protected":false},"author":1,"featured_media":844,"comment_status":"open","ping_status":"open","sticky":false,"template":"","format":"standard","meta":{"jetpack_post_was_ever_published":false,"_jetpack_newsletter_access":"","_jetpack_dont_email_post_to_subs":false,"_jetpack_newsletter_tier_id":0,"_jetpack_memberships_contains_paywalled_content":false,"_jetpack_memberships_contains_paid_content":false,"footnotes":""},"categories":[9],"tags":[389,78,211,79,52,386,111,388,18,17,53],"class_list":["post-843","post","type-post","status-publish","format-standard","has-post-thumbnail","hentry","category-billets-dhumeur","tag-co-construction","tag-conseil-superieur-des-programmes","tag-creation","tag-csp","tag-culture-numerique","tag-education-a-linformation","tag-education-aux-medias","tag-fabrication","tag-publication","tag-publier","tag-socle-commun"],"jetpack_featured_media_url":"https:\/\/www.culture-numerique.fr\/wp-content\/uploads\/2014\/05\/large_4805629712.jpg","jetpack_sharing_enabled":true,"_links":{"self":[{"href":"https:\/\/www.culture-numerique.fr\/index.php?rest_route=\/wp\/v2\/posts\/843","targetHints":{"allow":["GET"]}}],"collection":[{"href":"https:\/\/www.culture-numerique.fr\/index.php?rest_route=\/wp\/v2\/posts"}],"about":[{"href":"https:\/\/www.culture-numerique.fr\/index.php?rest_route=\/wp\/v2\/types\/post"}],"author":[{"embeddable":true,"href":"https:\/\/www.culture-numerique.fr\/index.php?rest_route=\/wp\/v2\/users\/1"}],"replies":[{"embeddable":true,"href":"https:\/\/www.culture-numerique.fr\/index.php?rest_route=%2Fwp%2Fv2%2Fcomments&post=843"}],"version-history":[{"count":11,"href":"https:\/\/www.culture-numerique.fr\/index.php?rest_route=\/wp\/v2\/posts\/843\/revisions"}],"predecessor-version":[{"id":8284,"href":"https:\/\/www.culture-numerique.fr\/index.php?rest_route=\/wp\/v2\/posts\/843\/revisions\/8284"}],"wp:featuredmedia":[{"embeddable":true,"href":"https:\/\/www.culture-numerique.fr\/index.php?rest_route=\/wp\/v2\/media\/844"}],"wp:attachment":[{"href":"https:\/\/www.culture-numerique.fr\/index.php?rest_route=%2Fwp%2Fv2%2Fmedia&parent=843"}],"wp:term":[{"taxonomy":"category","embeddable":true,"href":"https:\/\/www.culture-numerique.fr\/index.php?rest_route=%2Fwp%2Fv2%2Fcategories&post=843"},{"taxonomy":"post_tag","embeddable":true,"href":"https:\/\/www.culture-numerique.fr\/index.php?rest_route=%2Fwp%2Fv2%2Ftags&post=843"}],"curies":[{"name":"wp","href":"https:\/\/api.w.org\/{rel}","templated":true}]}}