{"id":83,"date":"2011-12-23T09:04:00","date_gmt":"2011-12-23T08:04:00","guid":{"rendered":"http:\/\/www.culture-numerique.fr\/?p=83"},"modified":"2015-07-24T00:41:15","modified_gmt":"2015-07-23T22:41:15","slug":"internet-quand-les-belges-nous-font-la-lecon","status":"publish","type":"post","link":"https:\/\/www.culture-numerique.fr\/?p=83","title":{"rendered":"Internet : quand les Belges nous font la le\u00e7on\u2026"},"content":{"rendered":"<p><strong><a href=\"http:\/\/www.culture-numerique.fr\/wp-content\/uploads\/2014\/04\/ados.png\"><img loading=\"lazy\" decoding=\"async\" class=\"aligncenter wp-image-84 size-full\" src=\"http:\/\/www.culture-numerique.fr\/wp-content\/uploads\/2014\/04\/ados.png\" alt=\"ados\" width=\"500\" height=\"247\" srcset=\"https:\/\/www.culture-numerique.fr\/wp-content\/uploads\/2014\/04\/ados.png 500w, https:\/\/www.culture-numerique.fr\/wp-content\/uploads\/2014\/04\/ados-300x148.png 300w, https:\/\/www.culture-numerique.fr\/wp-content\/uploads\/2014\/04\/ados-100x49.png 100w, https:\/\/www.culture-numerique.fr\/wp-content\/uploads\/2014\/04\/ados-150x74.png 150w, https:\/\/www.culture-numerique.fr\/wp-content\/uploads\/2014\/04\/ados-200x98.png 200w, https:\/\/www.culture-numerique.fr\/wp-content\/uploads\/2014\/04\/ados-450x222.png 450w\" sizes=\"auto, (max-width: 500px) 100vw, 500px\" \/><\/a><\/strong><\/p>\n<p><strong>Ce soir-l\u00e0 du 16 d\u00e9cembre dernier<\/strong>, j\u2019\u00e9tais rentr\u00e9 un peu tard. J\u2019ai pourtant vite allum\u00e9 la t\u00e9l\u00e9 pour voir la fin de\u00a0<strong>la 3e \u00e9dition du\u00a0<a href=\"http:\/\/www.legrandwebze.com\/\" target=\"_blank\">Grand Webze<\/a><\/strong>. C\u2019est comme \u00e7a, que voulez-vous,\u00a0<a title=\"Wikipedia Fran\u00e7ois Rollin\" href=\"http:\/\/fr.wikipedia.org\/wiki\/Fran%C3%A7ois_Rollin\" target=\"_blank\">Fran\u00e7ois Rollin<\/a>\u00a0<a title=\"Twitter @francoisrollin\" href=\"https:\/\/twitter.com\/#!\/francoisrollin\" target=\"_blank\">@francoisrollin<\/a>\u00a0me fait rire et son\u00a0acolyte\u00a0<a title=\"Blog de Cyrille de Lasteyrie alias Vinvin\" href=\"http:\/\/www.vinvin.net\/\" target=\"_blank\">Vinvin<\/a>\u00a0<a title=\"Twitter @vinvin\" href=\"https:\/\/twitter.com\/#!\/Vinvin\" target=\"_blank\">@vinvin<\/a>\u00a0aussi\u2026<\/p>\n<p>L\u2019\u00e9mission est \u00e0 revoir\u00a0<a href=\"http:\/\/www.pluzz.fr\/le-grand-webze-2011-12-16-23h40.html\" target=\"_blank\">ici<\/a>\u00a0si vous l\u2019avez manqu\u00e9e\u2026<\/p>\n<p>Je vous raconte rapidement. Apr\u00e8s un moment, Vinvin annonce qu\u2019on va parler vie priv\u00e9e et donn\u00e9es personnelles. Bon, d\u00e9j\u00e0, ce genre de sujet a tendance \u00e0 me faire fr\u00e9mir\u2026 Parce que c\u2019est un des marronniers pr\u00e9f\u00e9r\u00e9s des m\u00e9dias quand ils d\u00e9cident de s\u2019attaquer de front \u00e0 Internet, parce que cette antienne est reprise en ch\u0153ur par les politiques ou les quidams qui passent sur les plateaux de t\u00e9l\u00e9, parce que\u2026 Bref, marre des fr\u00e9missements, des peurs entretenues, des angoisses, des sophismes \u00e0 la noix utilis\u00e9s en g\u00e9n\u00e9ral \u00e0 ce sujet.<\/p>\n<p><a href=\"http:\/\/www.culture-numerique.fr\/wp-content\/uploads\/2014\/04\/grand-webze.jpg\"><img loading=\"lazy\" decoding=\"async\" class=\"size-full wp-image-85 alignright\" src=\"http:\/\/www.culture-numerique.fr\/wp-content\/uploads\/2014\/04\/grand-webze.jpg\" alt=\"grand-webze\" width=\"248\" height=\"62\" srcset=\"https:\/\/www.culture-numerique.fr\/wp-content\/uploads\/2014\/04\/grand-webze.jpg 248w, https:\/\/www.culture-numerique.fr\/wp-content\/uploads\/2014\/04\/grand-webze-100x25.jpg 100w, https:\/\/www.culture-numerique.fr\/wp-content\/uploads\/2014\/04\/grand-webze-150x37.jpg 150w, https:\/\/www.culture-numerique.fr\/wp-content\/uploads\/2014\/04\/grand-webze-200x50.jpg 200w\" sizes=\"auto, (max-width: 248px) 100vw, 248px\" \/><\/a>Bon, \u00e7a n\u2019a pas rat\u00e9\u00a0:\u00a0<a title=\"Wikipedia Laurent Baffie\" href=\"http:\/\/fr.wikipedia.org\/wiki\/Laurent_Baffie\" target=\"_blank\">Laurent\u00a0Baffie<\/a>, le clown de service, pas dr\u00f4le ce soir-l\u00e0, prend l\u2019exemple de son fils\u00a0:<\/p>\n<blockquote><p>\u00ab\u00a0<em>\u00c0 15 ans<\/em>\u00a0,dit-il,\u00a0<em>il met en ligne une soir\u00e9e avec des potes\u00a0<\/em>\u00bb\u2026<\/p><\/blockquote>\n<p>Et de continuer\u00a0:<\/p>\n<blockquote><p>\u00ab\u00a0<em>Les soci\u00e9t\u00e9s vont sur Facebook avant d\u2019employer quelqu\u2019un et on voit bien l\u2019effet pervers d\u00e8s maintenant\u2026<\/em>\u00a0\u00bb.<\/p><\/blockquote>\n<p>Soupir\u00a0!<\/p>\n<p>Vinvin\u00a0encha\u00eene\u00a0:<\/p>\n<blockquote><p>\u00ab\u00a0<em>Ne serait-ce pas un probl\u00e8me d\u2019\u00e9ducation\u00a0? On fait quoi, on leur interdit l\u2019ordinateur\u00a0? On fait quoi\u00a0?<\/em>\u00a0\u00bb.<\/p><\/blockquote>\n<p>L\u00e0, intervient l\u2019invit\u00e9 sur ce sujet,\u00a0<a title=\"J\u00e9r\u00e9mie Zimmermann se pr\u00e9sente sur le site d'April\" href=\"http:\/\/www.april.org\/fr\/jeremie-zimmermann-se-presente\" target=\"_blank\">J\u00e9r\u00e9mie Zimmermann<\/a>\u00a0<a title=\"Twitter @jerezim\" href=\"https:\/\/twitter.com\/#!\/@jerezim\" target=\"_blank\">@jerezim<\/a>,\u00a0membre du CA d\u2019<a title=\"Site web d'April\" href=\"http:\/\/www.april.org\/\" target=\"_blank\">April<\/a>,\u00a0cofondateur de la\u00a0<a title=\"Site de La Quadrature du Net\" href=\"http:\/\/www.laquadrature.net\/fr\" target=\"_blank\">Quadrature du Net<\/a>, bref grand d\u00e9fendeur de l\u2019Internet et du logiciel libre devant l\u2019\u00e9ternel\u00a0:<\/p>\n<blockquote><p>\u00ab\u00a0<em>Il y a de \u00e7a\u2026 Un gamin, un ado, il ne sait pas faire la diff\u00e9rence entre sa vie priv\u00e9e et sa vie publique. Il faut qu\u2019on lui explique que cliquer sur publier, \u00e7a veut dire rendre public, au monde entier\u2026 pendant des ann\u00e9es, jusqu\u2019\u00e0 la fin de l\u2019Internet\u2026<\/em>\u00a0\u00bb.<\/p><\/blockquote>\n<p>Bon, me dis-je, Zimmermann n\u2019a pas lu son\u00a0<a title=\"Wikipedia Jean-Marc Manach\" href=\"http:\/\/fr.wikipedia.org\/wiki\/Jean-Marc_Manach\" target=\"_blank\">Manach<\/a>\u00a0<a href=\"https:\/\/twitter.com\/#!\/@manhack\" target=\"_blank\">@manhack<\/a>\u00a0\u2014 rappelez-vous son bouquin \u00ab\u00a0<em>La vie priv\u00e9e, un probl\u00e8me de vieux cons<\/em>\u00a0\u00bb que\u00a0<a href=\"http:\/\/bugbrother.blog.lemonde.fr\/2010\/01\/11\/les-petits-cons-parlent-aux-vieux-cons-la-version-courte\/\" target=\"_blank\">cet article<\/a>\u00a0peut illustrer \u2014 et a oubli\u00e9 qu\u2019un ado, \u00e7a vit forc\u00e9ment en rupture avec les doxas des adultes, que \u00e7a prend forc\u00e9ment des risques et que c\u2019est aussi tr\u00e8s ambivalent.<\/p>\n<p>Il est d\u2019ailleurs int\u00e9ressant de noter, les \u00e9tudes r\u00e9centes le montrent bien, que les adolescents, qui pensent d\u2019ailleurs \u00eatre plus comp\u00e9tents que leurs parents \u00e0 ce sujet,\u00a0sont tr\u00e8s soucieux, contrairement \u00e0 ce que pensent ces derniers,\u00a0de ne d\u00e9livrer ou faire savoir d\u2019eux que ce qu\u2019ils souhaitent.\u00a0Ils prennent des risques dans ce domaine, certes, mais qui\u00a0ne se traduisent pas forc\u00e9ment par des cons\u00e9quences n\u00e9gatives.<\/p>\n<p>Ils s\u2019en soucient tellement, de leur vie intime, que\u00a0plus d\u2019un quart d\u2019entre eux\u00a0ont param\u00e9tr\u00e9 leur compte Facebook de telle mani\u00e8re que leurs parents ne voient pas les informations qu\u2019ils \u00e9changent entre eux.\u00a0Et il y a aussi cette splendide anecdote rapport\u00e9e par Jean-Marc Manach et issue d\u2019un\u00a0<a title=\"Text Generation Gap: U R 2 Old (JK)\" href=\"http:\/\/www.nytimes.com\/2008\/03\/09\/business\/09cell.html?_r=1\" target=\"_blank\">article du New York Times<\/a>\u2026<\/p>\n<p>Voir \u00e0 ce sujet les enqu\u00eates r\u00e9centes de\u00a0<a href=\"http:\/\/fr.trendmicro.com\/fr\/about\/news\/pr\/article\/20111012083219.html\" target=\"_blank\">TrendMicro<\/a>, de\u00a0<a href=\"http:\/\/www.frequence-ecoles.org\/ressources\/view\/id\/37c48d9366cfe18d321ef6e1db77cd38\" target=\"_blank\">Fr\u00e9quence \u00c9cole<\/a>, de\u00a0<a href=\"http:\/\/www.tns-sofres.com\/_assets\/files\/2011.07.04-reseaux-sociaux.pdf\" target=\"_blank\">TNS-Sofres<\/a>, de\u00a0<a href=\"http:\/\/www2.lse.ac.uk\/media@lse\/research\/EUKidsOnline\/Home.aspx\" target=\"_blank\">LSE Kids Online<\/a>.<\/p>\n<p>J\u2019en reviens \u00e0 J\u00e9r\u00e9mie Zimmermann qui continue, tr\u00e8s s\u00e9rieusement\u00a0:<\/p>\n<blockquote><p>\u00ab\u00a0<em>Comme on apprend \u00e0 lire et \u00e0 \u00e9crire, on va apprendre aux gamins \u00e0 chiffrer leurs communications personnelles, \u00e0 chiffrer leurs donn\u00e9es\u2026<\/em>\u00a0\u00bb.<\/p><\/blockquote>\n<p>Deuxi\u00e8me soupir\u00a0!<\/p>\n<p>Et je me dis alors in petto que M. Zimmermann n\u2019a pas d\u00fb souvent en rencontrer, des ados, et \u00e9changer avec eux \u00e0 ce sujet. Et je me dis in petto que, ce soir-l\u00e0, J\u00e9r\u00e9mie Zimmermann m\u2019a fait penser furieusement \u00e0\u00a0<a title=\"Wikipedia Nadine Morano\" href=\"http:\/\/fr.wikipedia.org\/wiki\/Nadine_Morano\" target=\"_blank\">Nadine Morano<\/a>\u00a0qui, comme secr\u00e9taire d\u2019\u00c9tat\u00a0charg\u00e9e de la famille et de la solidarit\u00e9, entonnait\u00a0<a title=\"Site du minist\u00e8re de la famille et de la solidarit\u00e9\" href=\"http:\/\/www.solidarite.gouv.fr\/espaces,770\/enfance-famille,774\/dossiers,725\/protection-de-l-enfant-et-de-l,1112\/la-securite-des-enfants-et-des,988\/le-dossier-de-la-securite-des,1981\/famille-en-ligne-une-serie-de-10,13079.html\" target=\"_blank\">les m\u00eames refrains<\/a>\u00a0sur la m\u00eame tonalit\u00e9 condescendante. Voir ces articles,\u00a0<a title=\"Nadine Morano : vite, une police internationale dInternet\" href=\"http:\/\/www.pcinpact.com\/news\/56292-nadine-morano-police-internationale-internet.htm\" target=\"_blank\">ici<\/a>\u00a0et\u00a0<a title=\" Filtrage, blocage et signal\u00e9tique -18 ans : Morano veut civiliser le net\" href=\"http:\/\/www.pcinpact.com\/news\/53725-commission-nadine-morano-blocage-filtrage.htm\" target=\"_blank\">l\u00e0<\/a>.<\/p>\n<p><strong>Et puis, j\u2019ai pens\u00e9 aux Belges\u2026<\/strong><\/p>\n<p>C\u2019\u00e9tait il y a un an d\u00e9j\u00e0\u2026 L\u2019association\u00a0<strong><a title=\"Site web de Yapaka\" href=\"http:\/\/www.yapaka.be\/\" target=\"_blank\">Yapaka<\/a><\/strong>\u00a0d\u00e9veloppe un\u00a0<a href=\"http:\/\/www.yapaka.be\/professionnels\/page\/la-lettre-dinformation-de-la-coordination-de-laide-aux-victimes-de-maltraitance\" target=\"_blank\">programme de pr\u00e9vention de la maltraitance<\/a>\u00a0\u00e0 l\u2019initiative du minist\u00e8re de la communaut\u00e9 fran\u00e7aise de Belgique.<\/p>\n<p>Le 23 d\u00e9cembre 2010, sous le titre\u00a0\u00ab\u00a0<strong><em>Parents bonheur, la protection totale de vos enfants<\/em><\/strong>\u00a0\u00bb, Yapaka mettait en ligne une s\u00e9rie de 8 courtes vid\u00e9os. Ces derni\u00e8res abordent l\u2019essentiel de ce que les parents doivent savoir quant au langage et au comportement adopter avec des enfants ou des adolescents concernant les pratiques num\u00e9riques, sur l\u2019Internet pour l\u2019essentiel. C\u2019est clair, concis, splendide, incisif, cisel\u00e9, tr\u00e8s p\u00e9dagogique, c\u2019est belge et\u00a0<a title=\"Vid\u00e9os Yapaka\" href=\"http:\/\/www.yapaka.be\/tous\/page\/parents-bonheur-la-protection-totale-de-vos-enfants\" target=\"_blank\">c\u2019est l\u00e0<\/a>. Ces gens-l\u00e0 ont d\u00e9cid\u00e9ment de l\u2019\u00e9ducation aux m\u00e9dias num\u00e9riques une toute autre vision, plus \u00e9clairante et sagace, moins anxiog\u00e8ne, plus citoyenne enfin.<\/p>\n<p>Tout le contraire du couple Zimmermann-Morano.<\/p>\n<p>Je ne r\u00e9siste pas au plaisir de vous en montrer deux, tr\u00e8s exemplaires de ce point de vue. Regardez bien jusqu\u2019au bout, ce n\u2019est pas tr\u00e8s long\u2026 Ce sera mon cadeau de No\u00ebl.<\/p>\n<p><iframe loading=\"lazy\" src=\"http:\/\/www.youtube.com\/embed\/gyhsfUDmUuo\" width=\"480\" height=\"270\" frameborder=\"0\"><\/iframe><\/p>\n<p><iframe loading=\"lazy\" src=\"http:\/\/www.youtube.com\/embed\/dU55IsAQ9jY\" width=\"480\" height=\"270\" frameborder=\"0\"><\/iframe><\/p>\n<p>D\u00e9cid\u00e9ment, on ne le dira jamais assez, nous devons beaucoup aux Belges\u00a0!<\/p>\n<p>Michel Guillou\u00a0<a title=\"Twitter\" href=\"https:\/\/twitter.com\/#!\/michelguillou\" target=\"_blank\">@michelguillou<\/a><\/p>\n<p><a href=\"http:\/\/creativecommons.org\/licenses\/by-nc-sa\/2.0\/fr\/\" target=\"_blank\"><img loading=\"lazy\" decoding=\"async\" src=\"http:\/\/i.creativecommons.org\/l\/by-nc-sa\/2.0\/fr\/80x15.png\" alt=\"image\" width=\"80\" height=\"15\" \/><\/a><\/p>\n","protected":false},"excerpt":{"rendered":"<p><strong><a href=\"http:\/\/www.culture-numerique.fr\/wp-content\/uploads\/2014\/04\/ados.png\"><img loading=\"lazy\" decoding=\"async\" class=\"aligncenter wp-image-84 size-full\" src=\"http:\/\/www.culture-numerique.fr\/wp-content\/uploads\/2014\/04\/ados.png\" alt=\"ados\" width=\"500\" height=\"247\" srcset=\"https:\/\/www.culture-numerique.fr\/wp-content\/uploads\/2014\/04\/ados.png 500w, https:\/\/www.culture-numerique.fr\/wp-content\/uploads\/2014\/04\/ados-300x148.png 300w, https:\/\/www.culture-numerique.fr\/wp-content\/uploads\/2014\/04\/ados-100x49.png 100w, https:\/\/www.culture-numerique.fr\/wp-content\/uploads\/2014\/04\/ados-150x74.png 150w, https:\/\/www.culture-numerique.fr\/wp-content\/uploads\/2014\/04\/ados-200x98.png 200w, https:\/\/www.culture-numerique.fr\/wp-content\/uploads\/2014\/04\/ados-450x222.png 450w\" sizes=\"auto, (max-width: 500px) 100vw, 500px\" \/><\/a><\/strong><\/p>\n<p><strong>Ce soir-l\u00e0 du 16 d\u00e9cembre dernier<\/strong>, j\u2019\u00e9tais rentr\u00e9 un peu tard. J\u2019ai pourtant vite allum\u00e9 la t\u00e9l\u00e9 pour voir la fin de\u00a0<strong>la 3e \u00e9dition du\u00a0<a href=\"http:\/\/www.legrandwebze.com\/\" target=\"_blank\">Grand Webze<\/a><\/strong>.<\/p>\n<p><span class=\"ellipsis\">&hellip;<\/span><\/p>\n<div class=\"read-more\"><a href=\"https:\/\/www.culture-numerique.fr\/?p=83\">Lire la suite &#8250;<\/a><\/div>\n<p><!-- end of .read-more --><\/p>\n","protected":false},"author":1,"featured_media":84,"comment_status":"open","ping_status":"open","sticky":false,"template":"","format":"standard","meta":{"jetpack_post_was_ever_published":false,"_jetpack_newsletter_access":"","_jetpack_dont_email_post_to_subs":false,"_jetpack_newsletter_tier_id":0,"_jetpack_memberships_contains_paywalled_content":false,"_jetpack_memberships_contains_paid_content":false,"footnotes":""},"categories":[9],"tags":[30,10,31,45],"class_list":["post-83","post","type-post","status-publish","format-standard","has-post-thumbnail","hentry","category-billets-dhumeur","tag-internet","tag-peur","tag-pratiques-des-jeunes","tag-vie-privee"],"jetpack_featured_media_url":"https:\/\/www.culture-numerique.fr\/wp-content\/uploads\/2014\/04\/ados.png","jetpack_sharing_enabled":true,"_links":{"self":[{"href":"https:\/\/www.culture-numerique.fr\/index.php?rest_route=\/wp\/v2\/posts\/83","targetHints":{"allow":["GET"]}}],"collection":[{"href":"https:\/\/www.culture-numerique.fr\/index.php?rest_route=\/wp\/v2\/posts"}],"about":[{"href":"https:\/\/www.culture-numerique.fr\/index.php?rest_route=\/wp\/v2\/types\/post"}],"author":[{"embeddable":true,"href":"https:\/\/www.culture-numerique.fr\/index.php?rest_route=\/wp\/v2\/users\/1"}],"replies":[{"embeddable":true,"href":"https:\/\/www.culture-numerique.fr\/index.php?rest_route=%2Fwp%2Fv2%2Fcomments&post=83"}],"version-history":[{"count":5,"href":"https:\/\/www.culture-numerique.fr\/index.php?rest_route=\/wp\/v2\/posts\/83\/revisions"}],"predecessor-version":[{"id":3605,"href":"https:\/\/www.culture-numerique.fr\/index.php?rest_route=\/wp\/v2\/posts\/83\/revisions\/3605"}],"wp:featuredmedia":[{"embeddable":true,"href":"https:\/\/www.culture-numerique.fr\/index.php?rest_route=\/wp\/v2\/media\/84"}],"wp:attachment":[{"href":"https:\/\/www.culture-numerique.fr\/index.php?rest_route=%2Fwp%2Fv2%2Fmedia&parent=83"}],"wp:term":[{"taxonomy":"category","embeddable":true,"href":"https:\/\/www.culture-numerique.fr\/index.php?rest_route=%2Fwp%2Fv2%2Fcategories&post=83"},{"taxonomy":"post_tag","embeddable":true,"href":"https:\/\/www.culture-numerique.fr\/index.php?rest_route=%2Fwp%2Fv2%2Ftags&post=83"}],"curies":[{"name":"wp","href":"https:\/\/api.w.org\/{rel}","templated":true}]}}