{"id":8252,"date":"2023-06-12T11:12:49","date_gmt":"2023-06-12T09:12:49","guid":{"rendered":"https:\/\/www.culture-numerique.fr\/?p=8252"},"modified":"2023-06-12T16:13:15","modified_gmt":"2023-06-12T14:13:15","slug":"mal-nommer-les-choses-cest-ajouter-au-malheur-du-monde","status":"publish","type":"post","link":"https:\/\/www.culture-numerique.fr\/?p=8252","title":{"rendered":"Mal nommer les choses, c\u2019est ajouter au malheur du monde\u2026"},"content":{"rendered":"<p><a href=\"https:\/\/www.culture-numerique.fr\/?attachment_id=8260\" rel=\"attachment wp-att-8260\"><img loading=\"lazy\" decoding=\"async\" class=\"size-full wp-image-8260 aligncenter\" src=\"https:\/\/www.culture-numerique.fr\/wp-content\/uploads\/2023\/06\/DSC_0783-scaled.jpg\" alt=\"Domaine de Malagar Saint-Maixant\" width=\"2560\" height=\"1440\" srcset=\"https:\/\/www.culture-numerique.fr\/wp-content\/uploads\/2023\/06\/DSC_0783-scaled.jpg 2560w, https:\/\/www.culture-numerique.fr\/wp-content\/uploads\/2023\/06\/DSC_0783-300x169.jpg 300w, https:\/\/www.culture-numerique.fr\/wp-content\/uploads\/2023\/06\/DSC_0783-1024x576.jpg 1024w, https:\/\/www.culture-numerique.fr\/wp-content\/uploads\/2023\/06\/DSC_0783-1536x864.jpg 1536w, https:\/\/www.culture-numerique.fr\/wp-content\/uploads\/2023\/06\/DSC_0783-2048x1152.jpg 2048w, https:\/\/www.culture-numerique.fr\/wp-content\/uploads\/2023\/06\/DSC_0783-100x56.jpg 100w, https:\/\/www.culture-numerique.fr\/wp-content\/uploads\/2023\/06\/DSC_0783-150x84.jpg 150w, https:\/\/www.culture-numerique.fr\/wp-content\/uploads\/2023\/06\/DSC_0783-200x113.jpg 200w, https:\/\/www.culture-numerique.fr\/wp-content\/uploads\/2023\/06\/DSC_0783-450x253.jpg 450w, https:\/\/www.culture-numerique.fr\/wp-content\/uploads\/2023\/06\/DSC_0783-600x338.jpg 600w, https:\/\/www.culture-numerique.fr\/wp-content\/uploads\/2023\/06\/DSC_0783-900x506.jpg 900w\" sizes=\"auto, (max-width: 2560px) 100vw, 2560px\" \/><\/a><\/p>\n<p><strong>L&rsquo;occasion m&rsquo;a \u00e9t\u00e9 donn\u00e9e<\/strong> le 10 juin dernier d&rsquo;intervenir bri\u00e8vement au <a href=\"https:\/\/www.educavox.fr\/agenda-2\/le-forum-educavox-hybridation-des-cultures\" target=\"_blank\" rel=\"noopener\">Forum Educavox<\/a>, sur les lieux-m\u00eames o\u00f9 v\u00e9cut Fran\u00e7ois Mauriac, au domaine de Malagar \u00e0 Saint-Maixant. Comme vous pouvez le voir ci-dessus, un lieu magnifique entour\u00e9 de vignes et d&rsquo;arbres remarquables.<\/p>\n<p>Il s&rsquo;agissait d&rsquo;\u00e9voquer l&rsquo;hybridation des cultures. Bien s\u00fbr, on a aussi \u00e9voqu\u00e9 l&rsquo;hybridation des formes scolaires dont les \u00e9pisodes r\u00e9cents de confinement ont g\u00e9n\u00e9ralis\u00e9 la fr\u00e9quence et la diversit\u00e9. Bien s\u00fbr encore, on a \u00e9voqu\u00e9 celle des femmes et hommes qui mettent en \u0153uvre la p\u00e9dagogie. \u00ab <strong>Nous sommes tous des hybrides<\/strong> \u00bb, a conclu le premier intervenant.<\/p>\n<p>Dans mon intervention, illustr\u00e9e de ce court diaporama, j&rsquo;ai essay\u00e9, pour ma part, fort de l&rsquo;observation que ce si\u00e8cle est celui des approximations s\u00e9mantiques, m\u00e9tonymies, synecdoques, anglicismes et barbarismes fleurissant et contribuant \u00e0 obscurcir le d\u00e9bat, de m&rsquo;\u00e9loigner de cette notion d&rsquo;hybridation dont je sais, en tant que biologiste, qu&rsquo;elle est souvent inop\u00e9rante, les hybrides \u00e9tant g\u00e9n\u00e9ralement st\u00e9riles. Je termine en proposant de remplacer le mot d&rsquo;\u00ab hybridation \u00bb par celui, plus \u00e9l\u00e9gant, de \u00ab<strong> m\u00e9tissage<\/strong> \u00bb qui prend toute sa dimension dans le <strong>lien<\/strong> num\u00e9rique, contribuant \u00e0 renforcer et enrichir le patrimoine g\u00e9n\u00e9tique \u2013 et num\u00e9rique.<\/p>\n<h3>Nous sommes toutes et tous des m\u00e9tisses et m\u00e9tis, nous sommes toutes et tous des b\u00e2tardes et b\u00e2tards<\/h3>\n<p><span style=\"font-weight: 400;\">En \u00e9ducation, le choix du m\u00e9tissage obligerait \u00e0 interroger et reconsid\u00e9rer la forme scolaire, le point de vue des champs disciplinaires sur l&rsquo;interdisciplinarit\u00e9 et la transdisciplinarit\u00e9, en termes d\u2019objectifs, de comp\u00e9tences, de regards, de postures, pour enseigner \u00e0 \u00eatre et se comporter en soci\u00e9t\u00e9 \u2013 rem\u00e8de au harc\u00e8lement \u2013, \u00e9duquer aux m\u00e9dias, \u00e0 l&rsquo;information, \u00e0 la citoyennet\u00e9, \u00e0 la sexualit\u00e9 jusqu&rsquo;\u00e0 la pornographie\u2026<\/span><span style=\"font-weight: 400;\"><br \/>\n<\/span><\/p>\n<p>Ci-dessous, ma pr\u00e9sentation, qui vous para\u00eetra bien \u00e9nigmatique parfois\u2026 Tant pis pour vous, il fallait \u00eatre dans la salle pour m&rsquo;entendre\u2026<\/p>\n<p><iframe loading=\"lazy\" src=\"https:\/\/docs.google.com\/presentation\/d\/e\/2PACX-1vR6yWx6LrFqeJ-AnvFz1bqkG8queJJKQdEssWfpLk_d8igwgNxHZg8-Ih2erTruL3rtewTsQXpG5sDe\/embed?start=true&amp;loop=true&amp;delayms=5000\" width=\"600\" height=\"366\" frameborder=\"0\" allowfullscreen=\"allowfullscreen\"><span data-mce-type=\"bookmark\" style=\"display: inline-block; width: 0px; overflow: hidden; line-height: 0;\" class=\"mce_SELRES_start\">\ufeff<\/span><\/iframe><\/p>\n<p>Michel Guillou\u00a0<a href=\"https:\/\/twitter.com\/michelguillou\" target=\"_blank\" rel=\"noopener noreferrer\">@michelguillou<\/a><\/p>\n<p><a href=\"http:\/\/creativecommons.org\/licenses\/by-nc-sa\/4.0\/\" target=\"_blank\" rel=\"noopener noreferrer\"><img loading=\"lazy\" decoding=\"async\" src=\"https:\/\/i.creativecommons.org\/l\/by-nc-sa\/2.0\/fr\/80x15.png\" alt=\"image\" width=\"80\" height=\"15\" data-pin-nopin=\"true\" \/><\/a><\/p>\n<p><em>Nota bene<\/em>\u00a0: Nombre de mots de ce texte doivent, au masculin, \u00eatre consid\u00e9r\u00e9s comme neutres et non sexu\u00e9s.<\/p>\n<p>Cr\u00e9dit photo : Michel Guillou<\/p>\n<p>&nbsp;<\/p>\n","protected":false},"excerpt":{"rendered":"<p><a href=\"https:\/\/www.culture-numerique.fr\/?attachment_id=8260\" rel=\"attachment wp-att-8260\"><img loading=\"lazy\" decoding=\"async\" class=\"size-full wp-image-8260 aligncenter\" src=\"https:\/\/www.culture-numerique.fr\/wp-content\/uploads\/2023\/06\/DSC_0783-scaled.jpg\" alt=\"Domaine de Malagar Saint-Maixant\" width=\"2560\" height=\"1440\" srcset=\"https:\/\/www.culture-numerique.fr\/wp-content\/uploads\/2023\/06\/DSC_0783-scaled.jpg 2560w, https:\/\/www.culture-numerique.fr\/wp-content\/uploads\/2023\/06\/DSC_0783-300x169.jpg 300w, https:\/\/www.culture-numerique.fr\/wp-content\/uploads\/2023\/06\/DSC_0783-1024x576.jpg 1024w, https:\/\/www.culture-numerique.fr\/wp-content\/uploads\/2023\/06\/DSC_0783-1536x864.jpg 1536w, https:\/\/www.culture-numerique.fr\/wp-content\/uploads\/2023\/06\/DSC_0783-2048x1152.jpg 2048w, https:\/\/www.culture-numerique.fr\/wp-content\/uploads\/2023\/06\/DSC_0783-100x56.jpg 100w, https:\/\/www.culture-numerique.fr\/wp-content\/uploads\/2023\/06\/DSC_0783-150x84.jpg 150w, https:\/\/www.culture-numerique.fr\/wp-content\/uploads\/2023\/06\/DSC_0783-200x113.jpg 200w, https:\/\/www.culture-numerique.fr\/wp-content\/uploads\/2023\/06\/DSC_0783-450x253.jpg 450w, https:\/\/www.culture-numerique.fr\/wp-content\/uploads\/2023\/06\/DSC_0783-600x338.jpg 600w, https:\/\/www.culture-numerique.fr\/wp-content\/uploads\/2023\/06\/DSC_0783-900x506.jpg 900w\" sizes=\"auto, (max-width: 2560px) 100vw, 2560px\" \/><\/a><\/p>\n<p><strong>L&rsquo;occasion m&rsquo;a \u00e9t\u00e9 donn\u00e9e<\/strong> le 10 juin dernier d&rsquo;intervenir bri\u00e8vement au <a href=\"https:\/\/www.educavox.fr\/agenda-2\/le-forum-educavox-hybridation-des-cultures\" target=\"_blank\" rel=\"noopener\">Forum Educavox<\/a>, sur les lieux-m\u00eames o\u00f9 v\u00e9cut Fran\u00e7ois Mauriac, au domaine de Malagar \u00e0 Saint-Maixant. Comme vous pouvez le voir ci-dessus,<\/p>\n<p><span class=\"ellipsis\">&hellip;<\/span><\/p>\n<div class=\"read-more\"><a href=\"https:\/\/www.culture-numerique.fr\/?p=8252\">Lire la suite &#8250;<\/a><\/div>\n<p><!-- end of .read-more --><\/p>\n","protected":false},"author":1,"featured_media":8260,"comment_status":"open","ping_status":"open","sticky":false,"template":"","format":"standard","meta":{"jetpack_post_was_ever_published":false,"_jetpack_newsletter_access":"","_jetpack_dont_email_post_to_subs":false,"_jetpack_newsletter_tier_id":0,"_jetpack_memberships_contains_paywalled_content":false,"_jetpack_memberships_contains_paid_content":false,"footnotes":""},"categories":[20,36],"tags":[52,238,896,895,480,897,351],"class_list":["post-8252","post","type-post","status-publish","format-standard","has-post-thumbnail","hentry","category-breves","category-ressources","tag-culture-numerique","tag-educavox","tag-hybridation","tag-hybride","tag-lien","tag-metissage","tag-presentation"],"jetpack_featured_media_url":"https:\/\/www.culture-numerique.fr\/wp-content\/uploads\/2023\/06\/DSC_0783-scaled.jpg","jetpack_sharing_enabled":true,"_links":{"self":[{"href":"https:\/\/www.culture-numerique.fr\/index.php?rest_route=\/wp\/v2\/posts\/8252","targetHints":{"allow":["GET"]}}],"collection":[{"href":"https:\/\/www.culture-numerique.fr\/index.php?rest_route=\/wp\/v2\/posts"}],"about":[{"href":"https:\/\/www.culture-numerique.fr\/index.php?rest_route=\/wp\/v2\/types\/post"}],"author":[{"embeddable":true,"href":"https:\/\/www.culture-numerique.fr\/index.php?rest_route=\/wp\/v2\/users\/1"}],"replies":[{"embeddable":true,"href":"https:\/\/www.culture-numerique.fr\/index.php?rest_route=%2Fwp%2Fv2%2Fcomments&post=8252"}],"version-history":[{"count":19,"href":"https:\/\/www.culture-numerique.fr\/index.php?rest_route=\/wp\/v2\/posts\/8252\/revisions"}],"predecessor-version":[{"id":8276,"href":"https:\/\/www.culture-numerique.fr\/index.php?rest_route=\/wp\/v2\/posts\/8252\/revisions\/8276"}],"wp:featuredmedia":[{"embeddable":true,"href":"https:\/\/www.culture-numerique.fr\/index.php?rest_route=\/wp\/v2\/media\/8260"}],"wp:attachment":[{"href":"https:\/\/www.culture-numerique.fr\/index.php?rest_route=%2Fwp%2Fv2%2Fmedia&parent=8252"}],"wp:term":[{"taxonomy":"category","embeddable":true,"href":"https:\/\/www.culture-numerique.fr\/index.php?rest_route=%2Fwp%2Fv2%2Fcategories&post=8252"},{"taxonomy":"post_tag","embeddable":true,"href":"https:\/\/www.culture-numerique.fr\/index.php?rest_route=%2Fwp%2Fv2%2Ftags&post=8252"}],"curies":[{"name":"wp","href":"https:\/\/api.w.org\/{rel}","templated":true}]}}