{"id":8226,"date":"2022-12-10T10:22:08","date_gmt":"2022-12-10T09:22:08","guid":{"rendered":"https:\/\/www.culture-numerique.fr\/?p=8226"},"modified":"2022-12-10T10:24:34","modified_gmt":"2022-12-10T09:24:34","slug":"le-retour-a-la-chignole-ou-comment-rater-encore-la-modernisation-du-service-public-de-leducation-nationale-episode-123-un-record-du-monde","status":"publish","type":"post","link":"https:\/\/www.culture-numerique.fr\/?p=8226","title":{"rendered":"Le retour \u00e0 la chignole ? Ou comment rater encore la modernisation du service public de l\u2019\u00c9ducation nationale, \u00e9pisode 123 (un record du monde)"},"content":{"rendered":"<p><a href=\"https:\/\/www.culture-numerique.fr\/?attachment_id=8232\" rel=\"attachment wp-att-8232\"><img loading=\"lazy\" decoding=\"async\" class=\"aligncenter size-full wp-image-8232\" src=\"https:\/\/www.culture-numerique.fr\/wp-content\/uploads\/2022\/12\/6c7TRofV.jpg\" alt=\"\" width=\"2560\" height=\"1409\" srcset=\"https:\/\/www.culture-numerique.fr\/wp-content\/uploads\/2022\/12\/6c7TRofV.jpg 2560w, https:\/\/www.culture-numerique.fr\/wp-content\/uploads\/2022\/12\/6c7TRofV-300x165.jpg 300w, https:\/\/www.culture-numerique.fr\/wp-content\/uploads\/2022\/12\/6c7TRofV-1024x564.jpg 1024w, https:\/\/www.culture-numerique.fr\/wp-content\/uploads\/2022\/12\/6c7TRofV-1536x845.jpg 1536w, https:\/\/www.culture-numerique.fr\/wp-content\/uploads\/2022\/12\/6c7TRofV-2048x1127.jpg 2048w, https:\/\/www.culture-numerique.fr\/wp-content\/uploads\/2022\/12\/6c7TRofV-100x55.jpg 100w, https:\/\/www.culture-numerique.fr\/wp-content\/uploads\/2022\/12\/6c7TRofV-150x83.jpg 150w, https:\/\/www.culture-numerique.fr\/wp-content\/uploads\/2022\/12\/6c7TRofV-200x110.jpg 200w, https:\/\/www.culture-numerique.fr\/wp-content\/uploads\/2022\/12\/6c7TRofV-450x248.jpg 450w, https:\/\/www.culture-numerique.fr\/wp-content\/uploads\/2022\/12\/6c7TRofV-600x330.jpg 600w, https:\/\/www.culture-numerique.fr\/wp-content\/uploads\/2022\/12\/6c7TRofV-900x495.jpg 900w\" sizes=\"auto, (max-width: 2560px) 100vw, 2560px\" \/><\/a><\/p>\n<p><strong>Ce billet est un billet \u00ab invit\u00e9 \u00bb<\/strong>. Jean-Louis Schaff me fait \u00e0 nouveau l\u2019honneur d\u2019une petite visite ici-m\u00eame. J&rsquo;esp\u00e8re que vous prendrez autant de plaisir que moi \u00e0 le lire.<\/p>\n<hr \/>\n<p>Je vous \u00e9cris de ma campagne. Loin de l\u2019agitation parisienne.<\/p>\n<p>Je suis devenu un vieux bonhomme. Je vous \u00e9cris apr\u00e8s 30 ans d\u2019un parcours professionnel principalement consacr\u00e9 \u00e0 essayer de trouver une juste place \u00e0 l\u2019utilisation des outils et services informatiques dans les pratiques des enseignants et des \u00e9l\u00e8ves, \u00e9tudiants ou stagiaires de la formation professionnelle.<\/p>\n<p>En 3 d\u00e9cennies, j\u2019ai travaill\u00e9 pour des institutions tr\u00e8s diff\u00e9rentes en France et \u00e0 l\u2019\u00e9tranger. Des universit\u00e9s, le r\u00e9seau des MFR, des \u00e9coles, des coll\u00e8ges, des lyc\u00e9es, un rectorat en tant que d\u00e9l\u00e9gu\u00e9 acad\u00e9mique au num\u00e9rique, des CFA, des organismes de formation professionnelle. J\u2019ai beaucoup appris de cette diversit\u00e9.<\/p>\n<p>Mes interventions d\u2019artisan ont toujours \u00e9t\u00e9 structur\u00e9es par quelques id\u00e9es simples : \u00e9viter la posture du \u00ab sachant \u00bb, partir des besoins, faire confiance \u00e0 l\u2019intelligence collective, impliquer les acteurs dans le diagnostic, dans l\u2019\u00e9laboration et la mise en \u0153uvre des solutions, surtout faire que les outils et services informatiques donnent du pouvoir d\u2019agir.<\/p>\n<p>Au tout d\u00e9but des ann\u00e9es 2000, avec quelques pionniers nous avons \u00e9labor\u00e9 les premiers ENT dans le sup\u00e9rieur : projet \u00ab Bureau nomade \u00e9tudiant \u00bb, avec les Universit\u00e9s de Poitiers, Paris 5, Strasbourg, Grenoble.<\/p>\n<p>Puis vint le SDET !<\/p>\n<p>Avec quelques pionniers courageux de 7 acad\u00e9mies, nous avons tent\u00e9 d\u2019en corriger la vue \u00ab centr\u00e9e \u00e9tablissement \u00bb, pour la r\u00e9orienter autour des besoins des m\u00e9tiers, d\u2019y int\u00e9grer les diff\u00e9rentes parties prenantes (chefs, inspecteurs). Le minist\u00e8re y mit fin assez rapidement.<\/p>\n<p>Depuis, dans les marges, je regarde l\u2019administration de l\u2019\u00c9ducation nationale s\u2019ent\u00eater, empiler les actions et les syst\u00e8mes sans jamais en corriger un seul, transf\u00e9rer la responsabilit\u00e9 aux collectivit\u00e9s locales tout en refusant de leur laisser la prendre, d\u00e9cider unilat\u00e9ralement, souvent sans aucune concertation ni avec les repr\u00e9sentants des \u00e9l\u00e8ves ou des parents ni avec les repr\u00e9sentants des enseignants sur des sujets qui vont avoir des cons\u00e9quences sur la vie de centaines de milliers de professionnels, de millions d\u2019\u00e9l\u00e8ves.<\/p>\n<p>Je pensais avoir tout vu, mais non.<\/p>\n<p>Ces derniers jours (nous sommes en d\u00e9cembre 2022) plusieurs journaux ont repris sans toujours ni en analyser les motifs, ni en entrevoir ses cons\u00e9quences, la r\u00e9ponse faite par le minist\u00e8re au d\u00e9put\u00e9 Philippe Latombe, d\u00e9put\u00e9 Modem de la Vend\u00e9e.<\/p>\n<p>Le minist\u00e8re <strong>interdirait<\/strong> donc d\u00e9sormais l&rsquo;utilisation d\u2019Office 365 et de Google Workspace par les \u00e9l\u00e8ves et leurs enseignants.<\/p>\n<p>Cette information est reprise et salu\u00e9e par diff\u00e9rents acteurs impliqu\u00e9s dans la promotion de l\u2019usage du logiciel libre ou encore dans le protectionnisme des entreprises fran\u00e7aises ou encore la souverainet\u00e9 des services num\u00e9riques. Les enseignants et les \u00e9l\u00e8ves sont donc sauv\u00e9s d\u2019un p\u00e9ril immense : leurs donn\u00e9es auraient peut-\u00eatre pu \u00eatre mal utilis\u00e9es par les deux \u00e9diteurs de ces \u00ab\u00a0solutions \u00bb sans qu\u2019il ne soit expliqu\u00e9 pr\u00e9cis\u00e9ment la nature ni la fr\u00e9quence du risque encouru. Peut-\u00eatre.<\/p>\n<p>Ce qui est s\u00fbr par contre, c\u2019est que cette annonce va avoir des cons\u00e9quences durables, r\u00e9elles, sensibles sur la vie de millions d\u2019\u00e9l\u00e8ves, de centaines de milliers de professionnels.<\/p>\n<p>Tout un tas de questions me viennent. Elles ne sont pas toutes dans l\u2019ordre. Je pr\u00e9f\u00e8re pr\u00e9venir, le sujet est complexe, ce texte va \u00eatre un peu long.<\/p>\n<h3>Quels sont les enjeux ?<\/h3>\n<p>L\u2019enjeu premier est certainement d\u2019avoir <strong>la meilleure \u00e9cole du monde<\/strong>. Les temps qui viennent vont nous obliger collectivement \u00e0 trouver des solutions pour r\u00e9parer ce qui peut l\u2019\u00eatre et pr\u00e9server ce qui peut l\u2019\u00eatre encore. Nous aurons besoin de citoyens \u00e9clair\u00e9s, de professionnels agiles, cr\u00e9atifs, coop\u00e9ratifs.<br \/>\n\u00c0 un conseiller d\u2019une ministre de l\u2019\u00c9ducation nationale qui me disait \u00ab <em>Si \u00e7a ne tenait qu\u2019\u00e0 moi je mettrais du Google Workspace partout, mais je ne trouve pas les arguments pour convaincre les d\u00e9cideurs<\/em> \u00bb, j\u2019avais alors propos\u00e9 cet argument \u00ab <em>Si l\u2019on veut la meilleure \u00e9cole ne devrait-on pas, en confiance, mettre \u00e0 disposition des \u00e9l\u00e8ves et des enseignants les meilleurs pratiques p\u00e9dagogiques, les applications les plus puissantes et les terminaux les plus faciles \u00e0 prendre en main et \u00e0 maintenir\u00a0? Quel prix paierons-nous \u00e0 faire l\u2019inverse\u00a0?<\/em> \u00bb.<\/p>\n<p>Combien d\u2019artisans utilisent encore des chignoles \u00e0 main\u00a0? Pourquoi pr\u00e9f\u00e8rent-ils des machines portables, sans fil, pratiques et puissantes\u00a0? Les enseignants sont-ils condamn\u00e9s \u00e0 travailler avec une chignole num\u00e9rique\u00a0?<\/p>\n<p>Pour un autre conseiller de ministre, lui aussi en difficult\u00e9 pour convaincre de doter le minist\u00e8re d\u2019applications puissantes et efficaces, j\u2019ai tent\u00e9 un calcul. Si chaque fonctionnaire perd 30 minutes par jour \u00e0 se battre avec des applications inadapt\u00e9es ou ne pas pouvoir s&rsquo;appuyer du tout sur une application qui lui permettrait de faire efficacement son travail et gagner 30 minutes d\u2019efficacit\u00e9 suppl\u00e9mentaire c\u2019est environ 70 000 \u00e9quivalents temps plein que le minist\u00e8re perd chaque jour.<\/p>\n<p>Le second est de <strong>r\u00e9ussir la transition vers les infrastructures et les services du \u00ab\u00a0cloud \u00bb public et d\u2019en tirer partie.<\/strong><\/p>\n<p>L\u2019informatique mondiale, depuis les d\u00e9buts d\u2019internet, a commenc\u00e9 un nouveau cycle. Au terme de cette transition toutes les applications seront dans le nuage. L\u2019ordinateur sera devenu un simple terminal comme le fut le Minitel en son temps. Seul un navigateur sera install\u00e9 sur la machine. Le Chromebook qui tourne sur Chrome OS en est le premier repr\u00e9sentant. Comme toutes les organisations, les \u00e9coles, coll\u00e8ges, lyc\u00e9es et universit\u00e9s s\u2019adapteront \u00e0 cette transition.<br \/>\nPour une id\u00e9e de ce que le cloud va changer en \u00e9ducation, <a href=\"https:\/\/docs.google.com\/document\/d\/1dihJxt-lhSkq8ty1iMvRY3ehjRU7HjD1wwpzTc6mDN0\/edit\">un court texte<\/a> de Philippe Kalousdian, associ\u00e9 du cabinet <a href=\"https:\/\/islean-consulting.fr\/fr\/accueil\/\">Islean<\/a> qui accompagne la transformation num\u00e9rique des organisations.<\/p>\n<p>Ce qui n\u2019est pas mis au d\u00e9bat sont :<\/p>\n<ul>\n<li>le fait que la bureautique et les applications de communication sortent de la machine change radicalement la donne ;<\/li>\n<li>l\u2019int\u00e9r\u00eat qu\u2019il y a \u00e0 ce que tous (\u00e9l\u00e8ves, \u00e9quipes administratives, enseignants) puissent disposer du m\u00eame ensemble d\u2019applications et de services en conservant une ergonomie coh\u00e9rente et sans devoir tenir compte de l\u2019\u00e9quipement utilis\u00e9 (le t\u00e9l\u00e9phone, l\u2019ordinateur, la tablette ou le Chromebook) ;<\/li>\n<li>ce que cela permet de faire et que les ressources informatiques d\u2019avant 2005 ne permettaient pas ;<\/li>\n<li>ce que la communaut\u00e9 \u00e9ducative y gagne en capacit\u00e9 \u00e0 mobiliser son intelligence collective, en agilit\u00e9, en r\u00e9silience, en s\u00e9curit\u00e9, en r\u00e9assurance (ne plus perdre des affaires, y acc\u00e9der de partout, etc.) ;<\/li>\n<li>ce que ces environnements par nature tra\u00e7ants vont permettre de faire : pr\u00e9vention des conduites \u00e0 risques, adaptation fine des apprentissages (IA), assistance des enseignants \u00e0 l\u2019individualisation et au mentorat des \u00e9l\u00e8ves, accompagnement du travail \u00e0 la maison\u2026<\/li>\n<\/ul>\n<p>Le troisi\u00e8me enjeu serait de doter les personnels et les \u00e9l\u00e8ves d\u2019applications qui leur permettent de fonctionner en mobilit\u00e9 et de se mettre en s\u00e9curit\u00e9 au cas o\u00f9 il faudrait demain se prot\u00e9ger d\u2019une nouvelle menace sanitaire. Il faudrait avoir ici le temps de d\u00e9velopper l\u2019id\u00e9e d\u2019augmentation : de l\u2019\u00e9tablissement, des personnes. En d\u00e9ployant l\u2019une de ces deux suites, on ne met pas seulement en place des \u00ab outils \u00bb, on prot\u00e8ge, on \u00e9tend, on donne du pouvoir d\u2019agir et on augmente consid\u00e9rablement le niveau de s\u00e9curit\u00e9 et de coh\u00e9rence ergonomique des services propos\u00e9s.<\/p>\n<h3>Les \u00e9l\u00e8ves et les profs sont-ils des citoyens de l\u2019Union europ\u00e9enne extraordinaires ?<\/h3>\n<p>Les \u00e9coles, coll\u00e8ges et lyc\u00e9es \u00e9tant des organisations soumises au droit commun, ici le RGPD : comment l&rsquo;utilisation de ces deux solutions est-elle possible partout en Europe o\u00f9 ces m\u00eames textes sont appliqu\u00e9s ? Comment croire un instant que CAP Gemini, Accenture, Veolia, D\u00e9cathlon, le r\u00e9seau des \u00e9tablissements scolaires \u00e0 l\u2019\u00e9tranger, le conseil d\u00e9partemental du Var ou m\u00eame Airbus n\u2019aient pas \u00e9t\u00e9 sanctionn\u00e9s par la CNIL au pr\u00e9texte d\u2019exporter avec Google Workspace des donn\u00e9es hors UE, si cette exportation ne se faisait pas dans un cadre l\u00e9gal ? Comment imaginer un instant que le r\u00e9seau Canop\u00e9 utilisateur d\u2019Office 365 depuis 2018 ne soit pas sanctionn\u00e9 comme d\u2019encore plus nombreuses collectivit\u00e9s ou entreprises\u00a0?<\/p>\n<p>Si le minist\u00e8re devait se soucier des donn\u00e9es des \u00e9l\u00e8ves, il y a longtemps qu\u2019il aurait d\u00fb les prot\u00e9ger. Elles sont pour l\u2019essentiel chez Pronotes, un \u00e9diteur de logiciels priv\u00e9 qui a fait il y a longtemps ce que le minist\u00e8re a \u00e9t\u00e9 incapable de faire\u2026<\/p>\n<p>Rappelons qu\u2019en France les donn\u00e9es des \u00e9l\u00e8ves n\u2019ont pas de statut particulier. Elles ne sont pas \u00ab sensibles \u00bb au sens du RGPD. Ce qui n\u2019est <a href=\"https:\/\/studentprivacy.ed.gov\/\">pas le cas aux \u00c9tats-Unis<\/a> par exemple. Il est d\u2019ailleurs assez \u00e9tonnant de faire un proc\u00e8s \u00e0 deux \u00e9diteurs qui respectent sur leur march\u00e9 interne une l\u00e9gislation autrement plus contraignante que la n\u00f4tre d\u00e8s qu\u2019il s\u2019agit de donn\u00e9es scolaires (voir la loi <a href=\"https:\/\/www2.ed.gov\/policy\/gen\/guid\/fpco\/ferpa\/index.html\">FERPA<\/a> qui remonte \u00e0 1974 aux USA)\u2026<\/p>\n<h3>Les GAFAM sont-ils (que) m\u00e9chants ?<\/h3>\n<p>Ils existent, leur pouvoir est r\u00e9el et ils offrent des applications puissantes dont se servent des dizaines, voire centaines de milliers d\u2019organisations dans le monde incluant de nombreux minist\u00e8res de l\u2019\u00e9ducation et des \u00e9tablissements y compris en Europe.. Ils n\u2019\u00e9ditent pas que les suites bureautiques incrimin\u00e9es, ils proposent diff\u00e9rents services d\u2019infrastructure, de d\u00e9veloppement (dont le machine learning et les \u00ab\u00a0solutions \u00bb d\u2019intelligence artificielle), et d\u2019h\u00e9bergement.<\/p>\n<p>Ne peut-on pas mettre cette puissance au service du pouvoir d\u2019agir des enseignants, des \u00e9l\u00e8ves, des \u00e9quipes administratives et de direction\u00a0? Les utiliser permet de comprendre ce qui se joue dans cette nouvelle phase de l\u2019informatique mondiale. Les utiliser n\u2019interdit pas d\u2019\u00eatre critique \u00e0 leur \u00e9gard. Je m\u2019\u00e9claire \u00e0 l\u2019\u00e9lectricit\u00e9 dont l&rsquo;essentiel est produite par le nucl\u00e9aire m\u00eame si je pr\u00e9f\u00e9rerais n\u2019utiliser que de l\u2019\u00e9lectricit\u00e9 issue d\u2019\u00e9nergie renouvelable.<\/p>\n<p>Le service public de l\u2019EN est-il condamn\u00e9 \u00e0 faire travailler ses agents et ses usagers avec des applications moins puissantes, moins ergonomiques, qui leur font perdre du temps, n\u2019aident pas \u00e0 mobiliser l\u2019intelligence collective ? Ou souhaite-t-il pousser les utilisateurs \u00e0 continuer de les utiliser sous les radars comme aujourd\u2019hui ?<\/p>\n<p>Si l\u2019Europe a fait na\u00eetre des licornes, elle n\u2019a pas r\u00e9ussi \u00e0 cr\u00e9er un de ces g\u00e9ants du num\u00e9rique. Si elle le d\u00e9cidait, comme elle l\u2019a fait pour Airbus, il lui faudrait des ann\u00e9es et des milliards. Pour le moment, rien n\u2019est engag\u00e9 qui soit \u00e0 la hauteur de la t\u00e2che. Nous n\u2019avons pas de plan B. Et il sera toujours temps d\u2019abandonner les suites applicatives am\u00e9ricaines le jour o\u00f9 existera une alternative europ\u00e9enne r\u00e9ellement \u00e9quivalente.<\/p>\n<p>\u00c0 titre personnel, je ne peux que remercier Google (et Wikipedia et Twitter) qui, depuis plus de 20 ans, m\u2019aident chaque jour \u00e0 me d\u00e9placer, apprendre, entrer en relation, co-\u00e9crire. Aucune autre entreprise, aucune autre institution n\u2019a fait autant pour m\u2019aider \u00e0 grandir.<\/p>\n<h3>Quels ont \u00e9t\u00e9 les travaux pr\u00e9alables \u00e0 cette d\u00e9cision\u00a0?<\/h3>\n<p>On a plusieurs choses contradictoires.<\/p>\n<p>En 2019, le MEN avait r\u00e9alis\u00e9 une \u00e9tude participative (si, si) avec l\u2019intention de choisir la suite collaborative qui remplacerait la messagerie acad\u00e9mique tout en \u00e9largissant son p\u00e9rim\u00e8tre fonctionnel. L\u2019\u00e9tude avait conclu \u00e0 l\u2019int\u00e9r\u00eat de d\u00e9ployer Google Workspace aupr\u00e8s des 1,2 millions de fonctionnaires. Ce projet s\u2019appelait ETNA pour \u00ab environnement de travail num\u00e9rique des agents \u00bb.<\/p>\n<p>Ce r\u00e9sultat n\u2019ayant pas \u00e9t\u00e9 conforme aux attentes des commanditaires, l&rsquo;\u00e9tude a \u00e9t\u00e9 temporis\u00e9e avant d\u2019\u00eatre enterr\u00e9e.<\/p>\n<p>1 an avant le confinement. C\u2019est dommage.<\/p>\n<p>\u00c0 l\u2019\u00e9t\u00e9 2021, une note interne a demand\u00e9 l\u2019autorisation au cabinet de d\u00e9ployer Office 365 sur la m\u00eame cible. La note de la DINUM de septembre 2021 a marqu\u00e9 un coup d\u2019arr\u00eat \u00e0 ce second projet bien que sa r\u00e9elle port\u00e9e juridique soit faible. C\u2019\u00e9tait quelques jours avant l\u2019entr\u00e9e en bourse d\u2019OVH.<\/p>\n<p>Le minist\u00e8re est donc dans une forme d\u2019impasse pour ce 1,2 million de fonctionnaires et va tenter de bricoler ce qui sera pr\u00e9sent\u00e9 comme \u00e9quivalent en assemblant des briques de logiciel libre sans aucun souci d\u2019ergonomie ou d\u2019affordance. L&rsquo;histoire jugera. Il serait int\u00e9ressant de savoir o\u00f9 en sont les autres minist\u00e8res. Celui de l\u2019EN aurait l&rsquo;air malin si d\u2019autres minist\u00e8res d\u00e9ployaient l\u2019une ou l\u2019autre des \u00ab\u00a0solutions\u00a0\u00bb (que fait Bercy ? Que fait le minist\u00e8re de la sant\u00e9\u00a0?).<\/p>\n<p>S&rsquo;agissant de la r\u00e9ponse au d\u00e9put\u00e9 Latombe :<\/p>\n<ul>\n<li>Le minist\u00e8re a-t-il mesur\u00e9 les cons\u00e9quences sur son propre fonctionnement, celui de ses services d\u00e9concentr\u00e9s, sur le management des EPLE, sur la s\u00e9curit\u00e9 et la qualit\u00e9 des apprentissages ? Pr\u00e9server l\u2019int\u00e9r\u00eat de certains au d\u00e9triment du tr\u00e8s grand nombre est une \u00e9norme responsabilit\u00e9. A-t-il r\u00e9alis\u00e9 une analyse co\u00fbts-avantages ? A t-il vu les cons\u00e9quences pour les collectivit\u00e9s qui d\u00e9ploient des projets utilisant \u00e9videmment les syst\u00e8mes d\u2019exploitation de Microsoft et de Google (\u00cele-de-France, Grand-Est, etc.) ou simplement celles qui voudraient \u00e9quiper leurs \u00e9tablissements de terminaux faciles \u00e0 administrer et probablement plus faciles \u00e0 prendre en main, donc \u00e0 \u00eatre plus utilis\u00e9s (ce qui rassurera les \u00e9lus).<\/li>\n<li>Puisque l\u2019inqui\u00e9tude semble porter sur un usage illicite des donn\u00e9es personnelles, s\u2019est-on demand\u00e9 pourquoi ces deux op\u00e9rateurs prendraient le risque de perdre la confiance des institutions scolaires au niveau mondial mais aussi de perdre la confiance des petites, moyennes et grandes entreprises ? A-t-on mis en perspective ce risque avec tous les autres et notamment avec les cons\u00e9quences de continuer \u00e0 sous-outiller les personnels et les \u00e9l\u00e8ves ou ceux relatifs \u00e0 la s\u00e9curit\u00e9 et \u00e0 la scalabilit\u00e9 tels qu\u2019ils ont \u00e9t\u00e9 rencontr\u00e9s au plus difficile de la crise li\u00e9e \u00e0 la COVID\u00a0?<\/li>\n<li>Le minist\u00e8re est-il all\u00e9 observer l\u00e0 o\u00f9 l\u2019une de ces deux suites applicatives sont en place ? En France ou \u00e0 l\u2019\u00e9tranger ? A-t-il fait monter en comp\u00e9tence des \u00e9quipes pour r\u00e9ellement comparer les services existants \u00e0 date et avec ce qui est promis depuis maintenant 2 ans pour <a href=\"https:\/\/apps.education.fr\/\">apps.education.fr<\/a> ?<\/li>\n<\/ul>\n<h3>Le minist\u00e8re est-il exemplaire ?<\/h3>\n<p>Windows 10 \u00e9quipe tous les ordinateurs de tous les lyc\u00e9ens, Android ou iOS qui \u00e9quipent les tablettes ont le m\u00eame probl\u00e8me que celui qui justifie le bannissement d\u2019Office 365 et Workspace. Et pendant que le Minist\u00e8re interdit ces deux suites logicielles, tout le Minist\u00e8re utilise Outlook, tous les t\u00e9l\u00e9phones des agents (y compris dans les rectorats, DSDEN) utilisent Android ou parfois iOS le plus souvent sans MDM (avec des comptes Gmail souvent cr\u00e9\u00e9s \u00e0 leur insu\u00a0!) et Office 365 est largement utilis\u00e9 au quotidien. Il est d\u00e9ploy\u00e9 au rectorat de Limoges depuis des ann\u00e9es (et avec succ\u00e8s). Quant \u00e0 Google Workspace il reste utilis\u00e9 dans bien des acad\u00e9mies que ce soit dans les \u00e9tablissements ou m\u00eame dans certains services de rectorats (on a les noms !).<\/p>\n<p>Si on rep\u00e8re une difficult\u00e9 r\u00e9elle ou supput\u00e9e, on en analyse le risque en termes de cons\u00e9quence, de gravit\u00e9 et de fr\u00e9quence avec les parties prenantes, et si on d\u00e9cide, alors on d\u00e9cide d\u2019appliquer la m\u00eame logique pour tous les services concern\u00e9s. Pas que pour les applications de bureautique en ligne, pas que pour prot\u00e9ger les int\u00e9r\u00eats de quelques uns (les dirigeants de quelques \u00e9diteurs d\u2019ENT et leurs dizaines de salari\u00e9s) et ou encore pour faire plaisir \u00e0 des groupes de pression vraiment minoritaires (les militants du libre en \u00e9ducation par exemple).<\/p>\n<p>Si l\u2019intention de l\u2019Institution est de prot\u00e9ger les \u00e9l\u00e8ves et les enseignants d\u2019une utilisation illicite de leurs donn\u00e9es personnelles, ne devrait-il pas enfin s\u2019attaquer \u00e0 la mise en place effective du RGPD dans les \u00e9tablissements dans les rectorats et m\u00eame au minist\u00e8re ? Il suffit d\u2019extraire la liste des DPD d\u00e9sign\u00e9s dans les formes sur le site de la CNIL pour s\u2019apercevoir que moins de 60 % des \u00e9tablissements ont d\u00e9sign\u00e9 un DPD. Et encore, souvent, ils ont d\u00e9sign\u00e9 le DPD acad\u00e9mique et bizarrement tous le m\u00eame jour ce qui laisse penser que les responsables de traitement n\u2019ont pas fait eux m\u00eame cette d\u00e9signation. Combien ont engag\u00e9 une d\u00e9marche r\u00e9elle et sinc\u00e8re ? Combien ont un registre en place pr\u00e9sentable au public comme la loi l\u2019exige pour les \u00e9tablissements secondaires ? Combien le tiennent-ils \u00e0 jour\u00a0?<\/p>\n<h3>A qui profite le crime ?<\/h3>\n<p>Pas aux \u00e9l\u00e8ves, aux enseignants, ni aux chefs d\u2019\u00e9tablissement. \u00c0 la sortie du confinement, diff\u00e9rents acteurs n\u2019avaient pas m\u00e9nag\u00e9 leurs efforts pour masquer la fragilit\u00e9 des applications institutionnelles mises au service des communaut\u00e9s \u00e9ducatives (cf. les Etats g\u00e9n\u00e9raux du num\u00e9rique tenus du 3 au 5 novembre 2020 \u00e0 Poitiers). Mais personne n\u2019a \u00e9t\u00e9 dupe. Les \u00e9quipes ont tenu bien plus ais\u00e9ment l\u00e0 o\u00f9 elles ont utilis\u00e9 des services adapt\u00e9s et robustes. \u00c0 \u00e9couter ou \u00e0 lire ce qui s\u2019y est produit, nulle mention de Discord ou d\u2019une des deux suites bureautiques am\u00e9ricaines. Pour la petite histoire, on se souviendra que lorsque la rectrice de Poitiers est all\u00e9e rendre visite aux 5 \u00e9tablissements de son acad\u00e9mie o\u00f9 (d\u2019apr\u00e8s ses services), les \u00e9quipes avaient le mieux assur\u00e9 la continuit\u00e9 p\u00e9dagogique, quelle ne fut pas sa surprise de constater que les 5 avaient mis en s\u00e9curit\u00e9 leur communaut\u00e9 gr\u00e2ce aux services pr\u00e9sents dans Workspace de Google.<\/p>\n<p>D\u00e9j\u00e0 le crime profite aux partisans du statu quo :<\/p>\n<ul>\n<li>Au minist\u00e8re \u00e0 ceux qui ont fait et qui font carri\u00e8re, et les soci\u00e9t\u00e9s de service qui les \u00e9ditent, dans la promotion des ENT (environnements num\u00e9riques de travail) et maintenant du GAR qui le prolonge d\u2019une certaine fa\u00e7on. Ces gens ne sont pas idiots : certains utilisent m\u00eame Workspace ou Office 365 en interne. Ils savent que l\u2019offre des ENT est p\u00e9rim\u00e9e et que l\u2019arriv\u00e9e des deux suites bureautiques dans le nuage entra\u00eenera t\u00f4t ou tard une refonte compl\u00e8te du mod\u00e8le. Ils ont donc int\u00e9r\u00eat \u00e0 ce qu\u2019elles ne soient pas d\u00e9ploy\u00e9es tout du moins pas trop vite et pas tout de suite. Ils ont pi\u00e9g\u00e9 les collectivit\u00e9s dans une fuite en avant dont aucune n\u2019arrive \u00e0 se sortir, sauf peut-\u00eatre les plus grandes (IDF, Nord-Pas-de-Calais, PACA, Grand-Est). On notera le r\u00f4le particuli\u00e8rement efficace des DPD acad\u00e9miques qui ont r\u00e9ussi, en instruisant un proc\u00e8s en non conformit\u00e9 au RGPD applicable en France, \u00e0 bloquer les projets Workspace\/Office365 soit de leurs \u00e9quipes internes (rectorat d\u2019Aix), ou de collectivit\u00e9s (CD83). Dans ce dernier cas, alors m\u00eame que Workspace \u00e9tait d\u00e9ploy\u00e9 par la collectivit\u00e9 au b\u00e9n\u00e9fice de ses agents (en toute conformit\u00e9 !).<\/li>\n<li>Aux partisans du logiciel libre, repr\u00e9sentants une tr\u00e8s infime minorit\u00e9 de personnels et de responsables l\u00e9gaux des \u00e9l\u00e8ves qui auraient pu se contenter d\u2019une approche en compl\u00e9mentarit\u00e9 parce qu\u2019il y a de la place pour tous, si nous voulons un jour disposer d\u2019applications efficaces, de ressources ouvertes, de traitements des donn\u00e9es puissants.<\/li>\n<li>Aux Edtech qui trouvent ici un argument efficace pour acc\u00e9der aux financements publics en oubliant de pr\u00e9ciser que la majorit\u00e9 d\u2019entre-elles utilisent les services d\u2019Amazon, Google, Microsoft pour h\u00e9berger leurs applications dans des conditions de s\u00e9curit\u00e9 optimale ou pour utiliser les services bureautiques mais aussi les moteurs d\u2019IA de ces grands op\u00e9rateurs.<\/li>\n<\/ul>\n<h3>Que penser des arguments de la r\u00e9ponse au d\u00e9put\u00e9 Latombe ? Sont-ils solides\u00a0?<\/h3>\n<p>D&rsquo;abord, il faut rappeler qu\u2019une r\u00e9ponse \u00e0 une question parlementaire n\u2019a aucune valeur juridique. C\u2019est une r\u00e9ponse politique \u00e0 une question politique. Elle n\u2019engage pas le minist\u00e8re. Ce n\u2019est pas un document \u00e0 valeur r\u00e9glementaire.<\/p>\n<p>Le concept de souverainet\u00e9 n\u2019a pas de base l\u00e9gale non plus. S\u2019il en avait une, comme toutes les mesures protectionnistes, elle viendrait en contradiction avec toute une s\u00e9rie de trait\u00e9s internationaux. Tout pourrait changer si la repr\u00e9sentation nationale votait des lois protectionnistes interdisant tel ou tel service pour telle ou telle raison ou encore si la plus haute autorit\u00e9 validait une jurisprudence qui confirmerait le bien fond\u00e9 d\u2019une telle interdiction ou m\u00eame d\u2019une sanction par la CNIL. Pour le moment rien de tout \u00e7a. Dans la r\u00e9ponse \u00e0 la question parlementaire, le conditionnel est prudemment utilis\u00e9 quand il est ecrit que la suite bureautique de Microsoft et celle de Google seraient non conformes au RGPD. Soit ces services sont non conformes et il faut \u00e9crire pourquoi, soit l\u2019analyse n\u2019a pas permis de d\u00e9finir leur conformit\u00e9 (4 ans et demi apr\u00e8s l\u2019entr\u00e9e en vigueur du RGPD en Europe) et il faut l\u2019indiquer ou encore confirmer que les services sont conformes comme c\u2019est le cas dans tout le reste de l\u2019Europe et de la Suisse. L\u2019emploi de ce conditionnel pose un r\u00e9el probl\u00e8me car aucune d\u00e9cision \u00e0 port\u00e9e juridique ne peut s\u2019appuyer sur des suppositions de cette nature.<\/p>\n<h3>Qui va en payer les cons\u00e9quences ?<\/h3>\n<p>Le contribuable probablement car il va assurer le financement des tentatives de mise en place de d\u2019applications bureautiques alternatives. Quaero, Numergy, CloudWatt, Qwant, GaiaX, et autres projets du m\u00eame genre ont suivi le m\u00eame chemin.<\/p>\n<p>Les enseignants et les \u00e9l\u00e8ves qui paieront le prix de leur qualit\u00e9 de vie, du stress, de leur manque d\u2019efficacit\u00e9 et qui devront patienter avant de disposer comme dans les autres pays europ\u00e9ens de services et d\u2019outils performants pour enseigner et pour apprendre.<\/p>\n<p>Le minist\u00e8re qui va probablement continuer de passer \u00e0 c\u00f4t\u00e9 des besoins de ses personnels et des \u00e9l\u00e8ves dont il a la charge. L\u2019offre <a href=\"https:\/\/apps.education.fr\/\">apps.education.fr<\/a>, l\u2019ajout d\u2019un Moodle national ou encore le soutien \u00e0 une nouvelle offre de Pronotes n\u2019\u00e9tant que des projets ajoutant de l\u2019incoh\u00e9rence (par manque d\u2019articulation avec les ENT existants).<\/p>\n<p>Les collectivit\u00e9s qui vont continuer de financer des ENT d\u00e9pass\u00e9s en continuant d\u2019oublier qu\u2019ils n\u2019ont pas \u00e9t\u00e9 construits pour faire l\u2019\u00e9cole, mais pour la compl\u00e9ter (on s\u2019en est aper\u00e7us pendant le confinement) et que la vision inscrite dans le SDET en 2004 n\u2019est plus \u00e0 jour. alors m\u00eame que les fonctionnalit\u00e9s attendues n\u2019ont pas \u00e9volu\u00e9 depuis pr\u00e8s de 18 ans.<\/p>\n<p>Les collectivit\u00e9s qui vont passer \u00e0 c\u00f4t\u00e9 de l\u2019opportunit\u00e9 de repenser totalement un \u00ab nouveau SDET \u00bb qui prendrait en compte l\u2019arriv\u00e9e de la bureautique dans le nuage. M\u00eame si certaines ont d\u00e9j\u00e0 vu cet espace.<\/p>\n<p>Les collectivit\u00e9s toujours qui se voient priv\u00e9s de la possibilit\u00e9 de d\u00e9ployer les nouveaux terminaux l\u00e9gers (s<span style=\"font-weight: 400;\">avent-elles pourquoi ces nouveaux terminaux repr\u00e9sentent aujourd\u2019hui 1 ordinateur sur 2 achet\u00e9s dans la plupart des pays de l\u2019OCDE ?) <\/span>dont le Chromebook est le premier repr\u00e9sentant mature, qui arrivent sur le march\u00e9 \u00e9ducatif et qui les aideraient \u00e0 mieux s\u00e9curiser, maintenir, valoriser le parc mat\u00e9riel et applicatif qu\u2019elles mettent \u00e0 disposition des \u00e9tablissements en optimisant les co\u00fbts et la ressource humaine n\u00e9cessaire et en disposant d\u2019indicateurs riches sur les usages effectifs.<\/p>\n<h3>Que fait-on maintenant ?<\/h3>\n<p>N\u2019y aurait-il pas :<\/p>\n<ul>\n<li>des services g\u00e9n\u00e9riques sur \u00e9tag\u00e8re, souvent h\u00e9rit\u00e9s des services grands publics tr\u00e8s pr\u00e9sents sur les smartphones, h\u00e9berg\u00e9s de mani\u00e8re industrielle, tr\u00e8s s\u00e9curis\u00e9s et peu co\u00fbteux tout en \u00e9tant conforme avec la r\u00e9glementation en vigueur pour la protection des donn\u00e9es en particulier parce que leur mod\u00e8le \u00e9conomique ne repose pas sur l\u2019analyse des comportements \u00e0 des fins publicitaires et que leurs contrats et leurs certifications apportent des garanties solides sur ces points ;<\/li>\n<li>des services m\u00e9tiers : pour piloter un EPLE (EDT et vie scolaire), pour enseigner et apprendre, \u00e9dit\u00e9s souvent par des entreprises (ENT, Index \u00c9ducation, Livre scolaire, etc.) puis achet\u00e9s, \u00e0 installer localement ou en tant que service sur le web, soit directement par les \u00e9tablissements sur leur budget, soit par les collectivit\u00e9s ;<\/li>\n<li>des services m\u00e9tiers dont l\u2019Etat (administration centrale et acad\u00e9mique) a besoin et qu\u2019il doit concevoir lui-m\u00eame ou financer directement la conception : ensemble des applications de gestion du minist\u00e8re et des acad\u00e9mies (li\u00e9es aux affectations, aux examens, aux mutations, etc.)<\/li>\n<li>des besoins de connecter tout \u00e7a, soit pour f\u00e9d\u00e9rer de l\u2019identit\u00e9, soit pour \u00e9changer des donn\u00e9es entre services, sous une forme ou une autre (par APIsation ou formats d\u2019\u00e9changes publi\u00e9s) avec une r\u00e9elle urbanisation et une plateformisation supervis\u00e9e par l\u2019\u00c9tat selon les normes et contrats qu\u2019il imposera. Nul besoin de tout d\u00e9velopper en interne pour r\u00e9urbaniser un syst\u00e8me d\u2019information.<\/li>\n<\/ul>\n<p>Dit autrement, d\u00e9pense-t-on de l\u2019argent du contribuable pour financer le salaire de fonctionnaires pour essayer de refaire ce que des dizaines de milliers d\u2019ing\u00e9nieurs de Microsoft, Google, Amazon, Apple et autres BATX feront toujours mieux pour moins cher ? Ou pour acheter des briques de services \u00ab \u00e9quivalentes \u00bb \u00e0 des \u00e9diteurs priv\u00e9s (ENT).<\/p>\n<p>N\u2019\u00e9taient-ce pas les conclusions auxquelles \u00e9tait arriv\u00e9e la DNE avec le projet ETNA en 2019\u00a0?<\/p>\n<p>Une analyse plus fine permettrait de cibler les moyens de d\u00e9veloppement des \u00e9quipes de d\u00e9veloppement de l\u2019\u00c9tat et des communaut\u00e9s du libre sur les services o\u00f9 l\u2019\u00e9dition priv\u00e9e n\u2019ira pas. Souvent parce que ce n\u2019est pas rentable ou encore parce que les d\u00e9veloppements sont trop li\u00e9s \u00e0 des m\u00e9tiers et peu r\u00e9utilisables dans d\u2019autres contextes. Ce n\u2019est pas le cas des services bureautiques g\u00e9n\u00e9riques pr\u00e9sents dans ces suites.<\/p>\n<p>Ou d\u00e9cide t-on de recentrer les efforts sur ce que toutes ces belles multinationales ne feront jamais\u00a0:<\/p>\n<ul>\n<li>organiser une certification de l\u2019h\u00e9bergement et du traitement des donn\u00e9es d\u2019\u00e9ducation sur le mod\u00e8le de la certification de l\u2019h\u00e9bergement des donn\u00e9es de sant\u00e9 qui existe depuis 2018 et pourrait \u00eatre imm\u00e9diatement inspirant ;<\/li>\n<li>n\u00e9gocier une cartographie, des contrats, et des acc\u00e8s par API aux donn\u00e9es h\u00e9berg\u00e9es par Index-\u00e9ducation et par tous les \u00e9diteurs de vie scolaire pour les rendre disponibles aux EPLE, aux enseignants et par voie de cons\u00e9quence aux \u00e9diteurs susceptibles de les r\u00e9utiliser dans le p\u00e9rim\u00e8tre de confiance dessin\u00e9 par les chefs d\u2019\u00e9tablissement\u00a0;<\/li>\n<li>d\u00e9velopper une utilisation efficaces des traces laiss\u00e9es par les \u00e9l\u00e8ves lorsqu\u2019ils utilisent des plateformes de coop\u00e9ration \u00ab tra\u00e7antes \u00bb comme Office 365 Education ou Google Workspace Education pour proposer des outils aux enseignants renfor\u00e7ant \u00ab feedback \u00bb et engagement des \u00e9l\u00e8ves mais \u00e9galement aux chefs d\u2019\u00e9tablissement et CPE tout en permettant la remont\u00e9e d\u2019indicateurs d\u2019utilisation effective aux acad\u00e9mies et au financeurs de ces services que sont les collectivit\u00e9s ;<\/li>\n<li>enfin mettre en place le r\u00e9f\u00e9rentiel utilisateurs unique avec les \u00e9l\u00e8ves et les enseignants et permettant l\u2019authentification souveraine dans un dispositif de type Educonnect (comme il existe depuis des ann\u00e9es chez nos voisins : <a href=\"https:\/\/glowconnect.org.uk\/\">Glow en Ecosse<\/a>, <a href=\"https:\/\/eduid.se\/\">EduID en Suede<\/a>, <a href=\"https:\/\/www.edulog.ch\/fr\">Edulog en Suisse<\/a>, <a href=\"https:\/\/viden.stil.dk\/pages\/viewpage.action?pageId=83788031\">UniLogin au Danemark<\/a>&#8230;<\/li>\n<li>agir pour r\u00e9sorber les zones blanches o\u00f9 habitent des \u00e9l\u00e8ves et des enseignants et utiliser les faisceaux satellites \u00e0 chaque fois que la connexion ADSL ou la fibre n\u2019est pas encore suffisante dans les \u00e9tablissements scolaires ; faire en mieux ce que les USA ont entrepris en 2012 avec leur projet Education Super HighWay : 100 KB\/s par \u00e9l\u00e8ve dans 100 % des lieux d\u2019apprentissage de 100 % des \u00e9tablissements scolaires du territoire.<\/li>\n<li>utiliser le potentiel des smartphones des \u00e9l\u00e8ves et des enseignants pour enseigner et apprendre par une approche \u00ab mobile first \u00bb \u00e0 chaque fois que cela est possible ;<\/li>\n<li>simplifier les services propos\u00e9s aux personnels de directions, aux inspecteurs du second degr\u00e9 et aux IEN pour r\u00e9aliser l\u2019ensemble de leurs t\u00e2ches de gestion (un des objectifs du projet de PIA (portails intranets acad\u00e9miques) port\u00e9s il y a d\u00e9j\u00e0 15 ans par 7 acad\u00e9mies ;<\/li>\n<li>d\u00e9velopper et rendre mobiles les applications m\u00e9tiers des corps d&rsquo;inspection, dont SIIPRIEN en les liant \u00e0 Horus par exemple ;<\/li>\n<li>enfin int\u00e9grer I-Prof \u00e0 un vrai portail m\u00e9tier enseignant en renouvelant son interface utilisateur et en tenant compte des apports de l\u2019UX.<\/li>\n<\/ul>\n<p>Et la liste est loin d\u2019\u00eatre compl\u00e8te !<\/p>\n<p>On s\u2019y met ?<\/p>\n<p>Parce que sur le terrain, sinon, \u00e7a va continuer \u00e0 gal\u00e9rer et \u00e0 se d\u00e9brouiller comme \u00e7a peut, sous les radars, en faisant prendre des risques aux chefs d&rsquo;\u00e9tablissement, et en \u00e9vitant les oukases de toutes sortes\u2026.<\/p>\n<p>Jean-Louis Schaff\u00a0<a href=\"https:\/\/twitter.com\/Jlschaff\" target=\"_blank\" rel=\"noopener noreferrer\">@Jlschaff<\/a><\/p>\n<p><a href=\"http:\/\/creativecommons.org\/licenses\/by-nc-sa\/4.0\/\" target=\"_blank\" rel=\"noopener noreferrer\"><img loading=\"lazy\" decoding=\"async\" src=\"https:\/\/i.creativecommons.org\/l\/by-nc-sa\/2.0\/fr\/80x15.png\" alt=\"image\" width=\"80\" height=\"15\" data-pin-nopin=\"true\" \/><\/a><\/p>\n<p>Cr\u00e9dit photo : Rob Kemme from Netherlands<\/p>\n","protected":false},"excerpt":{"rendered":"<p><a href=\"https:\/\/www.culture-numerique.fr\/?attachment_id=8232\" rel=\"attachment wp-att-8232\"><img loading=\"lazy\" decoding=\"async\" class=\"aligncenter size-full wp-image-8232\" src=\"https:\/\/www.culture-numerique.fr\/wp-content\/uploads\/2022\/12\/6c7TRofV.jpg\" alt=\"\" width=\"2560\" height=\"1409\" srcset=\"https:\/\/www.culture-numerique.fr\/wp-content\/uploads\/2022\/12\/6c7TRofV.jpg 2560w, https:\/\/www.culture-numerique.fr\/wp-content\/uploads\/2022\/12\/6c7TRofV-300x165.jpg 300w, https:\/\/www.culture-numerique.fr\/wp-content\/uploads\/2022\/12\/6c7TRofV-1024x564.jpg 1024w, https:\/\/www.culture-numerique.fr\/wp-content\/uploads\/2022\/12\/6c7TRofV-1536x845.jpg 1536w, https:\/\/www.culture-numerique.fr\/wp-content\/uploads\/2022\/12\/6c7TRofV-2048x1127.jpg 2048w, https:\/\/www.culture-numerique.fr\/wp-content\/uploads\/2022\/12\/6c7TRofV-100x55.jpg 100w, https:\/\/www.culture-numerique.fr\/wp-content\/uploads\/2022\/12\/6c7TRofV-150x83.jpg 150w, https:\/\/www.culture-numerique.fr\/wp-content\/uploads\/2022\/12\/6c7TRofV-200x110.jpg 200w, https:\/\/www.culture-numerique.fr\/wp-content\/uploads\/2022\/12\/6c7TRofV-450x248.jpg 450w, https:\/\/www.culture-numerique.fr\/wp-content\/uploads\/2022\/12\/6c7TRofV-600x330.jpg 600w, https:\/\/www.culture-numerique.fr\/wp-content\/uploads\/2022\/12\/6c7TRofV-900x495.jpg 900w\" sizes=\"auto, (max-width: 2560px) 100vw, 2560px\" \/><\/a><\/p>\n<p><strong>Ce billet est un billet \u00ab invit\u00e9 \u00bb<\/strong>. Jean-Louis Schaff me fait \u00e0 nouveau l\u2019honneur d\u2019une petite visite ici-m\u00eame. J&rsquo;esp\u00e8re que vous prendrez autant de plaisir que moi \u00e0 le lire.<\/p>\n<p>Je vous \u00e9cris de ma campagne.<\/p>\n<p><span class=\"ellipsis\">&hellip;<\/span><\/p>\n<div class=\"read-more\"><a href=\"https:\/\/www.culture-numerique.fr\/?p=8226\">Lire la suite &#8250;<\/a><\/div>\n<p><!-- end of .read-more --><\/p>\n","protected":false},"author":1,"featured_media":8232,"comment_status":"open","ping_status":"open","sticky":false,"template":"","format":"standard","meta":{"jetpack_post_was_ever_published":false,"_jetpack_newsletter_access":"","_jetpack_dont_email_post_to_subs":false,"_jetpack_newsletter_tier_id":0,"_jetpack_memberships_contains_paywalled_content":false,"_jetpack_memberships_contains_paid_content":false,"footnotes":""},"categories":[9],"tags":[],"class_list":["post-8226","post","type-post","status-publish","format-standard","has-post-thumbnail","hentry","category-billets-dhumeur"],"jetpack_featured_media_url":"https:\/\/www.culture-numerique.fr\/wp-content\/uploads\/2022\/12\/6c7TRofV.jpg","jetpack_sharing_enabled":true,"_links":{"self":[{"href":"https:\/\/www.culture-numerique.fr\/index.php?rest_route=\/wp\/v2\/posts\/8226","targetHints":{"allow":["GET"]}}],"collection":[{"href":"https:\/\/www.culture-numerique.fr\/index.php?rest_route=\/wp\/v2\/posts"}],"about":[{"href":"https:\/\/www.culture-numerique.fr\/index.php?rest_route=\/wp\/v2\/types\/post"}],"author":[{"embeddable":true,"href":"https:\/\/www.culture-numerique.fr\/index.php?rest_route=\/wp\/v2\/users\/1"}],"replies":[{"embeddable":true,"href":"https:\/\/www.culture-numerique.fr\/index.php?rest_route=%2Fwp%2Fv2%2Fcomments&post=8226"}],"version-history":[{"count":13,"href":"https:\/\/www.culture-numerique.fr\/index.php?rest_route=\/wp\/v2\/posts\/8226\/revisions"}],"predecessor-version":[{"id":8243,"href":"https:\/\/www.culture-numerique.fr\/index.php?rest_route=\/wp\/v2\/posts\/8226\/revisions\/8243"}],"wp:featuredmedia":[{"embeddable":true,"href":"https:\/\/www.culture-numerique.fr\/index.php?rest_route=\/wp\/v2\/media\/8232"}],"wp:attachment":[{"href":"https:\/\/www.culture-numerique.fr\/index.php?rest_route=%2Fwp%2Fv2%2Fmedia&parent=8226"}],"wp:term":[{"taxonomy":"category","embeddable":true,"href":"https:\/\/www.culture-numerique.fr\/index.php?rest_route=%2Fwp%2Fv2%2Fcategories&post=8226"},{"taxonomy":"post_tag","embeddable":true,"href":"https:\/\/www.culture-numerique.fr\/index.php?rest_route=%2Fwp%2Fv2%2Ftags&post=8226"}],"curies":[{"name":"wp","href":"https:\/\/api.w.org\/{rel}","templated":true}]}}