{"id":8045,"date":"2020-01-20T15:57:06","date_gmt":"2020-01-20T14:57:06","guid":{"rendered":"https:\/\/www.culture-numerique.fr\/?p=8045"},"modified":"2020-01-20T22:38:00","modified_gmt":"2020-01-20T21:38:00","slug":"15-ans-apres-les-ados-des-skyblogs-sont-devenus-des-salaries-du-slip-francais-ou-des-medecins","status":"publish","type":"post","link":"https:\/\/www.culture-numerique.fr\/?p=8045","title":{"rendered":"15 ans apr\u00e8s, les ados des skyblogs sont devenus des salari\u00e9s du Slip fran\u00e7ais\u2026 ou des m\u00e9decins"},"content":{"rendered":"<p><a href=\"https:\/\/www.culture-numerique.fr\/wp-content\/uploads\/2020\/01\/graffiti-53320_1280.jpg\"><img loading=\"lazy\" decoding=\"async\" class=\"aligncenter size-full wp-image-8069\" src=\"https:\/\/www.culture-numerique.fr\/wp-content\/uploads\/2020\/01\/graffiti-53320_1280.jpg\" alt=\"Libert\u00e9\" width=\"1280\" height=\"829\" srcset=\"https:\/\/www.culture-numerique.fr\/wp-content\/uploads\/2020\/01\/graffiti-53320_1280.jpg 1280w, https:\/\/www.culture-numerique.fr\/wp-content\/uploads\/2020\/01\/graffiti-53320_1280-300x194.jpg 300w, https:\/\/www.culture-numerique.fr\/wp-content\/uploads\/2020\/01\/graffiti-53320_1280-1024x663.jpg 1024w, https:\/\/www.culture-numerique.fr\/wp-content\/uploads\/2020\/01\/graffiti-53320_1280-100x65.jpg 100w, https:\/\/www.culture-numerique.fr\/wp-content\/uploads\/2020\/01\/graffiti-53320_1280-150x97.jpg 150w, https:\/\/www.culture-numerique.fr\/wp-content\/uploads\/2020\/01\/graffiti-53320_1280-200x130.jpg 200w, https:\/\/www.culture-numerique.fr\/wp-content\/uploads\/2020\/01\/graffiti-53320_1280-450x291.jpg 450w, https:\/\/www.culture-numerique.fr\/wp-content\/uploads\/2020\/01\/graffiti-53320_1280-600x389.jpg 600w, https:\/\/www.culture-numerique.fr\/wp-content\/uploads\/2020\/01\/graffiti-53320_1280-900x583.jpg 900w\" sizes=\"auto, (max-width: 1280px) 100vw, 1280px\" \/><\/a><\/p>\n<p><strong>Au moment o\u00f9 il est plus facile d&rsquo;acc\u00e9der <\/strong>\u00e0 Internet et donc aux r\u00e9seaux sociaux, aux blogs ou aux commentaires des articles de presse ou des \u00e9missions de radio ou de t\u00e9l\u00e9vision, croyez-vous que c&rsquo;est une bonne chose que chacune ou chacun puisse ainsi, en cons\u00e9quence, acc\u00e9der \u00e0 l&rsquo;exercice plein et entier d&rsquo;une libert\u00e9 fondamentale, la libert\u00e9 d&rsquo;expression ?<\/p>\n<p>Telle est la premi\u00e8re question que je poserai \u00e0 celles et ceux qui nous feront l&rsquo;honneur de venir nous rencontrer, <a href=\"https:\/\/twitter.com\/2vanssay\" target=\"_blank\" rel=\"noopener noreferrer\">St\u00e9phanie de Vanssay<\/a> et moi, \u00e0 l\u2019occasion de l&rsquo;atelier que nous tiendrons ensemble mercredi 22 janvier \u00e0 Biarritz, \u00e0 l&rsquo;occasion de la nouvelle \u00e9dition d&rsquo;<a href=\"http:\/\/eidos64.fr\/programme-2020\/\" target=\"_blank\" rel=\"noopener noreferrer\">Eidos 64<\/a>. Il sera question bien s\u00fbr du <a href=\"http:\/\/dompterlestrolls.fr\/\" target=\"_blank\" rel=\"noopener noreferrer\">bouquin de St\u00e9phanie<\/a>, de sa connaissance des trolls de l&rsquo;Internet qui lui ont fait tant de mis\u00e8res\u2026 On parlera de ses exp\u00e9riences r\u00e9centes malheureuses avec la justice de ce pays mais on y \u00e9voquera aussi la libert\u00e9 d&rsquo;expression et ses limites, d&rsquo;o\u00f9 la question liminaire ci-dessus.<\/p>\n<p><strong>La r\u00e9ponse ne va pas de soi<\/strong>. Par exp\u00e9rience, j&rsquo;ai souvent \u00e9t\u00e9 surpris de la mani\u00e8re dont on m&rsquo;a r\u00e9pondu \u00e0 ce sujet. \u00c9coutons \u2013 ce n&rsquo;est pas tr\u00e8s long \u2013 ce qu&rsquo;en pense notre bon pr\u00e9sident qui s&rsquo;adressait r\u00e9cemment \u00e0 la presse, \u00e0 l&rsquo;occasion des v\u0153ux, et <a href=\"https:\/\/www.nextinpact.com\/brief\/emmanuel-macron-s-en-prend-a-la---liberte-absolue---des-reseaux-sociaux-10918.htm\" target=\"_blank\" rel=\"noopener noreferrer\">s&rsquo;en est pris \u00e0 \u00ab\u00a0la libert\u00e9 absolue \u00bb<\/a> des r\u00e9seaux sociaux :<\/p>\n<p><span class=\"embed-youtube\" style=\"text-align:center; display: block;\"><iframe loading=\"lazy\" class=\"youtube-player\" width=\"605\" height=\"341\" src=\"https:\/\/www.youtube.com\/embed\/vWeDHxSPTHg?version=3&#038;rel=1&#038;showsearch=0&#038;showinfo=1&#038;iv_load_policy=1&#038;fs=1&#038;hl=fr-FR&#038;autohide=2&#038;wmode=transparent\" allowfullscreen=\"true\" style=\"border:0;\" sandbox=\"allow-scripts allow-same-origin allow-popups allow-presentation allow-popups-to-escape-sandbox\"><\/iframe><\/span><\/p>\n<p>Je ne commente pas plus avant, venez \u00e9changer avec nous \u00e0 Biarritz !<\/p>\n<p>Un mot cependant, cette diatribe s\u00e9v\u00e8re contre la libert\u00e9 d&rsquo;expression, assez symptomatique de la panique morale des \u00e9lites qui ex\u00e8crent Internet, vient apr\u00e8s des centaines de d\u00e9clarations de la m\u00eame caste sur le m\u00eame registre, depuis de longues ann\u00e9es. Rappelez-vous, quelques exemples, Pierre Arditi, en 2009 d\u00e9j\u00e0, qui disait d&rsquo;un ton fielleux \u00ab <strong>C\u2019est formidable que les gens s\u2019expriment\u2026 apr\u00e8s tout pourquoi pas\u2026<\/strong> \u00bb ou encore l&rsquo;in\u00e9narrable Alain Finkielkraut qui d\u00e9non\u00e7ait, en 2013 \u00ab <span style=\"font-weight: 400;\"><strong>Ce droit invraisemblable de chacun \u00e0 l\u2019expression sur Internet\u00a0<\/strong>\u00bb. Plus pr\u00e8s de nous, en 2014, Fran\u00e7ois Hollande, notre pr\u00e9c\u00e9dent bon pr\u00e9sident, vocif\u00e9rait \u00ab <strong>C\u2019est cela le risque d\u2019internet. C\u2019est la multiplication, c\u2019est le d\u00e9versement, c\u2019est la diffusion \u00e0 un niveau jusque l\u00e0 jamais atteint de mensonges et d\u2019insultes.<\/strong> \u00bb.<\/span><\/p>\n<h3>Charlie, 5 ans apr\u00e8s<\/h3>\n<p>Qu&rsquo;en reste-t-il ? Pas grand chose assur\u00e9ment. Le sentiment d&rsquo;un grand soul\u00e8vement national pour d\u00e9fendre la libert\u00e9 d&rsquo;expression mise \u00e0 mal, pour d\u00e9fendre ceux des journalistes, les caricaturistes les premiers, qui en usaient g\u00e9n\u00e9reusement. Le sentiment alors d&rsquo;un consensus\u2026<\/p>\n<p>Oh un consensus bien fragile ! Les enseignants qui ont d\u00fb alors commenter en classe l&rsquo;actualit\u00e9 avec leurs \u00e9l\u00e8ves s&rsquo;en souviennent encore.<\/p>\n<blockquote><p>\u00ab\u00a0Le num\u00e9rique a chang\u00e9 la donne. D\u2019abord parce qu\u2019il permet \u00e0 beaucoup d\u2019entre les professeurs, par le truchement de l\u2019image fixe ou anim\u00e9e, de montrer commod\u00e9ment ce qui se passe dans le monde, d\u2019observer la nature, d\u2019exp\u00e9rimenter, de chercher, de d\u00e9crypter l\u2019actualit\u00e9. \u00bb<\/p><\/blockquote>\n<p>Voil\u00e0 ce que j&rsquo;\u00e9crivais en 2017, \u00e0 l&rsquo;occasion d&rsquo;un billet sur l&rsquo;ouverture de l&rsquo;\u00e9cole au monde, o\u00f9 j&rsquo;\u00e9voquais la violence, la pornographie, la censure\u2026 Je faisais alors le constat qu&rsquo;il \u00e9tait bien difficile de parler de tout cela \u00e0 l&rsquo;\u00e9cole \u00ab <a href=\"https:\/\/www.culture-numerique.fr\/?p=6286\" target=\"_blank\" rel=\"noopener noreferrer\">\u00c9duquer aux m\u00e9dias : de censure en interdits, le dialogue avec les \u00e9l\u00e8ves est bien difficile<\/a> \u00bb. Apr\u00e8s Charlie, ce ne fut pas simple non plus loin de l\u00e0, dans certaines classes de coll\u00e8ges et lyc\u00e9es, et pas seulement dans des \u00ab\u00a0quartiers \u00bb suppos\u00e9s difficiles.<\/p>\n<blockquote><p>\u00ab\u00a0C\u2019est parce que tout cela est aujourd\u2019hui difficile, que le num\u00e9rique propulse dans la classe toutes les opinions, si m\u00e9diocres soient-elles, que la parole magistrale est alors d\u00e9l\u00e9gitim\u00e9e voire contest\u00e9e, que certaines et certains de ces adultes \u00e9ducateurs qui en prennent conscience renoncent et baissent les bras. \u00bb<\/p><\/blockquote>\n<p>Je comprends bien s\u00fbr toutes celles et tous ceux des professeurs qui ont, en 2014, renonc\u00e9 \u00e0 d\u00e9fendre la libert\u00e9 d&rsquo;expression, ou sans doute diff\u00e9r\u00e9 le moment de le faire. La raison ne s&rsquo;accommode pas toujours du trop plein d&rsquo;\u00e9motion que v\u00e9hicule l&rsquo;actualit\u00e9. Si, pour beaucoup, d\u00e9fendre la libert\u00e9 d&rsquo;expression ne se n\u00e9gocie pas, <strong>l&rsquo;enseigner ne peut alors pas se n\u00e9gocier non plus<\/strong>. Juste apr\u00e8s Charlie, je r\u00e9p\u00e9tais, dans <a href=\"https:\/\/www.culture-numerique.fr\/?p=2562\" target=\"_blank\" rel=\"noopener noreferrer\">un article qui a \u00e9t\u00e9 beaucoup lu et partag\u00e9<\/a>, la n\u00e9cessit\u00e9 de l&rsquo;enseigner :<\/p>\n<blockquote><p>\u00ab\u00a0La libert\u00e9 d\u2019expression est d\u00e9cid\u00e9ment une chose trop pr\u00e9cieuse pour ne pas faire l\u2019objet d\u2019un enseignement. On l\u2019a encore vu aujourd\u2019hui : oublier de la d\u00e9fendre, mettre un frein au rappel de ce qu\u2019elle porte d\u2019essentiel, de fondamental, c\u2019est pr\u00eater le flanc aux obscurantistes et aux l\u00e2ches, c\u2019est leur permettre d\u2019exister, de porter leurs messages d\u2019intol\u00e9rance et de mort. \u00bb<\/p><\/blockquote>\n<h3>Tenir compte des le\u00e7ons du pass\u00e9<\/h3>\n<p>Un peu d&rsquo;histoire ne fait jamais de mal. Sans revenir m\u00eame jusqu&rsquo;\u00e0 <a href=\"https:\/\/fr.wikipedia.org\/wiki\/C%C3%A9lestin_Freinet\" target=\"_blank\" rel=\"noopener noreferrer\">C\u00e9lestin Freinet<\/a> et n&rsquo;\u00e9voquer que le d\u00e9but de ce mill\u00e9naire cons\u00e9cutif \u00e0 l&rsquo;arriv\u00e9e assez g\u00e9n\u00e9rale de l&rsquo;Internet domestique, il convient de s&rsquo;attarder sur un ph\u00e9nom\u00e8ne unique qui a valu \u00e0 la France le titre de championne du monde du blogging : dix ans apr\u00e8s sa naissance en 2002, la plateforme ouverte par la radio <a href=\"https:\/\/www.skyrock.com\/\" target=\"_blank\" rel=\"noopener noreferrer\">Skyrock<\/a> \u00a0h\u00e9bergeait, en 2012 donc, 32 millions de blogues, la tr\u00e8s grande majorit\u00e9 d&rsquo;entre eux ayant \u00e9t\u00e9 ouverts par des adolescents. Comme je l&rsquo;ai \u00e9crit par ailleurs, juste <strong>quelques p\u00e9pites dans un oc\u00e9an de m\u00e9diocrit\u00e9<\/strong>. Mais des p\u00e9pites quand m\u00eame\u2026<\/p>\n<blockquote><p>\u00ab\u00a0Au coll\u00e8ge, si tu n\u2019avais pas de blog, \u00e7a voulait dire que ta vie sociale \u00e9tait pourrie.\u00a0\u00bb<\/p><\/blockquote>\n<p>Cette citation est extraite d&rsquo;un <a href=\"http:\/\/apps.rue89.com\/2014-sky\/\" target=\"_blank\" rel=\"noopener noreferrer\">excellent article de Rue89<\/a> dont je vous ai d\u00e9j\u00e0 parl\u00e9 et qui donne la parole \u00e0 quelques-uns des pionniers de cette aventure. Lisez, c&rsquo;est palpitant.<\/p>\n<p><a href=\"https:\/\/www.culture-numerique.fr\/wp-content\/uploads\/2015\/01\/2015-01-03_181826.jpg\"><img loading=\"lazy\" decoding=\"async\" class=\"aligncenter size-full wp-image-2518\" src=\"https:\/\/www.culture-numerique.fr\/wp-content\/uploads\/2015\/01\/2015-01-03_181826.jpg\" alt=\"\" width=\"759\" height=\"263\" srcset=\"https:\/\/www.culture-numerique.fr\/wp-content\/uploads\/2015\/01\/2015-01-03_181826.jpg 759w, https:\/\/www.culture-numerique.fr\/wp-content\/uploads\/2015\/01\/2015-01-03_181826-300x104.jpg 300w, https:\/\/www.culture-numerique.fr\/wp-content\/uploads\/2015\/01\/2015-01-03_181826-100x35.jpg 100w, https:\/\/www.culture-numerique.fr\/wp-content\/uploads\/2015\/01\/2015-01-03_181826-150x52.jpg 150w, https:\/\/www.culture-numerique.fr\/wp-content\/uploads\/2015\/01\/2015-01-03_181826-200x69.jpg 200w, https:\/\/www.culture-numerique.fr\/wp-content\/uploads\/2015\/01\/2015-01-03_181826-450x156.jpg 450w, https:\/\/www.culture-numerique.fr\/wp-content\/uploads\/2015\/01\/2015-01-03_181826-600x208.jpg 600w\" sizes=\"auto, (max-width: 759px) 100vw, 759px\" \/><\/a><\/p>\n<p>Les premiers probl\u00e8mes de m\u00e9susage de ces espaces d&rsquo;expression sont vite apparus. Je vous en ai d\u00e9j\u00e0 longuement parl\u00e9 <a href=\"https:\/\/www.culture-numerique.fr\/?p=2506\" target=\"_blank\" rel=\"noopener noreferrer\">dans ce billet<\/a> mais ce qui est rapport\u00e9 ci-dessus dans cette manchette d&rsquo;un journal local est exemplaire. C&rsquo;\u00e9tait en 2005. Vous l&rsquo;avez compris, ces trois \u00e9l\u00e8ves blogueuses car il s&rsquo;agissait de jeunes filles, \u00e0 qui jamais personne, \u00e0 la maison comme \u00e0 l&rsquo;\u00e9cole, n&rsquo;avait appris \u00e0 s&rsquo;exprimer ou m\u00eame \u00e0 mesurer les limites de cet exercice, <strong>ont \u00e9t\u00e9 exclues<\/strong>.<\/p>\n<p>Comme a \u00e9t\u00e9 exclu en 2016 Ludovic, \u00e9l\u00e8ve de CM2 \u00e0 Paris, qui faisait des vid\u00e9os sur Youtube le mercredi apr\u00e8s-midi. Je vous ai racont\u00e9 tout \u00e7a <a href=\"https:\/\/www.culture-numerique.fr\/?p=4882\" target=\"_blank\" rel=\"noopener noreferrer\">dans un billet<\/a> o\u00f9 j&rsquo;exprime nettement l&rsquo;id\u00e9e que <strong>l\u2019irresponsabilit\u00e9 n\u2019est d\u00e9cid\u00e9ment pas l\u00e0 o\u00f9 on la croit<\/strong>. Il existe pourtant un socle commun mais on ne s&rsquo;est gu\u00e8re pr\u00e9occup\u00e9, en classe, de dire un mot de la libert\u00e9 d&rsquo;expression et la publication en ligne, comme des pr\u00e9cautions qu&rsquo;il convient de prendre. Pour finir, en contradiction m\u00eame avec les textes qui sont cens\u00e9s s&rsquo;appliquer en mati\u00e8re de vie scolaire, Ludovic a, lui aussi, \u00e9t\u00e9 exclu. En CM2 ! L&rsquo;\u00e9cole n&rsquo;a pas honte.<\/p>\n<p>Que s&rsquo;\u00e9tait-il pass\u00e9 en 10 ans ? <strong>Rien<\/strong>. Des mots dans un programme dont tout le monde se fiche.<\/p>\n<p><strong>Qui est irresponsable, en l&rsquo;esp\u00e8ce ?<\/strong><\/p>\n<p>Des histoires comme \u00e7a, je pourrais en raconter des centaines et l&rsquo;histoire des skyblogs du d\u00e9but de ce si\u00e8cle se continue aujourd&rsquo;hui sur les plateformes des r\u00e9seaux sociaux, sur Youtube, Tik-Tok, Snapchat, Facebook ou Twitter\u2026\u00a0 L&rsquo;\u00e9cole a dress\u00e9 depuis longtemps une barri\u00e8re infranchissable entre elle et ces espaces de socialisation et d&rsquo;expression, ne se pr\u00e9occupant pas autrement du ph\u00e9nom\u00e8ne que pour l&rsquo;ignorer dans le meilleur des cas, le censurer, sur les r\u00e9seaux des \u00e9coles, coll\u00e8ges ou lyc\u00e9es, le plus souvent\u2026<\/p>\n<h3>Quand les seins tombent, je refuse la consultation<\/h3>\n<p>Ludovic, \u00e9l\u00e8ve de CM2 d\u00e9laiss\u00e9, faisait des vid\u00e9os le mercredi apr\u00e8s-midi. Il croyait \u00eatre seul sur Youtube et tenait des propos tr\u00e8s irr\u00e9v\u00e9rencieux \u00e0 l&rsquo;\u00e9gard de sa ma\u00eetresse.<\/p>\n<p><a href=\"https:\/\/www.culture-numerique.fr\/wp-content\/uploads\/2020\/01\/46413060_10156966511692112_6364877916169306112_o.jpg\"><img loading=\"lazy\" decoding=\"async\" class=\"size-medium wp-image-8094 alignright\" src=\"https:\/\/www.culture-numerique.fr\/wp-content\/uploads\/2020\/01\/46413060_10156966511692112_6364877916169306112_o-300x111.jpg\" alt=\"Le Divan\" width=\"300\" height=\"111\" srcset=\"https:\/\/www.culture-numerique.fr\/wp-content\/uploads\/2020\/01\/46413060_10156966511692112_6364877916169306112_o-300x111.jpg 300w, https:\/\/www.culture-numerique.fr\/wp-content\/uploads\/2020\/01\/46413060_10156966511692112_6364877916169306112_o-1024x379.jpg 1024w, https:\/\/www.culture-numerique.fr\/wp-content\/uploads\/2020\/01\/46413060_10156966511692112_6364877916169306112_o-1536x568.jpg 1536w, https:\/\/www.culture-numerique.fr\/wp-content\/uploads\/2020\/01\/46413060_10156966511692112_6364877916169306112_o-100x37.jpg 100w, https:\/\/www.culture-numerique.fr\/wp-content\/uploads\/2020\/01\/46413060_10156966511692112_6364877916169306112_o-150x56.jpg 150w, https:\/\/www.culture-numerique.fr\/wp-content\/uploads\/2020\/01\/46413060_10156966511692112_6364877916169306112_o-200x74.jpg 200w, https:\/\/www.culture-numerique.fr\/wp-content\/uploads\/2020\/01\/46413060_10156966511692112_6364877916169306112_o-450x167.jpg 450w, https:\/\/www.culture-numerique.fr\/wp-content\/uploads\/2020\/01\/46413060_10156966511692112_6364877916169306112_o-600x222.jpg 600w, https:\/\/www.culture-numerique.fr\/wp-content\/uploads\/2020\/01\/46413060_10156966511692112_6364877916169306112_o-900x333.jpg 900w, https:\/\/www.culture-numerique.fr\/wp-content\/uploads\/2020\/01\/46413060_10156966511692112_6364877916169306112_o.jpg 1578w\" sizes=\"auto, (max-width: 300px) 100vw, 300px\" \/><\/a>Comme Ludovic, ce sont les m\u00e9decins qui prennent leur mercredi apr\u00e8s-midi. Sur le groupe Facebook priv\u00e9 mais finalement pas tant que \u00e7a \u00ab <a href=\"https:\/\/www.facebook.com\/groups\/240193799818282\/\" target=\"_blank\" rel=\"noopener noreferrer\">Le Divan des m\u00e9decins<\/a> \u00bb, qui existe toujours, des m\u00e9decins se croient seuls eux aussi et se livrent \u00e0 des commentaires de potaches sur des photos du corps ou des organes de leurs patients, leurs patientes de pr\u00e9f\u00e9rence.<\/p>\n<p>C&rsquo;est le <em>Nouvel&rsquo;obs<\/em> qui nous raconte tout \u00e7a dans <a href=\"https:\/\/www.nouvelobs.com\/notre-epoque\/20200105.OBS23047\/quand-les-seins-tombent-comme-ca-je-refuse-la-consultation-sur-facebook-11-000-medecins-violent-leur-serment.html\" target=\"_blank\" rel=\"noopener noreferrer\">un article fort document\u00e9<\/a>.<\/p>\n<blockquote><p><span class=\"fontstyle0\">\u00ab\u00a0En effet, sur le Divan, les moqueries sur le physique des patients, les commentaires classistes, grossophobes, sexistes, transphobes, homophobes et racistes se comptent par centaines. \u00bb<\/span><\/p><\/blockquote>\n<p>Les plus jeunes de ces m\u00e9decins \u00e9taient jeunes adolescents en 2005 et avaient leur Skyblog, ils en ont aujourd&rsquo;hui presque 30 et ils continuent comme avant. Pourquoi s&rsquo;en priver ?<\/p>\n<p><strong>Qui est irresponsable, en l&rsquo;esp\u00e8ce ?<\/strong><\/p>\n<blockquote class=\"twitter-tweet\" data-width=\"550\" data-dnt=\"true\">\n<p lang=\"fr\" dir=\"ltr\">[\ud83d\udc4e] <a href=\"https:\/\/twitter.com\/hashtag\/DivanDesMedecins?src=hash&amp;ref_src=twsrc%5Etfw\">#DivanDesMedecins<\/a> \u27a1\ufe0f des propos abjects, des droits fondamentaux bafou\u00e9s en toute impunit\u00e9. Nous attendons des sanctions \u00e0 la hauteur des outrages et pr\u00e9judices subis par les patients \ud83d\ude21<a href=\"https:\/\/t.co\/OFn1im44PS\">https:\/\/t.co\/OFn1im44PS<\/a><\/p>\n<p>&mdash; France Assos Sant\u00e9 (@Fr_Assos_Sante) <a href=\"https:\/\/twitter.com\/Fr_Assos_Sante\/status\/1215239044382314497?ref_src=twsrc%5Etfw\">January 9, 2020<\/a><\/p><\/blockquote>\n<p><script async src=\"https:\/\/platform.twitter.com\/widgets.js\" charset=\"utf-8\"><\/script><\/p>\n<p>Il y aurait tant \u00e0 dire sur des histoires de ce type o\u00f9 les principaux acteurs sont les dignes h\u00e9ritiers de ces skyblogueurs originaux. <a href=\"https:\/\/www.culture-numerique.fr\/?p=4699\" target=\"_blank\" rel=\"noopener noreferrer\">Je vous ai parl\u00e9 d\u00e9j\u00e0<\/a> de <a href=\"https:\/\/fr.wikipedia.org\/wiki\/Serge_Aurier\" target=\"_blank\" rel=\"noopener noreferrer\">Serge Aurier<\/a> et de ses d\u00e9boires en 2016 comme footballeur professionnel au Paris-Saint-Germain. Lui aussi se croyait bien seul et a, avec des amis, insult\u00e9 ses partenaires et son entra\u00eeneur sur une plateforme de diffusion de vid\u00e9os. J&rsquo;aurais aussi aim\u00e9 revenir peut-\u00eatre sur le \u00ab <a href=\"https:\/\/www.culture-numerique.fr\/?p=2506\" target=\"_blank\" rel=\"noopener noreferrer\">Septembre sans fin<\/a> \u00bb qui avait commenc\u00e9 \u00e0 la fin du dernier mill\u00e9naire et se continue encore aujourd&rsquo;hui. Il y aurait aussi tant \u00e0 dire sur \u00ab <a href=\"https:\/\/fr.wikipedia.org\/wiki\/Ligue_du_LOL\" target=\"_blank\" rel=\"noopener noreferrer\">La Ligue du LOL<\/a> \u00bb dont Wikip\u00e9dia nous raconte si bien l&rsquo;histoire commenc\u00e9e en 2010. <a href=\"https:\/\/twitter.com\/2vanssay\" target=\"_blank\" rel=\"noopener noreferrer\">St\u00e9phanie de Vanssay<\/a> nous dira, \u00e0 Biarritz bient\u00f4t, comment s&rsquo;y prendre pour <a href=\"http:\/\/dompterlestrolls.fr\/\" target=\"_blank\" rel=\"noopener noreferrer\">dompter les trolls<\/a> qui lui ont fait bien des mis\u00e8res, jusque devant les tribunaux.<\/p>\n<p>Mais, de toute \u00e9vidence, les m\u00e9decins ont des cousins <strong>parmi les salari\u00e9s du \u00ab Slip fran\u00e7ais \u00bb<\/strong>.<\/p>\n<p><span class=\"embed-youtube\" style=\"text-align:center; display: block;\"><iframe loading=\"lazy\" class=\"youtube-player\" width=\"605\" height=\"341\" src=\"https:\/\/www.youtube.com\/embed\/B0rw-YmCp4o?version=3&#038;rel=1&#038;showsearch=0&#038;showinfo=1&#038;iv_load_policy=1&#038;fs=1&#038;hl=fr-FR&#038;autohide=2&#038;wmode=transparent\" allowfullscreen=\"true\" style=\"border:0;\" sandbox=\"allow-scripts allow-same-origin allow-popups allow-presentation allow-popups-to-escape-sandbox\"><\/iframe><\/span><\/p>\n<p>Je vous raconte l&rsquo;histoire rapidement : sur un compte Instagram est publi\u00e9e une vid\u00e9o, voir ci-dessus, d&rsquo;une soir\u00e9e priv\u00e9e organis\u00e9e par des employ\u00e9s du \u00ab Slip fran\u00e7ais \u00bb. grim\u00e9s en singe et en femme noire. On y mime en riant fort des danses africaines. Cette vid\u00e9o choque beaucoup de monde et un appel au boycott est lanc\u00e9. L&rsquo;entreprise concern\u00e9e se croit oblig\u00e9e de sanctionner et de produire <a href=\"https:\/\/twitter.com\/LeSlipFrancais\/status\/1213053996019191808\" target=\"_blank\" rel=\"noopener noreferrer\">un communiqu\u00e9<\/a>\u00a0:<\/p>\n<blockquote><p>\u00ab L&rsquo;affaire pose une nouvelle fois la question de la barri\u00e8re entre vie priv\u00e9e et posture professionnelle sur les r\u00e9seaux sociaux, alors que Le Slip Fran\u00e7ais a \u00e9galement pr\u00e9cis\u00e9 avoir fait un rappel \u00e0 l&rsquo;ensemble de ses salari\u00e9s sur \u201cla responsabilit\u00e9 de chacun dans son r\u00f4le de citoyen\u201d \u00bb.<\/p><\/blockquote>\n<p>L&rsquo;affaire fait grand bruit car elle pose de nombreuses questions juridiques. Ainsi <em><a href=\"https:\/\/www.francetvinfo.fr\/replay-radio\/c-est-mon-boulot\/video-de-blackface-un-employeur-peut-il-sanctionner-un-salarie-pour-ce-qu-il-fait-dans-la-vie-privee_3758297.html\" target=\"_blank\" rel=\"noopener noreferrer\">France TV Info<\/a><\/em> se demande \u00ab <em>Un employeur peut-il sanctionner un salari\u00e9 pour ce qu&rsquo;il fait dans la vie priv\u00e9e\u00a0?<\/em> \u00bb.\u00a0 Ainsi le site <em>Le Village de la Justice<\/em> <a href=\"https:\/\/www.village-justice.com\/articles\/liberte-expression-des-salaries-sur-internet-retour-sur-affaire-des-salaries,33388.html\" target=\"_blank\" rel=\"noopener noreferrer\">qui revient sur cette affaire<\/a> en d\u00e9tail.<\/p>\n<p><strong>Qui est irresponsable, en l&rsquo;esp\u00e8ce ?<\/strong><\/p>\n<h3>Devenir acteur de la connaissance<\/h3>\n<p>Dans un article r\u00e9cent intitul\u00e9 \u00ab <a href=\"https:\/\/www.wikimedia.fr\/2019\/12\/05\/loi-contre-la-cyberhaine-etude-de-cas-de-wikipedia-et-les-etablissements-scolaires\/\" target=\"_blank\" rel=\"noopener noreferrer\">Loi contre la cyberhaine : \u00e9tude de cas de Wikip\u00e9dia et les \u00e9tablissements scolaires<\/a> \u00bb, la Fondation Wikim\u00e9dia revient sur la <a href=\"https:\/\/fr.wikipedia.org\/wiki\/Proposition_de_loi_contre_les_contenus_haineux_sur_Internet\" target=\"_blank\" rel=\"noopener noreferrer\">loi dite Avia<\/a> cens\u00e9e lutter contre les propos haineux en ligne. Cette loi fait l&rsquo;objet, \u00e0 juste titre selon moi, d&rsquo;une critique s\u00e9v\u00e8re par les d\u00e9fenseurs des libert\u00e9s publiques, dont la libert\u00e9 d&rsquo;expression qui serait mise \u00e0 mal. Tout r\u00e9cemment, cette fondation a co-sign\u00e9 avec de nombreux organismes ou associations un communiqu\u00e9 tr\u00e8s largement critique :<\/p>\n<blockquote class=\"twitter-tweet\" data-width=\"550\" data-dnt=\"true\">\n<p lang=\"fr\" dir=\"ltr\">Aux c\u00f4t\u00e9s de plusieurs organisations dont <a href=\"https:\/\/twitter.com\/RNumerique?ref_src=twsrc%5Etfw\">@RNumerique<\/a>, <a href=\"https:\/\/twitter.com\/CNNum?ref_src=twsrc%5Etfw\">@CNNum<\/a>, <a href=\"https:\/\/twitter.com\/ChangeFrance?ref_src=twsrc%5Etfw\">@ChangeFrance<\/a>, <a href=\"https:\/\/twitter.com\/CNBarreaux?ref_src=twsrc%5Etfw\">@CNBarreaux<\/a>, <a href=\"https:\/\/twitter.com\/isoc_france?ref_src=twsrc%5Etfw\">@isoc_france<\/a>, <a href=\"https:\/\/twitter.com\/laquadrature?ref_src=twsrc%5Etfw\">@laquadrature<\/a>, <a href=\"https:\/\/twitter.com\/LDH_Fr?ref_src=twsrc%5Etfw\">@LDH_Fr<\/a>, <a href=\"https:\/\/twitter.com\/Wikimedia_Fr?ref_src=twsrc%5Etfw\">@Wikimedia_Fr<\/a> rappelle son inqui\u00e9tude quant au risque que  ferait encourir \u00e0 nos droits et  libert\u00e9s fondamentaux la <a href=\"https:\/\/twitter.com\/hashtag\/PPLCyberHaine?src=hash&amp;ref_src=twsrc%5Etfw\">#PPLCyberHaine<\/a> <a href=\"https:\/\/t.co\/BYdIk2lamq\">pic.twitter.com\/BYdIk2lamq<\/a><\/p>\n<p>&mdash; Wikim\u00e9dia France (@Wikimedia_Fr) <a href=\"https:\/\/twitter.com\/Wikimedia_Fr\/status\/1217873609424867329?ref_src=twsrc%5Etfw\">January 16, 2020<\/a><\/p><\/blockquote>\n<p><script async src=\"https:\/\/platform.twitter.com\/widgets.js\" charset=\"utf-8\"><\/script><\/p>\n<p>Les\u00a0 signataires pr\u00e9conisent plut\u00f4t \u00ab un plan ambitieux d\u2019\u00e9ducation au num\u00e9rique \u00bb et une approche \u00ab plus transversale \u00bb de la r\u00e9gulation du num\u00e9rique, rapporte <em><a href=\"https:\/\/www.nextinpact.com\/brief\/cyberhaine---plusieurs-organisations-denoncent--encore--la-proposition-de-loi-avia-10927.htm\" target=\"_blank\" rel=\"noopener noreferrer\">Nextinpact<\/a><\/em>.<\/p>\n<p>Mais revenons \u00e0 Wikip\u00e9dia. L&rsquo;auteur de l&rsquo;article, sans doute administrateur de la plateforme, raconte, preuves en forme de copies d&rsquo;\u00e9cran \u00e0 l&rsquo;appui, comment Wikip\u00e9dia est vandalis\u00e9, et ce principalement par des contributeurs qui utilisent des machines d&rsquo;\u00e9tablissements scolaires, coll\u00e8ges ou lyc\u00e9es.<\/p>\n<blockquote><p>\u00ab\u00a0En analysant les 500 blocages intervenus entre le 25 novembre et 29 novembre, on d\u00e9nombre 54 blocages d\u2019IP scolaires. Cela va du blanchiment d\u2019article, au message adress\u00e9 \u00e0 un camarade, en passant par les insultes envers le personnel de l\u2019\u00e9tablissement scolaire. \u00bb<\/p><\/blockquote>\n<p>Un exemple tir\u00e9 de l&rsquo;article en question, provenant d&rsquo;un lyc\u00e9e priv\u00e9 parisien, le lyc\u00e9e Saint-Louis-de-Gonzague, dont <a href=\"https:\/\/fr.wikipedia.org\/wiki\/Lyc%C3%A9e_Saint-Louis-de-Gonzague\" target=\"_blank\" rel=\"noopener noreferrer\">l&rsquo;article qui le concerne<\/a> a subi quelques l\u00e9g\u00e8res manipulations :<\/p>\n<p><a href=\"https:\/\/www.culture-numerique.fr\/wp-content\/uploads\/2020\/01\/Screenshot_2019-11-30-Diff\u00e9rences-entre-versions-de-\u00ab-Lyc\u00e9e-Saint-Louis-de-Gonzague-\u00bb-\u2014-Wikip\u00e9dia.png\"><img loading=\"lazy\" decoding=\"async\" class=\"aligncenter size-full wp-image-8105\" src=\"https:\/\/www.culture-numerique.fr\/wp-content\/uploads\/2020\/01\/Screenshot_2019-11-30-Diff\u00e9rences-entre-versions-de-\u00ab-Lyc\u00e9e-Saint-Louis-de-Gonzague-\u00bb-\u2014-Wikip\u00e9dia.png\" alt=\"Saint-Louis\" width=\"910\" height=\"365\" srcset=\"https:\/\/www.culture-numerique.fr\/wp-content\/uploads\/2020\/01\/Screenshot_2019-11-30-Diff\u00e9rences-entre-versions-de-\u00ab-Lyc\u00e9e-Saint-Louis-de-Gonzague-\u00bb-\u2014-Wikip\u00e9dia.png 910w, https:\/\/www.culture-numerique.fr\/wp-content\/uploads\/2020\/01\/Screenshot_2019-11-30-Diff\u00e9rences-entre-versions-de-\u00ab-Lyc\u00e9e-Saint-Louis-de-Gonzague-\u00bb-\u2014-Wikip\u00e9dia-300x120.png 300w, https:\/\/www.culture-numerique.fr\/wp-content\/uploads\/2020\/01\/Screenshot_2019-11-30-Diff\u00e9rences-entre-versions-de-\u00ab-Lyc\u00e9e-Saint-Louis-de-Gonzague-\u00bb-\u2014-Wikip\u00e9dia-100x40.png 100w, https:\/\/www.culture-numerique.fr\/wp-content\/uploads\/2020\/01\/Screenshot_2019-11-30-Diff\u00e9rences-entre-versions-de-\u00ab-Lyc\u00e9e-Saint-Louis-de-Gonzague-\u00bb-\u2014-Wikip\u00e9dia-150x60.png 150w, https:\/\/www.culture-numerique.fr\/wp-content\/uploads\/2020\/01\/Screenshot_2019-11-30-Diff\u00e9rences-entre-versions-de-\u00ab-Lyc\u00e9e-Saint-Louis-de-Gonzague-\u00bb-\u2014-Wikip\u00e9dia-200x80.png 200w, https:\/\/www.culture-numerique.fr\/wp-content\/uploads\/2020\/01\/Screenshot_2019-11-30-Diff\u00e9rences-entre-versions-de-\u00ab-Lyc\u00e9e-Saint-Louis-de-Gonzague-\u00bb-\u2014-Wikip\u00e9dia-450x180.png 450w, https:\/\/www.culture-numerique.fr\/wp-content\/uploads\/2020\/01\/Screenshot_2019-11-30-Diff\u00e9rences-entre-versions-de-\u00ab-Lyc\u00e9e-Saint-Louis-de-Gonzague-\u00bb-\u2014-Wikip\u00e9dia-600x241.png 600w, https:\/\/www.culture-numerique.fr\/wp-content\/uploads\/2020\/01\/Screenshot_2019-11-30-Diff\u00e9rences-entre-versions-de-\u00ab-Lyc\u00e9e-Saint-Louis-de-Gonzague-\u00bb-\u2014-Wikip\u00e9dia-900x361.png 900w\" sizes=\"auto, (max-width: 910px) 100vw, 910px\" \/><\/a><\/p>\n<p>Rien de tr\u00e8s grave, comme vous pouvez le constater par vous-m\u00eames. Rien qui ne puisse \u00eatre corrig\u00e9 promptement, en effet. Mais beaucoup beaucoup de travail pour les b\u00e9n\u00e9voles qui veillent \u00e0 la consid\u00e9ration et \u00e0 la conservation du travail collectif.<\/p>\n<p>Ce qui est tr\u00e8s \u00e9tonnant, ce sont les r\u00e9actions ou commentaires qui suivent la publication de ce billet. Selon certains, enseignants pour la plupart, il faudrait, en les traduisant devant les instances disciplinaires des \u00e9tablissements, <strong>massivement sanctionner<\/strong>, apr\u00e8s les avoir rep\u00e9r\u00e9s, les \u00e9l\u00e8ves ainsi peu respectueux du travail collectif ! Bien entendu, ces enseignants n&rsquo;ont jamais expliqu\u00e9 \u00e0 leurs \u00e9l\u00e8ves comment on acc\u00e9dait \u00e0 l&rsquo;information, comment se construisait cette connaissance, n&rsquo;ont jamais travaill\u00e9 avec leurs \u00e9l\u00e8ves \u00e0 recouper des sources, \u00e0 les v\u00e9rifier, \u00e0 les hi\u00e9rarchiser, \u00e0 r\u00e9diger collectivement des articles manquants, \u00e0 collaborer entre eux dans ce but ainsi qu&rsquo;avec les b\u00e9n\u00e9voles de Wikip\u00e9dia, \u00e0 apprendre \u00e0 leurs \u00e9l\u00e8ves les communs de l&rsquo;information et de la connaissance, \u00e0 \u00eatre acteur de la production de cette derni\u00e8re\u2026 <strong>\u00e0 s&rsquo;engager enfin pour n&rsquo;\u00eatre pas qu&rsquo;un utilisateur d&rsquo;Internet<\/strong>.<\/p>\n<p>Oh ! Je le sais, certains professeurs documentalistes l&rsquo;ont fait, trop rares. Publier s&rsquo;apprend, exercer sa libert\u00e9 d&rsquo;expression s&rsquo;apprend aussi. Qui s&rsquo;en occupe ?<\/p>\n<p><strong>Qui est irresponsable, en l&rsquo;esp\u00e8ce ?<\/strong><\/p>\n<p>Tout cela me rappelle furieusement une histoire de <strong>pourrisseur du web<\/strong>, un professeur de lettres, dont le nom ne m\u00e9rite pas d&rsquo;\u00eatre cit\u00e9, qui s&rsquo;\u00e9tait laiss\u00e9 aller \u00e0 modifier des articles sur l&rsquo;encyclop\u00e9die coop\u00e9rative pour tromper ses \u00e9l\u00e8ves. Cette pratique bien mis\u00e9rable est fort bien racont\u00e9e par <a href=\"https:\/\/twitter.com\/yannhoury\" target=\"_blank\" rel=\"noopener noreferrer\">Yann Houry<\/a> <a href=\"https:\/\/www.ralentirtravaux.com\/le_blog\/comment-jai-nourri-le-web\/\" target=\"_blank\" rel=\"noopener noreferrer\">l\u00e0<\/a> et <a href=\"https:\/\/www.ralentirtravaux.com\/le_blog\/pour-en-finir-avec-le-pourrisseur-du-web\/\" target=\"_blank\" rel=\"noopener noreferrer\">l\u00e0<\/a>.\u00a0 <a href=\"https:\/\/twitter.com\/mapav8\" target=\"_blank\" rel=\"noopener noreferrer\">Marie-Anne Paveau<\/a> rassemble <a href=\"https:\/\/www.scoop.it\/topic\/l-affaire-du-pourrisseur-du-web-points-de-vue-critiques\" target=\"_blank\" rel=\"noopener noreferrer\">un corpus<\/a> de billets critiques sur l&rsquo;affaire, dont <a href=\"http:\/\/histoirevisuelle.fr\/cv\/totem\/1617\" target=\"_blank\" rel=\"noopener noreferrer\">celui<\/a> d&rsquo;<a href=\"https:\/\/twitter.com\/gunthert\" target=\"_blank\" rel=\"noopener noreferrer\">Andr\u00e9 Gunthert<\/a> qui conclut :<\/p>\n<blockquote><p>\u00ab\u00a0Pourrir le web, comme pourrir la vie, l\u2019arme des vaincus. Qui dit en creux \u00e0 quel point la nouvelle structure de l\u2019information a d\u00e9j\u00e0 gagn\u00e9. \u00bb<\/p><\/blockquote>\n<p><strong>Qui est irresponsable, en l&rsquo;esp\u00e8ce ?<\/strong><\/p>\n<hr \/>\n<p>J&rsquo;ai n\u00e9glig\u00e9 de vous pr\u00e9senter mes v\u0153ux. Il n&rsquo;est pas trop tard, je crois. Je vous aime et vous souhaite de vivre heureux.<\/p>\n<p><a href=\"https:\/\/www.culture-numerique.fr\/wp-content\/uploads\/2020\/01\/V\u0153ux2020.jpg\"><img loading=\"lazy\" decoding=\"async\" class=\"aligncenter size-full wp-image-8057\" src=\"https:\/\/www.culture-numerique.fr\/wp-content\/uploads\/2020\/01\/V\u0153ux2020.jpg\" alt=\"\" width=\"1920\" height=\"552\" srcset=\"https:\/\/www.culture-numerique.fr\/wp-content\/uploads\/2020\/01\/V\u0153ux2020.jpg 1920w, https:\/\/www.culture-numerique.fr\/wp-content\/uploads\/2020\/01\/V\u0153ux2020-300x86.jpg 300w, https:\/\/www.culture-numerique.fr\/wp-content\/uploads\/2020\/01\/V\u0153ux2020-1024x294.jpg 1024w, https:\/\/www.culture-numerique.fr\/wp-content\/uploads\/2020\/01\/V\u0153ux2020-1536x442.jpg 1536w, https:\/\/www.culture-numerique.fr\/wp-content\/uploads\/2020\/01\/V\u0153ux2020-100x29.jpg 100w, https:\/\/www.culture-numerique.fr\/wp-content\/uploads\/2020\/01\/V\u0153ux2020-150x43.jpg 150w, https:\/\/www.culture-numerique.fr\/wp-content\/uploads\/2020\/01\/V\u0153ux2020-200x58.jpg 200w, https:\/\/www.culture-numerique.fr\/wp-content\/uploads\/2020\/01\/V\u0153ux2020-450x129.jpg 450w, https:\/\/www.culture-numerique.fr\/wp-content\/uploads\/2020\/01\/V\u0153ux2020-600x173.jpg 600w, https:\/\/www.culture-numerique.fr\/wp-content\/uploads\/2020\/01\/V\u0153ux2020-900x259.jpg 900w\" sizes=\"auto, (max-width: 1920px) 100vw, 1920px\" \/><\/a><\/p>\n<p>Michel Guillou\u00a0<a href=\"https:\/\/twitter.com\/michelguillou\" target=\"_blank\" rel=\"noopener noreferrer\">@michelguillou<\/a><\/p>\n<p><a href=\"http:\/\/creativecommons.org\/licenses\/by-nc-sa\/4.0\/\" target=\"_blank\" rel=\"noopener noreferrer\"><img loading=\"lazy\" decoding=\"async\" src=\"https:\/\/i.creativecommons.org\/l\/by-nc-sa\/2.0\/fr\/80x15.png\" alt=\"image\" width=\"80\" height=\"15\" data-pin-nopin=\"true\" \/><\/a><\/p>\n<p><em>Nota bene<\/em>\u00a0: Nombre de mots de ce texte doivent, au masculin, \u00eatre consid\u00e9r\u00e9s comme neutres et non sexu\u00e9s.<\/p>\n<p>Cr\u00e9dit photo de t\u00eate : JamesDeMers sur <a href=\"https:\/\/pixabay.com\/fr\/photos\/graffiti-tableau-noir-53320\/\" target=\"_blank\" rel=\"noopener noreferrer\">Pixabay<\/a><\/p>\n<p>[cite]<\/p>\n","protected":false},"excerpt":{"rendered":"<p><a href=\"https:\/\/www.culture-numerique.fr\/wp-content\/uploads\/2020\/01\/graffiti-53320_1280.jpg\"><img loading=\"lazy\" decoding=\"async\" class=\"aligncenter size-full wp-image-8069\" src=\"https:\/\/www.culture-numerique.fr\/wp-content\/uploads\/2020\/01\/graffiti-53320_1280.jpg\" alt=\"Libert\u00e9\" width=\"1280\" height=\"829\" srcset=\"https:\/\/www.culture-numerique.fr\/wp-content\/uploads\/2020\/01\/graffiti-53320_1280.jpg 1280w, https:\/\/www.culture-numerique.fr\/wp-content\/uploads\/2020\/01\/graffiti-53320_1280-300x194.jpg 300w, https:\/\/www.culture-numerique.fr\/wp-content\/uploads\/2020\/01\/graffiti-53320_1280-1024x663.jpg 1024w, https:\/\/www.culture-numerique.fr\/wp-content\/uploads\/2020\/01\/graffiti-53320_1280-100x65.jpg 100w, https:\/\/www.culture-numerique.fr\/wp-content\/uploads\/2020\/01\/graffiti-53320_1280-150x97.jpg 150w, https:\/\/www.culture-numerique.fr\/wp-content\/uploads\/2020\/01\/graffiti-53320_1280-200x130.jpg 200w, https:\/\/www.culture-numerique.fr\/wp-content\/uploads\/2020\/01\/graffiti-53320_1280-450x291.jpg 450w, https:\/\/www.culture-numerique.fr\/wp-content\/uploads\/2020\/01\/graffiti-53320_1280-600x389.jpg 600w, https:\/\/www.culture-numerique.fr\/wp-content\/uploads\/2020\/01\/graffiti-53320_1280-900x583.jpg 900w\" sizes=\"auto, (max-width: 1280px) 100vw, 1280px\" \/><\/a><\/p>\n<p><strong>Au moment o\u00f9 il est plus facile d&rsquo;acc\u00e9der <\/strong>\u00e0 Internet et donc aux r\u00e9seaux sociaux, aux blogs ou aux commentaires des articles de presse ou des \u00e9missions de radio ou de t\u00e9l\u00e9vision, croyez-vous que c&rsquo;est une bonne chose que chacune ou chacun puisse ainsi,<\/p>\n<p><span class=\"ellipsis\">&hellip;<\/span><\/p>\n<div class=\"read-more\"><a href=\"https:\/\/www.culture-numerique.fr\/?p=8045\">Lire la suite &#8250;<\/a><\/div>\n<p><!-- end of .read-more --><\/p>\n","protected":false},"author":1,"featured_media":8069,"comment_status":"open","ping_status":"open","sticky":false,"template":"","format":"standard","meta":{"jetpack_post_was_ever_published":false,"_jetpack_newsletter_access":"","_jetpack_dont_email_post_to_subs":false,"_jetpack_newsletter_tier_id":0,"_jetpack_memberships_contains_paywalled_content":false,"_jetpack_memberships_contains_paid_content":false,"footnotes":""},"categories":[9],"tags":[830,884,886,530,711,209,13,885,887,888,17,85,526,243,53,883,268],"class_list":["post-8045","post","type-post","status-publish","format-standard","has-post-thumbnail","hentry","category-billets-dhumeur","tag-charlie","tag-connaissance","tag-dompter-les-trolls","tag-education-aux-medias-et-a-linformation","tag-eidos64","tag-information","tag-liberte-dexpression","tag-ligue-du-lol","tag-loi-avia","tag-loi-cyberhaine","tag-publier","tag-reseaux-sociaux","tag-septembre-sans-fin","tag-skyblog","tag-socle-commun","tag-wikimedia","tag-wikipedia"],"jetpack_featured_media_url":"https:\/\/www.culture-numerique.fr\/wp-content\/uploads\/2020\/01\/graffiti-53320_1280.jpg","jetpack_sharing_enabled":true,"_links":{"self":[{"href":"https:\/\/www.culture-numerique.fr\/index.php?rest_route=\/wp\/v2\/posts\/8045","targetHints":{"allow":["GET"]}}],"collection":[{"href":"https:\/\/www.culture-numerique.fr\/index.php?rest_route=\/wp\/v2\/posts"}],"about":[{"href":"https:\/\/www.culture-numerique.fr\/index.php?rest_route=\/wp\/v2\/types\/post"}],"author":[{"embeddable":true,"href":"https:\/\/www.culture-numerique.fr\/index.php?rest_route=\/wp\/v2\/users\/1"}],"replies":[{"embeddable":true,"href":"https:\/\/www.culture-numerique.fr\/index.php?rest_route=%2Fwp%2Fv2%2Fcomments&post=8045"}],"version-history":[{"count":47,"href":"https:\/\/www.culture-numerique.fr\/index.php?rest_route=\/wp\/v2\/posts\/8045\/revisions"}],"predecessor-version":[{"id":8112,"href":"https:\/\/www.culture-numerique.fr\/index.php?rest_route=\/wp\/v2\/posts\/8045\/revisions\/8112"}],"wp:featuredmedia":[{"embeddable":true,"href":"https:\/\/www.culture-numerique.fr\/index.php?rest_route=\/wp\/v2\/media\/8069"}],"wp:attachment":[{"href":"https:\/\/www.culture-numerique.fr\/index.php?rest_route=%2Fwp%2Fv2%2Fmedia&parent=8045"}],"wp:term":[{"taxonomy":"category","embeddable":true,"href":"https:\/\/www.culture-numerique.fr\/index.php?rest_route=%2Fwp%2Fv2%2Fcategories&post=8045"},{"taxonomy":"post_tag","embeddable":true,"href":"https:\/\/www.culture-numerique.fr\/index.php?rest_route=%2Fwp%2Fv2%2Ftags&post=8045"}],"curies":[{"name":"wp","href":"https:\/\/api.w.org\/{rel}","templated":true}]}}