{"id":7915,"date":"2019-06-11T13:35:47","date_gmt":"2019-06-11T11:35:47","guid":{"rendered":"https:\/\/www.culture-numerique.fr\/?p=7915"},"modified":"2019-06-14T18:32:13","modified_gmt":"2019-06-14T16:32:13","slug":"numerique-educatif-quand-tout-va-vraiment-trop-vite-pour-tout-le-monde-moi-y-compris","status":"publish","type":"post","link":"https:\/\/www.culture-numerique.fr\/?p=7915","title":{"rendered":"Num\u00e9rique \u00e9ducatif\u00a0: quand tout va vraiment trop vite pour tout le monde (moi y compris)"},"content":{"rendered":"<p><a href=\"https:\/\/www.culture-numerique.fr\/?attachment_id=7916\" rel=\"attachment wp-att-7916\"><img loading=\"lazy\" decoding=\"async\" class=\"aligncenter wp-image-7916 size-full\" src=\"https:\/\/www.culture-numerique.fr\/wp-content\/uploads\/2019\/05\/open-notebook-1974725_1280.jpg\" alt=\"\" width=\"1280\" height=\"853\" srcset=\"https:\/\/www.culture-numerique.fr\/wp-content\/uploads\/2019\/05\/open-notebook-1974725_1280.jpg 1280w, https:\/\/www.culture-numerique.fr\/wp-content\/uploads\/2019\/05\/open-notebook-1974725_1280-300x200.jpg 300w, https:\/\/www.culture-numerique.fr\/wp-content\/uploads\/2019\/05\/open-notebook-1974725_1280-1024x682.jpg 1024w, https:\/\/www.culture-numerique.fr\/wp-content\/uploads\/2019\/05\/open-notebook-1974725_1280-100x67.jpg 100w, https:\/\/www.culture-numerique.fr\/wp-content\/uploads\/2019\/05\/open-notebook-1974725_1280-150x100.jpg 150w, https:\/\/www.culture-numerique.fr\/wp-content\/uploads\/2019\/05\/open-notebook-1974725_1280-200x133.jpg 200w, https:\/\/www.culture-numerique.fr\/wp-content\/uploads\/2019\/05\/open-notebook-1974725_1280-450x300.jpg 450w, https:\/\/www.culture-numerique.fr\/wp-content\/uploads\/2019\/05\/open-notebook-1974725_1280-600x400.jpg 600w, https:\/\/www.culture-numerique.fr\/wp-content\/uploads\/2019\/05\/open-notebook-1974725_1280-900x600.jpg 900w\" sizes=\"auto, (max-width: 1280px) 100vw, 1280px\" \/><\/a><\/p>\n<p><strong>Voil\u00e0 cinq longs mois que je n&rsquo;ai rien \u00e9crit<\/strong> d&rsquo;autre que des commentaires en r\u00e9action \u00e0 l&rsquo;actualit\u00e9, sur les r\u00e9seaux sociaux. Voil\u00e0 cinq mois donc, presque six bient\u00f4t, que je n&rsquo;ai rien \u00e9crit sur ce blogue, quand il y a quelques ann\u00e9es j&rsquo;\u00e9tais capable d&rsquo;\u00e9crire jusqu&rsquo;\u00e0 cinq articles par mois.<\/p>\n<h3>Que s&rsquo;est-il pass\u00e9 ?<\/h3>\n<p>Je ne sais pas. L&rsquo;hypoth\u00e8se la plus vraisemblable, c&rsquo;est que de nombreux facteurs ont contribu\u00e9 \u00e0 m&rsquo;\u00e9loigner de cette foutue page blanche. Il y a d&rsquo;abord des facteurs personnels d&rsquo;abord, sur lesquels je ne dirai rien. Souvent aussi, je me suis trouv\u00e9 confront\u00e9 \u00e0 l&rsquo;injonction de ressasser de vieilles id\u00e9es, de vieux prurits inutiles, qui n&rsquo;ont finalement, si on veut bien regarder en arri\u00e8re, rien chang\u00e9 du tout. Mais alors rien. C&rsquo;est pourtant sans doute encore ce qui va se passer dans ce billet, la r\u00e9p\u00e9tition de choses d\u00e9j\u00e0 dites\u2026 \u00ab <strong>Lire, certes, mais pourquoi relire ? <\/strong>\u00bb, ma vieille signature d&rsquo;Usenet, au si\u00e8cle dernier, ne suffisait-elle pas ?<\/p>\n<p>J&rsquo;ai commenc\u00e9 vingt billets, proc\u00e9dant toujours de la m\u00eame mani\u00e8re, cherchant d&rsquo;abord et simultan\u00e9ment un titre et une illustration idoine, cens\u00e9es me donner ensuite des id\u00e9es pour d\u00e9velopper mon propos. Et \u00e7a n&rsquo;a pas march\u00e9, \u00e7a ne marchait plus. Tr\u00e8s r\u00e9guli\u00e8rement, je m&rsquo;arr\u00eatais apr\u00e8s quelques lignes, remettant \u00e0 demain une suite qui ne venait jamais.<\/p>\n<p><strong>Tout va vraiment trop vite aujourd&rsquo;hui.<\/strong><\/p>\n<hr \/>\n<h3>Les \u00e9crans, le mal absolu<\/h3>\n<p>Et puis, il y a eu cette journ\u00e9e d&rsquo;\u00e9tudes, tout r\u00e9cemment, le 5 juin, \u00e0 l&rsquo;EHESS, avec comme sujet \u00ab <a href=\"https:\/\/dossiersdecran.sciencesconf.org\/\" target=\"_blank\" rel=\"noopener noreferrer\"><strong>Les dossiers de l&rsquo;\u00e9cran : Controverses, paniques morales et usages \u00e9ducatifs des \u00e9crans<\/strong><\/a> \u00bb. Rappelez-vous, cette journ\u00e9e est celle que je vous avais annonc\u00e9e le 18 octobre dernier dans un billet \u00ab <a href=\"https:\/\/www.culture-numerique.fr\/?p=7734\" target=\"_blank\" rel=\"noopener noreferrer\"><strong>Loin des Lumi\u00e8res num\u00e9riques, quand la recherche est en pleine panique morale<\/strong><\/a> \u00bb qui m&rsquo;a valu quelques inimiti\u00e9s mais aussi, c&rsquo;est rassurant, de nombreux t\u00e9moignages complices, quoique discrets.<\/p>\n<blockquote><p>\u00ab Il convient en effet de se demander comment et pourquoi, aujourd\u2019hui, certaines \u00e9lites intellectuelles, m\u00e9diatiques ou \u00e9ducatives, succombent ainsi \u00e0 des formes de peur, d\u2019angoisse, de panique morale si contagieuse. Qu\u2019a-t-il bien pu se passer ? \u00bb<\/p><\/blockquote>\n<p>Je ne fais pas de compte rendu, d&rsquo;abord parce que je n&rsquo;ai pas pu rester toute la journ\u00e9e, ensuite parce que j&rsquo;ai entendu ce \u00e0 quoi je m&rsquo;attendais et qui \u00e9tait pr\u00e9visible. Plus surprenant que les autres, plus incisif, plus document\u00e9 aussi fut le travail pr\u00e9sent\u00e9 par <a href=\"https:\/\/twitter.com\/2vanssay\" target=\"_blank\" rel=\"noopener noreferrer\">St\u00e9phanie de Vanssay<\/a>, qu&rsquo;elle mettra bient\u00f4t en ligne in extenso, je l&rsquo;esp\u00e8re, dont je vous livre ci-dessous quelques images rigolotes :<\/p>\n<div id=\"attachment_7935\" style=\"width: 310px\" class=\"wp-caption alignleft\"><a href=\"https:\/\/www.culture-numerique.fr\/?attachment_id=7935\" rel=\"attachment wp-att-7935\"><img loading=\"lazy\" decoding=\"async\" aria-describedby=\"caption-attachment-7935\" class=\"wp-image-7935 size-medium\" src=\"https:\/\/www.culture-numerique.fr\/wp-content\/uploads\/2019\/06\/Huffington-Post-22-5-19-300x39.png\" alt=\"\" width=\"300\" height=\"39\" srcset=\"https:\/\/www.culture-numerique.fr\/wp-content\/uploads\/2019\/06\/Huffington-Post-22-5-19-300x39.png 300w, https:\/\/www.culture-numerique.fr\/wp-content\/uploads\/2019\/06\/Huffington-Post-22-5-19-100x13.png 100w, https:\/\/www.culture-numerique.fr\/wp-content\/uploads\/2019\/06\/Huffington-Post-22-5-19-150x19.png 150w, https:\/\/www.culture-numerique.fr\/wp-content\/uploads\/2019\/06\/Huffington-Post-22-5-19-200x26.png 200w, https:\/\/www.culture-numerique.fr\/wp-content\/uploads\/2019\/06\/Huffington-Post-22-5-19-450x58.png 450w, https:\/\/www.culture-numerique.fr\/wp-content\/uploads\/2019\/06\/Huffington-Post-22-5-19-600x78.png 600w, https:\/\/www.culture-numerique.fr\/wp-content\/uploads\/2019\/06\/Huffington-Post-22-5-19-900x116.png 900w, https:\/\/www.culture-numerique.fr\/wp-content\/uploads\/2019\/06\/Huffington-Post-22-5-19.png 912w\" sizes=\"auto, (max-width: 300px) 100vw, 300px\" \/><\/a><p id=\"caption-attachment-7935\" class=\"wp-caption-text\">Le Huffington Post, 22-5-2019<\/p><\/div>\n<div id=\"attachment_7934\" style=\"width: 310px\" class=\"wp-caption alignright\"><a href=\"https:\/\/www.culture-numerique.fr\/?attachment_id=7934\" rel=\"attachment wp-att-7934\"><img loading=\"lazy\" decoding=\"async\" aria-describedby=\"caption-attachment-7934\" class=\"wp-image-7934 size-medium\" src=\"https:\/\/www.culture-numerique.fr\/wp-content\/uploads\/2019\/06\/France-Info-23-8-18-300x36.png\" alt=\"\" width=\"300\" height=\"36\" srcset=\"https:\/\/www.culture-numerique.fr\/wp-content\/uploads\/2019\/06\/France-Info-23-8-18-300x36.png 300w, https:\/\/www.culture-numerique.fr\/wp-content\/uploads\/2019\/06\/France-Info-23-8-18-100x12.png 100w, https:\/\/www.culture-numerique.fr\/wp-content\/uploads\/2019\/06\/France-Info-23-8-18-150x18.png 150w, https:\/\/www.culture-numerique.fr\/wp-content\/uploads\/2019\/06\/France-Info-23-8-18-200x24.png 200w, https:\/\/www.culture-numerique.fr\/wp-content\/uploads\/2019\/06\/France-Info-23-8-18-450x54.png 450w, https:\/\/www.culture-numerique.fr\/wp-content\/uploads\/2019\/06\/France-Info-23-8-18-600x72.png 600w, https:\/\/www.culture-numerique.fr\/wp-content\/uploads\/2019\/06\/France-Info-23-8-18.png 646w\" sizes=\"auto, (max-width: 300px) 100vw, 300px\" \/><\/a><p id=\"caption-attachment-7934\" class=\"wp-caption-text\">France Info 23-8-2018<\/p><\/div>\n<div id=\"attachment_7933\" style=\"width: 310px\" class=\"wp-caption alignleft\"><a href=\"https:\/\/www.culture-numerique.fr\/?attachment_id=7933\" rel=\"attachment wp-att-7933\"><img loading=\"lazy\" decoding=\"async\" aria-describedby=\"caption-attachment-7933\" class=\"wp-image-7933 size-medium\" src=\"https:\/\/www.culture-numerique.fr\/wp-content\/uploads\/2019\/06\/France-Info-15-5-19-300x27.png\" alt=\"\" width=\"300\" height=\"27\" srcset=\"https:\/\/www.culture-numerique.fr\/wp-content\/uploads\/2019\/06\/France-Info-15-5-19-300x27.png 300w, https:\/\/www.culture-numerique.fr\/wp-content\/uploads\/2019\/06\/France-Info-15-5-19-100x9.png 100w, https:\/\/www.culture-numerique.fr\/wp-content\/uploads\/2019\/06\/France-Info-15-5-19-150x14.png 150w, https:\/\/www.culture-numerique.fr\/wp-content\/uploads\/2019\/06\/France-Info-15-5-19-200x18.png 200w, https:\/\/www.culture-numerique.fr\/wp-content\/uploads\/2019\/06\/France-Info-15-5-19-450x41.png 450w, https:\/\/www.culture-numerique.fr\/wp-content\/uploads\/2019\/06\/France-Info-15-5-19-600x54.png 600w, https:\/\/www.culture-numerique.fr\/wp-content\/uploads\/2019\/06\/France-Info-15-5-19.png 728w\" sizes=\"auto, (max-width: 300px) 100vw, 300px\" \/><\/a><p id=\"caption-attachment-7933\" class=\"wp-caption-text\">France Info 15-5-2019<\/p><\/div>\n<div id=\"attachment_7932\" style=\"width: 310px\" class=\"wp-caption alignright\"><a href=\"https:\/\/www.culture-numerique.fr\/?attachment_id=7932\" rel=\"attachment wp-att-7932\"><img loading=\"lazy\" decoding=\"async\" aria-describedby=\"caption-attachment-7932\" class=\"wp-image-7932 size-medium\" src=\"https:\/\/www.culture-numerique.fr\/wp-content\/uploads\/2019\/06\/20-minutes-11-6-17-300x41.png\" alt=\"\" width=\"300\" height=\"41\" srcset=\"https:\/\/www.culture-numerique.fr\/wp-content\/uploads\/2019\/06\/20-minutes-11-6-17-300x41.png 300w, https:\/\/www.culture-numerique.fr\/wp-content\/uploads\/2019\/06\/20-minutes-11-6-17-1024x140.png 1024w, https:\/\/www.culture-numerique.fr\/wp-content\/uploads\/2019\/06\/20-minutes-11-6-17-100x14.png 100w, https:\/\/www.culture-numerique.fr\/wp-content\/uploads\/2019\/06\/20-minutes-11-6-17-150x21.png 150w, https:\/\/www.culture-numerique.fr\/wp-content\/uploads\/2019\/06\/20-minutes-11-6-17-200x27.png 200w, https:\/\/www.culture-numerique.fr\/wp-content\/uploads\/2019\/06\/20-minutes-11-6-17-450x62.png 450w, https:\/\/www.culture-numerique.fr\/wp-content\/uploads\/2019\/06\/20-minutes-11-6-17-600x82.png 600w, https:\/\/www.culture-numerique.fr\/wp-content\/uploads\/2019\/06\/20-minutes-11-6-17-900x123.png 900w, https:\/\/www.culture-numerique.fr\/wp-content\/uploads\/2019\/06\/20-minutes-11-6-17.png 1035w\" sizes=\"auto, (max-width: 300px) 100vw, 300px\" \/><\/a><p id=\"caption-attachment-7932\" class=\"wp-caption-text\">20 Minutes 11-6-2017<\/p><\/div>\n<p>&nbsp;<\/p>\n<p>&nbsp;<\/p>\n<p>&nbsp;<\/p>\n<hr \/>\n<h3>Surveiller la jeunesse, non mais\u2026<\/h3>\n<div id=\"attachment_6183\" style=\"width: 310px\" class=\"wp-caption alignright\"><a href=\"https:\/\/www.culture-numerique.fr\/?attachment_id=6183\" rel=\"attachment wp-att-6183\"><img loading=\"lazy\" decoding=\"async\" aria-describedby=\"caption-attachment-6183\" class=\"wp-image-6183 size-medium\" src=\"https:\/\/www.culture-numerique.fr\/wp-content\/uploads\/2017\/07\/DSC_0200-300x169.jpg\" alt=\"\" width=\"300\" height=\"169\" \/><\/a><p id=\"caption-attachment-6183\" class=\"wp-caption-text\">Cr\u00e9dit photo : Michel Guillou<\/p><\/div>\n<p>La r\u00e9gion Sud, dont ceux qui la dirigent n&rsquo;ont peur de rien, installent, \u00e0 titre d&rsquo;exp\u00e9rimentation pour commencer, avant d&rsquo;envisager un d\u00e9ploiement, des dispositifs de vid\u00e9o-protection, <strong>novlangue pour vid\u00e9o-surveillance<\/strong>, cens\u00e9es contr\u00f4ler, par des portails virtuels, l&rsquo;entr\u00e9e et la sortie des \u00e9l\u00e8ves des lyc\u00e9es en mettant en \u0153uvre des technologies de reconnaissance faciale !<\/p>\n<p><a href=\"https:\/\/www.maregionsud.fr\/a-la-une\/plan-de-mise-en-surete-des-lycees\" target=\"_blank\" rel=\"noopener noreferrer\">Un article fort bien fait<\/a> sur le site de la r\u00e9gion Sud, ex-PACA, nous d\u00e9taille ce plan :<\/p>\n<p><a href=\"https:\/\/www.culture-numerique.fr\/?attachment_id=7957\" rel=\"attachment wp-att-7957\"><img loading=\"lazy\" decoding=\"async\" class=\"size-full wp-image-7957 aligncenter\" src=\"https:\/\/www.culture-numerique.fr\/wp-content\/uploads\/2019\/06\/2019-06-07_121822.png\" alt=\"\" width=\"718\" height=\"327\" srcset=\"https:\/\/www.culture-numerique.fr\/wp-content\/uploads\/2019\/06\/2019-06-07_121822.png 718w, https:\/\/www.culture-numerique.fr\/wp-content\/uploads\/2019\/06\/2019-06-07_121822-300x137.png 300w, https:\/\/www.culture-numerique.fr\/wp-content\/uploads\/2019\/06\/2019-06-07_121822-100x46.png 100w, https:\/\/www.culture-numerique.fr\/wp-content\/uploads\/2019\/06\/2019-06-07_121822-150x68.png 150w, https:\/\/www.culture-numerique.fr\/wp-content\/uploads\/2019\/06\/2019-06-07_121822-200x91.png 200w, https:\/\/www.culture-numerique.fr\/wp-content\/uploads\/2019\/06\/2019-06-07_121822-450x205.png 450w, https:\/\/www.culture-numerique.fr\/wp-content\/uploads\/2019\/06\/2019-06-07_121822-600x273.png 600w\" sizes=\"auto, (max-width: 718px) 100vw, 718px\" \/><\/a><\/p>\n<p>Tout cela se fait avec l&rsquo;accord de la CNIL qui n&rsquo;y a vu que du feu et surtout pas en quoi cette op\u00e9ration orwellienne \u00e9tait attentatoire aux libert\u00e9s fondamentales. <em><a href=\"https:\/\/www.nextinpact.com\/news\/107629-quatre-associations-attaquent-reconnaissance-faciale-testee-dans-deux-lycees-paca.htm\" target=\"_blank\" rel=\"noopener noreferrer\">Nextinpact<\/a><\/em> nous confirme bien l&rsquo;intention de la r\u00e9gion <strong>de proc\u00e9der \u00e0 une g\u00e9n\u00e9ralisation<\/strong> et nous apprend que, fort heureusement, quatre associations ont d\u00e9cid\u00e9 de contester devant le tribunal administratif de Marseille la d\u00e9lib\u00e9ration du conseil r\u00e9gional autorisant ce dispositif biom\u00e9trique. Je vous recommande chaudement la lecture de <a href=\"https:\/\/www.nextinpact.com\/news\/107629-quatre-associations-attaquent-reconnaissance-faciale-testee-dans-deux-lycees-paca.htm\" target=\"_blank\" rel=\"noopener noreferrer\">cet article<\/a>, maintenant en acc\u00e8s libre, qui \u00e9nonce les moyens mis en \u0153uvre pour d\u00e9noncer cette op\u00e9ration d\u00e9magogique et \u00e9lectoraliste.<\/p>\n<blockquote><p>\u00ab \u2026 Cette exp\u00e9rimentation vise \u00e0 accoutumer les \u00e9l\u00e8ves \u00e0 une surveillance biom\u00e9trique. Cela participe \u00e0 la banalisation de ce type de technologies, alors que des projets s\u00e9curitaires de vid\u00e9osurveillance dop\u00e9es \u00e0 la reconnaissance faciale pullulent d\u00e9sormais sur le territoire fran\u00e7ais\u2026 \u00bb, \u00e9nonce un juriste de <a href=\"https:\/\/www.laquadrature.net\/\" target=\"_blank\" rel=\"noopener noreferrer\">la Quadrature du Net<\/a>.<\/p><\/blockquote>\n<p><strong>Tout va d\u00e9cid\u00e9ment trop vite.<\/strong><\/p>\n<p>[<strong>Mise \u00e0 jour n\u00b01 du 14 juin<\/strong> : un lecteur averti me signale que la CNIL n&rsquo;a pas donn\u00e9 d&rsquo;accord \u00e0 cette exp\u00e9rimentation, mais a \u00e9t\u00e9 consult\u00e9e pour expertise et n&rsquo;a pas rendu d&rsquo;avis encore. Elle a demand\u00e9 des \u00e9claircissements, en attente de l&rsquo;analyse d&rsquo;impact obligatoire.]<\/p>\n<p>[<strong>Mise \u00e0 jour n\u00b02 du 14 juin<\/strong> : des \u00e9l\u00e8ves du lyc\u00e9e Les Eucalyptus \u00e0 Nice ont lanc\u00e9 une p\u00e9tition pour exiger le retrait du projet, dont on apprend qu&rsquo;il sera aussi port\u00e9 par Cisco]<\/p>\n<hr \/>\n<h3>Booster son growth-hacking<\/h3>\n<p>Oui, tout va trop vite, pour tout le monde. Savez-vous, les entreprises qui, dop\u00e9es aux subventions publiques, travaillent \u00e0 redessiner les contours technologiques de l&rsquo;enseignement de demain sont r\u00e9unies dans un ensemble appel\u00e9 Edtech :<\/p>\n<blockquote><p>\u00ab L\u2019initiative des entrepreneurs fran\u00e7ais qui ont d\u00e9cid\u00e9 de rendre la technologie utile \u00e0 l\u2019\u00e9ducation et la formation. \u00bb<\/p><\/blockquote>\n<p>C&rsquo;est ce qu&rsquo;on peut lire en exergue sur <a href=\"https:\/\/edtechfrance.fr\/\" target=\"_blank\" rel=\"noopener noreferrer\">le site d\u00e9di\u00e9<\/a>. Cette phrase est assez symptomatique de l&rsquo;\u00e9tat d&rsquo;esprit qui anime ces entrepreneurs startuppeurs audacieux et innovants. Ils ont des id\u00e9es pour l&rsquo;\u00e9ducation et la formation et veulent le faire savoir. Coluche aurait pu dire qu&rsquo;ils ont surtout des id\u00e9es. Leurs communicants et commerciaux, gonfl\u00e9s aux anglicismes qui constellent un charabia indigeste, t\u00e9moignant d&rsquo;un insupportable entre-soi, continuent \u00e0 parler exclusivement \u00ab digital \u00bb alors que ce mot n&rsquo;est pr\u00e9sent nulle part dans la communication institutionnelle. Je ne suis pas trop dou\u00e9 en marketing mais la moindre des choses me semble \u00eatre d&rsquo;utiliser le m\u00eame vocabulaire que ses clients, d\u00e9cideurs des commandes ou utilisateurs. En l&rsquo;affaire, c&rsquo;est compl\u00e8tement rat\u00e9. Un petit tour sur les stands aux <a href=\"http:\/\/www.orme-multimedia.org\/index.php\/ouverture-officielle\/\" target=\"_blank\" rel=\"noopener noreferrer\">derni\u00e8res rencontres de l&rsquo;Orme<\/a> \u00e0 Marseille m&rsquo;a permis de prendre conscience de la distance consid\u00e9rable \u2013 sur le plan vertical, car nombre de ces gens sont hors-sol\u00a0\u2013 qui s\u00e9parait ces \u00ab\u00a0startups \u00bb, jeunes pousses en fran\u00e7ais, de la r\u00e9alit\u00e9 du terrain et des v\u00e9ritables besoins des enseignants.<\/p>\n<div id=\"attachment_7963\" style=\"width: 543px\" class=\"wp-caption aligncenter\"><a href=\"https:\/\/www.culture-numerique.fr\/?attachment_id=7963\" rel=\"attachment wp-att-7963\"><img loading=\"lazy\" decoding=\"async\" aria-describedby=\"caption-attachment-7963\" class=\"wp-image-7963 size-full\" src=\"https:\/\/www.culture-numerique.fr\/wp-content\/uploads\/2019\/06\/DSC_1277-e1559911423247.jpg\" alt=\"\" width=\"533\" height=\"177\" srcset=\"https:\/\/www.culture-numerique.fr\/wp-content\/uploads\/2019\/06\/DSC_1277-e1559911423247.jpg 533w, https:\/\/www.culture-numerique.fr\/wp-content\/uploads\/2019\/06\/DSC_1277-e1559911423247-300x100.jpg 300w, https:\/\/www.culture-numerique.fr\/wp-content\/uploads\/2019\/06\/DSC_1277-e1559911423247-100x33.jpg 100w, https:\/\/www.culture-numerique.fr\/wp-content\/uploads\/2019\/06\/DSC_1277-e1559911423247-150x50.jpg 150w, https:\/\/www.culture-numerique.fr\/wp-content\/uploads\/2019\/06\/DSC_1277-e1559911423247-200x66.jpg 200w, https:\/\/www.culture-numerique.fr\/wp-content\/uploads\/2019\/06\/DSC_1277-e1559911423247-450x149.jpg 450w\" sizes=\"auto, (max-width: 533px) 100vw, 533px\" \/><\/a><p id=\"caption-attachment-7963\" class=\"wp-caption-text\">Cr\u00e9dit photo : Michel Guillou<\/p><\/div>\n<p><strong>Leur ma\u00eetre mot est \u00ab solution \u00bb<\/strong>, autre anglicisme vide de sens, qui fleurissait sur toutes les banni\u00e8res et tous les calicots des marchands. Ces derniers ont des solutions quand la grande majorit\u00e9 des enseignants pr\u00e9tendent n&rsquo;avoir aucun probl\u00e8me. \u00c0 moins qu&rsquo;il s&rsquo;agisse de d&rsquo;abord faire plaisir \u00e0 ceux qui passent commande, les collectivit\u00e9s pour l&rsquo;essentiel\u2026 avec beaucoup d&rsquo;arguments fallacieux et d\u00e9magogiques, l\u00e0 encore bien \u00e9loign\u00e9s des r\u00e9alit\u00e9s de la classe\u2026 et de la r\u00e9alit\u00e9 du num\u00e9rique dans l&rsquo;\u00e9cole.<\/p>\n<p>Je ne souhaite ni caricaturer ni g\u00e9n\u00e9raliser car il existe bien des entreprises qui font l&rsquo;effort d&rsquo;accompagner au mieux, et c&rsquo;est loin d&rsquo;\u00eatre facile, la transformation num\u00e9rique de l&rsquo;\u00e9cole et, avec beaucoup d&rsquo;humilit\u00e9, proposent aux enseignants d&rsquo;abord des produits simples et fonctionnels. Mais les marchands vertueux (oxymore ?) sont bien rares, la majorit\u00e9 des autres se contentant de recycler ou de restaurer de vieux machins us\u00e9s ou d&rsquo;inventer d&rsquo;autres bidules inadapt\u00e9s, provenant bien souvent du bricolage \u00e0 la va-vite d&rsquo;un produit \u00e9tranger. \u00c0 l&rsquo;occasion, je vous en dirai davantage.<\/p>\n<hr \/>\n<h3>Retour \u00e0 la buvette parlementaire<\/h3>\n<p>Vous savez que j&rsquo;aime mettre mon nez dans les commissions ou les trav\u00e9es \u00e0 l&rsquo;Assembl\u00e9e nationale ou au S\u00e9nat d\u00e8s qu&rsquo;il s&rsquo;agit de l&rsquo;\u00e9cole, ou du num\u00e9rique \u00e9ducatif en particulier. Les d\u00e9bats qui ont \u00e9maill\u00e9 la discussion relative au vote du projet de loi relatif \u00e0 l\u2019<strong>encadrement de l\u2019utilisation du t\u00e9l\u00e9phone portable<\/strong> dans les \u00e9coles et les coll\u00e8ges m&rsquo;avaient offert l&rsquo;occasion, moment de rare plaisir, de vous offrir un floril\u00e8ge des r\u00e9flexions \u00e0 ce sujet des parlementaires de tous bords qui avaient daign\u00e9 donner, en plein mois d&rsquo;ao\u00fbt dernier, leur avis l\u00e0-dessus. Si vous avez rat\u00e9 \u00e7a, je vous le recommande, <a href=\"https:\/\/www.culture-numerique.fr\/?p=7692\" target=\"_blank\" rel=\"noopener noreferrer\">c&rsquo;est l\u00e0<\/a>.<\/p>\n<p>Mais bon, en l&rsquo;occurrence, c&rsquo;est diff\u00e9rent. Le 6 f\u00e9vrier dernier, devant le ministre, <a href=\"http:\/\/www.assemblee-nationale.fr\/15\/cri\/2018-2019\/20190139.asp#P1607714\" target=\"_blank\" rel=\"noopener noreferrer\">on d\u00e9battait \u00e0 l&rsquo;Assembl\u00e9e nationale<\/a> de <strong>la place de l&rsquo;\u00e9cole dans la soci\u00e9t\u00e9 du num\u00e9rique<\/strong> et le rapporteur, pr\u00e9sident de la commission des affaires culturelles et de l\u2019\u00e9ducation, rendait compte du travail de la mission d&rsquo;information qu&rsquo;il a pilot\u00e9e. <a href=\"https:\/\/fr.wikipedia.org\/wiki\/Bruno_Studer\" target=\"_blank\" rel=\"noopener noreferrer\">M.\u00a0Bruno Studer<\/a>, c&rsquo;est son nom, commence. Je vous livre <em>in extenso<\/em> sa premi\u00e8re phrase :<\/p>\n<blockquote><p>\u00ab\u00a0En l\u2019espace d\u2019une g\u00e9n\u00e9ration, le num\u00e9rique est devenu un fait social total, et la soci\u00e9t\u00e9 num\u00e9rique une r\u00e9alit\u00e9 quotidienne. \u00bb<\/p><\/blockquote>\n<p>Pour tout vous dire, les bras m&rsquo;en tombent. Autant de lucidit\u00e9 chez un parlementaire est rarissime. Vous qui me lisez savez que je ne peux qu&rsquo;applaudir des deux mains. Il encha\u00eene :<\/p>\n<blockquote><p>\u00ab Face aux responsabilit\u00e9s qui lui incombent, l\u2019\u00e9cole de la R\u00e9publique ne peut en effet se concevoir comme un sanctuaire : elle doit donner \u00e0 nos enfants les clefs de leur vie num\u00e9rique.\u00a0\u00bb<\/p><\/blockquote>\n<p>Voil\u00e0 qui vient en opposition \u00e0 l&rsquo;impression d\u00e9sastreuse des lettres de rentr\u00e9e qui viennent de para\u00eetre au Bulletin officiel et qui ne disent pas un mot du num\u00e9rique. L\u00e0 encore, je ne peux que dire mon accord avec le rapporteur. La suite n&rsquo;est pas du m\u00eame tonneau puisque Bruno Studer se trompe en nous parlant d&rsquo;informatique comme une des cl\u00e9s de la vie num\u00e9rique des \u00e9l\u00e8ves, ce qui vient contredire son introduction sur le num\u00e9rique vu comme un fait social total. Ce n&rsquo;est pas bien grave, il s&rsquo;agit en l&rsquo;affaire d&rsquo;une nouvelle all\u00e9geance aux lobbys qui ne saurait nous \u00e9tonner venant d&rsquo;un parlementaire.<\/p>\n<p><div id=\"attachment_7697\" style=\"width: 310px\" class=\"wp-caption alignright\"><a href=\"https:\/\/www.culture-numerique.fr\/?attachment_id=7697\" rel=\"attachment wp-att-7697\"><img loading=\"lazy\" decoding=\"async\" aria-describedby=\"caption-attachment-7697\" class=\"wp-image-7697 size-medium\" src=\"https:\/\/www.culture-numerique.fr\/wp-content\/uploads\/2018\/08\/Honor\u00e9_Daumier_-_LExposition_Universelle-_Vue_prise_\u00e0_la_buvette_pendant_la_canicule_-_Google_Art_Project-300x253.jpg\" alt=\"\" width=\"300\" height=\"253\" srcset=\"https:\/\/www.culture-numerique.fr\/wp-content\/uploads\/2018\/08\/Honor\u00e9_Daumier_-_LExposition_Universelle-_Vue_prise_\u00e0_la_buvette_pendant_la_canicule_-_Google_Art_Project-300x253.jpg 300w, https:\/\/www.culture-numerique.fr\/wp-content\/uploads\/2018\/08\/Honor\u00e9_Daumier_-_LExposition_Universelle-_Vue_prise_\u00e0_la_buvette_pendant_la_canicule_-_Google_Art_Project.jpg 1024w, https:\/\/www.culture-numerique.fr\/wp-content\/uploads\/2018\/08\/Honor\u00e9_Daumier_-_LExposition_Universelle-_Vue_prise_\u00e0_la_buvette_pendant_la_canicule_-_Google_Art_Project-178x150.jpg 178w, https:\/\/www.culture-numerique.fr\/wp-content\/uploads\/2018\/08\/Honor\u00e9_Daumier_-_LExposition_Universelle-_Vue_prise_\u00e0_la_buvette_pendant_la_canicule_-_Google_Art_Project-100x84.jpg 100w, https:\/\/www.culture-numerique.fr\/wp-content\/uploads\/2018\/08\/Honor\u00e9_Daumier_-_LExposition_Universelle-_Vue_prise_\u00e0_la_buvette_pendant_la_canicule_-_Google_Art_Project-150x127.jpg 150w, https:\/\/www.culture-numerique.fr\/wp-content\/uploads\/2018\/08\/Honor\u00e9_Daumier_-_LExposition_Universelle-_Vue_prise_\u00e0_la_buvette_pendant_la_canicule_-_Google_Art_Project-200x169.jpg 200w, https:\/\/www.culture-numerique.fr\/wp-content\/uploads\/2018\/08\/Honor\u00e9_Daumier_-_LExposition_Universelle-_Vue_prise_\u00e0_la_buvette_pendant_la_canicule_-_Google_Art_Project-450x380.jpg 450w, https:\/\/www.culture-numerique.fr\/wp-content\/uploads\/2018\/08\/Honor\u00e9_Daumier_-_LExposition_Universelle-_Vue_prise_\u00e0_la_buvette_pendant_la_canicule_-_Google_Art_Project-600x506.jpg 600w, https:\/\/www.culture-numerique.fr\/wp-content\/uploads\/2018\/08\/Honor\u00e9_Daumier_-_LExposition_Universelle-_Vue_prise_\u00e0_la_buvette_pendant_la_canicule_-_Google_Art_Project-900x759.jpg 900w\" sizes=\"auto, (max-width: 300px) 100vw, 300px\" \/><\/a><p id=\"caption-attachment-7697\" class=\"wp-caption-text\">Cr\u00e9dit image : Honor\u00e9 Daumier [Public domain], via Wikimedia Commons<\/p><\/div>La parole est alors donn\u00e9e \u00e0 <a href=\"https:\/\/fr.wikipedia.org\/wiki\/G%C3%A9raldine_Bannier\" target=\"_blank\" rel=\"noopener noreferrer\">Mme G\u00e9raldine Bannier<\/a>, d\u00e9put\u00e9e du Modem, qui d\u00e9clare d&rsquo;entr\u00e9e\u00a0:<\/p>\n<blockquote><p>\u00ab La mutation num\u00e9rique, \u00e0 la fois globale et ultrarapide, et qui est \u00e0 l\u2019origine de modifications touchant \u00e0 toutes les dimensions, intimes ou professionnelles, de nos existences, est un choc historique comparable \u00e0 ce que furent l\u2019apparition de l\u2019\u00e9criture ou l\u2019invention de l\u2019imprimerie. \u00bb<\/p><\/blockquote>\n<p>Au-del\u00e0 du clich\u00e9 de la comparaison historique, il s&rsquo;agit l\u00e0 encore de prol\u00e9gom\u00e8nes tr\u00e8s lucides. Un peu plus tard\u00a0:<\/p>\n<blockquote><p>\u00ab \u00c0 l\u2019\u00e9cole \u2013 je l\u2019ai v\u00e9cu \u2013, l\u2019acc\u00e8s \u00e0 l\u2019information se trouvant d\u00e9multipli\u00e9, c\u2019est la position m\u00eame de l\u2019enseignant qui se trouve modifi\u00e9e. Il n\u2019est en effet plus le seul sachant face \u00e0 l\u2019\u00e9l\u00e8ve \u2013 lequel trouve, via le web, d\u2019autres sources infinies d\u2019information \u2013 mais doit guider ce dernier \u00e0 travers une masse nouvelle et vertigineuse de donn\u00e9es qui toutes doivent \u00eatre v\u00e9rifi\u00e9es et requi\u00e8rent donc de la vigilance. \u00bb<\/p><\/blockquote>\n<p>C&rsquo;est bien aussi, ne trouvez-vous pas ? Je vous fais gr\u00e2ce de la suite qui montre que notre d\u00e9put\u00e9e n&rsquo;a pas tout compris, reproduisant nombre d&rsquo;approximations s\u00e9mantiques entre num\u00e9rique et informatique, num\u00e9rique et outillage num\u00e9rique, avec en point d&rsquo;orgue le fameux \u00ab outil num\u00e9rique\u00a0\u00bb\u2026 tr\u00e8s \u00e0 la mode dans les rangs puisque d&rsquo;autres parlementaires, qui n&rsquo;ont pas \u00e9cout\u00e9 M. Bruno Studer, continuent, apr\u00e8s notre intervenante, \u00e0 ressasser cette stupide expression.<\/p>\n<p><a href=\"https:\/\/fr.wikipedia.org\/wiki\/Laure_de_La_Raudi%C3%A8re\" target=\"_blank\" rel=\"noopener noreferrer\">Mme Laure de La Raudi\u00e8re<\/a>, du groupe Agir, intervient ensuite. Militante du num\u00e9rique depuis des ann\u00e9es, elle conna\u00eet son sujet, notamment ce qui concerne les rapport du num\u00e9rique et de l&rsquo;\u00e9conomie. C&rsquo;est la raison pour laquelle son regard et ses prises de position sont parfois un peu \u00e9loign\u00e9es des r\u00e9alit\u00e9s de l&rsquo;\u00e9cole. Mais elle est la seule \u00e0 souligner <strong>les enjeux de la publication en ligne<\/strong> et l&rsquo;importance de son apprentissage, ce en quoi elle a tout mon soutien.<\/p>\n<p><strong>C&rsquo;est apr\u00e8s que \u00e7a se g\u00e2te<\/strong>. Je vous fais gr\u00e2ce de tout cela. Vous en prendrez connaissance et ferez sans doute, comme moi, le compte des propos incoh\u00e9rents, apeur\u00e9s, nourris par les fantasmes personnels ou les enqu\u00eates pseudo-scientifiques dont les parlementaires rapportent les r\u00e9sultats, \u00e9tant ainsi sur ce sujet les premiers \u00e0 colporter infox et autres bobards. Pas de doute, on \u00e9tait bien revenus au bistrot.<\/p>\n<hr \/>\n<h3>Entre mythes \u00e0 gogo et poudre aux yeux<\/h3>\n<div id=\"attachment_7908\" style=\"width: 1290px\" class=\"wp-caption aligncenter\"><a href=\"https:\/\/www.culture-numerique.fr\/?attachment_id=7908\" rel=\"attachment wp-att-7908\"><img loading=\"lazy\" decoding=\"async\" aria-describedby=\"caption-attachment-7908\" class=\"wp-image-7908 size-full\" src=\"https:\/\/www.culture-numerique.fr\/wp-content\/uploads\/2019\/05\/dragon-3462724_1280.jpg\" alt=\"\" width=\"1280\" height=\"778\" srcset=\"https:\/\/www.culture-numerique.fr\/wp-content\/uploads\/2019\/05\/dragon-3462724_1280.jpg 1280w, https:\/\/www.culture-numerique.fr\/wp-content\/uploads\/2019\/05\/dragon-3462724_1280-300x182.jpg 300w, https:\/\/www.culture-numerique.fr\/wp-content\/uploads\/2019\/05\/dragon-3462724_1280-1024x622.jpg 1024w, https:\/\/www.culture-numerique.fr\/wp-content\/uploads\/2019\/05\/dragon-3462724_1280-100x61.jpg 100w, https:\/\/www.culture-numerique.fr\/wp-content\/uploads\/2019\/05\/dragon-3462724_1280-150x91.jpg 150w, https:\/\/www.culture-numerique.fr\/wp-content\/uploads\/2019\/05\/dragon-3462724_1280-200x122.jpg 200w, https:\/\/www.culture-numerique.fr\/wp-content\/uploads\/2019\/05\/dragon-3462724_1280-450x274.jpg 450w, https:\/\/www.culture-numerique.fr\/wp-content\/uploads\/2019\/05\/dragon-3462724_1280-600x365.jpg 600w, https:\/\/www.culture-numerique.fr\/wp-content\/uploads\/2019\/05\/dragon-3462724_1280-900x547.jpg 900w\" sizes=\"auto, (max-width: 1280px) 100vw, 1280px\" \/><\/a><p id=\"caption-attachment-7908\" class=\"wp-caption-text\">Cr\u00e9dit image\u00a0: Artie_Navarre sur <a href=\"https:\/\/pixabay.com\/fr\/illustrations\/dragon-les-dragons-monstre-monstres-3462724\/\" target=\"_blank\" rel=\"noopener noreferrer\">Pixabay<\/a><\/p><\/div>\n<p><strong>Les ressources num\u00e9riques<\/strong> ont ceci de particulier qu&rsquo;elles donnent naissance, \u00e0 intervalles r\u00e9guliers, \u00e0 la naissance de mythes nombreux et diff\u00e9rents.<\/p>\n<p>Le premier \u00e9nonce qu&rsquo;<strong>une bonne ressource num\u00e9rique est une ressource centralis\u00e9e<\/strong>, stock\u00e9e quelque part o\u00f9 elle est rep\u00e9rable, identifiable, o\u00f9 elle peut \u00eatre valoris\u00e9e. J&rsquo;ai eu plusieurs fois l&rsquo;occasion de dire pourquoi c&rsquo;\u00e9tait faux et en quoi le flux et la circulation des ressources \u00e9tait profitable \u00e0 tous. En vain. Comme \u00e7a arrange tout le monde et surtout les promoteurs de business et d&rsquo;id\u00e9ologie institutionnelle, on continue \u00e0 stocker, \u00e0 centraliser, \u00e0 entreposer sur des plateformes web.<\/p>\n<p>Le deuxi\u00e8me \u00e9nonce qu&rsquo;<strong>une bonne ressource est une ressource non libre<\/strong>, munie des verrous num\u00e9riques obligatoires pour emp\u00eacher qu&rsquo;elle circule. Les libristes diraient qu&rsquo;elle est privatrice, qu&rsquo;elle prive le consommateur de ses libert\u00e9s en l&rsquo;affaire, c&rsquo;est une certitude. Et ils ont bien raison.<\/p>\n<p>Le troisi\u00e8me mythe \u00e9dicte qu&rsquo;<strong>une bonne ressource doit avoir un nom anglais<\/strong>, un \u00ab serious game \u00bb, un \u00ab escape game \u00bb, et qu&rsquo;on sera r\u00e9compens\u00e9 de la r\u00e9ussite en gagnant un \u00ab open badge \u00bb. Dois-je commenter ? C&rsquo;est tellement risible\u2026 et ridicule \u00e0 la fois.<\/p>\n<p><a href=\"https:\/\/www.culture-numerique.fr\/?attachment_id=7895\" rel=\"attachment wp-att-7895\"><img loading=\"lazy\" decoding=\"async\" class=\"wp-image-7895 size-medium alignright\" src=\"https:\/\/www.culture-numerique.fr\/wp-content\/uploads\/2019\/05\/2019-05-07_181243-298x300.png\" alt=\"\" width=\"298\" height=\"300\" srcset=\"https:\/\/www.culture-numerique.fr\/wp-content\/uploads\/2019\/05\/2019-05-07_181243-298x300.png 298w, https:\/\/www.culture-numerique.fr\/wp-content\/uploads\/2019\/05\/2019-05-07_181243-150x151.png 150w, https:\/\/www.culture-numerique.fr\/wp-content\/uploads\/2019\/05\/2019-05-07_181243-100x101.png 100w, https:\/\/www.culture-numerique.fr\/wp-content\/uploads\/2019\/05\/2019-05-07_181243-200x202.png 200w, https:\/\/www.culture-numerique.fr\/wp-content\/uploads\/2019\/05\/2019-05-07_181243-300x302.png 300w, https:\/\/www.culture-numerique.fr\/wp-content\/uploads\/2019\/05\/2019-05-07_181243-450x454.png 450w, https:\/\/www.culture-numerique.fr\/wp-content\/uploads\/2019\/05\/2019-05-07_181243-600x605.png 600w, https:\/\/www.culture-numerique.fr\/wp-content\/uploads\/2019\/05\/2019-05-07_181243-50x50.png 50w, https:\/\/www.culture-numerique.fr\/wp-content\/uploads\/2019\/05\/2019-05-07_181243.png 750w\" sizes=\"auto, (max-width: 298px) 100vw, 298px\" \/><\/a>Le quatri\u00e8me mythe \u00e9nonce que <strong>ces ressources doivent avoir \u00e9t\u00e9 valid\u00e9es<\/strong>. D&rsquo;autres adjectifs peuvent venir renforcer cette id\u00e9e de validation : on peut aussi les dire <strong>qualifi\u00e9es, approuv\u00e9es, certifi\u00e9es\u2026<\/strong> En 2012 d\u00e9j\u00e0, j&rsquo;avais d\u00e9nonc\u00e9 ce curieux travers, tr\u00e8s handicapant avec le num\u00e9rique, par un article intitul\u00e9 \u00ab <a href=\"https:\/\/www.culture-numerique.fr\/?p=555\" target=\"_blank\" rel=\"noopener noreferrer\"><strong>La grande illusion du tampon institutionnel<\/strong><\/a> \u00bb. Comme le r\u00e9flexe des \u00e9lites de l&rsquo;\u00e9ducation ne semblait pas trop \u00e9voluer favorablement et que l&rsquo;illusion perdurait, j&rsquo;avais eu l&rsquo;occasion de redire combien \u00e9tait vaine cette pr\u00e9tention de la validation.<\/p>\n<p>En 2016 encore, quand le minist\u00e8re s&rsquo;est mis dans la t\u00eate de proposer de la lecture de presse aux \u00e9l\u00e8ves \u00e0 travers une plateforme d\u00e9di\u00e9e, on a imagin\u00e9 en haut lieu, contre tous les principes qui pr\u00e9valent en mati\u00e8re d&rsquo;\u00e9ducation aux m\u00e9dias et \u00e0 l&rsquo;information, dont le n\u00e9cessaire pluralisme, de r\u00e9duire l\u2019\u00e9chantillon \u00e0 \u00ab une quinzaine de titres de la presse \u00e9crite quotidienne nationale et \u00e9trang\u00e8re, s\u00e9lectionn\u00e9s par le minist\u00e8re \u00bb ou, comme dit par ailleurs, \u00e0 \u00ab <strong>une presse qualifi\u00e9e<\/strong> \u00bb.\u00a0 M\u00eame si cette plateforme s&rsquo;est aujourd&rsquo;hui \u00e9largie, le principe de la qualification pr\u00e9alable n&rsquo;a pas chang\u00e9. Quels sont ses crit\u00e8res ? Nul le sait. Vous trouverez tout cela dans \u00ab\u00a0<a href=\"https:\/\/www.culture-numerique.fr\/?p=4804\" target=\"_blank\" rel=\"noopener noreferrer\"><strong>\u00c9duquer aux m\u00e9dias, certes, mais aux seuls m\u00e9dias valid\u00e9s par l\u2019institution<\/strong><\/a>\u00bb. Cette m\u00eame ann\u00e9e, je me demandais s\u00e9rieusement si on ne se dirigeait pas tout droit \u00ab <a href=\"https:\/\/www.culture-numerique.fr\/?p=5146\" target=\"_blank\" rel=\"noopener noreferrer\"><strong>Vers un label pour une information d\u2019\u00c9tat ?<\/strong><\/a> \u00bb.<\/p>\n<p>Ces derniers temps, j&rsquo;avais not\u00e9 en plusieurs occasions avoir per\u00e7u comme un progr\u00e8s la perception suppos\u00e9e par l&rsquo;encadrement de l&rsquo;illusion du tampon. Mais les bonnes r\u00e9solutions sont comme les ph\u00e9nom\u00e8nes de mode, leur caract\u00e8re cyclique les remet vite en d\u00e9bat. C&rsquo;est ainsi qu&rsquo;\u00e0 deux reprises, au moins, tout r\u00e9cemment, j&rsquo;ai compris qu&rsquo;on n&rsquo;avait, du cot\u00e9 des valideurs qui s&rsquo;autorisent \u00e0 valider, renonc\u00e9 \u00e0 rien de ce point de vue et que les vieux r\u00e9flexes revenaient.<\/p>\n<p><strong>La premi\u00e8re fois<\/strong>, c&rsquo;est sur le chemin de Marseille et de l&rsquo;Orme, en avril dernier, \u00e0 la lecture de ce tweet :<\/p>\n<blockquote class=\"twitter-tweet\" data-width=\"550\" data-dnt=\"true\">\n<p lang=\"fr\" dir=\"ltr\"><a href=\"https:\/\/twitter.com\/hashtag\/Orme2019?src=hash&amp;ref_src=twsrc%5Etfw\">#Orme2019<\/a> <a href=\"https:\/\/twitter.com\/hashtag\/%C3%A9duth%C3%A8que?src=hash&amp;ref_src=twsrc%5Etfw\">#\u00e9duth\u00e8que<\/a> ce sont 80 000 <a href=\"https:\/\/twitter.com\/hashtag\/ress_num?src=hash&amp;ref_src=twsrc%5Etfw\">#ress_num<\/a> institutionnelles = <a href=\"https:\/\/twitter.com\/hashtag\/RGPD?src=hash&amp;ref_src=twsrc%5Etfw\">#RGPD<\/a> compatibles \u2795 valid\u00e9es p\u00e9dagogiquement ! \u00c9changes et retours d&#39;usages jeudi 25\/04 \u00e0 14h salle 9\u20e32\u20e3 avec <a href=\"https:\/\/twitter.com\/MarcLopes77?ref_src=twsrc%5Etfw\">@MarcLopes77<\/a> <a href=\"https:\/\/twitter.com\/athillay?ref_src=twsrc%5Etfw\">@athillay<\/a>   <a href=\"https:\/\/twitter.com\/hashtag\/INAjalons?src=hash&amp;ref_src=twsrc%5Etfw\">#INAjalons<\/a> <a href=\"https:\/\/twitter.com\/hashtag\/Arte?src=hash&amp;ref_src=twsrc%5Etfw\">#Arte<\/a> <a href=\"https:\/\/twitter.com\/hashtag\/%C3%A9dug%C3%A9o?src=hash&amp;ref_src=twsrc%5Etfw\">#\u00e9dug\u00e9o<\/a> <a href=\"https:\/\/twitter.com\/hashtag\/Th%C3%A9%C3%A2treEnActe?src=hash&amp;ref_src=twsrc%5Etfw\">#Th\u00e9\u00e2treEnActe<\/a> <a href=\"https:\/\/twitter.com\/hashtag\/ERSILIA?src=hash&amp;ref_src=twsrc%5Etfw\">#ERSILIA<\/a> <a href=\"https:\/\/twitter.com\/reseau_canope?ref_src=twsrc%5Etfw\">@reseau_canope<\/a> <a href=\"https:\/\/twitter.com\/Eduscol?ref_src=twsrc%5Etfw\">@Eduscol<\/a> <a href=\"https:\/\/t.co\/S4j0D1cZur\">pic.twitter.com\/S4j0D1cZur<\/a><\/p>\n<p>&mdash; Delphine Regnard (@drmlj) <a href=\"https:\/\/twitter.com\/drmlj\/status\/1120955207352049664?ref_src=twsrc%5Etfw\">April 24, 2019<\/a><\/p><\/blockquote>\n<p><script async src=\"https:\/\/platform.twitter.com\/widgets.js\" charset=\"utf-8\"><\/script><\/p>\n<p>Passe encore que les ressources de l&rsquo;<a href=\"https:\/\/www.edutheque.fr\/accueil.html\" target=\"_blank\" rel=\"noopener noreferrer\">\u00c9duth\u00e8que<\/a> soient, contre toute raison, <strong>centralis\u00e9es<\/strong> sur une plateforme unique, passe encore qu&rsquo;on les dise \u00ab <strong>RGPD compatibles<\/strong> \u00bb, ce qui fait toujours un peu sourire quand on sait \u00e0 quel point l&rsquo;\u00e9cole a pris du retard et bien des libert\u00e9s \u00e0 ce sujet, mais annoncer comme un progr\u00e8s ou comme important que ces ressources sont \u00ab <strong>valid\u00e9es p\u00e9dagogiquement\u00a0<\/strong>\u00bb est un moment rare de franche rigolade. Il est, pour tout dire, proprement stup\u00e9fiant, en contexte num\u00e9rique, o\u00f9 jamais on a autant \u00e9chang\u00e9 et collabor\u00e9 entre enseignants, de prendre conscience que des cadres ou des inspecteurs imaginent encore que leur avis compte pour qualifier ou valider une ressource !<\/p>\n<p><strong>La deuxi\u00e8me fois<\/strong>, c&rsquo;est, un peu plus tard, quand un professeur de SVT d&rsquo;un coll\u00e8ge proche de Limoges, nous rapporte <em><a href=\"https:\/\/www.20minutes.fr\/high-tech\/2510183-20190503-exercice-svt-vehiculant-cliches-sexistes-distribue-collegiens-3e\" target=\"_blank\" rel=\"noopener noreferrer\">20minutes<\/a><\/em>, s&rsquo;est avis\u00e9 de proposer \u00e0 ses \u00e9l\u00e8ves de 3e un exercice qui contenait des clich\u00e9s sexistes. La suite, vous la connaissez : diffusion des documents en cause sur des r\u00e9seaux sociaux, amplification par la presse locale, enqu\u00eate du rectorat\u2026 Puis tombe cette stup\u00e9fiante d\u00e9claration :<\/p>\n<blockquote><p>\u00ab <strong>L\u2019enseignante qui a exploit\u00e9 le document a indiqu\u00e9 qu\u2019il \u00e9tait issu d\u2019un blog et qu\u2019il ne provenait donc pas d\u2019une source officielle ou valid\u00e9e par les corps d\u2019inspection<\/strong> \u00bb<\/p><\/blockquote>\n<p>Nous y voil\u00e0 ! Dans <strong>l&rsquo;\u00e9cole de la confiance<\/strong>, l&rsquo;ensemble des corps d&rsquo;inspection va bient\u00f4t \u00eatre mobilis\u00e9 pour tamponner, dans chaque classe de France ou de Navarre, les ressources et documents utilis\u00e9s par les professeurs. De m\u00eame, comme le fait \u00c9duth\u00e8que, elle tiendra ouvert un registre complet et pr\u00e9cis de tous les sites, blogs ou pages en ligne officiels ou susceptibles d&rsquo;\u00eatre valid\u00e9s\u2026<\/p>\n<p>Ce serait d\u00e9sopilant si ce n&rsquo;\u00e9tait pas d&rsquo;abord navrant.<\/p>\n<hr \/>\n<h3><strong>Adishatz<\/strong>, Michel<\/h3>\n<div id=\"attachment_7971\" style=\"width: 650px\" class=\"wp-caption aligncenter\"><a href=\"https:\/\/www.culture-numerique.fr\/?attachment_id=7971\" rel=\"attachment wp-att-7971\"><img loading=\"lazy\" decoding=\"async\" aria-describedby=\"caption-attachment-7971\" class=\"wp-image-7971 size-full\" src=\"https:\/\/www.culture-numerique.fr\/wp-content\/uploads\/2019\/06\/800px-Michel_Serres_-_Espace_des_sciences_-_15-02-2011.jpg\" alt=\"\" width=\"640\" height=\"480\" srcset=\"https:\/\/www.culture-numerique.fr\/wp-content\/uploads\/2019\/06\/800px-Michel_Serres_-_Espace_des_sciences_-_15-02-2011.jpg 640w, https:\/\/www.culture-numerique.fr\/wp-content\/uploads\/2019\/06\/800px-Michel_Serres_-_Espace_des_sciences_-_15-02-2011-300x225.jpg 300w, https:\/\/www.culture-numerique.fr\/wp-content\/uploads\/2019\/06\/800px-Michel_Serres_-_Espace_des_sciences_-_15-02-2011-100x75.jpg 100w, https:\/\/www.culture-numerique.fr\/wp-content\/uploads\/2019\/06\/800px-Michel_Serres_-_Espace_des_sciences_-_15-02-2011-150x113.jpg 150w, https:\/\/www.culture-numerique.fr\/wp-content\/uploads\/2019\/06\/800px-Michel_Serres_-_Espace_des_sciences_-_15-02-2011-200x150.jpg 200w, https:\/\/www.culture-numerique.fr\/wp-content\/uploads\/2019\/06\/800px-Michel_Serres_-_Espace_des_sciences_-_15-02-2011-450x338.jpg 450w, https:\/\/www.culture-numerique.fr\/wp-content\/uploads\/2019\/06\/800px-Michel_Serres_-_Espace_des_sciences_-_15-02-2011-600x450.jpg 600w\" sizes=\"auto, (max-width: 640px) 100vw, 640px\" \/><\/a><p id=\"caption-attachment-7971\" class=\"wp-caption-text\">Cr\u00e9dit photo : Michel Serres &#8211; Espace des sciences sur <a href=\"https:\/\/fr.wikipedia.org\/wiki\/Fichier:Michel_Serres_-_Espace_des_sciences_-_15-02-2011.JPG#\/media\/Fichier:Michel_Serres_-_Espace_des_sciences_-_15-02-2011.JPG\" target=\"_blank\" rel=\"noopener noreferrer\">Wikip\u00e9dia<\/a><\/p><\/div>\n<p>Nous avons perdu <a href=\"https:\/\/fr.wikipedia.org\/wiki\/Michel_Serres\" target=\"_blank\" rel=\"noopener noreferrer\"><strong>Michel Serres<\/strong><\/a>.\u00a0 Tout va vraiment trop vite, vous disais-je. Je n&rsquo;ai m\u00eame pas pris le temps de vous en dire un mot, de dire combien \u00e9tait grande sa lucidit\u00e9, combien \u00e9tait magnifique son regard malicieux et curieux, t\u00e9moin de son go\u00fbt des autres et des choses. Il mettait sa bienveillance naturelle et son optimisme au service des mutations de ce si\u00e8cle, notamment celles qui concernent le num\u00e9rique. Grand partisan du partage des connaissances, <strong>il a particuli\u00e8rement soutenu Wikip\u00e9dia<\/strong>. En philosophe et scientifique, il savait, lui, mettre la raison au service de sa r\u00e9flexion.<\/p>\n<p>\u00c7a m&rsquo;a fait tout dr\u00f4le de comprendre qu&rsquo;on ne pourrait plus entendre son accent gascon.<\/p>\n<blockquote><p>\u00ab\u00a0Que transmettre\u00a0? Le savoir\u00a0? Le voil\u00e0, partout sur la Toile, disponible, objectiv\u00e9. Le\u00a0transmettre\u00a0\u00e0 tous\u00a0? D\u00e9sormais, tout le savoir est accessible \u00e0 tous. Comment le transmettre\u00a0? Voil\u00e0, c\u2019est fait.\u00a0Avec l\u2019acc\u00e8s aux personnes, par le t\u00e9l\u00e9phone cellulaire, avec l\u2019acc\u00e8s en tous lieux [\u2026], l\u2019acc\u00e8s au savoir est d\u00e9sormais ouvert. D\u2019une certaine mani\u00e8re,\u00a0il est toujours et partout d\u00e9j\u00e0 transmis.\u00a0\u00bb<\/p><\/blockquote>\n<p>Disait-il en 2011. Ou encore, de mani\u00e8re lucide sur <strong>la panique qui habite les \u00e9lites<\/strong> :<\/p>\n<blockquote><p>\u00ab La chose dont je suis certain, c\u2019est que ce n\u2019est pas avec la trouille qu\u2019on invente, qu\u2019on fait l\u2019avenir et qu\u2019on aide les enfants. \u00bb<\/p><\/blockquote>\n<p><strong>Adishatz<\/strong>.<\/p>\n<p>Michel Guillou\u00a0<a href=\"https:\/\/twitter.com\/michelguillou\" target=\"_blank\" rel=\"noopener noreferrer\">@michelguillou<\/a><\/p>\n<p><a href=\"http:\/\/creativecommons.org\/licenses\/by-nc-sa\/4.0\/\" target=\"_blank\" rel=\"noopener noreferrer\"><img loading=\"lazy\" decoding=\"async\" src=\"https:\/\/i.creativecommons.org\/l\/by-nc-sa\/2.0\/fr\/80x15.png\" alt=\"image\" width=\"80\" height=\"15\" data-pin-nopin=\"true\" \/><\/a><\/p>\n<p><em>Nota bene<\/em>\u00a0: Nombre de mots de ce texte doivent, au masculin, \u00eatre consid\u00e9r\u00e9s comme neutres et non sexu\u00e9s.<\/p>\n<p>Cr\u00e9dit photo de t\u00eate : NikolayFrolochkin sur <a href=\"https:\/\/pixabay.com\/fr\/photos\/cahier-ouvert-page-blanche-cahier-1974725\/\" target=\"_blank\" rel=\"noopener noreferrer\">Pixabay<\/a><\/p>\n<p>[cite]<\/p>\n","protected":false},"excerpt":{"rendered":"<p><a href=\"https:\/\/www.culture-numerique.fr\/?attachment_id=7916\" rel=\"attachment wp-att-7916\"><img loading=\"lazy\" decoding=\"async\" class=\"aligncenter wp-image-7916 size-full\" src=\"https:\/\/www.culture-numerique.fr\/wp-content\/uploads\/2019\/05\/open-notebook-1974725_1280.jpg\" alt=\"\" width=\"1280\" height=\"853\" srcset=\"https:\/\/www.culture-numerique.fr\/wp-content\/uploads\/2019\/05\/open-notebook-1974725_1280.jpg 1280w, https:\/\/www.culture-numerique.fr\/wp-content\/uploads\/2019\/05\/open-notebook-1974725_1280-300x200.jpg 300w, https:\/\/www.culture-numerique.fr\/wp-content\/uploads\/2019\/05\/open-notebook-1974725_1280-1024x682.jpg 1024w, https:\/\/www.culture-numerique.fr\/wp-content\/uploads\/2019\/05\/open-notebook-1974725_1280-100x67.jpg 100w, https:\/\/www.culture-numerique.fr\/wp-content\/uploads\/2019\/05\/open-notebook-1974725_1280-150x100.jpg 150w, https:\/\/www.culture-numerique.fr\/wp-content\/uploads\/2019\/05\/open-notebook-1974725_1280-200x133.jpg 200w, https:\/\/www.culture-numerique.fr\/wp-content\/uploads\/2019\/05\/open-notebook-1974725_1280-450x300.jpg 450w, https:\/\/www.culture-numerique.fr\/wp-content\/uploads\/2019\/05\/open-notebook-1974725_1280-600x400.jpg 600w, https:\/\/www.culture-numerique.fr\/wp-content\/uploads\/2019\/05\/open-notebook-1974725_1280-900x600.jpg 900w\" sizes=\"auto, (max-width: 1280px) 100vw, 1280px\" \/><\/a><\/p>\n<p><strong>Voil\u00e0 cinq longs mois que je n&rsquo;ai rien \u00e9crit<\/strong> d&rsquo;autre que des commentaires en r\u00e9action \u00e0 l&rsquo;actualit\u00e9, sur les r\u00e9seaux sociaux. Voil\u00e0 cinq mois donc, presque six bient\u00f4t, que je n&rsquo;ai rien \u00e9crit sur ce blogue,<\/p>\n<p><span class=\"ellipsis\">&hellip;<\/span><\/p>\n<div class=\"read-more\"><a href=\"https:\/\/www.culture-numerique.fr\/?p=7915\">Lire la suite &#8250;<\/a><\/div>\n<p><!-- end of .read-more --><\/p>\n","protected":false},"author":1,"featured_media":7916,"comment_status":"open","ping_status":"open","sticky":false,"template":"","format":"standard","meta":{"jetpack_post_was_ever_published":false,"_jetpack_newsletter_access":"","_jetpack_dont_email_post_to_subs":false,"_jetpack_newsletter_tier_id":0,"_jetpack_memberships_contains_paywalled_content":false,"_jetpack_memberships_contains_paid_content":false,"footnotes":""},"categories":[9],"tags":[879,877,129,874,422,277,875,878,880,585,881,869,83,363,876],"class_list":["post-7915","post","type-post","status-publish","format-standard","has-post-thumbnail","hentry","category-billets-dhumeur","tag-adishatz","tag-buvette","tag-cnil","tag-edtech","tag-edutheque","tag-labellisation","tag-lezecrans","tag-michel-serres","tag-novlangue","tag-orme","tag-orwell","tag-parlement","tag-ressources-numeriques","tag-validation","tag-video-surveillance"],"jetpack_featured_media_url":"https:\/\/www.culture-numerique.fr\/wp-content\/uploads\/2019\/05\/open-notebook-1974725_1280.jpg","jetpack_sharing_enabled":true,"_links":{"self":[{"href":"https:\/\/www.culture-numerique.fr\/index.php?rest_route=\/wp\/v2\/posts\/7915","targetHints":{"allow":["GET"]}}],"collection":[{"href":"https:\/\/www.culture-numerique.fr\/index.php?rest_route=\/wp\/v2\/posts"}],"about":[{"href":"https:\/\/www.culture-numerique.fr\/index.php?rest_route=\/wp\/v2\/types\/post"}],"author":[{"embeddable":true,"href":"https:\/\/www.culture-numerique.fr\/index.php?rest_route=\/wp\/v2\/users\/1"}],"replies":[{"embeddable":true,"href":"https:\/\/www.culture-numerique.fr\/index.php?rest_route=%2Fwp%2Fv2%2Fcomments&post=7915"}],"version-history":[{"count":73,"href":"https:\/\/www.culture-numerique.fr\/index.php?rest_route=\/wp\/v2\/posts\/7915\/revisions"}],"predecessor-version":[{"id":8006,"href":"https:\/\/www.culture-numerique.fr\/index.php?rest_route=\/wp\/v2\/posts\/7915\/revisions\/8006"}],"wp:featuredmedia":[{"embeddable":true,"href":"https:\/\/www.culture-numerique.fr\/index.php?rest_route=\/wp\/v2\/media\/7916"}],"wp:attachment":[{"href":"https:\/\/www.culture-numerique.fr\/index.php?rest_route=%2Fwp%2Fv2%2Fmedia&parent=7915"}],"wp:term":[{"taxonomy":"category","embeddable":true,"href":"https:\/\/www.culture-numerique.fr\/index.php?rest_route=%2Fwp%2Fv2%2Fcategories&post=7915"},{"taxonomy":"post_tag","embeddable":true,"href":"https:\/\/www.culture-numerique.fr\/index.php?rest_route=%2Fwp%2Fv2%2Ftags&post=7915"}],"curies":[{"name":"wp","href":"https:\/\/api.w.org\/{rel}","templated":true}]}}