{"id":7831,"date":"2019-01-09T22:27:28","date_gmt":"2019-01-09T21:27:28","guid":{"rendered":"https:\/\/www.culture-numerique.fr\/?p=7831"},"modified":"2019-01-16T11:28:35","modified_gmt":"2019-01-16T10:28:35","slug":"lembellie-se-fait-plutot-rare-ces-temps-ci-dans-la-cite-numerique","status":"publish","type":"post","link":"https:\/\/www.culture-numerique.fr\/?p=7831","title":{"rendered":"L&#8217;embellie se fait plut\u00f4t rare, ces temps-ci, dans la cit\u00e9 num\u00e9rique\u2026"},"content":{"rendered":"<p><strong><a href=\"https:\/\/www.culture-numerique.fr\/?attachment_id=7840\" rel=\"attachment wp-att-7840\"><img loading=\"lazy\" decoding=\"async\" class=\"aligncenter size-full wp-image-7840\" src=\"https:\/\/www.culture-numerique.fr\/wp-content\/uploads\/2019\/01\/IMG_1979.jpg\" alt=\"\" width=\"1080\" height=\"719\" srcset=\"https:\/\/www.culture-numerique.fr\/wp-content\/uploads\/2019\/01\/IMG_1979.jpg 1080w, https:\/\/www.culture-numerique.fr\/wp-content\/uploads\/2019\/01\/IMG_1979-300x200.jpg 300w, https:\/\/www.culture-numerique.fr\/wp-content\/uploads\/2019\/01\/IMG_1979-1024x682.jpg 1024w, https:\/\/www.culture-numerique.fr\/wp-content\/uploads\/2019\/01\/IMG_1979-100x67.jpg 100w, https:\/\/www.culture-numerique.fr\/wp-content\/uploads\/2019\/01\/IMG_1979-150x100.jpg 150w, https:\/\/www.culture-numerique.fr\/wp-content\/uploads\/2019\/01\/IMG_1979-200x133.jpg 200w, https:\/\/www.culture-numerique.fr\/wp-content\/uploads\/2019\/01\/IMG_1979-450x300.jpg 450w, https:\/\/www.culture-numerique.fr\/wp-content\/uploads\/2019\/01\/IMG_1979-600x399.jpg 600w, https:\/\/www.culture-numerique.fr\/wp-content\/uploads\/2019\/01\/IMG_1979-900x599.jpg 900w\" sizes=\"auto, (max-width: 1080px) 100vw, 1080px\" \/><\/a><\/strong><\/p>\n<p><strong>Nous sommes d\u00e9j\u00e0 le 15 janvier<\/strong> et je n&rsquo;ai toujours pas eu le temps de vous envoyer mes v\u0153ux, ce que j&rsquo;avais pourtant fait dans des d\u00e9lais plus raisonnables les ann\u00e9es pr\u00e9c\u00e9dentes. J&rsquo;ai honte. Et j&rsquo;esp\u00e8re avoir le temps de finir ce court billet avant ce soir, ce qui m&rsquo;obligerait \u00e0 devoir changer la date inscrite ci-dessus.<\/p>\n<p>Ce n&rsquo;\u00e9tait pourtant pas l&rsquo;envie qui m&rsquo;en manquait, le num\u00e9rique \u00e9ducatif en particulier, le num\u00e9rique en g\u00e9n\u00e9ral \u00e9tant travers\u00e9s par des d\u00e9bats ou des informations particuli\u00e8rement ineptes. \u00c7a peut, en effet, difficilement aller pire et je n&rsquo;ai donc aucun m\u00e9rite \u00e0 souhaiter pour vous que tout aille mieux.<\/p>\n<p>J&rsquo;avais pr\u00e9vu pour vous une belle petite image, en bas de ce billet, montrant un ciel picard tr\u00e8s perturb\u00e9, avec des nuages mena\u00e7ants desquels semblait s&rsquo;extraire une petite embellie. Un message d&rsquo;espoir, de confiance, d&rsquo;optimisme. Il en faut. Et puis on m&rsquo;a fait conna\u00eetre une autre photo, dont il faut remercier <a href=\"https:\/\/twitter.com\/remyperrin?lang=fr\" target=\"_blank\" rel=\"noopener\">R\u00e9my Perrin<\/a>, journaliste au journal <a href=\"https:\/\/twitter.com\/Le_Progres\" target=\"_blank\" rel=\"noopener\"><em>Le Progr\u00e8s<\/em><\/a>, qui m&rsquo;a donn\u00e9 l&rsquo;autorisation de la publier, que vous pouvez voir ci-dessus. Elle illustre mieux, me semble-t-il, en ces temps particuli\u00e8rement troubl\u00e9s, la notion d&#8217;embellie que je souhaitais pour nous, pour vous surtout.<\/p>\n<hr \/>\n<p><strong>Des d\u00e9bats ineptes, vous disais-je<\/strong>. Il faut en effet n&rsquo;avoir pas le c\u0153ur trop sensible pour accepter de lire les norias d&rsquo;articulets moisis, qui tendraient \u00e0 expliquer aux parents ce qu&rsquo;ils convient de faire de leurs enfants en face des \u00e9crans, donnant la parole \u00e0 des experts pr\u00e9tendus qui leurs ass\u00e8nent leurs vaseuses consid\u00e9rations sur la lumi\u00e8re bleue ou le temps qui doit \u00eatre consacr\u00e9 \u00e0 cette rencontre. La seule \u00e9criture de ce mot d&rsquo;\u00e9cran me fait fr\u00e9mir, tant le sujet est creux, vide de tout sens. C&rsquo;est d&rsquo;autant plus dommage que la question de la confrontation des enfants de tous \u00e2ges aux mondes num\u00e9riques peut, elle, s&rsquo;av\u00e9rer int\u00e9ressante \u00e0 explorer. C&rsquo;est ainsi, par exemple, que la <a href=\"http:\/\/fing.org\/\" target=\"_blank\" rel=\"noopener\">Fing<\/a> propose aujourd&rsquo;hui une <a href=\"http:\/\/www.internetactu.net\/2019\/01\/15\/retro-design-de-lattention-depasser-le-temps\/\" target=\"_blank\" rel=\"noopener\">r\u00e9flexion<\/a> fort riche qui veut d\u00e9passer, dans le cadre de l&rsquo;\u00e9conomie de l&rsquo;attention, la notion de temps, bien r\u00e9ductrice.<\/p>\n<p>Puissent ceux qui relaient complaisamment les propos naus\u00e9abonds des faux m\u00e9decins ou psychologues, tous contempteurs du num\u00e9rique et habitu\u00e9s des plateaux des m\u00e9dias, s&rsquo;int\u00e9resser un peu plus aux contenus, aux contextes, aux interactions, \u00e0 l&rsquo;activit\u00e9 d\u00e9ploy\u00e9e par les enfants, en toute consid\u00e9ration, positive si possible, de ce qu&rsquo;ils sont et de leur \u00e2ge ou maturit\u00e9, de ce qu&rsquo;ils font ou construisent&#8230; Puissent enfin les journalistes, commentateurs, chercheurs\u2026 qui s&rsquo;int\u00e9ressent \u00e0 tout cela, au-del\u00e0 de la synecdoque que sont les \u00e9crans (brrr\u2026), travailler sur la complexit\u00e9 de ces relations.<\/p>\n<p>C&rsquo;est mon souhait pour la nouvelle ann\u00e9e.<\/p>\n<hr \/>\n<p><strong>Des d\u00e9bats ineptes, vous disais-je<\/strong>. Que penser de ce tweet navrant\u00a0?<\/p>\n<blockquote class=\"twitter-tweet\" data-width=\"550\" data-dnt=\"true\">\n<p lang=\"fr\" dir=\"ltr\">Le ministre de l&#39;\u00c9ducation nationale et de la Jeunesse <a href=\"https:\/\/twitter.com\/jmblanquer?ref_src=twsrc%5Etfw\">@jmblanquer<\/a> annonce la cr\u00e9ation d&#39;un <a href=\"https:\/\/twitter.com\/hashtag\/CAPES?src=hash&amp;ref_src=twsrc%5Etfw\">#CAPES<\/a> informatique d\u00e8s 2020 : &quot;Nous cr\u00e9ons un cercle vertueux de la pr\u00e9sence de l&#39;enseignement num\u00e9rique&quot; <br \/>@EducationFrance <a href=\"https:\/\/twitter.com\/jmmer?ref_src=twsrc%5Etfw\">@jmmer<\/a> <a href=\"https:\/\/twitter.com\/FaycalD?ref_src=twsrc%5Etfw\">@faycald<\/a> <a href=\"https:\/\/t.co\/BLanCU8Rq6\">https:\/\/t.co\/BLanCU8Rq6<\/a><\/p>\n<p>&mdash; \u00c9ducation Num\u00e9rique (@Edu_Num) <a href=\"https:\/\/twitter.com\/Edu_Num\/status\/1082984937349922816?ref_src=twsrc%5Etfw\">January 9, 2019<\/a><\/p><\/blockquote>\n<p><script async src=\"https:\/\/platform.twitter.com\/widgets.js\" charset=\"utf-8\"><\/script><\/p>\n<p>Il annonce, comme vous pouvez le lire, la cr\u00e9ation d&rsquo;un CAPES pour ceux qui se destinent \u00e0 enseigner l&rsquo;informatique, puisque cette discipline est pr\u00e9vue au programme du baccalaur\u00e9at qu&rsquo;on nous annonce. La balkanisation des savoirs continue, chacun cherchant, tel M. Seguin, \u00e0 cl\u00f4turer vainement son pr\u00e9 carr\u00e9. Les informaticiens sont convi\u00e9s \u00e0 la cur\u00e9e et r\u00e9clament leur part du g\u00e2teau. Ce sont les \u00e9l\u00e8ves qui trinquent. C&rsquo;\u00e9tait pr\u00e9visible tant est puissant et sans aucune retenue le lobby de l&rsquo;informatique. Mais l\u00e0 n&rsquo;est pas le sujet.<\/p>\n<p>Que vient faire l\u00e0 cette notion de \u00ab\u00a0cercle vertueux\u00a0\u00bb de la pr\u00e9sence de l&rsquo;enseignement num\u00e9rique\u00a0? Quel est cet enseignement num\u00e9rique\u00a0? Qu&rsquo;est-ce que cette nouvelle notion\u00a0? Pourquoi convoquer le num\u00e9rique lorsqu&rsquo;on parle d&rsquo;enseigner l&rsquo;informatique\u00a0? La confusion est compl\u00e8te et ceux qui relaient la communication gouvernementale montrent en l&rsquo;occurrence leur profonde inculture. Le num\u00e9rique ne concerne pas davantage, mais pas moins non plus, l&rsquo;enseignement de l&rsquo;informatique que l&rsquo;enseignement du fran\u00e7ais, des math\u00e9matiques ou des langues vivantes\u2026 ou de toute autre discipline.<\/p>\n<p>Il y a bien longtemps que le num\u00e9rique s&rsquo;est affranchi de ses liens originels avec l&rsquo;informatique et les technologies. Il serait temps de le comprendre.<\/p>\n<hr \/>\n<p><strong>Des d\u00e9bats ineptes, vous disais-je<\/strong>.<\/p>\n<p>J&rsquo;avais beaucoup d&rsquo;autres exemples en stock mais je sens bien que je vous agace. J&rsquo;aurais aim\u00e9 vous dire deux mots des GAFAM, des bouffons, et de la dictature des artefacts. Allez comprendre\u00a0! Ce sera pour plus tard. Je vous souhaite une bonne nouvelle immersion dans le paysage num\u00e9rique. Puissent les embellies \u00eatre nombreuses et, surtout, durables\u00a0!<\/p>\n<p><a href=\"https:\/\/www.culture-numerique.fr\/?attachment_id=7833\" rel=\"attachment wp-att-7833\"><img loading=\"lazy\" decoding=\"async\" class=\"aligncenter size-full wp-image-7833\" src=\"https:\/\/www.culture-numerique.fr\/wp-content\/uploads\/2019\/01\/2019M.png\" alt=\"\" width=\"600\" height=\"337\" srcset=\"https:\/\/www.culture-numerique.fr\/wp-content\/uploads\/2019\/01\/2019M.png 600w, https:\/\/www.culture-numerique.fr\/wp-content\/uploads\/2019\/01\/2019M-300x169.png 300w, https:\/\/www.culture-numerique.fr\/wp-content\/uploads\/2019\/01\/2019M-100x56.png 100w, https:\/\/www.culture-numerique.fr\/wp-content\/uploads\/2019\/01\/2019M-150x84.png 150w, https:\/\/www.culture-numerique.fr\/wp-content\/uploads\/2019\/01\/2019M-200x112.png 200w, https:\/\/www.culture-numerique.fr\/wp-content\/uploads\/2019\/01\/2019M-450x253.png 450w\" sizes=\"auto, (max-width: 600px) 100vw, 600px\" \/><\/a><\/p>\n<p>Michel Guillou\u00a0<a href=\"https:\/\/twitter.com\/michelguillou\" target=\"_blank\" rel=\"noopener\">@michelguillou<\/a><\/p>\n<p><a href=\"http:\/\/creativecommons.org\/licenses\/by-nc-sa\/4.0\/\" target=\"_blank\" rel=\"noopener\"><img loading=\"lazy\" decoding=\"async\" src=\"https:\/\/i.creativecommons.org\/l\/by-nc-sa\/2.0\/fr\/80x15.png\" alt=\"image\" width=\"80\" height=\"15\" data-pin-nopin=\"true\" \/><\/a><\/p>\n<p><em>Nota bene<\/em>\u00a0: Nombre de mots de ce texte doivent, au masculin, \u00eatre consid\u00e9r\u00e9s comme neutres et non sexu\u00e9s.<\/p>\n<p>Cr\u00e9dit photo : <a href=\"https:\/\/twitter.com\/remyperrin?lang=fr\" target=\"_blank\" rel=\"noopener\">R\u00e9my Perrin<\/a>, journaliste au journal <em><a href=\"https:\/\/twitter.com\/Le_Progres\" target=\"_blank\" rel=\"noopener\">Le Progr\u00e8s<\/a>\u00a0<\/em>et Michel Guillou<\/p>\n<p>[cite]<\/p>\n<p>&nbsp;<\/p>\n","protected":false},"excerpt":{"rendered":"<p><strong><a href=\"https:\/\/www.culture-numerique.fr\/?attachment_id=7840\" rel=\"attachment wp-att-7840\"><img loading=\"lazy\" decoding=\"async\" class=\"aligncenter size-full wp-image-7840\" src=\"https:\/\/www.culture-numerique.fr\/wp-content\/uploads\/2019\/01\/IMG_1979.jpg\" alt=\"\" width=\"1080\" height=\"719\" srcset=\"https:\/\/www.culture-numerique.fr\/wp-content\/uploads\/2019\/01\/IMG_1979.jpg 1080w, https:\/\/www.culture-numerique.fr\/wp-content\/uploads\/2019\/01\/IMG_1979-300x200.jpg 300w, https:\/\/www.culture-numerique.fr\/wp-content\/uploads\/2019\/01\/IMG_1979-1024x682.jpg 1024w, https:\/\/www.culture-numerique.fr\/wp-content\/uploads\/2019\/01\/IMG_1979-100x67.jpg 100w, https:\/\/www.culture-numerique.fr\/wp-content\/uploads\/2019\/01\/IMG_1979-150x100.jpg 150w, https:\/\/www.culture-numerique.fr\/wp-content\/uploads\/2019\/01\/IMG_1979-200x133.jpg 200w, https:\/\/www.culture-numerique.fr\/wp-content\/uploads\/2019\/01\/IMG_1979-450x300.jpg 450w, https:\/\/www.culture-numerique.fr\/wp-content\/uploads\/2019\/01\/IMG_1979-600x399.jpg 600w, https:\/\/www.culture-numerique.fr\/wp-content\/uploads\/2019\/01\/IMG_1979-900x599.jpg 900w\" sizes=\"auto, (max-width: 1080px) 100vw, 1080px\" \/><\/a><\/strong><\/p>\n<p><strong>Nous sommes d\u00e9j\u00e0 le 15 janvier<\/strong> et je n&rsquo;ai toujours pas eu le temps de vous envoyer mes v\u0153ux, ce que j&rsquo;avais pourtant fait dans des d\u00e9lais plus raisonnables les ann\u00e9es pr\u00e9c\u00e9dentes.<\/p>\n<p><span class=\"ellipsis\">&hellip;<\/span><\/p>\n<div class=\"read-more\"><a href=\"https:\/\/www.culture-numerique.fr\/?p=7831\">Lire la suite &#8250;<\/a><\/div>\n<p><!-- end of .read-more --><\/p>\n","protected":false},"author":1,"featured_media":7840,"comment_status":"open","ping_status":"open","sticky":false,"template":"","format":"standard","meta":{"jetpack_post_was_ever_published":false,"_jetpack_newsletter_access":"","_jetpack_dont_email_post_to_subs":false,"_jetpack_newsletter_tier_id":0,"_jetpack_memberships_contains_paywalled_content":false,"_jetpack_memberships_contains_paid_content":false,"footnotes":""},"categories":[9,20],"tags":[873,149,136,5,2,521],"class_list":["post-7831","post","type-post","status-publish","format-standard","has-post-thumbnail","hentry","category-billets-dhumeur","category-breves","tag-873","tag-attention","tag-ecrans","tag-informatique","tag-numerique","tag-voeux"],"jetpack_featured_media_url":"https:\/\/www.culture-numerique.fr\/wp-content\/uploads\/2019\/01\/IMG_1979.jpg","jetpack_sharing_enabled":true,"_links":{"self":[{"href":"https:\/\/www.culture-numerique.fr\/index.php?rest_route=\/wp\/v2\/posts\/7831","targetHints":{"allow":["GET"]}}],"collection":[{"href":"https:\/\/www.culture-numerique.fr\/index.php?rest_route=\/wp\/v2\/posts"}],"about":[{"href":"https:\/\/www.culture-numerique.fr\/index.php?rest_route=\/wp\/v2\/types\/post"}],"author":[{"embeddable":true,"href":"https:\/\/www.culture-numerique.fr\/index.php?rest_route=\/wp\/v2\/users\/1"}],"replies":[{"embeddable":true,"href":"https:\/\/www.culture-numerique.fr\/index.php?rest_route=%2Fwp%2Fv2%2Fcomments&post=7831"}],"version-history":[{"count":30,"href":"https:\/\/www.culture-numerique.fr\/index.php?rest_route=\/wp\/v2\/posts\/7831\/revisions"}],"predecessor-version":[{"id":7859,"href":"https:\/\/www.culture-numerique.fr\/index.php?rest_route=\/wp\/v2\/posts\/7831\/revisions\/7859"}],"wp:featuredmedia":[{"embeddable":true,"href":"https:\/\/www.culture-numerique.fr\/index.php?rest_route=\/wp\/v2\/media\/7840"}],"wp:attachment":[{"href":"https:\/\/www.culture-numerique.fr\/index.php?rest_route=%2Fwp%2Fv2%2Fmedia&parent=7831"}],"wp:term":[{"taxonomy":"category","embeddable":true,"href":"https:\/\/www.culture-numerique.fr\/index.php?rest_route=%2Fwp%2Fv2%2Fcategories&post=7831"},{"taxonomy":"post_tag","embeddable":true,"href":"https:\/\/www.culture-numerique.fr\/index.php?rest_route=%2Fwp%2Fv2%2Ftags&post=7831"}],"curies":[{"name":"wp","href":"https:\/\/api.w.org\/{rel}","templated":true}]}}