{"id":7772,"date":"2018-11-05T18:30:35","date_gmt":"2018-11-05T17:30:35","guid":{"rendered":"https:\/\/www.culture-numerique.fr\/?p=7772"},"modified":"2018-11-08T16:50:01","modified_gmt":"2018-11-08T15:50:01","slug":"et-si-on-sadressait-aux-jeunes-avec-des-mots-quils-comprennent","status":"publish","type":"post","link":"https:\/\/www.culture-numerique.fr\/?p=7772","title":{"rendered":"\u00ab\u00a0Du bon usage du num\u00e9rique\u00a0\u00bb, un sujet d&rsquo;adultes d\u00e9sempar\u00e9s"},"content":{"rendered":"<p><strong><a href=\"https:\/\/www.culture-numerique.fr\/?attachment_id=7774\" rel=\"attachment wp-att-7774\"><img loading=\"lazy\" decoding=\"async\" class=\"aligncenter size-full wp-image-7774\" src=\"https:\/\/www.culture-numerique.fr\/wp-content\/uploads\/2018\/11\/1280px-Assembl\u00e9e_Nationale.jpg\" alt=\"\" width=\"1279\" height=\"841\" srcset=\"https:\/\/www.culture-numerique.fr\/wp-content\/uploads\/2018\/11\/1280px-Assembl\u00e9e_Nationale.jpg 1279w, https:\/\/www.culture-numerique.fr\/wp-content\/uploads\/2018\/11\/1280px-Assembl\u00e9e_Nationale-300x197.jpg 300w, https:\/\/www.culture-numerique.fr\/wp-content\/uploads\/2018\/11\/1280px-Assembl\u00e9e_Nationale-1024x673.jpg 1024w, https:\/\/www.culture-numerique.fr\/wp-content\/uploads\/2018\/11\/1280px-Assembl\u00e9e_Nationale-228x150.jpg 228w, https:\/\/www.culture-numerique.fr\/wp-content\/uploads\/2018\/11\/1280px-Assembl\u00e9e_Nationale-100x66.jpg 100w, https:\/\/www.culture-numerique.fr\/wp-content\/uploads\/2018\/11\/1280px-Assembl\u00e9e_Nationale-150x99.jpg 150w, https:\/\/www.culture-numerique.fr\/wp-content\/uploads\/2018\/11\/1280px-Assembl\u00e9e_Nationale-200x132.jpg 200w, https:\/\/www.culture-numerique.fr\/wp-content\/uploads\/2018\/11\/1280px-Assembl\u00e9e_Nationale-450x296.jpg 450w, https:\/\/www.culture-numerique.fr\/wp-content\/uploads\/2018\/11\/1280px-Assembl\u00e9e_Nationale-600x395.jpg 600w, https:\/\/www.culture-numerique.fr\/wp-content\/uploads\/2018\/11\/1280px-Assembl\u00e9e_Nationale-900x592.jpg 900w\" sizes=\"auto, (max-width: 1279px) 100vw, 1279px\" \/><\/a><\/strong><\/p>\n<p><strong>Je n&rsquo;en suis pas encore revenu<\/strong>. Je sais bien qu&rsquo;il n&rsquo;est pas tr\u00e8s correct de commencer \u00e0 r\u00e9diger un billet de blogue en commen\u00e7ant \u00e0 la premi\u00e8re personne du singulier mais, l\u00e0, j&rsquo;avoue ma stup\u00e9faction et ma sid\u00e9ration. Il fallait que je vous le dise.<\/p>\n<p><a href=\"https:\/\/www.culture-numerique.fr\/?attachment_id=7776\" rel=\"attachment wp-att-7776\"><img loading=\"lazy\" decoding=\"async\" class=\"alignright wp-image-7776\" src=\"https:\/\/www.culture-numerique.fr\/wp-content\/uploads\/2018\/11\/parlement_des_enfants_228944.16.jpg\" alt=\"\" width=\"250\" height=\"209\" srcset=\"https:\/\/www.culture-numerique.fr\/wp-content\/uploads\/2018\/11\/parlement_des_enfants_228944.16.jpg 197w, https:\/\/www.culture-numerique.fr\/wp-content\/uploads\/2018\/11\/parlement_des_enfants_228944.16-179x150.jpg 179w, https:\/\/www.culture-numerique.fr\/wp-content\/uploads\/2018\/11\/parlement_des_enfants_228944.16-100x84.jpg 100w, https:\/\/www.culture-numerique.fr\/wp-content\/uploads\/2018\/11\/parlement_des_enfants_228944.16-150x126.jpg 150w\" sizes=\"auto, (max-width: 250px) 100vw, 250px\" \/><\/a>Il n&rsquo;est pas question pour moi, je pr\u00e9f\u00e8re vous pr\u00e9venir, de critiquer le dispositif en r\u00e9f\u00e9rence, dit <a href=\"http:\/\/www.parlementdesenfants.fr\/\" target=\"_blank\" rel=\"noopener\">\u00ab Parlement des enfants \u00bb<\/a> qui consiste \u00e0 offrir \u00e0 des \u00e9l\u00e8ves de CM2 la possibilit\u00e9 de se frotter \u00e0 la repr\u00e9sentation nationale et \u00e0 la fabrique des lois. C&rsquo;est un exercice particuli\u00e8rement int\u00e9ressant et je soutiendrai toujours les d\u00e9marches qui ont pour objectif la responsabilisation des jeunes citoyens et l&rsquo;exercice de leurs droits et devoirs. En revanche, je ne suis pas certain que l&rsquo;Assembl\u00e9e nationale, compte tenu de la faible qualit\u00e9 des d\u00e9bats qui s&rsquo;y d\u00e9roulent, que ce soit en commission ou dans l&rsquo;h\u00e9micycle, soit toujours si exemplaire que cela \u2014\u00a0se r\u00e9f\u00e9rer par exemple <a href=\"https:\/\/www.culture-numerique.fr\/?p=7692\" target=\"_blank\" rel=\"noopener\">au billet r\u00e9cent<\/a> qui rapporte un floril\u00e8ge d\u00e9raisonnable quoique d\u00e9sopilant des d\u00e9bats du Parlement pr\u00e9paratoires au vote sur l&rsquo;\u00ab\u00a0interdiction\u00a0\u00bb du t\u00e9l\u00e9phone portable \u00e0 l&rsquo;\u00e9cole et au coll\u00e8ge. Je crois pourtant que des grands \u00e9l\u00e8ves du premier degr\u00e9 sont capables de prendre la distance n\u00e9cessaire. Esp\u00e9rons-le.<\/p>\n<p>\u00c0 ces jeunes,<strong> il est propos\u00e9 de faire \u00ab\u00a0comme si\u00a0\u00bb<\/strong> on d\u00e9battait d&rsquo;un projet de loi qu&rsquo;ils proposent sur un sujet qui leur est impos\u00e9.<\/p>\n<blockquote><p>\u00ab\u00a0Ils sont, \u00e0 cet effet, invit\u00e9s \u00e0 r\u00e9diger, sous la conduite de leurs enseignants qui les accompagnent dans cette r\u00e9flexion, une proposition de loi, au terme d\u2019une discussion qui doit leur apprendre ce qu\u2019est le d\u00e9bat d\u00e9mocratique.\u00a0\u00bb<\/p><\/blockquote>\n<p>Il existe quelque part donc une commission de gens autoris\u00e9s, provenant sans doute de ces hautes institutions que sont le Parlement, le minist\u00e8re de l&rsquo;\u00c9ducation nationale,\u00a0l&rsquo;Agence pour l&rsquo;enseignement fran\u00e7ais \u00e0 l&rsquo;\u00e9tranger et la Mission la\u00efque fran\u00e7aise, co-organisateurs, qui ont d\u00e9termin\u00e9, sans doute en y passant beaucoup de temps, <a href=\"http:\/\/www.parlementdesenfants.fr\/du-bon-usage-du-numerique-l-edition-2019\" target=\"_blank\" rel=\"noopener\">le th\u00e8me de l&rsquo;ann\u00e9e<\/a>\u00a0:<\/p>\n<p><a href=\"https:\/\/www.culture-numerique.fr\/?attachment_id=7779\" rel=\"attachment wp-att-7779\"><img loading=\"lazy\" decoding=\"async\" class=\"aligncenter size-full wp-image-7779\" src=\"https:\/\/www.culture-numerique.fr\/wp-content\/uploads\/2018\/11\/du-bon-usage-du-numerique-l-edition-2019_page_title.jpg\" alt=\"\" width=\"415\" height=\"190\" srcset=\"https:\/\/www.culture-numerique.fr\/wp-content\/uploads\/2018\/11\/du-bon-usage-du-numerique-l-edition-2019_page_title.jpg 415w, https:\/\/www.culture-numerique.fr\/wp-content\/uploads\/2018\/11\/du-bon-usage-du-numerique-l-edition-2019_page_title-300x137.jpg 300w, https:\/\/www.culture-numerique.fr\/wp-content\/uploads\/2018\/11\/du-bon-usage-du-numerique-l-edition-2019_page_title-280x128.jpg 280w, https:\/\/www.culture-numerique.fr\/wp-content\/uploads\/2018\/11\/du-bon-usage-du-numerique-l-edition-2019_page_title-100x46.jpg 100w, https:\/\/www.culture-numerique.fr\/wp-content\/uploads\/2018\/11\/du-bon-usage-du-numerique-l-edition-2019_page_title-150x69.jpg 150w, https:\/\/www.culture-numerique.fr\/wp-content\/uploads\/2018\/11\/du-bon-usage-du-numerique-l-edition-2019_page_title-200x92.jpg 200w\" sizes=\"auto, (max-width: 415px) 100vw, 415px\" \/><\/a><\/p>\n<h3>Du bon usage du num\u00e9rique<\/h3>\n<p>Commen\u00e7ons par la fin. <strong>Le num\u00e9rique<\/strong>\u2026 Sous cette forme substantive, voici un mot dont le sens, encore incertain, est sujet \u00e0 pol\u00e9mique. Dans un billet r\u00e9cent, j&rsquo;ai tent\u00e9 d&rsquo;expliquer, en prenant l&rsquo;attache de la parole et des \u00e9crits de nombreux chercheurs et observateurs du domaine, le sens nouveau qu&rsquo;avait pris ce mot, fait global et total, paradigme tout \u00e0 la fois social voire soci\u00e9tal et culturel, loin du sens que continuent \u00e0 lui donner encore de nombreux scientifiques, \u00e0 tort \u00e0 mon avis, celui originel de quasi synonyme d&rsquo;informatique. La controverse est en cours.<\/p>\n<p>Si certains cadres des directions d\u00e9partementales ou enseignants sont capables d&rsquo;expliquer cela, tant mieux pour eux et tant mieux aussi pour les \u00e9l\u00e8ves qui sont les premiers concern\u00e9s. Mais je doute tr\u00e8s fort qu&rsquo;ils soient si nombreux que cela.<\/p>\n<p>Par ailleurs, si on donne \u00e0 \u00ab\u00a0num\u00e9rique\u00a0\u00bb le sens commun de <strong>paysage de ce nouveau si\u00e8cle<\/strong>, il ne sera \u00e9videmment pas compris d&rsquo;un \u00e9l\u00e8ve de 10 ans. <strong>Pour elle ou lui, le num\u00e9rique, \u00e7a n&rsquo;existe pas<\/strong>. Tout est num\u00e9rique dans sa vie, \u00e0 tel point qu&rsquo;il n&rsquo;y pr\u00eate plus attention. Elle ou lui ne savent pas ce qui est num\u00e9rique et ce qui ne l&rsquo;est pas, \u00e0 supposer que quelque chose encore aujourd&rsquo;hui ne soit pas soumis \u00e0 son omnipr\u00e9sence.<\/p>\n<p>Il s&rsquo;agirait donc de faire bon usage de ce num\u00e9rique dont on ne sait trop ce qu&rsquo;il veut dire. <strong>Le mot \u00ab\u00a0usage\u00a0\u00bb<\/strong> est apparu dans le vocabulaire commun de l&rsquo;\u00e9ducation \u00e0 la remorque du travail des sociologues. Il n&rsquo;est pas un cadre administratif ou p\u00e9dagogique des circonscriptions aux rectorats, en passant par les directions acad\u00e9miques et les lyc\u00e9es, qui ne se gargarise aujourd&rsquo;hui, \u00e0 tout propos, de la progression heureuse des \u00ab\u00a0usages du num\u00e9rique\u00a0\u00bb (sic). Dans les s\u00e9minaires, les colloques, les r\u00e9unions de cadres, le mot est \u00ab\u00a0us\u00e9\u00a0\u00bb <em>ad nauseam<\/em>\u00a0par les conf\u00e9renciers, sur les tables rondes, partout.<\/p>\n<p>Mettez ensemble un professeur, un chef d&rsquo;\u00e9tablissement et un responsable de collectivit\u00e9 \u00e0 parler des\u00a0\u00ab\u00a0usages du num\u00e9rique\u00a0\u00bb (resic), ils seront capables d&rsquo;en discourir pendant des heures sans qu&rsquo;\u00e0 aucun moment chacun parle de la m\u00eame chose. Il n&rsquo;y a pas mot plus polys\u00e9mique et donc vide.<\/p>\n<p><strong>Quand on n&rsquo;a rien \u00e0 dire sur le num\u00e9rique, il suffit de parler de son usage, de ses usages. <\/strong>Comme personne ne sait de quoi l&rsquo;on parle\u2026<\/p>\n<p>Nous voil\u00e0 bien. Et l&rsquo;on voudrait que, comme Grevisse, <strong>l&rsquo;usage soit bon<\/strong>. Et donc qu&rsquo;il ne soit pas mauvais. Ce qui se cache souvent derri\u00e8re ce propos manich\u00e9en et moralisateur, apr\u00e8s ces stupides discours dont certains m\u00e9decins v\u00e9reux, les m\u00e9dias et l\u2019institution, pr\u00eate \u00e0 relayer n&rsquo;importe quoi, nous rebattent les oreilles, c&rsquo;est la d\u00e9testation g\u00e9n\u00e9rale de l&rsquo;Internet et du num\u00e9rique. En cause, les \u00e9crans \u2014\u00a0hors m\u00e9tonymie, allez donc savoir ce qui leur vaut d\u2019\u00eatre honnis \u00e0 ce point\u00a0!\u00a0\u2014, les jeux vid\u00e9os suppos\u00e9ment violents, la d\u00e9sinformation omnipr\u00e9sente et les r\u00e9seaux sociaux que certaines anciennes ministres voudraient supprimer\u00a0:<\/p>\n<blockquote class=\"twitter-tweet\" data-width=\"550\" data-dnt=\"true\">\n<p lang=\"fr\" dir=\"ltr\">\ud83d\udde3 <a href=\"https:\/\/twitter.com\/RoyalSegolene?ref_src=twsrc%5Etfw\">@RoyalSegolene<\/a> concernant la violence sur les policiers : \u00abCe qui s&#39;est pass\u00e9 la nuit d&#39;Halloween est d\u00fb au nouvel impact des r\u00e9seaux sociaux. Il faut d\u00e9brancher les r\u00e9seaux sociaux pour ne pas laisser ce type de message.\u00bb <a href=\"https:\/\/twitter.com\/hashtag\/LeGrandJury?src=hash&amp;ref_src=twsrc%5Etfw\">#LeGrandJury<\/a> <a href=\"https:\/\/twitter.com\/hashtag\/FigaroLive?src=hash&amp;ref_src=twsrc%5Etfw\">#FigaroLive<\/a><\/p>\n<p>\ud83d\udc49 <a href=\"https:\/\/t.co\/gsNjpyMGla\">https:\/\/t.co\/gsNjpyMGla<\/a> <a href=\"https:\/\/t.co\/iGuw8vI7Kx\">pic.twitter.com\/iGuw8vI7Kx<\/a><\/p>\n<p>&mdash; Le Figaro (@Le_Figaro) <a href=\"https:\/\/twitter.com\/Le_Figaro\/status\/1059042354332606464?ref_src=twsrc%5Etfw\">November 4, 2018<\/a><\/p><\/blockquote>\n<p><script async src=\"https:\/\/platform.twitter.com\/widgets.js\" charset=\"utf-8\"><\/script><\/p>\n<h3>Un sujet d&rsquo;adultes d\u00e9branch\u00e9s et paniqu\u00e9s<\/h3>\n<p>Donc non, \u00ab\u00a0Du bon usage du num\u00e9rique\u00a0\u00bb, <strong>cela ne veut pas dire grand chose<\/strong> et c&rsquo;est totalement abscons pour un enfant de 10 ans.<\/p>\n<p>L&rsquo;id\u00e9e que les jeunes, les \u00e9l\u00e8ves sont tous irresponsables, ou presque, et incapables de <strong>pratiques en ligne mesur\u00e9es, raisonnables et responsables<\/strong>, est une id\u00e9e qui court les salons et les alc\u00f4ves des cercles du pouvoir ou des ar\u00e9opages politiques, m\u00e9diatiques parfois, intellectuels toujours, \u00e9ducatifs le plus souvent. Cette attitude est stup\u00e9fiante d&rsquo;ignorance de ce que sont les jeunes, de ce qu&rsquo;ils vivent, du monde qui les entoure, des liens sociaux qu&rsquo;ils tissent. Cette ignorance est aussi secondairement la cause d&rsquo;un profond m\u00e9pris et d&rsquo;une d\u00e9fiance constante \u00e0 leur encontre. On g\u00e9n\u00e9ralise de mani\u00e8re abusive sur des comportements et des attitudes \u00e0 partir de cas ou d&rsquo;exemples mont\u00e9s en \u00e9pingle \u2014\u00a0on trouvera sans peine dans l&rsquo;actualit\u00e9 r\u00e9cente des exemples \u00e9loquents.<\/p>\n<p><strong>Ah, la responsabilit\u00e9\u00a0! Ah, la raison\u00a0!<\/strong><\/p>\n<p>Ce premier mot, dont l&rsquo;\u00e9cole fait d&rsquo;ailleurs une comp\u00e9tence \u00e0 acqu\u00e9rir peu \u00e0 peu pour le jeune citoyen, est employ\u00e9 g\u00e9n\u00e9ralement, lui aussi, de mani\u00e8re bien irresponsable par ceux qui exigent que l&rsquo;\u00e9l\u00e8ve en dispose illico d\u00e8s qu&rsquo;il s&rsquo;exprime en ligne. J&rsquo;avais d\u00e9montr\u00e9 comment l&rsquo;\u00e9cole et ses adultes s&rsquo;\u00e9taient comport\u00e9s de mani\u00e8re tr\u00e8s irresponsable dans une affaire r\u00e9cente et dans bien d&rsquo;autres affaires pr\u00e9c\u00e9dentes relatives \u00e0 des pratiques num\u00e9riques de jeunes qui n&rsquo;avaient pas tout compris. Se reporter, par exemple, \u00e0 <a href=\"https:\/\/www.culture-numerique.fr\/?p=4882\" target=\"_blank\" rel=\"noopener\">ce dernier billet<\/a> o\u00f9 je rapportais un v\u00e9ritable fiasco \u00e9ducatif.<\/p>\n<p>Quant au deuxi\u00e8me mot, la raison, \u00e0 laquelle devraient se r\u00e9f\u00e9rer pourtant nombre de d\u00e9marches \u00e9ducatives, \u00e0 commencer par celles mises en \u0153uvre dans l&rsquo;enseignement des sciences, <strong>il y a bien longtemps qu&rsquo;elle a quitt\u00e9 les bancs de l&rsquo;\u00e9cole<\/strong> d\u00e8s qu&rsquo;il s&rsquo;agit du num\u00e9rique. L&rsquo;\u00e9cole est litt\u00e9ralement tortur\u00e9e entre le besoin d&rsquo;avancer avec les outils num\u00e9riques, cherchant d\u00e9sesp\u00e9r\u00e9ment et stupidement \u00e0 v\u00e9rifier quelle est leur plus-value dans les apprentissages, et la panique n\u00e9e de la prise de conscience que ces outils, mais aussi le paradigme cognitif, informationnel et social du fait num\u00e9rique, risquent de bouleverser pour un bon moment encore l&rsquo;acte d&rsquo;enseigner.<\/p>\n<p>Se r\u00e9f\u00e9rer, pour prendre conscience de cette panique \u00e0 la r\u00e9cente loi d&rsquo;\u00ab\u00a0interdiction\u00a0\u00bb du t\u00e9l\u00e9phone mobile \u00e0 l&rsquo;\u00e9cole et au coll\u00e8ge ainsi que, et surtout, <a href=\"https:\/\/www.culture-numerique.fr\/?p=7692\" target=\"_blank\" rel=\"noopener\">aux d\u00e9bats parlementaires<\/a> qui ont pr\u00e9c\u00e9d\u00e9 le vote de cette loi.<\/p>\n<p>Le sujet qui est propos\u00e9 aujourd&rsquo;hui aux \u00e9l\u00e8ves de CM2 est du m\u00eame ordre et t\u00e9moigne du d\u00e9sarroi complet d&rsquo;adultes d\u00e9branch\u00e9s. Incapables d&rsquo;accompagner des pratiques perturbantes, ils s&rsquo;av\u00e8rent \u00e9galement incapables de les r\u00e9guler autrement que par la censure et l&rsquo;interdit et proposent donc aux \u00e9l\u00e8ves, dans un vocabulaire qu&rsquo;ils sont incapables de comprendre, de l\u00e9gif\u00e9rer \u00e0 leur place. Oui.<\/p>\n<p>En 2008, d\u00e9j\u00e0, <a href=\"https:\/\/fr.wikipedia.org\/wiki\/David_Assouline\" target=\"_blank\" rel=\"noopener\">David Assouline<\/a>, dans un rapport parlementaire, s&rsquo;interrogeait\u00a0: \u00ab\u00a0<a href=\"https:\/\/www.senat.fr\/notice-rapport\/2008\/r08-046-notice.html\" target=\"_blank\" rel=\"noopener\">Les nouveaux m\u00e9dias : des jeunes lib\u00e9r\u00e9s ou abandonn\u00e9s\u00a0?<\/a>\u00a0\u00bb. Dix ans apr\u00e8s, nous connaissons la r\u00e9ponse et si les adultes, parents et enseignants disent \u00eatre toujours mobilis\u00e9s, les faits sont t\u00eatus et \u00e7a ressemble pourtant bel et bien \u00e0 de l&rsquo;abandon.<\/p>\n<p>Michel Guillou\u00a0<a href=\"https:\/\/twitter.com\/michelguillou\" target=\"_blank\" rel=\"noopener\">@michelguillou<\/a><\/p>\n<p><a href=\"http:\/\/creativecommons.org\/licenses\/by-nc-sa\/4.0\/\" target=\"_blank\" rel=\"noopener\"><img loading=\"lazy\" decoding=\"async\" src=\"https:\/\/i.creativecommons.org\/l\/by-nc-sa\/2.0\/fr\/80x15.png\" alt=\"image\" width=\"80\" height=\"15\" data-pin-nopin=\"true\" \/><\/a><\/p>\n<p><em>Nota bene<\/em>\u00a0: Nombre de mots de ce texte doivent, au masculin, \u00eatre consid\u00e9r\u00e9s comme neutres et non sexu\u00e9s.<\/p>\n<p>Cr\u00e9dit photo : Par Pel99 suppos\u00e9 (\u00e9tant donn\u00e9 la revendication de droit d\u2019auteur). [Domaine public], <a href=\"https:\/\/commons.wikimedia.org\/wiki\/File:Assembl%C3%A9e_Nationale.jpg\" target=\"_blank\" rel=\"noopener\">via Wikimedia Commons<\/a><\/p>\n<p>[cite]<\/p>\n","protected":false},"excerpt":{"rendered":"<p><strong><a href=\"https:\/\/www.culture-numerique.fr\/?attachment_id=7774\" rel=\"attachment wp-att-7774\"><img loading=\"lazy\" decoding=\"async\" class=\"aligncenter size-full wp-image-7774\" src=\"https:\/\/www.culture-numerique.fr\/wp-content\/uploads\/2018\/11\/1280px-Assembl\u00e9e_Nationale.jpg\" alt=\"\" width=\"1279\" height=\"841\" srcset=\"https:\/\/www.culture-numerique.fr\/wp-content\/uploads\/2018\/11\/1280px-Assembl\u00e9e_Nationale.jpg 1279w, https:\/\/www.culture-numerique.fr\/wp-content\/uploads\/2018\/11\/1280px-Assembl\u00e9e_Nationale-300x197.jpg 300w, https:\/\/www.culture-numerique.fr\/wp-content\/uploads\/2018\/11\/1280px-Assembl\u00e9e_Nationale-1024x673.jpg 1024w, https:\/\/www.culture-numerique.fr\/wp-content\/uploads\/2018\/11\/1280px-Assembl\u00e9e_Nationale-228x150.jpg 228w, https:\/\/www.culture-numerique.fr\/wp-content\/uploads\/2018\/11\/1280px-Assembl\u00e9e_Nationale-100x66.jpg 100w, https:\/\/www.culture-numerique.fr\/wp-content\/uploads\/2018\/11\/1280px-Assembl\u00e9e_Nationale-150x99.jpg 150w, https:\/\/www.culture-numerique.fr\/wp-content\/uploads\/2018\/11\/1280px-Assembl\u00e9e_Nationale-200x132.jpg 200w, https:\/\/www.culture-numerique.fr\/wp-content\/uploads\/2018\/11\/1280px-Assembl\u00e9e_Nationale-450x296.jpg 450w, https:\/\/www.culture-numerique.fr\/wp-content\/uploads\/2018\/11\/1280px-Assembl\u00e9e_Nationale-600x395.jpg 600w, https:\/\/www.culture-numerique.fr\/wp-content\/uploads\/2018\/11\/1280px-Assembl\u00e9e_Nationale-900x592.jpg 900w\" sizes=\"auto, (max-width: 1279px) 100vw, 1279px\" \/><\/a><\/strong><\/p>\n<p><strong>Je n&rsquo;en suis pas encore revenu<\/strong>. Je sais bien qu&rsquo;il n&rsquo;est pas tr\u00e8s correct de commencer \u00e0 r\u00e9diger un billet de blogue en commen\u00e7ant \u00e0 la premi\u00e8re personne du singulier mais,<\/p>\n<p><span class=\"ellipsis\">&hellip;<\/span><\/p>\n<div class=\"read-more\"><a href=\"https:\/\/www.culture-numerique.fr\/?p=7772\">Lire la suite &#8250;<\/a><\/div>\n<p><!-- end of .read-more --><\/p>\n","protected":false},"author":1,"featured_media":7774,"comment_status":"open","ping_status":"open","sticky":false,"template":"","format":"standard","meta":{"jetpack_post_was_ever_published":false,"_jetpack_newsletter_access":"","_jetpack_dont_email_post_to_subs":false,"_jetpack_newsletter_tier_id":0,"_jetpack_memberships_contains_paywalled_content":false,"_jetpack_memberships_contains_paid_content":false,"footnotes":""},"categories":[9],"tags":[868,872,871,2,866,869,870,10,11,85,155,867],"class_list":["post-7772","post","type-post","status-publish","format-standard","has-post-thumbnail","hentry","category-billets-dhumeur","tag-bon-usage","tag-david-assouline","tag-grevisse","tag-numerique","tag-panique","tag-parlement","tag-parlement-des-enfants","tag-peur","tag-raison","tag-reseaux-sociaux","tag-responsabilite","tag-usage"],"jetpack_featured_media_url":"https:\/\/www.culture-numerique.fr\/wp-content\/uploads\/2018\/11\/1280px-Assembl\u00e9e_Nationale.jpg","jetpack_sharing_enabled":true,"_links":{"self":[{"href":"https:\/\/www.culture-numerique.fr\/index.php?rest_route=\/wp\/v2\/posts\/7772","targetHints":{"allow":["GET"]}}],"collection":[{"href":"https:\/\/www.culture-numerique.fr\/index.php?rest_route=\/wp\/v2\/posts"}],"about":[{"href":"https:\/\/www.culture-numerique.fr\/index.php?rest_route=\/wp\/v2\/types\/post"}],"author":[{"embeddable":true,"href":"https:\/\/www.culture-numerique.fr\/index.php?rest_route=\/wp\/v2\/users\/1"}],"replies":[{"embeddable":true,"href":"https:\/\/www.culture-numerique.fr\/index.php?rest_route=%2Fwp%2Fv2%2Fcomments&post=7772"}],"version-history":[{"count":26,"href":"https:\/\/www.culture-numerique.fr\/index.php?rest_route=\/wp\/v2\/posts\/7772\/revisions"}],"predecessor-version":[{"id":7904,"href":"https:\/\/www.culture-numerique.fr\/index.php?rest_route=\/wp\/v2\/posts\/7772\/revisions\/7904"}],"wp:featuredmedia":[{"embeddable":true,"href":"https:\/\/www.culture-numerique.fr\/index.php?rest_route=\/wp\/v2\/media\/7774"}],"wp:attachment":[{"href":"https:\/\/www.culture-numerique.fr\/index.php?rest_route=%2Fwp%2Fv2%2Fmedia&parent=7772"}],"wp:term":[{"taxonomy":"category","embeddable":true,"href":"https:\/\/www.culture-numerique.fr\/index.php?rest_route=%2Fwp%2Fv2%2Fcategories&post=7772"},{"taxonomy":"post_tag","embeddable":true,"href":"https:\/\/www.culture-numerique.fr\/index.php?rest_route=%2Fwp%2Fv2%2Ftags&post=7772"}],"curies":[{"name":"wp","href":"https:\/\/api.w.org\/{rel}","templated":true}]}}