{"id":7490,"date":"2018-03-26T22:48:29","date_gmt":"2018-03-26T20:48:29","guid":{"rendered":"https:\/\/www.culture-numerique.fr\/?p=7490"},"modified":"2023-06-06T18:19:35","modified_gmt":"2023-06-06T16:19:35","slug":"du-naufrage-de-laction-publique-en-matiere-deducation-dans-lecole-numerique","status":"publish","type":"post","link":"https:\/\/www.culture-numerique.fr\/?p=7490","title":{"rendered":"Du naufrage de l&rsquo;action publique en mati\u00e8re d&rsquo;\u00e9ducation dans l&rsquo;\u00e9cole num\u00e9rique"},"content":{"rendered":"<p><a href=\"https:\/\/www.culture-numerique.fr\/?attachment_id=7494\" rel=\"attachment wp-att-7494\"><img loading=\"lazy\" decoding=\"async\" class=\"aligncenter size-full wp-image-7494\" src=\"https:\/\/www.culture-numerique.fr\/wp-content\/uploads\/2018\/03\/1200px-Tsunami_by_hokusai_19th_century.jpg\" alt=\"\" width=\"1200\" height=\"807\" srcset=\"https:\/\/www.culture-numerique.fr\/wp-content\/uploads\/2018\/03\/1200px-Tsunami_by_hokusai_19th_century.jpg 1200w, https:\/\/www.culture-numerique.fr\/wp-content\/uploads\/2018\/03\/1200px-Tsunami_by_hokusai_19th_century-300x202.jpg 300w, https:\/\/www.culture-numerique.fr\/wp-content\/uploads\/2018\/03\/1200px-Tsunami_by_hokusai_19th_century-1024x689.jpg 1024w, https:\/\/www.culture-numerique.fr\/wp-content\/uploads\/2018\/03\/1200px-Tsunami_by_hokusai_19th_century-100x67.jpg 100w, https:\/\/www.culture-numerique.fr\/wp-content\/uploads\/2018\/03\/1200px-Tsunami_by_hokusai_19th_century-150x101.jpg 150w, https:\/\/www.culture-numerique.fr\/wp-content\/uploads\/2018\/03\/1200px-Tsunami_by_hokusai_19th_century-200x135.jpg 200w, https:\/\/www.culture-numerique.fr\/wp-content\/uploads\/2018\/03\/1200px-Tsunami_by_hokusai_19th_century-450x303.jpg 450w, https:\/\/www.culture-numerique.fr\/wp-content\/uploads\/2018\/03\/1200px-Tsunami_by_hokusai_19th_century-600x404.jpg 600w, https:\/\/www.culture-numerique.fr\/wp-content\/uploads\/2018\/03\/1200px-Tsunami_by_hokusai_19th_century-900x605.jpg 900w\" sizes=\"auto, (max-width: 1200px) 100vw, 1200px\" \/><\/a><\/p>\n<p><strong>On n&rsquo;a jamais autant parl\u00e9 de l&rsquo;\u00e9cole<\/strong> qui change avec le num\u00e9rique. Jamais. Pour ceux qui, comme moi, s&rsquo;efforcent de suivre l&rsquo;actualit\u00e9 de ce chantier et d&rsquo;en partager la progression, la litt\u00e9rature ne manque pas, m\u00eame si elle se limite parfois \u00e0 des tweets en 140 caract\u00e8res, voire 280 aujourd&rsquo;hui, qui relaient certes une actualit\u00e9 beaucoup plus dense et riche.<\/p>\n<p>On ne compte plus, un peu partout en France ou m\u00eame en Francophonie\u00a0\u2014\u00a0c&rsquo;est plus facile \u00e0 suivre\u00a0\u2014 l<strong>es s\u00e9minaires, les colloques, les hackatons<\/strong>, les symposiums, les rencontres, les rendez-vous, les conf\u00e9rences et autres r\u00e9unions, dont la r\u00e9p\u00e9tition, trimestre apr\u00e8s trimestre, ann\u00e9e apr\u00e8s ann\u00e9e, t\u00e9moigne de la vigueur et du succ\u00e8s.<\/p>\n<p>On ne fait pas non plus le compte des travaux de recherches sur l&rsquo;\u00e9cole num\u00e9rique, m\u00eame si la recherche tarde encore \u00e0 faire \u00e9voluer ses m\u00e9thodes ou \u00e0 poser les bonnes questions. J&rsquo;aurai sans doute l&rsquo;occasion d&rsquo;y revenir.<\/p>\n<p>Pour ma part, je n&rsquo;ai de cesse de me r\u00e9jouir de d\u00e9couvrir, \u00e0 l&rsquo;occasion de telle ou telle rencontre, virtuelle ou r\u00e9elle, le travail ou la r\u00e9flexion de professeurs, de cadres, d&rsquo;\u00e9l\u00e8ves m\u00eame, comp\u00e9tents et enthousiastes, de d\u00e9couvreurs, de pionniers\u00a0\u2014\u00a0curieusement sur ce sujet, oui, en 2018\u00a0\u2014, d&rsquo;exp\u00e9rimentateurs, d&rsquo;enseignants qui osent, y compris contre les r\u00e8glements ou lois iniques ou contre ceux qui veulent les asservir, au nom de r\u00e8gles de s\u00e9curit\u00e9 ou de morale stupides. Que tous ces gens <strong>soient comp\u00e9tents et enthousiastes, ouverts et bienveillants<\/strong>, ne les emp\u00eache nullement d&rsquo;exercer <strong>leur raison<\/strong> ou m\u00eame, c&rsquo;est mon jour de bont\u00e9 pour faire plaisir au ministre, leur discernement.<\/p>\n<p>Tout r\u00e9cemment, au dernier <a href=\"http:\/\/carnavalnumerique.fr\" target=\"_blank\" rel=\"noopener\">Carnaval num\u00e9rique<\/a> qu&rsquo;organisait l&rsquo;<a href=\"http:\/\/anae.education\/\" target=\"_blank\" rel=\"noopener\">An@\u00e9<\/a>, on a m\u00eame entendu un directeur du num\u00e9rique \u00e9ducatif proclamer avec force et conviction, contre les ronchonnements et les d\u00e9mangeaisons apeur\u00e9es d&rsquo;un de ses contradicteurs, <strong>les vertus innombrables et fortement \u00e9mancipatrices du num\u00e9rique<\/strong>.<\/p>\n<p>Mais bon, ce directeur trop intelligent va quitter son poste, comme celle qui l&rsquo;a pr\u00e9c\u00e9d\u00e9. Ou alors il est forc\u00e9 \u00e0 d\u00e9missionner, ce qui revient au m\u00eame.<\/p>\n<h3>Entre inculture, d\u00e9sint\u00e9r\u00eat profond et procrastination<\/h3>\n<p>Mais \u00e0 quoi bon\u00a0? Rue de Grenelle, on a d\u00e9cid\u00e9, contrairement \u00e0 toutes les pr\u00e9visions raisonnables sur le sujet qui laissaient penser qu&rsquo;en la mati\u00e8re, celle de la mise en \u0153uvre du num\u00e9rique \u00e9ducatif, on allait faire confiance au terrain, comme on dit, c&rsquo;est-\u00e0-dire aux \u00e9quipes \u00e9ducatives, dans les \u00e9coles et \u00e9tablissements, on a d\u00e9cid\u00e9 en haut lieu, vous disais-je, qu&rsquo;il convenait d&rsquo;attendre, voire de procrastiner.<\/p>\n<p>On attend, on s&rsquo;interroge, on suppute, on tergiverse, on ne r\u00e9pond ni aux questions des journalistes, ni aux interrogations de la CNIL, des \u00e9diteurs et h\u00e9bergeurs de contenus ou des collectivit\u00e9s.<\/p>\n<p><strong><a href=\"https:\/\/www.culture-numerique.fr\/?attachment_id=7504\" rel=\"attachment wp-att-7504\"><img loading=\"lazy\" decoding=\"async\" class=\"alignright wp-image-7504\" src=\"https:\/\/www.culture-numerique.fr\/wp-content\/uploads\/2018\/03\/lifebelt_rescue_water_rescue_red_emergency_non_swimmers_security_white-1333618-200x300.jpg\" alt=\"\" width=\"225\" height=\"338\" \/><\/a>En fait, en haut lieu, on s&rsquo;en fout.<\/strong> On fait montre, \u00e0 l&rsquo;\u00e9vidence, d&rsquo;une incapacit\u00e9 d&rsquo;une vision un tant soit peu \u00e9clair\u00e9e des grandes mutations de ce si\u00e8cle et des cons\u00e9quences sur l&rsquo;enseignement \u00e0 l&rsquo;heure de l&rsquo;irruption du num\u00e9rique. Au-del\u00e0 <strong>du\u00a0vide de la r\u00e9flexion institutionnelle<\/strong>, le n\u00e9o-obscurantisme guette. Sur le sujet, par exemple, de <strong>l&rsquo;utilisation n\u00e9goci\u00e9e et raisonn\u00e9e en classe des mobiles multi-fonctions<\/strong>, les smartphones en quelque sorte, sujet sur lequel travaillent, pour avancer de mani\u00e8re positive, en relation avec les collectivit\u00e9s et des \u00e9diteurs de contenu, des \u00e9quipes nombreuses, au minist\u00e8re m\u00eame, \u00e0 la direction du num\u00e9rique \u00e9ducatif, comme dans les d\u00e9l\u00e9gations acad\u00e9miques ou les ateliers du r\u00e9seau Canop\u00e9, notre ministre ne propose rien d&rsquo;autre que <strong>d&rsquo;obscures voire obscurantistes solutions techniques<\/strong> qui t\u00e9moignent de son incapacit\u00e9 \u00e0 mettre en \u0153uvre une r\u00e9flexion \u00e9ducative. \u00c0 moins qu&rsquo;il ne s&rsquo;agisse, on ne sait, de son inculture chronique ou de son z\u00e8le \u00e0 ne pas contrarier celui qui l&rsquo;a fait ministre.&rsquo;<\/p>\n<p>Un autre chantier important, celui si sensible de <strong>la pr\u00e9servation des donn\u00e9es personnelles des \u00e9l\u00e8ves<\/strong>, bien pr\u00e9cieux dont sont soucieux \u00e0 juste titre leurs parents, avait fait l&rsquo;objet de longues n\u00e9gociations entre les services du minist\u00e8re, la CNIL et les \u00e9diteurs et h\u00e9bergeurs de contenus \u00e9ducatifs. Ces n\u00e9gociations avaient abouti \u00e0 l&rsquo;\u00e9laboration d&rsquo;une \u00ab\u00a0<strong>charte de confiance des services num\u00e9riques pour l&rsquo;\u00c9ducation<\/strong>\u00a0\u00bb. Fort bien. L\u00e0-dessus, on ne fait pas qu&rsquo;attendre ou procrastiner, on enterre, soigneusement et d\u00e9lib\u00e9r\u00e9ment. O\u00f9 est la charte\u00a0? Personne ne le sait.<\/p>\n<p>Les exemples sont pl\u00e9thore de chantiers ensevelis, d&rsquo;avanc\u00e9es d\u00e9j\u00e0 timides compl\u00e8tement entrav\u00e9es. Je ne pose m\u00eame pas la question de l&rsquo;\u00e9tat du grand plan num\u00e9rique, d\u00e9j\u00e0 bien d\u00e9pass\u00e9 avant d&rsquo;avoir \u00e9t\u00e9 mis en \u0153uvre. Les collectivit\u00e9s territoriales grincent des dents.<\/p>\n<p>Les quelques annonces d\u00e9j\u00e0 faites n&rsquo;augurent rien de bon. <strong>\u00c0 propos du baccalaur\u00e9at, en particulier, et de la r\u00e9forme du lyc\u00e9e<\/strong>, on aurait pu s&rsquo;attendre \u00e0 une r\u00e9flexion os\u00e9e et r\u00e9solue pour faire de ce passage oblig\u00e9 avant l&rsquo;universit\u00e9 un moment de pr\u00e9paration \u00e0 cette derni\u00e8re o\u00f9 sont \u00e9valu\u00e9es de mani\u00e8re positive et particuli\u00e8re les comp\u00e9tences \u00e0 collaborer, \u00e0 co-construire, \u00e0 produire une r\u00e9flexion qui se nourrit de connaissances disponibles qu&rsquo;on s&rsquo;est appropri\u00e9es plut\u00f4t qu&rsquo;\u00e0 continuer \u00e0 restituer, de mani\u00e8re identique \u00e0 celle du dernier mill\u00e9naire, des connaissances apprises.<\/p>\n<p>On aurait pu imaginer cela, \u00e0 l&rsquo;identique de ce qui se passe ailleurs, dans de nombreux pays, o\u00f9 cette r\u00e9flexion avance et o\u00f9 les modalit\u00e9s d&rsquo;\u00e9valuation changent. On aurait pu.<\/p>\n<p>Si, ajout\u00e9 \u00e0 cela, on se fait la remarque que notre ministre convoque, pour appuyer ses dossiers, de myst\u00e9rieux mais suppos\u00e9s experts, <strong>dignes repr\u00e9sentants d&rsquo;une \u00e9lite intellectuelle d\u00e9branch\u00e9e<\/strong>, qui n&rsquo;ont d&rsquo;autre capacit\u00e9 que de formuler des r\u00e9ponses, fa\u00e7on zinc de bistrot, \u00e0 des questions que personne ne pose, on pourrait se dire qu&rsquo;on est mal partis et qu&rsquo;il faut d\u00e9primer.<\/p>\n<p>Sauf \u00e0 imaginer le visage de ces gens apeur\u00e9s et paniqu\u00e9s \u00e0 l&rsquo;id\u00e9e que tout change et que la jeunesse n&rsquo;a plus besoin d&rsquo;eux \u2014\u00a0ou d&rsquo;elles, hein, pas de jalouses.<\/p>\n<p>L\u00e0, ce n&rsquo;est pas 20 ans qu&rsquo;on a perdus, mais beaucoup plus.<\/p>\n<p>Michel Guillou\u00a0<a href=\"https:\/\/twitter.com\/michelguillou\" target=\"_blank\" rel=\"noopener\">@michelguillou<\/a><\/p>\n<p><a href=\"http:\/\/creativecommons.org\/licenses\/by-nc-sa\/4.0\/\" target=\"_blank\" rel=\"noopener\"><img loading=\"lazy\" decoding=\"async\" src=\"https:\/\/i.creativecommons.org\/l\/by-nc-sa\/2.0\/fr\/80x15.png\" alt=\"image\" width=\"80\" height=\"15\" data-pin-nopin=\"true\" \/><\/a><\/p>\n<p><em>Nota bene<\/em>\u00a0: Nombre de mots de ce texte doivent, au masculin, \u00eatre consid\u00e9r\u00e9s comme neutres et non sexu\u00e9s.<\/p>\n<p>Cr\u00e9dit image et photo : Par <a class=\"extiw\" title=\"w:fr:Hokusai\" href=\"https:\/\/en.wikipedia.org\/wiki\/fr:Hokusai\">Hokusai<\/a> \u2014 <a class=\"extiw\" title=\"fr:Metropolitan Museum of Art\" href=\"https:\/\/fr.wikipedia.org\/wiki\/Metropolitan_Museum_of_Art\">Metropolitan Museum of Art<\/a>, base de donn\u00e9es en ligne\u00a0: entr\u00e9e <a class=\"external text\" href=\"https:\/\/www.metmuseum.org\/art\/collection\/search\/45434\" rel=\"nofollow\">45434<\/a>, Domaine public, <a href=\"https:\/\/commons.wikimedia.org\/w\/index.php?curid=2798407\">Lien<\/a> et <a href=\"https:\/\/pxhere.com\/fr\/photo\/1333618\" target=\"_blank\" rel=\"noopener\">Pxhere<\/a>.<\/p>\n<p>&nbsp;<\/p>\n","protected":false},"excerpt":{"rendered":"<p><a href=\"https:\/\/www.culture-numerique.fr\/?attachment_id=7494\" rel=\"attachment wp-att-7494\"><img loading=\"lazy\" decoding=\"async\" class=\"aligncenter size-full wp-image-7494\" src=\"https:\/\/www.culture-numerique.fr\/wp-content\/uploads\/2018\/03\/1200px-Tsunami_by_hokusai_19th_century.jpg\" alt=\"\" width=\"1200\" height=\"807\" srcset=\"https:\/\/www.culture-numerique.fr\/wp-content\/uploads\/2018\/03\/1200px-Tsunami_by_hokusai_19th_century.jpg 1200w, https:\/\/www.culture-numerique.fr\/wp-content\/uploads\/2018\/03\/1200px-Tsunami_by_hokusai_19th_century-300x202.jpg 300w, https:\/\/www.culture-numerique.fr\/wp-content\/uploads\/2018\/03\/1200px-Tsunami_by_hokusai_19th_century-1024x689.jpg 1024w, https:\/\/www.culture-numerique.fr\/wp-content\/uploads\/2018\/03\/1200px-Tsunami_by_hokusai_19th_century-100x67.jpg 100w, https:\/\/www.culture-numerique.fr\/wp-content\/uploads\/2018\/03\/1200px-Tsunami_by_hokusai_19th_century-150x101.jpg 150w, https:\/\/www.culture-numerique.fr\/wp-content\/uploads\/2018\/03\/1200px-Tsunami_by_hokusai_19th_century-200x135.jpg 200w, https:\/\/www.culture-numerique.fr\/wp-content\/uploads\/2018\/03\/1200px-Tsunami_by_hokusai_19th_century-450x303.jpg 450w, https:\/\/www.culture-numerique.fr\/wp-content\/uploads\/2018\/03\/1200px-Tsunami_by_hokusai_19th_century-600x404.jpg 600w, https:\/\/www.culture-numerique.fr\/wp-content\/uploads\/2018\/03\/1200px-Tsunami_by_hokusai_19th_century-900x605.jpg 900w\" sizes=\"auto, (max-width: 1200px) 100vw, 1200px\" \/><\/a><\/p>\n<p><strong>On n&rsquo;a jamais autant parl\u00e9 de l&rsquo;\u00e9cole<\/strong> qui change avec le num\u00e9rique. Jamais. Pour ceux qui, comme moi, s&rsquo;efforcent de suivre l&rsquo;actualit\u00e9 de ce chantier et d&rsquo;en partager la progression, la litt\u00e9rature ne manque pas,<\/p>\n<p><span class=\"ellipsis\">&hellip;<\/span><\/p>\n<div class=\"read-more\"><a href=\"https:\/\/www.culture-numerique.fr\/?p=7490\">Lire la suite &#8250;<\/a><\/div>\n<p><!-- end of .read-more --><\/p>\n","protected":false},"author":1,"featured_media":7494,"comment_status":"open","ping_status":"open","sticky":false,"template":"","format":"standard","meta":{"jetpack_post_was_ever_published":false,"_jetpack_newsletter_access":"","_jetpack_dont_email_post_to_subs":false,"_jetpack_newsletter_tier_id":0,"_jetpack_memberships_contains_paywalled_content":false,"_jetpack_memberships_contains_paid_content":false,"footnotes":""},"categories":[9],"tags":[783,593,162,66,325,4,320,483],"class_list":["post-7490","post","type-post","status-publish","format-standard","has-post-thumbnail","hentry","category-billets-dhumeur","tag-carnval-numerique","tag-changer-lecole","tag-collectivites-territoriales","tag-ecole-numerique","tag-elites","tag-numerique-educatif","tag-plan-numerique","tag-tsunami"],"jetpack_featured_media_url":"https:\/\/www.culture-numerique.fr\/wp-content\/uploads\/2018\/03\/1200px-Tsunami_by_hokusai_19th_century.jpg","jetpack_sharing_enabled":true,"_links":{"self":[{"href":"https:\/\/www.culture-numerique.fr\/index.php?rest_route=\/wp\/v2\/posts\/7490","targetHints":{"allow":["GET"]}}],"collection":[{"href":"https:\/\/www.culture-numerique.fr\/index.php?rest_route=\/wp\/v2\/posts"}],"about":[{"href":"https:\/\/www.culture-numerique.fr\/index.php?rest_route=\/wp\/v2\/types\/post"}],"author":[{"embeddable":true,"href":"https:\/\/www.culture-numerique.fr\/index.php?rest_route=\/wp\/v2\/users\/1"}],"replies":[{"embeddable":true,"href":"https:\/\/www.culture-numerique.fr\/index.php?rest_route=%2Fwp%2Fv2%2Fcomments&post=7490"}],"version-history":[{"count":24,"href":"https:\/\/www.culture-numerique.fr\/index.php?rest_route=\/wp\/v2\/posts\/7490\/revisions"}],"predecessor-version":[{"id":8250,"href":"https:\/\/www.culture-numerique.fr\/index.php?rest_route=\/wp\/v2\/posts\/7490\/revisions\/8250"}],"wp:featuredmedia":[{"embeddable":true,"href":"https:\/\/www.culture-numerique.fr\/index.php?rest_route=\/wp\/v2\/media\/7494"}],"wp:attachment":[{"href":"https:\/\/www.culture-numerique.fr\/index.php?rest_route=%2Fwp%2Fv2%2Fmedia&parent=7490"}],"wp:term":[{"taxonomy":"category","embeddable":true,"href":"https:\/\/www.culture-numerique.fr\/index.php?rest_route=%2Fwp%2Fv2%2Fcategories&post=7490"},{"taxonomy":"post_tag","embeddable":true,"href":"https:\/\/www.culture-numerique.fr\/index.php?rest_route=%2Fwp%2Fv2%2Ftags&post=7490"}],"curies":[{"name":"wp","href":"https:\/\/api.w.org\/{rel}","templated":true}]}}