{"id":7393,"date":"2018-01-09T16:42:52","date_gmt":"2018-01-09T15:42:52","guid":{"rendered":"https:\/\/www.culture-numerique.fr\/?p=7393"},"modified":"2018-01-10T23:28:49","modified_gmt":"2018-01-10T22:28:49","slug":"2018-lannee-de-lethique-et-de-la-liberte-dexpression","status":"publish","type":"post","link":"https:\/\/www.culture-numerique.fr\/?p=7393","title":{"rendered":"2018, l&rsquo;ann\u00e9e de l&rsquo;\u00e9thique et de la libert\u00e9 d&rsquo;expression\u00a0?"},"content":{"rendered":"<p><a href=\"https:\/\/www.culture-numerique.fr\/?attachment_id=7395\" rel=\"attachment wp-att-7395\"><img loading=\"lazy\" decoding=\"async\" class=\"aligncenter size-full wp-image-7395\" src=\"https:\/\/www.culture-numerique.fr\/wp-content\/uploads\/2018\/01\/2018-MG-e1514814186817.jpg\" alt=\"\" width=\"1280\" height=\"544\" \/><\/a><\/p>\n<p><strong>La p\u00e9riode traditionnelle du changement d&rsquo;ann\u00e9e<\/strong> est trop souvent l&rsquo;occasion de regarder en arri\u00e8re et, sur un blogue comme celui-ci, par exemple, de dresser la liste des billets les plus lus ou les plus comment\u00e9s, comme le font nombre de mes cons\u0153urs et confr\u00e8res. Je vous \u00e9pargne ce classement.<\/p>\n<p>En revanche, et sans \u00eatre trop original, il pourrait \u00eatre possible de s&rsquo;essayer \u00e0 quelques r\u00e9solutions, quelques v\u0153ux, quelques bonnes id\u00e9es pour demain, quelques r\u00e9flexions prospectives qu&rsquo;il faudrait esp\u00e9rer heureuses. S&rsquo;y essayer.<\/p>\n<h3>Promouvoir une \u00e9thique des donn\u00e9es<\/h3>\n<p>Il n&rsquo;est pas un jour sans que l&rsquo;actualit\u00e9 ne nous donne de nouvelles raisons d&rsquo;aggraver le sentiment de m\u00e9fiance que nous ressentons d\u00e9j\u00e0 \u00e0 l&rsquo;encontre des apprentis sorciers qui tripotent des algorithmes douteux, qui s&rsquo;amusent sans mod\u00e9ration avec l&rsquo;intelligence artificielle et les robots, qui font un usage honteux et contre notre gr\u00e9 des donn\u00e9es personnelles que nous sommes contraints de lib\u00e9rer et d&rsquo;exposer, sauf \u00e0 adopter une vie d\u00e9finitivement anachor\u00e9tique.<\/p>\n<p>Vous l&rsquo;avez compris, je n&rsquo;ai rien contre un traitement raisonn\u00e9 et contr\u00f4l\u00e9 des donn\u00e9es, et des donn\u00e9es personnelles en particulier, quand ce traitement a pour objectif de r\u00e9pondre \u00e0 d&rsquo;imp\u00e9rieux besoins tr\u00e8s utiles au citoyen. Personne ne peut nier tout ce qui a profond\u00e9ment et heureusement chang\u00e9 \u00e0 ce sujet dans divers domaines, la sant\u00e9, l&rsquo;information, l&rsquo;\u00e9conomie, la recherche scientifique\u2026<\/p>\n<p>Le <a href=\"https:\/\/fr.wikipedia.org\/wiki\/R%C3%A8glement_g%C3%A9n%C3%A9ral_sur_la_protection_des_donn%C3%A9es\" target=\"_blank\" rel=\"noopener\">RGPD<\/a>, <strong>R\u00e8glement g\u00e9n\u00e9ral sur la protection des donn\u00e9es<\/strong>, est aujourd&rsquo;hui la r\u00e9f\u00e9rence europ\u00e9enne en la mati\u00e8re. Il a pour objectif de \u00ab\u00a0<span style=\"color: #800000;\"><em>redonner aux citoyens le contr\u00f4le de leurs donn\u00e9es personnelles<\/em><\/span>\u00a0\u00bb et adopte pour principe la\u00a0\u00ab <em><span style=\"color: #800000;\">protection des donn\u00e9es d\u00e8s la conception<\/span><\/em> \u00bb. <a href=\"https:\/\/www.cnil.fr\/fr\/reglement-europeen-sur-la-protection-des-donnees-ce-qui-change-pour-les-professionnels\" target=\"_blank\" rel=\"noopener\">Ce document de la CNIL<\/a> explique bien aux professionnels ce qui change pour eux.<\/p>\n<p>C&rsquo;est un premier pas.<\/p>\n<p>Mais il faut aller plus loin. Je rejoins la CNIL qui souhaite, concernant l&rsquo;intelligence artificielle et les algorithmes, qui se nourrissent de ces donn\u00e9es massives,\u00a0participer \u00e0 \u00ab l\u2019\u00e9laboration d\u2019un <strong>mod\u00e8le fran\u00e7ais de gouvernance \u00e9thique<\/strong> de l\u2019intelligence artificielle \u00bb, <a href=\"https:\/\/www.nextinpact.com\/news\/105837-algorithmes-intelligence-artificielle-a-decouverte-epais-rapport-cnil.htm\" target=\"_blank\" rel=\"noopener\">comme le rapporte <em>Nextinpact<\/em><\/a>.<\/p>\n<p>Comme d&rsquo;habitude, l&rsquo;actualit\u00e9 vient percuter cette r\u00e9flexion fort importante et utile. Il suffit de quelques propos pr\u00e9sidentiels, fort peu innocents par ailleurs, pour mettre le feu aux poudres de l&rsquo;information. En voulant l\u00e9gif\u00e9rer sur les fausses nouvelles (<em>fake news<\/em>), <a href=\"https:\/\/fr.wikipedia.org\/wiki\/Emmanuel_Macron\" target=\"_blank\" rel=\"noopener\">Emmanuel Macron<\/a> se trompe \u00e0 la fois de combat\u00a0\u2014\u00a0c&rsquo;est le probl\u00e8me de l&rsquo;\u00e9cole que de s&rsquo;appuyer sur <strong>une \u00e9ducation aux m\u00e9dias<\/strong> qu&rsquo;on esp\u00e8re r\u00e9nov\u00e9e et renforc\u00e9e pour renforcer l&rsquo;esprit critique des citoyens de ce si\u00e8cle\u00a0\u2014 et de cible\u00a0\u2014\u00a0ce ne sont pas quelques malheureux organes de presse qu&rsquo;il faut d\u00e9noncer mais le mod\u00e8le m\u00eame des plateformes qui amassent des gains publicitaires faramineux en favorisant les contenus \u00ab\u00a0attrape-clics\u00a0\u00bb, <a href=\"http:\/\/www.laquadrature.net\/fr\/macron_fake_news\" target=\"_blank\" rel=\"noopener\">comme le d\u00e9montre La Quadrature du Net<\/a>.<\/p>\n<p>C&rsquo;est donc bien d&rsquo;<strong>une grande r\u00e9flexion nationale sur l&rsquo;\u00e9thique des donn\u00e9es<\/strong>, y compris celles de l&rsquo;information, des algorithmes et de l&rsquo;intelligence artificielle dont nous avons besoin, sous une forme \u00e0 inventer mais qui ne saurait \u00e0 se r\u00e9sumer aux r\u00e9flexions ou propositions, parfois s\u00e9rieuses, <a href=\"https:\/\/www.culture-numerique.fr\/?p=1901\" target=\"_blank\" rel=\"noopener\">parfois d\u00e9sopilantes<\/a>, d&rsquo;un Conseil national du num\u00e9rique r\u00e9duit \u00e0 un r\u00f4le croupion et, tout r\u00e9cemment, quasiment priv\u00e9 de toute ind\u00e9pendance.<\/p>\n<p>C&rsquo;est <a href=\"https:\/\/fr.wikipedia.org\/wiki\/Divina_Frau-Meigs\" target=\"_blank\" rel=\"noopener\">Divina Frau-Meigs<\/a> qui secoue le cocotier, une fois de plus\u00a0: dans <a href=\"https:\/\/humanite.fr\/divina-frau-meigs-plutot-quune-loi-anti-fake-news-un-vrai-service-public-dinternet-648262\" target=\"_blank\" rel=\"noopener\">l&rsquo;<em>Humanit\u00e9<\/em><\/a> du 5-1-17, elle milite pour la cr\u00e9ation d&rsquo;un <strong>comit\u00e9 national d&rsquo;\u00e9thique du num\u00e9rique<\/strong>, ind\u00e9pendant du gouvernement et des groupes de pression, qui pourrait avoir pour mission de r\u00e9fl\u00e9chir \u00e0 tout cela\u2026 De m\u00eame avance-t-elle l&rsquo;id\u00e9e d&rsquo;un service public du num\u00e9rique et de l&rsquo;Internet, auquel je crois moins, pour ma part\u2026<\/p>\n<p><a href=\"https:\/\/www.culture-numerique.fr\/?attachment_id=7411\" rel=\"attachment wp-att-7411\"><img loading=\"lazy\" decoding=\"async\" class=\"aligncenter size-full wp-image-7411\" src=\"https:\/\/www.culture-numerique.fr\/wp-content\/uploads\/2018\/01\/DS3PE9jWAAMN58w-recadr\u00e9.jpg\" alt=\"\" width=\"741\" height=\"321\" srcset=\"https:\/\/www.culture-numerique.fr\/wp-content\/uploads\/2018\/01\/DS3PE9jWAAMN58w-recadr\u00e9.jpg 741w, https:\/\/www.culture-numerique.fr\/wp-content\/uploads\/2018\/01\/DS3PE9jWAAMN58w-recadr\u00e9-300x130.jpg 300w, https:\/\/www.culture-numerique.fr\/wp-content\/uploads\/2018\/01\/DS3PE9jWAAMN58w-recadr\u00e9-100x43.jpg 100w, https:\/\/www.culture-numerique.fr\/wp-content\/uploads\/2018\/01\/DS3PE9jWAAMN58w-recadr\u00e9-150x65.jpg 150w, https:\/\/www.culture-numerique.fr\/wp-content\/uploads\/2018\/01\/DS3PE9jWAAMN58w-recadr\u00e9-200x87.jpg 200w, https:\/\/www.culture-numerique.fr\/wp-content\/uploads\/2018\/01\/DS3PE9jWAAMN58w-recadr\u00e9-450x195.jpg 450w, https:\/\/www.culture-numerique.fr\/wp-content\/uploads\/2018\/01\/DS3PE9jWAAMN58w-recadr\u00e9-600x260.jpg 600w\" sizes=\"auto, (max-width: 741px) 100vw, 741px\" \/><\/a><\/p>\n<h3>Cesser de vouloir casser l&rsquo;Internet, soutenir et promouvoir la libert\u00e9 d&rsquo;expression<\/h3>\n<p>Vous savez, je vous l&rsquo;ai d\u00e9j\u00e0 dit, comment Internet a donn\u00e9, ces derni\u00e8res ann\u00e9es, <strong>un nouveau souffle \u00e0 la libert\u00e9 d&rsquo;expression<\/strong>, en donnant \u00e0 chaque citoyen, o\u00f9 qu\u2019il soit, \u00e0 condition de b\u00e9n\u00e9ficier d&rsquo;un acc\u00e8s au r\u00e9seau, la possibilit\u00e9 de dire son opinion, sur la plateforme de son choix, pour un co\u00fbt souvent nul ou ridicule. Une certaine mani\u00e8re de devenir m\u00e9dia soi-m\u00eame donc. Il s&rsquo;agit, il est n\u00e9cessaire de le rappeler, d&rsquo;une opportunit\u00e9 extraordinaire dont profitent celles et ceux qui s&rsquo;engagent \u2014\u00a0ne pas confondre avec des usagers\u00a0\u2014, \u00e0 commencer par les jeunes de mani\u00e8re parfois immod\u00e9r\u00e9e.<\/p>\n<p>Si techniquement ais\u00e9 qu&rsquo;il soit, l&rsquo;exercice n&rsquo;est pourtant pas si simple. S&rsquo;exprimer oralement ou par \u00e9crit, sur un blogue ou en vid\u00e9o, en r\u00e9digeant un document original ou en commentant celui des autres pr\u00e9suppose d&rsquo;avoir acquis un certain nombre de comp\u00e9tences fort complexes. <strong>S&rsquo;exprimer, publier en ligne s&rsquo;apprend donc.<\/strong> De plus, il ne suffit pas d&rsquo;avoir des id\u00e9es ni m\u00eame de savoir argumenter pour les exposer, le plus difficile est d&rsquo;en porter et d&rsquo;en assumer la confrontation \u00e0 l&rsquo;avis ou l&rsquo;opinion d&rsquo;un auditoire possiblement universel.<\/p>\n<p><strong>Mais cette libert\u00e9 d&rsquo;expression si ch\u00e8rement acquise subit des attaques sans pr\u00e9c\u00e9dent.<\/strong><\/p>\n<p>Il s&rsquo;agit en effet de ne pas se tromper\u00a0: cette chance donn\u00e9e \u00e0 tous de pouvoir s&rsquo;exprimer et donner son avis g\u00eane autant les obscurantistes adeptes du terrorisme que les \u00e9lites intellectuelles, les femmes et hommes politiques au premier chef, mais aussi toutes les personnes qui, du haut de leur pi\u00e9destal, acteurs, \u00e9crivains, journalistes, professeurs, n&rsquo;ont de cesse de d\u00e9noncer cette expression libre, d\u2019o\u00f9 qu&rsquo;elle provienne, qui serait ainsi galvaud\u00e9e, gaspill\u00e9e, en \u00e9tant mise \u00e0 disposition du tout venant. Ce sont les jeunes, qu&rsquo;on qualifie volontiers d&rsquo;irresponsables, qui sont vis\u00e9s en l&rsquo;esp\u00e8ce. Une fois de plus.<\/p>\n<p><img loading=\"lazy\" decoding=\"async\" class=\"wp-image-2565 size-medium alignright\" src=\"https:\/\/www.culture-numerique.fr\/wp-content\/uploads\/2015\/01\/Charlie-300x300.jpg\" alt=\"\" width=\"300\" height=\"300\" srcset=\"https:\/\/www.culture-numerique.fr\/wp-content\/uploads\/2015\/01\/Charlie-300x299.jpg 300w, https:\/\/www.culture-numerique.fr\/wp-content\/uploads\/2015\/01\/Charlie-150x150.jpg 150w, https:\/\/www.culture-numerique.fr\/wp-content\/uploads\/2015\/01\/Charlie-100x100.jpg 100w, https:\/\/www.culture-numerique.fr\/wp-content\/uploads\/2015\/01\/Charlie-200x200.jpg 200w, https:\/\/www.culture-numerique.fr\/wp-content\/uploads\/2015\/01\/Charlie-450x449.jpg 450w, https:\/\/www.culture-numerique.fr\/wp-content\/uploads\/2015\/01\/Charlie.jpg 599w\" sizes=\"auto, (max-width: 300px) 100vw, 300px\" \/><\/p>\n<p>Mais la cible pr\u00e9f\u00e9r\u00e9e de ceux que l&rsquo;exercice de cette libert\u00e9 d\u00e9range est <strong>le m\u00e9dia soi-m\u00eame<\/strong> \u2014\u00a0les plateformes, les \u00e9crans, les r\u00e9seaux sociaux, tout y passe\u00a0\u2014 qu&rsquo;il faut r\u00e9guler, entraver, emp\u00eacher, censurer. Mais surtout r\u00e9guler. En sont la preuve les agissements des dictateurs ou apprentis dictateurs un peu partout, les d\u00e9clarations et annonces faites au sommet de l&rsquo;\u00c9tat, y compris dans les pays suppos\u00e9s \u00eatre d\u00e9mocratiques, concernant les\u00a0<em>fake news<\/em>, les jeux vid\u00e9os, la pornographie, la radicalisation, le t\u00e9l\u00e9chargement d&rsquo;\u0153uvres prot\u00e9g\u00e9es, le cyberharc\u00e8lement, les violences faites aux femmes\u2026 autant de bonnes ou mauvaises raisons d&rsquo;exercer \u00e0 l&rsquo;encontre du m\u00e9dia une d\u00e9nonciation insidieuse dans un premier temps, de plus s\u00e9v\u00e8res mesures de r\u00e9torsion dans un deuxi\u00e8me.<\/p>\n<p><strong>La libert\u00e9 d&rsquo;expression est devenue \u00ab\u00a0<span style=\"color: #800000;\"><em>un produit de luxe<\/em><\/span>\u00a0\u00bb<\/strong>, d\u00e9plore <a href=\"https:\/\/fr.wikipedia.org\/wiki\/Riss\" target=\"_blank\" rel=\"noopener\">Riss<\/a>, r\u00e9dacteur en chef de <a href=\"https:\/\/charliehebdo.fr\/\" target=\"_blank\" rel=\"noopener\"><em>Charlie Hebdo<\/em><\/a>, dans <em><a href=\"http:\/\/www.20minutes.fr\/culture\/2195443-20180102-liberte-expression-devient-produit-luxe-regrette-riss\" target=\"_blank\" rel=\"noopener\">20minutes<\/a><\/em>. Si ce dernier pense surtout, par cette phrase, aux co\u00fbts r\u00e9els support\u00e9s par l&rsquo;\u00c9tat pour apporter la s\u00e9curit\u00e9 n\u00e9cessaire \u00e0 ce journal, \u00e0 ses journalistes et \u00e0 tous ceux qui y travaillent, j&rsquo;y vois pour ma part ce que la soci\u00e9t\u00e9 devrait mettre en \u0153uvre pour prot\u00e9ger un bien si rare et pr\u00e9cieux, des politiques publiques \u00e9ducatives volontaristes, la mobilisation citoyenne aussi, enfin l&rsquo;exercice r\u00e9p\u00e9t\u00e9 <em>ad nauseam<\/em> d&rsquo;un droit fondamental.<\/p>\n<p>Oui, plus que jamais je suis Charlie, en ce sens seul qu&rsquo;il convient de faire de Charlie le symbole d&rsquo;une libert\u00e9 d&rsquo;expression tant attaqu\u00e9e qu&rsquo;il est imp\u00e9rieusement n\u00e9cessaire de prot\u00e9ger. Et de l&rsquo;enseigner, comme un droit imp\u00e9rissable.<\/p>\n<p>Voil\u00e0 aussi qui serait fort \u00e9thique.<\/p>\n<p>Michel Guillou\u00a0<a href=\"https:\/\/twitter.com\/michelguillou\" target=\"_blank\" rel=\"noopener\">@michelguillou<\/a><\/p>\n<p><a href=\"http:\/\/creativecommons.org\/licenses\/by-nc-sa\/4.0\/\" target=\"_blank\" rel=\"noopener\"><img loading=\"lazy\" decoding=\"async\" src=\"https:\/\/i.creativecommons.org\/l\/by-nc-sa\/2.0\/fr\/80x15.png\" alt=\"image\" width=\"80\" height=\"15\" data-pin-nopin=\"true\" \/><\/a><\/p>\n<p><em>Nota bene<\/em>\u00a0: Nombre de mots de ce texte doivent, au masculin, \u00eatre consid\u00e9r\u00e9s comme neutres et non sexu\u00e9s.<\/p>\n<p>[cite]<\/p>\n","protected":false},"excerpt":{"rendered":"<p><a href=\"https:\/\/www.culture-numerique.fr\/?attachment_id=7395\" rel=\"attachment wp-att-7395\"><img loading=\"lazy\" decoding=\"async\" class=\"aligncenter size-full wp-image-7395\" src=\"https:\/\/www.culture-numerique.fr\/wp-content\/uploads\/2018\/01\/2018-MG-e1514814186817.jpg\" alt=\"\" width=\"1280\" height=\"544\" \/><\/a><\/p>\n<p><strong>La p\u00e9riode traditionnelle du changement d&rsquo;ann\u00e9e<\/strong> est trop souvent l&rsquo;occasion de regarder en arri\u00e8re et, sur un blogue comme celui-ci, par exemple, de dresser la liste des billets les plus lus ou les plus comment\u00e9s,<\/p>\n<p><span class=\"ellipsis\">&hellip;<\/span><\/p>\n<div class=\"read-more\"><a href=\"https:\/\/www.culture-numerique.fr\/?p=7393\">Lire la suite &#8250;<\/a><\/div>\n<p><!-- end of .read-more --><\/p>\n","protected":false},"author":1,"featured_media":7395,"comment_status":"open","ping_status":"open","sticky":false,"template":"","format":"standard","meta":{"jetpack_post_was_ever_published":false,"_jetpack_newsletter_access":"","_jetpack_dont_email_post_to_subs":false,"_jetpack_newsletter_tier_id":0,"_jetpack_memberships_contains_paywalled_content":false,"_jetpack_memberships_contains_paid_content":false,"footnotes":""},"categories":[9,20],"tags":[742,830,832,141,492,468,833,30,13,2,831],"class_list":["post-7393","post","type-post","status-publish","format-standard","has-post-thumbnail","hentry","category-billets-dhumeur","category-breves","tag-algorithmes","tag-charlie","tag-donnees","tag-donnees-personnelles","tag-ethique","tag-gouvernance","tag-intelligence-artificielle","tag-internet","tag-liberte-dexpression","tag-numerique","tag-resolutions"],"jetpack_featured_media_url":"https:\/\/www.culture-numerique.fr\/wp-content\/uploads\/2018\/01\/2018-MG-e1514814186817.jpg","jetpack_sharing_enabled":true,"_links":{"self":[{"href":"https:\/\/www.culture-numerique.fr\/index.php?rest_route=\/wp\/v2\/posts\/7393","targetHints":{"allow":["GET"]}}],"collection":[{"href":"https:\/\/www.culture-numerique.fr\/index.php?rest_route=\/wp\/v2\/posts"}],"about":[{"href":"https:\/\/www.culture-numerique.fr\/index.php?rest_route=\/wp\/v2\/types\/post"}],"author":[{"embeddable":true,"href":"https:\/\/www.culture-numerique.fr\/index.php?rest_route=\/wp\/v2\/users\/1"}],"replies":[{"embeddable":true,"href":"https:\/\/www.culture-numerique.fr\/index.php?rest_route=%2Fwp%2Fv2%2Fcomments&post=7393"}],"version-history":[{"count":29,"href":"https:\/\/www.culture-numerique.fr\/index.php?rest_route=\/wp\/v2\/posts\/7393\/revisions"}],"predecessor-version":[{"id":7431,"href":"https:\/\/www.culture-numerique.fr\/index.php?rest_route=\/wp\/v2\/posts\/7393\/revisions\/7431"}],"wp:featuredmedia":[{"embeddable":true,"href":"https:\/\/www.culture-numerique.fr\/index.php?rest_route=\/wp\/v2\/media\/7395"}],"wp:attachment":[{"href":"https:\/\/www.culture-numerique.fr\/index.php?rest_route=%2Fwp%2Fv2%2Fmedia&parent=7393"}],"wp:term":[{"taxonomy":"category","embeddable":true,"href":"https:\/\/www.culture-numerique.fr\/index.php?rest_route=%2Fwp%2Fv2%2Fcategories&post=7393"},{"taxonomy":"post_tag","embeddable":true,"href":"https:\/\/www.culture-numerique.fr\/index.php?rest_route=%2Fwp%2Fv2%2Ftags&post=7393"}],"curies":[{"name":"wp","href":"https:\/\/api.w.org\/{rel}","templated":true}]}}