{"id":712,"date":"2014-05-06T01:31:43","date_gmt":"2014-05-05T23:31:43","guid":{"rendered":"http:\/\/www.culture-numerique.fr\/?p=712"},"modified":"2016-03-28T14:34:12","modified_gmt":"2016-03-28T12:34:12","slug":"numerique-changer-radicalement-le-questionnement","status":"publish","type":"post","link":"https:\/\/www.culture-numerique.fr\/?p=712","title":{"rendered":"Num\u00e9rique : changer radicalement le questionnement"},"content":{"rendered":"<p><a href=\"http:\/\/www.culture-numerique.fr\/wp-content\/uploads\/2014\/05\/origin_4638139091.jpg\"><img loading=\"lazy\" decoding=\"async\" class=\"wp-image-750 aligncenter\" src=\"http:\/\/www.culture-numerique.fr\/wp-content\/uploads\/2014\/05\/origin_4638139091.jpg\" alt=\"Travail\" width=\"835\" height=\"626\" srcset=\"https:\/\/www.culture-numerique.fr\/wp-content\/uploads\/2014\/05\/origin_4638139091.jpg 640w, https:\/\/www.culture-numerique.fr\/wp-content\/uploads\/2014\/05\/origin_4638139091-300x225.jpg 300w, https:\/\/www.culture-numerique.fr\/wp-content\/uploads\/2014\/05\/origin_4638139091-100x75.jpg 100w, https:\/\/www.culture-numerique.fr\/wp-content\/uploads\/2014\/05\/origin_4638139091-150x112.jpg 150w, https:\/\/www.culture-numerique.fr\/wp-content\/uploads\/2014\/05\/origin_4638139091-200x150.jpg 200w, https:\/\/www.culture-numerique.fr\/wp-content\/uploads\/2014\/05\/origin_4638139091-450x337.jpg 450w, https:\/\/www.culture-numerique.fr\/wp-content\/uploads\/2014\/05\/origin_4638139091-600x450.jpg 600w\" sizes=\"auto, (max-width: 835px) 100vw, 835px\" \/><\/a><\/p>\n<p><strong>Les raisons qui emp\u00eachent l&rsquo;\u00e9cole et le num\u00e9rique<\/strong> de se rencontrer et de convoler sont pl\u00e9thore. Il en est de peu l\u00e9gitimes\u00a0ou qu&rsquo;il convient de pond\u00e9rer des circonstances locales, comme l&rsquo;\u00e9troitesse de la connectivit\u00e9, la faiblesse de l&rsquo;\u00e9quipement ou encore la formation des professeurs\u00a0\u2014\u00a0je m&rsquo;expliquerai plus longuement sur ce dernier point un de ces prochains jours\u00a0\u2014, il est en est de plus l\u00e9gitimes parce qu&rsquo;objectivement observables comme l&rsquo;inad\u00e9quation des contenus, des programmes et des examens ou, enfin, l&rsquo;inculture assez g\u00e9n\u00e9rale de l&rsquo;encadrement. Mais\u00a0ce qui met des entraves au d\u00e9veloppement d&rsquo;un enseignement impr\u00e9gn\u00e9 du num\u00e9rique peut aussi trouver son origine dans le comportement m\u00eame de l&rsquo;institution, dans sa globalit\u00e9, ou de ses partenaires des collectivit\u00e9s.<\/p>\n<p><em>\u00ab\u00a0<strong>On s\u2019est encore, \u00e0 mon avis, trop attard\u00e9 \u00e0 regarder en arri\u00e8re ou \u00e0 proposer des pauses (l\u2019exp\u00e9rimentation, l\u2019\u00e9valuation, les usages) qui mettent, \u00e0 chaque fois, un coup d\u2019arr\u00eat \u00e0 l\u2019engagement num\u00e9rique de l\u2019\u00e9cole.<\/strong>\u00a0<\/em>\u00bb <a href=\"dans\u00a0http:\/\/www.culture-numerique.fr\/?p=181\" target=\"_blank\">disais-je r\u00e9cemment<\/a> en conclusion du rendez-vous de C\u00e9non, organis\u00e9 par \u00c9ducavox, les 11 et 12 d\u00e9cembre derniers.<\/p>\n<p>Je ne souhaite pas revenir pour le moment\u00a0\u2014\u00a0j&rsquo;y reviendrai bien un jour tant le sujet est passionnant\u00a0\u2014 <strong>sur le sujet des usages<\/strong> dont je disais, l\u00e0 aussi r\u00e9cemment, <a href=\"http:\/\/www.culture-numerique.fr\/?p=157\" target=\"_blank\">dans ce billet<\/a>, combien il \u00e9tait important et paradoxal de s&rsquo;attarder \u00e0 les observer si on souhaitait ne pas s&rsquo;engager.<\/p>\n<p><a href=\"http:\/\/www.culture-numerique.fr\/?p=273\" target=\"_blank\">J&rsquo;ai d\u00e9j\u00e0 dit aussi<\/a> tout le mal que je pensais, au printemps dernier, de <strong>la mis\u00e9rable exp\u00e9rimentation<\/strong> lanc\u00e9e, histoire de mieux procrastiner en rond, par le minist\u00e8re au sujet de\u00a0coll\u00e8ges num\u00e9riques suppos\u00e9s pilotes (de quoi ?) dont on ne sait plus trop le nombre exact. Je ne suis toujours pas revenu de cette affaire&#8230; j&rsquo;ai eu l&rsquo;impression d&rsquo;avoir travaill\u00e9 trente ans pour rien.<\/p>\n<h3><strong>\u00c7a sert \u00e0 quoi, le num\u00e9rique ? Est-ce que c&rsquo;est mieux pour les apprentissages ?<\/strong><\/h3>\n<p>Ces questions n&rsquo;\u00e9taient pas pos\u00e9es il y a dix ans. Jamais. C&rsquo;est un fait ind\u00e9niable. Je ne les jamais entendues.<\/p>\n<p>En revanche, je peux en t\u00e9moigner, j&rsquo;ai entendu, \u00e0 la fin de la derni\u00e8re d\u00e9cennie, des professeurs dans les salles de classe, des cadres administratifs et p\u00e9dagogiques (oh ! pas tous, bien s\u00fbr) en d&rsquo;autres circonstances, tenir \u00e0 l&rsquo;encontre du num\u00e9rique\u00a0\u2014\u00a0il s&rsquo;agissait des Tice, bien s\u00fbr\u00a0\u2014 <strong>des propos extr\u00eamement violents et r\u00e9actionnaires<\/strong>, lui d\u00e9niant toute valeur ou tout int\u00e9r\u00eat. Pire ! au moment o\u00f9 commen\u00e7ait \u00e0 se d\u00e9ployer le B2i, o\u00f9 les injonctions minist\u00e9rielles ou rectorales \u00e9taient tr\u00e8s claires \u00e0 ce sujet, ces critiques s\u00e9v\u00e8res ont mont\u00e9 d&rsquo;un ton et se sont faites plus virulentes encore, contre toute raison.<\/p>\n<p>Depuis quelques ann\u00e9es, <strong>les critiques s&rsquo;exercent de mani\u00e8re\u00a0tr\u00e8s diff\u00e9rente<\/strong>\u00a0via la r\u00e9p\u00e9tition lancinante de ce questionnement. Il n&rsquo;est pas un d\u00e9ploiement mat\u00e9riel, pas une nouvelle exp\u00e9rimentation sans qu&rsquo;apparaisse par magie dans les bilans la production des r\u00e9sultats d&rsquo;une \u00e9valuation institutionnelle ou d&rsquo;une recherche universitaire, longue, longue, forc\u00e9ment tr\u00e8s longue sur ce sujet. Il n&rsquo;est pas un colloque o\u00f9 la question n&rsquo;est pas pos\u00e9e, d&rsquo;une mani\u00e8re ou d&rsquo;une autre, par un intervenant ou dans la salle&#8230; L\u00e0, il ne faut pas s&rsquo;inqui\u00e9ter et attendre trop longtemps, la r\u00e9ponse est toujours donn\u00e9e, de mani\u00e8re d&rsquo;ailleurs toujours tr\u00e8s \u00e9vasive sur les sources, par l&rsquo;un ou l&rsquo;autre des participants.<\/p>\n<p>Ne cherchez pas, si vous aviez des doutes. La r\u00e9ponse est toujours la m\u00eame :<strong> le num\u00e9rique ne sert \u00e0 rien<\/strong>, il ne change rien, il n&rsquo;y a pas de diff\u00e9rence sensible ou mesurable pour ce qui concerne les apprentissages entre un enseignement \u00ab traditionnel \u00bb et un enseignement num\u00e9rique, disent ces travaux. Dit de mani\u00e8re plus claire : <strong>l&rsquo;\u00e9cole pourrait parfaitement se passer du num\u00e9rique<\/strong>. Cela ne changerait strictement rien.<\/p>\n<p>Oui, l&rsquo;\u00e9cole pourrait se passer all\u00e8grement tout ce mat\u00e9riel cher et encombrant, de ces m\u00e9thodes d\u00e9stabilisantes, de cet Internet perturbant, de ces ENT qui obligent \u00e0 collaborer et \u00e9changer avec les parents, de ce bling-bling clinquant et tape-\u00e0-l&rsquo;\u0153il qui hante les poches des \u00e9l\u00e8ves&#8230; Mais je m&rsquo;\u00e9chauffe&#8230;<\/p>\n<p><a href=\"http:\/\/www.education.gouv.fr\/cid79032\/le-numerique-educatif-un-portrait-europeen.html\" target=\"_blank\"><img loading=\"lazy\" decoding=\"async\" class=\"alignright wp-image-713 \" src=\"http:\/\/www.culture-numerique.fr\/wp-content\/uploads\/2014\/04\/2014-04-29_232642-212x300.jpg\" alt=\"Note de la DEPP\" width=\"316\" height=\"447\" srcset=\"https:\/\/www.culture-numerique.fr\/wp-content\/uploads\/2014\/04\/2014-04-29_232642-212x300.jpg 212w, https:\/\/www.culture-numerique.fr\/wp-content\/uploads\/2014\/04\/2014-04-29_232642-100x141.jpg 100w, https:\/\/www.culture-numerique.fr\/wp-content\/uploads\/2014\/04\/2014-04-29_232642-150x211.jpg 150w, https:\/\/www.culture-numerique.fr\/wp-content\/uploads\/2014\/04\/2014-04-29_232642-200x282.jpg 200w, https:\/\/www.culture-numerique.fr\/wp-content\/uploads\/2014\/04\/2014-04-29_232642-300x423.jpg 300w, https:\/\/www.culture-numerique.fr\/wp-content\/uploads\/2014\/04\/2014-04-29_232642-450x635.jpg 450w, https:\/\/www.culture-numerique.fr\/wp-content\/uploads\/2014\/04\/2014-04-29_232642.jpg 455w\" sizes=\"auto, (max-width: 316px) 100vw, 316px\" \/><\/a>Je vous l&rsquo;ai dit, cette question ne cesse de revenir m\u00eame quand on ne l&rsquo;attend plus. La DEPP (Direction de l&rsquo;\u00e9valuation, de la prospective et de la performance au minist\u00e8re) vient de produire une note d&rsquo;information, voir ci-joint, qui fait un court mais fort int\u00e9ressant portrait du num\u00e9rique \u00e9ducatif en Europe.<\/p>\n<p>On y apprend des\u00a0tas de choses, sur le sous-\u00e9quipement chronique des \u00e9coles du premier degr\u00e9, la France se pla\u00e7ant tristement sur ce point 19<span style=\"font-size: 11px;\">e\u00a0<\/span>sur 25 pays, sur les pratiques num\u00e9riques personnelles des \u00e9l\u00e8ves, sur la formation des enseignants&#8230; Et puis la question est enfin pos\u00e9e : \u00ab\u00a0<strong>\u00c9valuer l\u2019impact du num\u00e9rique : une t\u00e2che complexe\u00a0<\/strong>\u00bb \u00e0 la lumi\u00e8re d&rsquo;enqu\u00eates de terrain europ\u00e9ennes aux m\u00e9thodologies tr\u00e8s diff\u00e9rentes, sur des populations diff\u00e9rentes, en des moments diff\u00e9rents, dont la plus ancienne, dat\u00e9e de 2007 !, r\u00e9alis\u00e9e au Royaume-Uni, visait \u00e0 \u00e9valuer les changements induits par un programme d&rsquo;\u00e9quipement num\u00e9rique sur les r\u00e9sultats scolaires (sic).<\/p>\n<p>Je vous livre les conclusions de cet embrouillamini statistique :<\/p>\n<blockquote><p>\u00ab<span style=\"font-size: 12pt;\">\u00a0<\/span><em>&#8211; l\u2019utilisation du num\u00e9rique de mani\u00e8re collaborative (par paires d\u2019\u00e9l\u00e8ves ou en petits groupes) est g\u00e9n\u00e9ralement plus efficace que l\u2019utilisation individuelle ;<\/em><br \/>\n<em>&#8211; le num\u00e9rique peut aider \u00e0 am\u00e9liorer l&rsquo;apprentissage \u00e0 condition qu\u2019il soit <\/em><em>utilis\u00e9 r\u00e9guli\u00e8rement (trois fois par semaine) mais pendant une p\u00e9riode limit\u00e9e (5 \u00e0 10 semaines) ;<\/em><br \/>\n<em>&#8211; utilis\u00e9 \u00e0 des fins de remise \u00e0 niveau, le num\u00e9rique peut \u00eatre efficace chez les \u00e9l\u00e8ves de faible niveau scolaire, ou chez ceux qui ont des besoins sp\u00e9cifiques, ou encore chez les \u00e9l\u00e8ves issus d\u2019un milieu d\u00e9favoris\u00e9 ;<\/em><br \/>\n<em>&#8211; le num\u00e9rique se r\u00e9v\u00e8le plus efficace en tant que compl\u00e9ment \u00e0 l\u2019enseignement <\/em><em>traditionnel que comme substitut ;<\/em><br \/>\n<em>&#8211; les gains en mati\u00e8re de rapidit\u00e9 d\u2019apprentissage sont constat\u00e9s surtout dans certaines disciplines telles que les math\u00e9matiques et les sciences ;<\/em><br \/>\n<em>&#8211; pour ce qui est de l\u2019apprentissage de l\u2019\u00e9crit, l\u2019impact du num\u00e9rique tend \u00e0 \u00eatre plus grand en \u00e9criture qu\u2019en lecture ou en orthographe ;<\/em><br \/>\n<em>&#8211; la formation des enseignants est un \u00e9l\u00e9ment essentiel et devrait aller au-del\u00e0 d\u2019une formation technique sur l\u2019utilisation des outils num\u00e9riques.<\/em> \u00bb<\/p><\/blockquote>\n<p><strong>Autant dire qu&rsquo;on n&rsquo;apprend pas grand chose<\/strong>. Plusieurs remarques n\u00e9anmoins :<\/p>\n<ol>\n<li>Il fallait au moins une enqu\u00eate europ\u00e9enne de cette envergure pour s&rsquo;apercevoir que <strong>le num\u00e9rique engageait \u00e0 des pratiques d&rsquo;apprentissage collaboratives<\/strong> ou encore qu&rsquo;il pouvait \u00eatre efficace pour rem\u00e9dier \u00e0 certaines difficult\u00e9s scolaires\u00a0!<\/li>\n<li>On apprend aujourd&rsquo;hui, en 2014, qu&rsquo;il est encore possible de faire la distinction entre\u00a0un \u00ab\u00a0<strong>enseignement traditionnel<\/strong>\u00a0\u00bb et un \u00ab\u00a0<strong>enseignement num\u00e9rique<\/strong>\u00a0\u00bb. Mieux ! l&rsquo;\u00ab\u00a0enseignement num\u00e9rique\u00a0\u00bb peut n&rsquo;\u00eatre qu&rsquo;un compl\u00e9ment \u00e0 l&rsquo;\u00ab\u00a0enseignement traditionnel\u00a0\u00bb\u00a0!<br \/>\nIl faudra m&rsquo;expliquer la diff\u00e9rence, \u00e0 l&rsquo;heure d&rsquo;une comp\u00e9tence 4 qui figure dans tous les r\u00e9f\u00e9rentiels europ\u00e9ens, \u00e0 l&rsquo;heure aussi o\u00f9 on attend plus de ceux qui mettent en \u0153uvre cet enseignement num\u00e9rique des changements d&rsquo;attitudes et de postures que des d\u00e9ploiements d&rsquo;outillages technologiques. Je ne suis pas dupe, je crois savoir ce qu&rsquo;est un enseignement non num\u00e9rique. Mais franchement, aujourd&rsquo;hui, quinze ans apr\u00e8s le d\u00e9but de ce mill\u00e9naire, <strong>je ne sais pas et ne veux pas savoir ce qu&rsquo;est un\u00a0\u00ab\u00a0enseignement traditionnel\u00a0\u00bb<\/strong>.<\/li>\n<li>Je ne saurais trop remercier l&rsquo;Europe de nous apprendre que la formation des enseignants doit d\u00e9passer la formation technique \u00e0 l&rsquo;utilisation d&rsquo;outils. Pourquoi ne pas aller plus loin en proposant que <strong>l&rsquo;enseignement soi-m\u00eame d\u00e9passe cette dimension strictement utilitaire et technologique<\/strong> ?<\/li>\n<\/ol>\n<p><strong>Ce questionnement ressass\u00e9 \u00ab \u00e0 quoi sert le num\u00e9rique\u00a0?\u00a0\u00bb ne vaut pas tripette. <\/strong>Vous l&rsquo;avez compris. Pour ma part, j&rsquo;ai fait la promesse de ne plus jamais r\u00e9pondre quand on me pose la question.<\/p>\n<p>Il ne vaut rien parce que la soci\u00e9t\u00e9, compl\u00e8tement impliqu\u00e9e et engag\u00e9e, elle, avance \u00e0 grandes enjamb\u00e9es et fait tranquillement, cahin-caha, <strong>sa r\u00e9volution\u00a0num\u00e9rique<\/strong>, dans tous les secteurs, \u00e9conomie, sant\u00e9, services administratifs, industrie, pratiques sociales, sciences fondamentales et appliqu\u00e9es&#8230;<\/p>\n<p>Il ne vaut rien parce que la jeunesse de ce pays, qui constitue les cohortes d&rsquo;\u00e9l\u00e8ves ou d&rsquo;\u00e9tudiants qui fr\u00e9quentent les bancs des \u00e9coles et universit\u00e9s, est <strong>engag\u00e9e de mani\u00e8re massive<\/strong>, fortement socialis\u00e9e, dans des pratiques num\u00e9riques qui s&rsquo;av\u00e8rent \u00eatre bien souvent de grande qualit\u00e9 quand il s&rsquo;agit de travaux scolaires ou universitaires.<\/p>\n<p>Il ne vaut rien parce que d\u00e9cider de <strong>faire sans le num\u00e9rique n&rsquo;a strictement aucun sens<\/strong>.<\/p>\n<p>Il ne vaut rien parce qu&rsquo;il aboutit toujours \u00e0 la comparaison de pratiques incomparables et qu&rsquo;il oblige \u00e0 faire des distinctions dans ce qui ne peut pas en faire l&rsquo;objet.<\/p>\n<h3><strong>Il ne vaut rien, basta, c&rsquo;est une mauvaise question<\/strong><\/h3>\n<p>Je ne suis pas, en revanche, loin de l\u00e0, oppos\u00e9 bien s\u00fbr \u00e0 l&rsquo;\u00e9valuation du syst\u00e8me \u00e9ducatif et de ses \u00e9volutions \u00e0 l&rsquo;heure du num\u00e9rique. Je pense m\u00eame qu&rsquo;il est indispensable, de temps \u00e0 autre, de prendre le temps de regards crois\u00e9s sur tout \u00e7a. Mais \u00e7a ne peut se faire qu&rsquo;\u00e0 plusieurs conditions :<\/p>\n<ul>\n<li><strong>poser les bonnes questions<\/strong>\u00a0;<\/li>\n<li>ne pas d\u00e9ployer des dispositifs complexes\u00a0de recherches dont les r\u00e9sultats sont d\u00e9j\u00e0 obsol\u00e8tes avant m\u00eame que d&rsquo;avoir commenc\u00e9 \u00e0 chercher.<\/li>\n<\/ul>\n<p>Pour ce qui concerne les questions, parce que les r\u00e9ponses m&rsquo;int\u00e9ressent \u00e0 d\u00e9faut de peut-\u00eatre int\u00e9resser les acteurs de l&rsquo;\u00e9cole, je propose qu&rsquo;on s&rsquo;int\u00e9resse \u00e0 <strong>l&rsquo;\u00e9volution des postures <\/strong>des enseignants et apprenants, aux changements induits dans les apprentissages par<strong> les pratiques de collaboration, de coop\u00e9ration ou de co-construction<\/strong>, \u00e0 l&rsquo;\u00e9volution des <strong>modalit\u00e9s d&rsquo;\u00e9valuation<\/strong>, des temps scolaires, des espaces et des lieux, qu&rsquo;on enqu\u00eate sur les progr\u00e8s faits par les \u00e9l\u00e8ves en termes d&rsquo;<strong>appropriation de leurs libert\u00e9s<\/strong> \u00e0 s&rsquo;exprimer, \u00e0 comprendre tous les codes ou \u00e0 publier leur opinion&#8230;<\/p>\n<p>La bonne question, c&rsquo;est donc <strong>plut\u00f4t comment que pourquoi.\u00a0<\/strong>Passer de \u00ab\u00a0\u00e0 quoi \u00e7a sert\u00a0?\u00a0\u00bb \u00e0 \u00ab<strong>\u00a0comment \u00e7a change\u00a0?<\/strong>\u00a0\u00bb.<\/p>\n<p style=\"color: #0b6bbf;\">Michel Guillou\u00a0<a style=\"font-style: inherit; color: #282128;\" href=\"https:\/\/twitter.com\/michelguillou\" target=\"_blank\">@michelguillou<\/a><\/p>\n<p><a style=\"font-style: inherit; color: #282128;\" href=\"http:\/\/creativecommons.org\/licenses\/by-nc-sa\/2.0\/fr\/\" target=\"_blank\"><img loading=\"lazy\" decoding=\"async\" style=\"font-weight: inherit; font-style: inherit;\" src=\"http:\/\/i.creativecommons.org\/l\/by-nc-sa\/2.0\/fr\/80x15.png\" alt=\"image\" width=\"80\" height=\"15\" \/><\/a><\/p>\n<p>Cr\u00e9dit : <a href=\"http:\/\/www.flickr.com\/photos\/pvantees\/4638139091\/\">pvantees<\/a> via <a href=\"http:\/\/photopin.com\">photopin<\/a> <a href=\"http:\/\/creativecommons.org\/licenses\/by-nc-sa\/2.0\/\">cc<\/a><\/p>\n","protected":false},"excerpt":{"rendered":"<p><a href=\"http:\/\/www.culture-numerique.fr\/wp-content\/uploads\/2014\/05\/origin_4638139091.jpg\"><img loading=\"lazy\" decoding=\"async\" class=\"wp-image-750 aligncenter\" src=\"http:\/\/www.culture-numerique.fr\/wp-content\/uploads\/2014\/05\/origin_4638139091.jpg\" alt=\"Travail\" width=\"835\" height=\"626\" srcset=\"https:\/\/www.culture-numerique.fr\/wp-content\/uploads\/2014\/05\/origin_4638139091.jpg 640w, https:\/\/www.culture-numerique.fr\/wp-content\/uploads\/2014\/05\/origin_4638139091-300x225.jpg 300w, https:\/\/www.culture-numerique.fr\/wp-content\/uploads\/2014\/05\/origin_4638139091-100x75.jpg 100w, https:\/\/www.culture-numerique.fr\/wp-content\/uploads\/2014\/05\/origin_4638139091-150x112.jpg 150w, https:\/\/www.culture-numerique.fr\/wp-content\/uploads\/2014\/05\/origin_4638139091-200x150.jpg 200w, https:\/\/www.culture-numerique.fr\/wp-content\/uploads\/2014\/05\/origin_4638139091-450x337.jpg 450w, https:\/\/www.culture-numerique.fr\/wp-content\/uploads\/2014\/05\/origin_4638139091-600x450.jpg 600w\" sizes=\"auto, (max-width: 835px) 100vw, 835px\" \/><\/a><\/p>\n<p><strong>Les raisons qui emp\u00eachent l&rsquo;\u00e9cole et le num\u00e9rique<\/strong> de se rencontrer et de convoler sont pl\u00e9thore. Il en est de peu l\u00e9gitimes\u00a0ou qu&rsquo;il convient de pond\u00e9rer des circonstances locales, comme l&rsquo;\u00e9troitesse de la connectivit\u00e9,<\/p>\n<p><span class=\"ellipsis\">&hellip;<\/span><\/p>\n<div class=\"read-more\"><a href=\"https:\/\/www.culture-numerique.fr\/?p=712\">Lire la suite &#8250;<\/a><\/div>\n<p><!-- end of .read-more --><\/p>\n","protected":false},"author":1,"featured_media":750,"comment_status":"open","ping_status":"open","sticky":false,"template":"","format":"standard","meta":{"jetpack_post_was_ever_published":false,"_jetpack_newsletter_access":"","_jetpack_dont_email_post_to_subs":false,"_jetpack_newsletter_tier_id":0,"_jetpack_memberships_contains_paywalled_content":false,"_jetpack_memberships_contains_paid_content":false,"footnotes":""},"categories":[9],"tags":[19,232,80,379,51,193,378,31,187,138],"class_list":["post-712","post","type-post","status-publish","format-standard","has-post-thumbnail","hentry","category-billets-dhumeur","tag-apprentissages","tag-collaboration","tag-engagement-numerique","tag-enseignement-numerique","tag-evaluation","tag-experimentation","tag-performance","tag-pratiques-des-jeunes","tag-prospective","tag-usages"],"jetpack_featured_media_url":"https:\/\/www.culture-numerique.fr\/wp-content\/uploads\/2014\/05\/origin_4638139091.jpg","jetpack_sharing_enabled":true,"_links":{"self":[{"href":"https:\/\/www.culture-numerique.fr\/index.php?rest_route=\/wp\/v2\/posts\/712","targetHints":{"allow":["GET"]}}],"collection":[{"href":"https:\/\/www.culture-numerique.fr\/index.php?rest_route=\/wp\/v2\/posts"}],"about":[{"href":"https:\/\/www.culture-numerique.fr\/index.php?rest_route=\/wp\/v2\/types\/post"}],"author":[{"embeddable":true,"href":"https:\/\/www.culture-numerique.fr\/index.php?rest_route=\/wp\/v2\/users\/1"}],"replies":[{"embeddable":true,"href":"https:\/\/www.culture-numerique.fr\/index.php?rest_route=%2Fwp%2Fv2%2Fcomments&post=712"}],"version-history":[{"count":45,"href":"https:\/\/www.culture-numerique.fr\/index.php?rest_route=\/wp\/v2\/posts\/712\/revisions"}],"predecessor-version":[{"id":4870,"href":"https:\/\/www.culture-numerique.fr\/index.php?rest_route=\/wp\/v2\/posts\/712\/revisions\/4870"}],"wp:featuredmedia":[{"embeddable":true,"href":"https:\/\/www.culture-numerique.fr\/index.php?rest_route=\/wp\/v2\/media\/750"}],"wp:attachment":[{"href":"https:\/\/www.culture-numerique.fr\/index.php?rest_route=%2Fwp%2Fv2%2Fmedia&parent=712"}],"wp:term":[{"taxonomy":"category","embeddable":true,"href":"https:\/\/www.culture-numerique.fr\/index.php?rest_route=%2Fwp%2Fv2%2Fcategories&post=712"},{"taxonomy":"post_tag","embeddable":true,"href":"https:\/\/www.culture-numerique.fr\/index.php?rest_route=%2Fwp%2Fv2%2Ftags&post=712"}],"curies":[{"name":"wp","href":"https:\/\/api.w.org\/{rel}","templated":true}]}}