{"id":71,"date":"2011-12-02T08:34:15","date_gmt":"2011-12-02T07:34:15","guid":{"rendered":"http:\/\/www.culture-numerique.fr\/?p=71"},"modified":"2015-09-18T01:23:41","modified_gmt":"2015-09-17T23:23:41","slug":"les-supposes-vrais-pilotes-du-numerique","status":"publish","type":"post","link":"https:\/\/www.culture-numerique.fr\/?p=71","title":{"rendered":"Les suppos\u00e9s vrais pilotes du num\u00e9rique\u2026"},"content":{"rendered":"<p><strong><img loading=\"lazy\" decoding=\"async\" class=\"size-medium wp-image-72 alignright\" src=\"http:\/\/www.culture-numerique.fr\/wp-content\/uploads\/2014\/04\/1256895286_803460254BI-300x204.jpg\" alt=\"1256895286_803460254BI\" width=\"300\" height=\"204\" srcset=\"https:\/\/www.culture-numerique.fr\/wp-content\/uploads\/2014\/04\/1256895286_803460254BI-300x204.jpg 300w, https:\/\/www.culture-numerique.fr\/wp-content\/uploads\/2014\/04\/1256895286_803460254BI-100x68.jpg 100w, https:\/\/www.culture-numerique.fr\/wp-content\/uploads\/2014\/04\/1256895286_803460254BI-150x102.jpg 150w, https:\/\/www.culture-numerique.fr\/wp-content\/uploads\/2014\/04\/1256895286_803460254BI-200x136.jpg 200w, https:\/\/www.culture-numerique.fr\/wp-content\/uploads\/2014\/04\/1256895286_803460254BI-450x306.jpg 450w, https:\/\/www.culture-numerique.fr\/wp-content\/uploads\/2014\/04\/1256895286_803460254BI-600x408.jpg 600w, https:\/\/www.culture-numerique.fr\/wp-content\/uploads\/2014\/04\/1256895286_803460254BI.jpg 800w\" sizes=\"auto, (max-width: 300px) 100vw, 300px\" \/>J\u2019\u00e9voquais le\u00a0trouble qui m\u2019habitait<\/strong>, et, avec moi, de mani\u00e8re \u00e9vidente, une bonne partie de la salle, \u00e0 entendre le point de vue d\u00e9cal\u00e9 de certains participants, dont des inspecteurs g\u00e9n\u00e9raux, lors du dernier PNF Lettres consacr\u00e9 aux \u00e9volutions de la lecture \u00e0 l\u2019heure du num\u00e9rique. Tout est dans\u00a0<a title=\"PNF Lettres\" href=\"http:\/\/gingko.neottia.net\/post\/13170159464\/la-conjonction-de-deux-incultures-pnflettres\" target=\"_blank\">cet article<\/a>.<\/p>\n<p>J\u2019\u00e9voquais aussi il y a peu la fracture qui, \u00e0 mon sens, caract\u00e9rise les difficult\u00e9s de l\u2019\u00e9cole \u00e0 trouver sa place dans une soci\u00e9t\u00e9 de plus en plus num\u00e9rique\u2026 Tout se trouve\u00a0<a title=\"La fracture num\u00e9rique n'est pas l\u00e0 o\u00f9 on la croit...\" href=\"http:\/\/gingko.neottia.net\/post\/12681330238\/ecole-la-fracture-numerique-nest-pas-la-ou-on-la\" target=\"_blank\">dans cet autre article<\/a>\u2026<\/p>\n<p><strong>J\u2019y d\u00e9signais assez clairement l\u2019encadrement comme le principal frein<\/strong>\u00a0:<\/p>\n<blockquote><p><em>\u00ab Pour acc\u00e9l\u00e9rer la p\u00e9dagogie, pour la transformer radicalement, je cite \u00ab\u00a0[pour faciliter]\u00a0<\/em>le passage d\u2019une p\u00e9dagogie magistrale \u00e0 une p\u00e9dagogie plus active, participative et collaborativ<em>e\u00a0\u00bb, il ne faut pas avoir le pied enfonc\u00e9 sur le frein. Or l\u2019encadrement dans sa tr\u00e8s grande majorit\u00e9 [\u2026est le principal frein] \u00e0 l\u2019innovation p\u00e9dagogique num\u00e9rique. \u00bb<\/em><\/p><\/blockquote>\n<p>Et je concluais\u00a0:<\/p>\n<blockquote><p><em>\u00ab Il s\u2019agit d\u2019en faire [les cadres] de vrais pilotes du num\u00e9rique, capable non d\u2019accompagner mais de\u00a0<strong>promouvoir<\/strong>\u00a0le changement. On y verra alors plus clair. \u00bb<\/em><\/p><\/blockquote>\n<p>Fran\u00e7ois Lermigeaux\u00a0<a title=\"Fran\u00e7ois Lermigeaux\" href=\"https:\/\/twitter.com\/#!\/lermigea\" target=\"_blank\">@lermigea<\/a>, sur son blog \u00ab\u00a0<a title=\"Sciences num\u00e9riques\" href=\"http:\/\/blog.crdp-versailles.fr\/lettres\/\" target=\"_blank\">S\u00e9ances num\u00e9riques<\/a>\u00a0\u00bb, dans un\u00a0<a title=\"De l'espace d'enseigner (1\/3)\" href=\"http:\/\/blog.crdp-versailles.fr\/lettres\/index.php\/post\/26\/11\/2011\/De-l-espace-d-enseigner-%281\/3%29\" target=\"_blank\">article r\u00e9cent<\/a>\u00a0qui laisse esp\u00e9rer une suite (chic\u00a0!), tente de nuancer mes propos\u00a0:<\/p>\n<blockquote><p><em>On pourrait nuancer, parce qu\u2019il n\u2019est pas rare de rencontrer des cadres de l\u2019\u00e9ducation nationale volontaristes et aux avant-postes pour amener leurs \u00e9quipes \u00e0 utiliser plus souvent les Tice. En revanche, cette politique n\u2019est pas toujours motiv\u00e9e par une volont\u00e9 de faire \u00e9voluer l\u2019enseignement lui-m\u00eame. [\u2026] On se pr\u00e9occupe d\u2019abord des \u00e9quipements et pas assez de la p\u00e9dagogie qu\u2019ils doivent permettre \u2013 mais, ici encore nuan\u00e7ons, car les IPR tiennent souvent un discours qui aboutit aux Tice en commen\u00e7ant par une red\u00e9finition des modalit\u00e9s d\u2019apprentissage \u2013 voil\u00e0 pour la nuance.<\/em><\/p><\/blockquote>\n<p><strong>Derri\u00e8re cette tentative de nuance, Fran\u00e7ois Lermigeaux enfonce le clou<\/strong>\u2026 Les IPR (Inspecteurs p\u00e9dagogiques r\u00e9gionaux, du 2nd degr\u00e9) ne se pr\u00e9occuperaient, pour la plupart d\u2019entre eux, que du clinquant mat\u00e9riel ou superficiel des Tice et pas assez des apprentissages mis en question par ces derni\u00e8res. La critique est s\u00e9v\u00e8re, mais juste\u2026, plus s\u00e9v\u00e8re encore ce que j\u2019avais indiqu\u00e9.<\/p>\n<p>L\u00e0 o\u00f9 je supposais, sans en \u00eatre certain, que les cadres, au premier rang desquels les inspecteurs, avaient pris conscience que l\u2019int\u00e9gration de ces technologies \u00e0 l\u2019enseignement jouaient un r\u00f4le positif et favorable aux apprentissages, Fran\u00e7ois Lermigeaux semble penser, lui, que tous n\u2019en sont pas encore capables.<\/p>\n<p>Quant \u00e0 leur engagement num\u00e9rique, qu\u2019il soit personnel, \u00e0 titre priv\u00e9 ou professionnel, ou collectif (social, soci\u00e9tal, hi\u00e9rarchique\u2026), il est tr\u00e8s faible voire inexistant. Et l\u00e0, c\u2019est moi qui l\u2019\u00e9cris.<\/p>\n<p>Du coup, cela va me permettre d\u2019en dire un peu plus sur ce que j\u2019entends par engagement num\u00e9rique\u2026 comme sur les Tice ou la p\u00e9dagogie \u00ab\u00a0num\u00e9rique\u00a0\u00bb.<\/p>\n<p>Bient\u00f4t.<\/p>\n<p>Michel Guillou\u00a0<a title=\"Twitter\" href=\"https:\/\/twitter.com\/#!\/michelguillou\" target=\"_blank\">@michelguillou<\/a><\/p>\n<p><img loading=\"lazy\" decoding=\"async\" src=\"http:\/\/i.creativecommons.org\/l\/by-nc-sa\/2.0\/fr\/80x15.png\" alt=\"\" width=\"80\" height=\"15\" \/><\/p>\n","protected":false},"excerpt":{"rendered":"<p><strong><img loading=\"lazy\" decoding=\"async\" class=\"size-medium wp-image-72 alignright\" src=\"http:\/\/www.culture-numerique.fr\/wp-content\/uploads\/2014\/04\/1256895286_803460254BI-300x204.jpg\" alt=\"1256895286_803460254BI\" width=\"300\" height=\"204\" srcset=\"https:\/\/www.culture-numerique.fr\/wp-content\/uploads\/2014\/04\/1256895286_803460254BI-300x204.jpg 300w, https:\/\/www.culture-numerique.fr\/wp-content\/uploads\/2014\/04\/1256895286_803460254BI-100x68.jpg 100w, https:\/\/www.culture-numerique.fr\/wp-content\/uploads\/2014\/04\/1256895286_803460254BI-150x102.jpg 150w, https:\/\/www.culture-numerique.fr\/wp-content\/uploads\/2014\/04\/1256895286_803460254BI-200x136.jpg 200w, https:\/\/www.culture-numerique.fr\/wp-content\/uploads\/2014\/04\/1256895286_803460254BI-450x306.jpg 450w, https:\/\/www.culture-numerique.fr\/wp-content\/uploads\/2014\/04\/1256895286_803460254BI-600x408.jpg 600w, https:\/\/www.culture-numerique.fr\/wp-content\/uploads\/2014\/04\/1256895286_803460254BI.jpg 800w\" sizes=\"auto, (max-width: 300px) 100vw, 300px\" \/>J\u2019\u00e9voquais le\u00a0trouble qui m\u2019habitait<\/strong>, et, avec moi, de mani\u00e8re \u00e9vidente, une bonne partie de la salle, \u00e0 entendre le point de vue d\u00e9cal\u00e9 de certains participants, dont des inspecteurs g\u00e9n\u00e9raux, lors du dernier PNF Lettres consacr\u00e9 aux \u00e9volutions de la lecture \u00e0 l\u2019heure du num\u00e9rique.<\/p>\n<p><span class=\"ellipsis\">&hellip;<\/span><\/p>\n<div class=\"read-more\"><a href=\"https:\/\/www.culture-numerique.fr\/?p=71\">Lire la suite &#8250;<\/a><\/div>\n<p><!-- end of .read-more --><\/p>\n","protected":false},"author":1,"featured_media":72,"comment_status":"open","ping_status":"open","sticky":false,"template":"","format":"standard","meta":{"jetpack_post_was_ever_published":false,"_jetpack_newsletter_access":"","_jetpack_dont_email_post_to_subs":false,"_jetpack_newsletter_tier_id":0,"_jetpack_memberships_contains_paywalled_content":false,"_jetpack_memberships_contains_paid_content":false,"footnotes":""},"categories":[9],"tags":[38,2],"class_list":["post-71","post","type-post","status-publish","format-standard","has-post-thumbnail","hentry","category-billets-dhumeur","tag-encadrement","tag-numerique"],"jetpack_featured_media_url":"https:\/\/www.culture-numerique.fr\/wp-content\/uploads\/2014\/04\/1256895286_803460254BI.jpg","jetpack_sharing_enabled":true,"_links":{"self":[{"href":"https:\/\/www.culture-numerique.fr\/index.php?rest_route=\/wp\/v2\/posts\/71","targetHints":{"allow":["GET"]}}],"collection":[{"href":"https:\/\/www.culture-numerique.fr\/index.php?rest_route=\/wp\/v2\/posts"}],"about":[{"href":"https:\/\/www.culture-numerique.fr\/index.php?rest_route=\/wp\/v2\/types\/post"}],"author":[{"embeddable":true,"href":"https:\/\/www.culture-numerique.fr\/index.php?rest_route=\/wp\/v2\/users\/1"}],"replies":[{"embeddable":true,"href":"https:\/\/www.culture-numerique.fr\/index.php?rest_route=%2Fwp%2Fv2%2Fcomments&post=71"}],"version-history":[{"count":3,"href":"https:\/\/www.culture-numerique.fr\/index.php?rest_route=\/wp\/v2\/posts\/71\/revisions"}],"predecessor-version":[{"id":3909,"href":"https:\/\/www.culture-numerique.fr\/index.php?rest_route=\/wp\/v2\/posts\/71\/revisions\/3909"}],"wp:featuredmedia":[{"embeddable":true,"href":"https:\/\/www.culture-numerique.fr\/index.php?rest_route=\/wp\/v2\/media\/72"}],"wp:attachment":[{"href":"https:\/\/www.culture-numerique.fr\/index.php?rest_route=%2Fwp%2Fv2%2Fmedia&parent=71"}],"wp:term":[{"taxonomy":"category","embeddable":true,"href":"https:\/\/www.culture-numerique.fr\/index.php?rest_route=%2Fwp%2Fv2%2Fcategories&post=71"},{"taxonomy":"post_tag","embeddable":true,"href":"https:\/\/www.culture-numerique.fr\/index.php?rest_route=%2Fwp%2Fv2%2Ftags&post=71"}],"curies":[{"name":"wp","href":"https:\/\/api.w.org\/{rel}","templated":true}]}}