{"id":663,"date":"2014-04-27T23:06:22","date_gmt":"2014-04-27T21:06:22","guid":{"rendered":"http:\/\/www.culture-numerique.fr\/?p=663"},"modified":"2014-09-11T01:44:57","modified_gmt":"2014-09-10T23:44:57","slug":"une-direction-enfin-legitime-pour-le-numerique-educatif","status":"publish","type":"post","link":"https:\/\/www.culture-numerique.fr\/?p=663","title":{"rendered":"Enfin la l\u00e9gitimit\u00e9 pour la direction du num\u00e9rique \u00e9ducatif"},"content":{"rendered":"<p><a href=\"http:\/\/www.culture-numerique.fr\/wp-content\/uploads\/2014\/04\/photo_de_Catherine_BIZOT_316906.96.jpg\"><img loading=\"lazy\" decoding=\"async\" class=\"alignleft size-full wp-image-666\" src=\"http:\/\/www.culture-numerique.fr\/wp-content\/uploads\/2014\/04\/photo_de_Catherine_BIZOT_316906.96.jpg\" alt=\"Catherine Bizot\" width=\"180\" height=\"270\" srcset=\"https:\/\/www.culture-numerique.fr\/wp-content\/uploads\/2014\/04\/photo_de_Catherine_BIZOT_316906.96.jpg 180w, https:\/\/www.culture-numerique.fr\/wp-content\/uploads\/2014\/04\/photo_de_Catherine_BIZOT_316906.96-100x150.jpg 100w, https:\/\/www.culture-numerique.fr\/wp-content\/uploads\/2014\/04\/photo_de_Catherine_BIZOT_316906.96-150x225.jpg 150w\" sizes=\"auto, (max-width: 180px) 100vw, 180px\" \/><\/a><\/p>\n<p><strong>Au c\u0153ur de l&rsquo;hiver 2009, j&rsquo;ai pris contact avec Catherine Becchetti-Bizot<\/strong>, inspectrice g\u00e9n\u00e9rale de l&rsquo;\u00e9ducation nationale. Je voulais\u00a0alors l&rsquo;inviter \u00e0 participer, aux c\u00f4t\u00e9s du recteur Alain Boissinot, de Jean-Marc Merriaux, du s\u00e9nateur David Assouline et des journalistes Edwy Plenel et Laurent Mauriac, \u00e0 une table ronde, en point d&rsquo;orgue du colloque organis\u00e9, le 1er avril 2009, dans le cadre d&rsquo;Intertice. Le th\u00e8me g\u00e9n\u00e9ral de la journ\u00e9e \u00e9tait \u00ab\u00a0<em>\u00c9duquer aux nouveaux m\u00e9dias, \u00e7a s&rsquo;apprend<\/em> \u00bb et la table ronde portait plus pr\u00e9cis\u00e9ment sur le sujet suivant : \u00ab\u00a0<strong><em>Enseignants et journalistes, m\u00e9diateurs incontournables de l\u2019information et de la connaissance\u00a0!\u00a0<\/em><\/strong>\u00bb.<\/p>\n<p>Un \u00a0beau programme assur\u00e9ment \u2014 cette question d&rsquo;une nouvelle m\u00e9diation \u00e0 l&rsquo;heure du num\u00e9rique et des r\u00e9seaux sociaux est au c\u0153ur des r\u00e9flexions de la soci\u00e9t\u00e9 de la connaissance encore aujourd&rsquo;hui \u2014\u00a0et une table ronde splendide dont il ne faut perdre aucune miette et que vous pourrez retrouver sur la plateforme vid\u00e9o de l&rsquo;acad\u00e9mie de Versailles.<\/p>\n<p><iframe loading=\"lazy\" src=\"http:\/\/webtv.ac-versailles.fr\/spip.php?page=iframe-video&amp;id_article=459&amp;largeur=560&amp;hauteur=315\" width=\"570\" height=\"335\" frameborder=\"0\"><\/iframe><\/p>\n<p>J&rsquo;ai eu beaucoup de mal \u00e0 la convaincre. Elle avait pourtant cosign\u00e9, quelques mois auparavant, <strong><a href=\"http:\/\/pressealecole.fr\/wp-content\/uploads\/2007\/12\/rapport_inspection_generale.pdf\" target=\"_blank\">un remarquable rapport<\/a><\/strong> qui faisait l&rsquo;\u00e9tat des lieux de l&rsquo;\u00e9ducation aux m\u00e9dias, en rappelait les enjeux et dessinait quelques perspectives \u00e0 l&rsquo;\u00e9mergence du num\u00e9rique.<\/p>\n<p>Catherine Becchetti-Bizot h\u00e9sitait \u00e0 r\u00e9pondre favorablement \u00e0 mon invitation. Elle ne voulait pas, me disait-elle, para\u00eetre repr\u00e9senter l&rsquo;institution, ne se sentant pas l\u00e9gitime pour ce faire. J&rsquo;ai insist\u00e9, beaucoup. Je lui ai dit ce que\u00a0son\u00a0rapport, tomb\u00e9 malheureusement,\u00a0comme beaucoup d&rsquo;autres, dans les grandes oubliettes du minist\u00e8re,\u00a0repr\u00e9sentait n\u00e9anmoins pour tous ceux qui, comme moi, travaillaient \u00e0 r\u00e9concilier le num\u00e9rique et l&rsquo;\u00e9ducation aux m\u00e9dias. Je lui ai fait comprendre qu&rsquo; il avait une importance consid\u00e9rable, qu&rsquo;il nous apportait, sur le terrain, dans les rectorats, le soup\u00e7on de l\u00e9gitimit\u00e9 dont nous avions tant besoin. Je lui ai dit enfin <strong>qu&rsquo;elle \u00e9tait donc l\u00e9gitime pour nous<\/strong> pour intervenir \u00e0 ce sujet, m\u00eame si elle doutait encore de sa l\u00e9gitimit\u00e9 institutionnelle.<\/p>\n<p>Elle a fini par accepter. Et tout le monde s&rsquo;en r\u00e9jouit encore.<\/p>\n<p>Se sentait-elle l\u00e9gitime quand le ministre Vincent Peillon lui a demand\u00e9 de prendre les r\u00eanes du chantier qui conduisait \u00e0 la cr\u00e9ation de cette nouvelle et indispensable direction du num\u00e9rique \u00e9ducatif au minist\u00e8re ?<\/p>\n<p>Se sentait-elle l\u00e9gitime quand elle prenait place, ces derniers mois, \u00e0 l&rsquo;invitation du ministre ou de sa propre initiative, sur des tribunes pourtant tr\u00e8s institutionnelles, elles, anxiog\u00e8nes, f\u00e9briles, timides ou, pire !, critiques voire haineuses \u00e0 l&rsquo;encontre du num\u00e9rique et du num\u00e9rique \u00e9ducatif en particulier ? Que de\u00a0courage alors pour prononcer les paroles engag\u00e9es et r\u00e9solues qu&rsquo;elle tenait quand tout autour d&rsquo;elle, \u00e0 l&rsquo;exception peut-\u00eatre du ministre soi-m\u00eame et de quelques rares conseillers, se liguait contre ce projet de l&rsquo;\u00e9cole num\u00e9rique !<\/p>\n<p>Elle montrait de l&rsquo;enthousiasme et de la conviction. Autour d&rsquo;elle, ce n&rsquo;\u00e9tait que repli sur soi et absence de vision.<\/p>\n<p>Se sentait-elle l\u00e9gitime pour tenir t\u00eate aux lobbys \u00e9conomiques, politiques, institutionnels ou associatifs venus faire, depuis des mois, le si\u00e8ge de son bureau ?<\/p>\n<p><strong>Se sent-elle enfin l\u00e9gitime<\/strong>, apr\u00e8s tous ces travers, <a href=\"http:\/\/eduscol.education.fr\/cid79006\/catherine-becchetti-bizot-nommee-directrice-du-numerique-pour-l-education.html\" target=\"_blank\">quand elle est nomm\u00e9e, le 23 avril dernier, par Beno\u00eet Hamon, \u00e0 la direction<\/a> du service sur la mise en place duquel elle travaillait depuis des mois ?<\/p>\n<p>Pour tous ceux qui croient, comme moi, \u00e0 un num\u00e9rique humaniste, qui croient \u00e0 la transversalit\u00e9 des approches, <strong>qu&rsquo;une\u00a0litt\u00e9ratie num\u00e9rique, m\u00e9diatique et informationnelle a toute sa place dans les programmes et les modalit\u00e9s d&rsquo;enseignement<\/strong>, qui pensent que le chantier justement men\u00e9 \u00e0 ce sujet par le Conseil sup\u00e9rieur des programmes est fondamental, oui, pour tous ceux-l\u00e0 et pour toutes ces raisons, Catherine Becchetti-Bizot <strong>est l\u00e9gitime<\/strong>.<\/p>\n<p>Au-del\u00e0 des programmes, des examens et de leurs r\u00e9f\u00e9rentiels qu&rsquo;il faut revoir de fond en comble, de cette comp\u00e9tence 4 du socle \u00e0 laquelle\u00a0il convient de donner enfin\u00a0\u2014 que de temps perdu !\u00a0\u2014 une dominante culturelle et non exclusivement technologique ou utilitaire, au-del\u00e0 des modalit\u00e9s d&rsquo;enseignement \u00e0 \u00e9clairer des potentialit\u00e9s offertes par le num\u00e9rique, c&rsquo;est bien \u00e0 l&rsquo;immense chantier de la formation que\u00a0Catherine Becchetti-Bizot aura \u00e0 s&rsquo;atteler, en renfor\u00e7ant peut-\u00eatre de mani\u00e8re prioritaire celle des jeunes ma\u00eetres et celle des cadres, <strong>dont toute la culture num\u00e9rique est \u00e0 parfaire et qui manquent cruellement d&rsquo;une perception des enjeux et de l\u2019engagement n\u00e9cessaire<\/strong>&#8230;<\/p>\n<p>Et puis il restera tellement d&rsquo;autres chantiers : le r\u00f4le des collectivit\u00e9s, l&rsquo;urgence de la connectivit\u00e9, l&rsquo;architectures des \u00e9coles et \u00e9tablissements, la gestion des flux de ressources, l&rsquo;animation des communaut\u00e9s, la valorisation des r\u00e9ussites et l&rsquo;innovation num\u00e9rique, la mise en coh\u00e9rence des syst\u00e8mes d&rsquo;information de la grande maison, la restauration des libert\u00e9s fondamentales, dont celles des plus grands des \u00e9l\u00e8ves, la modernisation de la r\u00e9glementation interne des \u00e9tablissements, compl\u00e8tement obsol\u00e8te&#8230;<\/p>\n<p>Enfin, pour tout cela,\u00a0<strong>Catherine Becchetti-Bizot est l\u00e9gitime<\/strong>. Vraiment. \u00c9videmment.<\/p>\n<p>Enfin.<\/p>\n<p style=\"color: #0b6bbf;\">Michel Guillou\u00a0<a style=\"font-style: inherit; color: #282128;\" href=\"https:\/\/twitter.com\/michelguillou\" target=\"_blank\">@michelguillou<\/a><\/p>\n<p style=\"color: #0b6bbf;\"><a style=\"font-style: inherit; color: #282128;\" href=\"http:\/\/creativecommons.org\/licenses\/by-nc-sa\/2.0\/fr\/\" target=\"_blank\"><img loading=\"lazy\" decoding=\"async\" style=\"font-weight: inherit; font-style: inherit;\" src=\"http:\/\/i.creativecommons.org\/l\/by-nc-sa\/2.0\/fr\/80x15.png\" alt=\"image\" width=\"80\" height=\"15\" \/><\/a><\/p>\n<p>La photographie de Catherine Becchetti-Bizot est issue du site <a href=\"http:\/\/eduscol.education.fr\/\" target=\"_blank\">Eduscol<\/a>.<\/p>\n","protected":false},"excerpt":{"rendered":"<p><a href=\"http:\/\/www.culture-numerique.fr\/wp-content\/uploads\/2014\/04\/photo_de_Catherine_BIZOT_316906.96.jpg\"><img loading=\"lazy\" decoding=\"async\" class=\"alignleft size-full wp-image-666\" src=\"http:\/\/www.culture-numerique.fr\/wp-content\/uploads\/2014\/04\/photo_de_Catherine_BIZOT_316906.96.jpg\" alt=\"Catherine Bizot\" width=\"180\" height=\"270\" srcset=\"https:\/\/www.culture-numerique.fr\/wp-content\/uploads\/2014\/04\/photo_de_Catherine_BIZOT_316906.96.jpg 180w, https:\/\/www.culture-numerique.fr\/wp-content\/uploads\/2014\/04\/photo_de_Catherine_BIZOT_316906.96-100x150.jpg 100w, https:\/\/www.culture-numerique.fr\/wp-content\/uploads\/2014\/04\/photo_de_Catherine_BIZOT_316906.96-150x225.jpg 150w\" sizes=\"auto, (max-width: 180px) 100vw, 180px\" \/><\/a><\/p>\n<p><strong>Au c\u0153ur de l&rsquo;hiver 2009, j&rsquo;ai pris contact avec Catherine Becchetti-Bizot<\/strong>, inspectrice g\u00e9n\u00e9rale de l&rsquo;\u00e9ducation nationale. Je voulais\u00a0alors l&rsquo;inviter \u00e0 participer, aux c\u00f4t\u00e9s du recteur Alain Boissinot, de Jean-Marc Merriaux, du s\u00e9nateur David Assouline et des journalistes Edwy Plenel et Laurent Mauriac,<\/p>\n<p><span class=\"ellipsis\">&hellip;<\/span><\/p>\n<div class=\"read-more\"><a href=\"https:\/\/www.culture-numerique.fr\/?p=663\">Lire la suite &#8250;<\/a><\/div>\n<p><!-- end of .read-more --><\/p>\n","protected":false},"author":1,"featured_media":666,"comment_status":"open","ping_status":"open","sticky":false,"template":"","format":"standard","meta":{"jetpack_post_was_ever_published":false,"_jetpack_newsletter_access":"","_jetpack_dont_email_post_to_subs":false,"_jetpack_newsletter_tier_id":0,"_jetpack_memberships_contains_paywalled_content":false,"_jetpack_memberships_contains_paid_content":false,"footnotes":""},"categories":[9],"tags":[52,66,335,322,4,89],"class_list":["post-663","post","type-post","status-publish","format-standard","has-post-thumbnail","hentry","category-billets-dhumeur","tag-culture-numerique","tag-ecole-numerique","tag-litteratie","tag-ministere","tag-numerique-educatif","tag-programmes"],"jetpack_featured_media_url":"https:\/\/www.culture-numerique.fr\/wp-content\/uploads\/2014\/04\/photo_de_Catherine_BIZOT_316906.96.jpg","jetpack_sharing_enabled":true,"_links":{"self":[{"href":"https:\/\/www.culture-numerique.fr\/index.php?rest_route=\/wp\/v2\/posts\/663","targetHints":{"allow":["GET"]}}],"collection":[{"href":"https:\/\/www.culture-numerique.fr\/index.php?rest_route=\/wp\/v2\/posts"}],"about":[{"href":"https:\/\/www.culture-numerique.fr\/index.php?rest_route=\/wp\/v2\/types\/post"}],"author":[{"embeddable":true,"href":"https:\/\/www.culture-numerique.fr\/index.php?rest_route=\/wp\/v2\/users\/1"}],"replies":[{"embeddable":true,"href":"https:\/\/www.culture-numerique.fr\/index.php?rest_route=%2Fwp%2Fv2%2Fcomments&post=663"}],"version-history":[{"count":18,"href":"https:\/\/www.culture-numerique.fr\/index.php?rest_route=\/wp\/v2\/posts\/663\/revisions"}],"predecessor-version":[{"id":1494,"href":"https:\/\/www.culture-numerique.fr\/index.php?rest_route=\/wp\/v2\/posts\/663\/revisions\/1494"}],"wp:featuredmedia":[{"embeddable":true,"href":"https:\/\/www.culture-numerique.fr\/index.php?rest_route=\/wp\/v2\/media\/666"}],"wp:attachment":[{"href":"https:\/\/www.culture-numerique.fr\/index.php?rest_route=%2Fwp%2Fv2%2Fmedia&parent=663"}],"wp:term":[{"taxonomy":"category","embeddable":true,"href":"https:\/\/www.culture-numerique.fr\/index.php?rest_route=%2Fwp%2Fv2%2Fcategories&post=663"},{"taxonomy":"post_tag","embeddable":true,"href":"https:\/\/www.culture-numerique.fr\/index.php?rest_route=%2Fwp%2Fv2%2Ftags&post=663"}],"curies":[{"name":"wp","href":"https:\/\/api.w.org\/{rel}","templated":true}]}}