{"id":634,"date":"2014-04-29T01:31:26","date_gmt":"2014-04-28T23:31:26","guid":{"rendered":"http:\/\/www.culture-numerique.fr\/?p=634"},"modified":"2017-10-22T13:52:03","modified_gmt":"2017-10-22T11:52:03","slug":"bien-entendu-on-peut-sauter-sur-sa-chaise-comme-un-cabri-en-disant-le-code-le-code-le-code","status":"publish","type":"post","link":"https:\/\/www.culture-numerique.fr\/?p=634","title":{"rendered":"Bien entendu, on peut sauter sur sa chaise comme un cabri en disant le code\u00a0! le code\u00a0! le code\u00a0!&#8230;"},"content":{"rendered":"<p><a href=\"http:\/\/www.culture-numerique.fr\/wp-content\/uploads\/2014\/04\/medium_5151286161.jpg\"><img loading=\"lazy\" decoding=\"async\" class=\"wp-image-656 aligncenter\" src=\"http:\/\/www.culture-numerique.fr\/wp-content\/uploads\/2014\/04\/medium_5151286161.jpg\" alt=\"Code\" width=\"834\" height=\"365\" srcset=\"https:\/\/www.culture-numerique.fr\/wp-content\/uploads\/2014\/04\/medium_5151286161.jpg 640w, https:\/\/www.culture-numerique.fr\/wp-content\/uploads\/2014\/04\/medium_5151286161-300x131.jpg 300w, https:\/\/www.culture-numerique.fr\/wp-content\/uploads\/2014\/04\/medium_5151286161-100x43.jpg 100w, https:\/\/www.culture-numerique.fr\/wp-content\/uploads\/2014\/04\/medium_5151286161-150x65.jpg 150w, https:\/\/www.culture-numerique.fr\/wp-content\/uploads\/2014\/04\/medium_5151286161-200x87.jpg 200w, https:\/\/www.culture-numerique.fr\/wp-content\/uploads\/2014\/04\/medium_5151286161-450x196.jpg 450w, https:\/\/www.culture-numerique.fr\/wp-content\/uploads\/2014\/04\/medium_5151286161-600x262.jpg 600w\" sizes=\"auto, (max-width: 834px) 100vw, 834px\" \/><\/a><\/p>\n<p><strong>\u2026Mais cela n\u2019aboutit \u00e0 rien et cela ne signifie rien\u2026<\/strong> J\u2019avais envie de commencer ce billet en paraphrasant tr\u00e8s humblement de Gaulle qui \u00e9voquait lui, non le code, mais l\u2019Europe, bien s\u00fbr. Une autre raison est aussi qu\u2019on me pr\u00eate en d\u2019autres lieux un ton gaullien pour \u00e9voquer ces affaires et cette invraisemblable et fr\u00e9n\u00e9tique fi\u00e8vre pour l\u2019enseignement du code et de l\u2019informatique \u00e0 l\u2019\u00e9cole. Fort heureusement, on va le voir, elle ne touche pas tout le monde&#8230;<\/p>\n<p>Encore\u00a0? direz-vous, \u00e0 juste titre. Mais il s\u2019est pass\u00e9, depuis mes derni\u00e8res prises de position sur ce point, un certain nombre de choses, des billets, des \u00e9v\u00e9nements, qui demandent qu\u2019on s\u2019y attarde un peu. Qu&rsquo;on r\u00e9fl\u00e9chisse.<\/p>\n<p>Et puis, j\u2019ai besoin de m\u2019expliquer car mon point de vue est, semble-t-il, mal compris.\u00a0Je l&rsquo;ai lu et entendu.<\/p>\n<p>Et puis, enfin, le lobby est toujours \u00e0 l&rsquo;\u0153uvre.<\/p>\n<p>Deux billets r\u00e9cemment parus ont, de mani\u00e8re diff\u00e9rente d&rsquo;ailleurs, exprim\u00e9 <strong>des doutes quant \u00e0 cette doxa persistante<\/strong> du moment. \u00a0Tr\u00e8s curieusement \u2014 accrochez-vous ! on va parler de technique \u2014, ces deux billets sont \u00e9crits sur des blogues <a href=\"http:\/\/fr.wordpress.org\/\" target=\"_blank\" rel=\"noopener\">WordPress<\/a>, <a href=\"http:\/\/fr.wikipedia.org\/wiki\/Syst%C3%A8me_de_gestion_de_contenu\" target=\"_blank\" rel=\"noopener\">CMS<\/a> identique \u00e0 celui\u00a0o\u00f9 j&rsquo;\u00e9cris le mien\u00a0qui, du coup, change et porte le joli nom de \u00ab <em>Culture num\u00e9rique<\/em> \u00bb. Ce transfert ne se fait pas sans mal et j&rsquo;ai d\u00fb mettre les yeux et les doigts\u00a0\u2014 oh ! si peu pour ces derniers !\u00a0\u2014 dans le code des fichiers .php et .css. Histoire de comprendre. D&rsquo;ailleurs si un lecteur sagace pouvait m&rsquo;indiquer comment virer facilement le vilain \u00a9 de bas de page, il aurait droit \u00e0 mon \u00e9ternelle reconnaissance et \u00e0 une\u00a0petite bi\u00e8re.<\/p>\n<h3>Revenons \u00e0 nos moutons<\/h3>\n<p><a href=\"https:\/\/twitter.com\/blacherez\" target=\"_blank\" rel=\"noopener\">Beno\u00eet Lacherez<\/a> signe sur <a href=\"http:\/\/blacherez.wordpress.com\/\" target=\"_blank\" rel=\"noopener\">son blogue<\/a> un <a href=\"http:\/\/blacherez.wordpress.com\/2014\/04\/23\/apprendre-a-coder-apprendre-linformatique-apprendre-le-numerique\/\" target=\"_blank\" rel=\"noopener\">tr\u00e8s joli billet<\/a> bien tourn\u00e9 o\u00f9 il me fait l&rsquo;honneur de mettre mon point de vue sur l&rsquo;enseignement du num\u00e9rique et de l&rsquo;informatique face \u00e0 celui que l&rsquo;on conna\u00eet issu du<a href=\"http:\/\/www.academie-sciences.fr\/activite\/rapport\/rads_0513.pdf\" target=\"_blank\" rel=\"noopener\"> rapport de mai 2013<\/a> de l&rsquo;Acad\u00e9mie des sciences, intitul\u00e9 \u00ab\u00a0<em>L&rsquo;enseignement de l&rsquo;informatique en France<\/em>\u00a0\u00bb.<\/p>\n<p>Beno\u00eet me donne l&rsquo;occasion de m&rsquo;expliquer en corrigeant un tantinet ce qu&rsquo;il a compris de mes \u00e9crits, lesquels ne sont d&rsquo;ailleurs pas fig\u00e9s dans le marbre.<\/p>\n<ol>\n<li>Je suis et reste favorable \u00e0 un <strong>enseignement du num\u00e9rique<\/strong> lequel ne peut trouver sa place que dans les r\u00e9f\u00e9rentiels \u00e0 venir, dans le cadre disciplinaire existant, issus des travaux si essentiels du Conseil sup\u00e9rieur des programmes.<\/li>\n<li>Je suis et reste persuad\u00e9 que ces r\u00e9f\u00e9rentiels s&rsquo;enrichissent de la <strong>transversalit\u00e9 des approches<\/strong> et d&rsquo;une <strong>litt\u00e9ratie globale<\/strong>, incluant le num\u00e9rique mais aussi les m\u00e9dias et l&rsquo;information, dont la compr\u00e9hension des modes de fonctionnement et de transmission sont si importants aujourd&rsquo;hui.<\/li>\n<li>En aucun cas, mes propositions ne peuvent \u00eatre qualifi\u00e9es de \u00ab pratiques \u00bb \u2014 c&rsquo;est un mot que je pr\u00e9f\u00e8re cent fois \u00e0 \u00ab usages \u00bb, par ailleurs.<br \/>\n<strong>S&rsquo;il faut pourtant qualifier ma vision du num\u00e9rique \u00e9ducatif, je veux bien des adjectifs \u00ab humaniste \u00bb et \u00ab citoyen \u00bb<\/strong>. Il ne s&rsquo;agit pas \u00ab d&rsquo;apprendre \u00e0 utiliser le num\u00e9rique \u00bb mais d&rsquo;apprendre le num\u00e9rique (voir plus haut) et la citoyennet\u00e9 num\u00e9rique, d&rsquo;acc\u00e9der \u00e0 une culture num\u00e9rique. Quant\u00a0\u00e0 \u00ab\u00a0la technique informatique sous-jacente \u00bb, il ne s&rsquo;agit \u00e9videmment pas de l&rsquo;oublier\u00a0mais de faire de sa compr\u00e9hension et de sa ma\u00eetrise un \u00e9l\u00e9ment parmi d&rsquo;autres de cette culture num\u00e9rique. C&rsquo;est \u00e7a, comme le souligne Beno\u00eet Lacherez, ma logique gaullienne&#8230;<\/li>\n<li>Mon avis est\u00a0que la mission de\u00a0l&rsquo;\u00e9cole, qui\u00a0doit changer et s&rsquo;adapter, est de\u00a0prendre en charge, en tant que nouvelle comp\u00e9tence fondamentale, de mani\u00e8re essentielle et prioritaire, la capacit\u00e9 \u00e0 pouvoir <strong>produire de l&rsquo;information \u00e0 destination d&rsquo;un auditoire potentiellement universel : publier<\/strong>. C&rsquo;est, de plus, une mani\u00e8re pour elle de d\u00e9fendre et promouvoir\u00a0les libert\u00e9s fondamentales, dont celles de donner son opinion et de s&rsquo;exprimer sont bien mises \u00e0 mal, ces temps-ci.<br \/>\nSur ce point, si je l&rsquo;ai bien lu et entendu, je suis\u00a0plus que jamais d&rsquo;accord avec mon ami <a href=\"http:\/\/fr.wikipedia.org\/wiki\/Benjamin_Bayart\" target=\"_blank\" rel=\"noopener\">Benjamin Bayart<\/a>, grand d\u00e9fenseur du logiciel libre,\u00a0qui dit partout, sans doute un peu pour provoquer, que l&rsquo;enseignement du code et la programmation\u00a0n&rsquo;ont pas leur place\u00a0\u00e0 l&rsquo;\u00e9cole. C&rsquo;est certes, pour lui, un exercice intellectuel fort int\u00e9ressant, comme nombre d&rsquo;autres, lib\u00e9rateur comme l&rsquo;acquisition de toute bonne connaissance, mais bon&#8230;<\/li>\n<li>Je d\u00e9teste <strong>les effets de mode<\/strong> et tous ceux qui sautent sur le premier syllogisme ou truisme venus. En l&rsquo;esp\u00e8ce, ils\u00a0sont pl\u00e9thore, dans tous les milieux.<\/li>\n<li>Plus que tout, <strong>je hais les lobbys<\/strong> et les lobbyistes qui \u0153uvrent en sous-main contre l&rsquo;int\u00e9r\u00eat public.<\/li>\n<\/ol>\n<p><a href=\"http:\/\/fr.wikipedia.org\/wiki\/Hubert_Guillaud\" target=\"_blank\" rel=\"noopener\">Hubert Guillaud<\/a>, lui, n&#8217;embo\u00eete pas non plus, contrairement \u00e0 certains de ses confr\u00e8res aveugl\u00e9s ou \u00e0 certains politiques mal conseill\u00e9s ou trop sensibles \u00e0 la pression des lobbys, le train des pros\u00e9lytes\u00a0de la discipline informatique. <strong>Il exerce sa raison et s&rsquo;interroge.<\/strong><\/p>\n<p>Dans un <a href=\"http:\/\/www.internetactu.net\/2014\/04\/23\/enseigner-le-code-a-lecole-vraiment\/\" target=\"_blank\" rel=\"noopener\">billet r\u00e9cent<\/a> sur <em><a href=\"http:\/\/www.internetactu.net\/\" target=\"_blank\" rel=\"noopener\">Internetactu.net<\/a><\/em>, il pose la question : \u00ab\u00a0Enseigner le code \u00e0 l\u2019\u00e9cole\u00a0? Vraiment\u00a0?\u00bb.<\/p>\n<p>Malheureusement, il commence son propos en tombant dans le pi\u00e8ge convenu du syllogisme habituel : \u00ab Il faut enseigner le num\u00e9rique car il est pr\u00e9sent partout dans la soci\u00e9t\u00e9, l&rsquo;informatique est au c\u0153ur du num\u00e9rique, donc il faut enseigner l&rsquo;informatique et le code \u00bb. Beno\u00eet Lacherez, plus vigilant, lui, appelle \u00e7a la \u00ab logique du blop \u00bb : \u00ab un \u00e9l\u00e9ment arrive dans le discours par la seule raison de sa contigu\u00eft\u00e9 avec un autre qui a \u00e9t\u00e9 amen\u00e9 logiquement \u00bb&#8230;<\/p>\n<p>Pour moi, la question pour l&rsquo;\u00e9cole, sa mission essentielle, n&rsquo;est pas de former des informaticiens ni m\u00eame de pr\u00e9parer \u00e0 \u00ab l\u2019emploi dans les m\u00e9tiers du num\u00e9rique qui peinent d\u00e9j\u00e0 \u00e0 trouver les professionnels dont ils ont besoin \u00bb&#8230; En tout cas, pas seulement et pas de mani\u00e8re prioritaire. <strong>Non, sa mission essentielle est d&rsquo;abord de former des citoyens \u00e9clair\u00e9s, autonomes, responsables<\/strong>, poss\u00e9dant les \u00e9l\u00e9ments de cultures diverses et crois\u00e9es, humaniste, technologique, philosophique, scientifique, litt\u00e9raire, num\u00e9rique&#8230; Toutes sortes de choses qui \u00e9chappent \u00e0 la compr\u00e9hension de Serge Abiteboul, co-auteur du rapport de l&rsquo;Acad\u00e9mie des sciences et pros\u00e9lyte en chef qui confessait, r\u00e9cemment, \u00e0 l&rsquo;occasion d&rsquo;une matin\u00e9e contributive au Conseil national du num\u00e9rique \u00e0 laquelle je participais : \u00ab L&rsquo;informatique et former des informaticiens, je sais ce que c&rsquo;est, le num\u00e9rique et former au num\u00e9rique, je ne sais pas faire&#8230; \u00bb. Sic.<\/p>\n<p>\u00c7a tombe bien, l&rsquo;\u00e9cole ne lui demande rien. Il y aura bien dans l&rsquo;\u00e9cole\u00a0\u2014 oh ! \u00e7a ne va pas se faire d&rsquo;un coup de baguette magique !\u00a0\u2014 des professeurs de math\u00e9matiques, de philosophie, de sciences physiques, de documentation, d&rsquo;\u00e9ducation physique et sportive, de sciences \u00e9conomiques et sociales, de technologie, de sciences de la vie et de la Terre&#8230; pour enseigner le num\u00e9rique !<\/p>\n<p>Hubert Guillaud\u00a0pose ensuite quelques bonnes questions, plus pratiques d&rsquo;ailleurs que fondamentales, sur la faisabilit\u00e9 technique, et formule des remarques fort justes sur la d\u00e9liquescence\u00a0de l&rsquo;enseignement de la technologie, en convergence sur ce point\u00a0avec d&rsquo;autres propos de Beno\u00eet Lacherez. Il cite aussi, sans s&rsquo;y attarder\u00a0\u2014 \u00e7a le laisse dubitatif, dit-il\u00a0\u2014 un <a href=\"http:\/\/www.slate.com\/articles\/technology\/future_tense\/2013\/08\/everybody_does_not_need_to_learn_to_code.html\" target=\"_blank\" rel=\"noopener\">article<\/a> paru sur <em><a href=\"http:\/\/www.slate.com\/\" target=\"_blank\" rel=\"noopener\">Slate.com<\/a><\/em> o\u00f9 l&rsquo;auteur \u00e9nonce ;<\/p>\n<blockquote><p>\u00ab <em>Nous n&rsquo;avons pas besoin que tout le monde code\u00a0\u2014 nous avons besoin que tout le monde pense. Et, malheureusement, il est tr\u00e8s facile de coder sans penser.<\/em> \u00bb<\/p><\/blockquote>\n<p>Cette phrase, assez tranch\u00e9e et d\u00e9finitive, m&rsquo;a fait penser \u00e0 un \u00e9change avec <a href=\"http:\/\/www.42.fr\/biographie\/kwame-yamgnane\/\" target=\"_blank\" rel=\"noopener\">Kwame Yamgnane<\/a>, qui dirige l&rsquo;\u00e9cole 42, sur une table ronde \u00e0 Bourg-en-Bresse, \u00e0 l&rsquo;invitation de <a href=\"http:\/\/frequence-ecoles.org\/\" target=\"_blank\" rel=\"noopener\">Fr\u00e9quence \u00c9coles<\/a>. Je ne crois pas trahir sa pens\u00e9e en rapportant qu&rsquo;il disait\u00a0souhaiter que les jeunes programmeurs qui passent par l&rsquo;\u00e9cole 42 soient<strong> ouverts \u00e0 une culture num\u00e9rique globale et soient justement capables de penser<\/strong>, de pr\u00e9f\u00e9rence \u00e0 plusieurs, en collaborant\u00a0\u00e0\u00a0leurs projets.<\/p>\n<p>Hubert Guillaud rel\u00e8ve aussi les propos d&rsquo;<a href=\"http:\/\/www.franceinfo.fr\/Emmanuel-Davidenkoff\" target=\"_blank\" rel=\"noopener\">Emmanuel Davidenkoff<\/a> qui posait, lui, une\u00a0question fort proche des pr\u00e9occupations du dirigeant de 42, dans <a href=\"http:\/\/www.lexpress.fr\/education\/l-ecole-du-futur-passera-par-la-pedagogie-cooperative_1312770.html\" target=\"_blank\" rel=\"noopener\">un article<\/a> sur <em><a href=\"http:\/\/www.lexpress.fr\/\" target=\"_blank\" rel=\"noopener\">l&rsquo;Express<\/a><\/em> en ligne :<\/p>\n<blockquote><p>\u00ab <em>Combien de temps faudra-t-il \u00e0 l&rsquo;enseignement scolaire, et singuli\u00e8rement au secondaire, pour le comprendre et pour cesser de n&rsquo;\u00e9valuer que les comp\u00e9tences individuelles ? Pour qu&rsquo;il apprenne \u00e0 valoriser les capacit\u00e9s \u00e0 coop\u00e9rer, \u00e0 formuler et \u00e0 r\u00e9soudre collectivement des probl\u00e8mes de tous ordres ?<\/em> \u00bb<\/p><\/blockquote>\n<p>\u00c0 n&rsquo;en pas douter, <strong>cette question est une de celles,\u00a0autrement plus graves et urgentes, que le num\u00e9rique va poser \u00e0 l&rsquo;\u00e9cole<\/strong>. S&rsquo;il ne s&rsquo;agit peut-\u00eatre pas d&rsquo;un tsunami, pour <a href=\"http:\/\/www.franceculture.fr\/emission-rue-des-ecoles-education-faut-il-craindre-le-tsunami-numerique-2014-03-26\" target=\"_blank\" rel=\"noopener\">paraphraser<\/a> \u00e0 nouveau Emmanuel Davidenkoff, c&rsquo;est bien d&rsquo;une succession de secousses telluriques qu&rsquo;il va s&rsquo;agir. La confrontation de l&rsquo;\u00e9cole de Jules Ferry au num\u00e9rique de ce mill\u00e9naire risque d&rsquo;\u00eatre un tantinet cataclysmique, en obligeant\u00a0\u00e0 revoir\u00a0de fond en comble contenus d&rsquo;enseignement, programmes, r\u00e9f\u00e9rentiels, examens, postures mais surtout, surtout, <strong>les m\u00e9thodes de travail et d&rsquo;\u00e9valuation et les modalit\u00e9s d&rsquo;apprentissage<\/strong>.<\/p>\n<p>\u00c0 c\u00f4t\u00e9 de ce cataclysme, la proposition pour le r\u00e9soudre de la cr\u00e9ation d&rsquo;un CAPES ou d&rsquo;une agr\u00e9gation d&rsquo;informatique risque de passer pour&#8230; d\u00e9risoire.<\/p>\n<p>En\u00a0conclusion, Hubert Guillaud pose la bonne question : l&rsquo;\u00e9cole doit-elle prendre en charge tout \u00e7a ? \u00ab L&rsquo;\u00e9cole n&rsquo;est pas la solution \u00e0 tout \u00bb, dit-il. Pour ma part, je crois pourtant toujours que l&rsquo;\u00e9cole est encore la solution \u00e0 tout ou presque \u2014 on ne se refait pas \u2014 et, notamment, pour ce qui concerne le num\u00e9rique, pour\u00a0<strong>combattre toutes les formes de fracture conduisant \u00e0 l&rsquo;illettrisme ou \u00e0 l&rsquo;obscurantisme<\/strong>. Et c&rsquo;est en effet une question qui va se poser tr\u00e8s cruellement et urgemment \u00e0 l&rsquo;\u00e9cole si elle ne montre pas plus de souplesse et de capacit\u00e9 \u00e0 \u00e9voluer et s&rsquo;adapter, au moment o\u00f9 les jeunes, ses \u00e9l\u00e8ves, ont des pratiques num\u00e9riques, sociales et informationnelles massives majoritairement hors de l&rsquo;\u00e9cole ou du temps scolaire.<\/p>\n<p style=\"color: #0b6bbf;\">Michel Guillou\u00a0<a style=\"font-style: inherit; color: #282128;\" href=\"https:\/\/twitter.com\/michelguillou\" target=\"_blank\" rel=\"noopener\">@michelguillou<\/a><\/p>\n<p style=\"color: #0b6bbf;\"><a style=\"font-style: inherit; color: #282128;\" href=\"http:\/\/creativecommons.org\/licenses\/by-nc-sa\/2.0\/fr\/\" target=\"_blank\" rel=\"noopener\"><img loading=\"lazy\" decoding=\"async\" style=\"font-weight: inherit; font-style: inherit;\" src=\"http:\/\/i.creativecommons.org\/l\/by-nc-sa\/2.0\/fr\/80x15.png\" alt=\"image\" width=\"80\" height=\"15\" \/><\/a><\/p>\n<p>Cr\u00e9dit photo : <a href=\"http:\/\/www.flickr.com\/photos\/binaryape\/5151286161\/\">BinaryApe<\/a> via <a href=\"http:\/\/photopin.com\">photopin<\/a> <a href=\"http:\/\/creativecommons.org\/licenses\/by\/2.0\/\">cc<\/a><\/p>\n<p>[cite]<\/p>\n","protected":false},"excerpt":{"rendered":"<p><a href=\"http:\/\/www.culture-numerique.fr\/wp-content\/uploads\/2014\/04\/medium_5151286161.jpg\"><img loading=\"lazy\" decoding=\"async\" class=\"wp-image-656 aligncenter\" src=\"http:\/\/www.culture-numerique.fr\/wp-content\/uploads\/2014\/04\/medium_5151286161.jpg\" alt=\"Code\" width=\"834\" height=\"365\" srcset=\"https:\/\/www.culture-numerique.fr\/wp-content\/uploads\/2014\/04\/medium_5151286161.jpg 640w, https:\/\/www.culture-numerique.fr\/wp-content\/uploads\/2014\/04\/medium_5151286161-300x131.jpg 300w, https:\/\/www.culture-numerique.fr\/wp-content\/uploads\/2014\/04\/medium_5151286161-100x43.jpg 100w, https:\/\/www.culture-numerique.fr\/wp-content\/uploads\/2014\/04\/medium_5151286161-150x65.jpg 150w, https:\/\/www.culture-numerique.fr\/wp-content\/uploads\/2014\/04\/medium_5151286161-200x87.jpg 200w, https:\/\/www.culture-numerique.fr\/wp-content\/uploads\/2014\/04\/medium_5151286161-450x196.jpg 450w, https:\/\/www.culture-numerique.fr\/wp-content\/uploads\/2014\/04\/medium_5151286161-600x262.jpg 600w\" sizes=\"auto, (max-width: 834px) 100vw, 834px\" \/><\/a><\/p>\n<p><strong>\u2026Mais cela n\u2019aboutit \u00e0 rien et cela ne signifie rien\u2026<\/strong> J\u2019avais envie de commencer ce billet en paraphrasant tr\u00e8s humblement de Gaulle qui \u00e9voquait lui, non le code, mais l\u2019Europe, bien s\u00fbr. Une autre raison est aussi qu\u2019on me pr\u00eate en d\u2019autres lieux un ton gaullien pour \u00e9voquer ces affaires et cette invraisemblable et fr\u00e9n\u00e9tique fi\u00e8vre pour l\u2019enseignement du code et de l\u2019informatique \u00e0 l\u2019\u00e9cole.<\/p>\n<p><span class=\"ellipsis\">&hellip;<\/span><\/p>\n<div class=\"read-more\"><a href=\"https:\/\/www.culture-numerique.fr\/?p=634\">Lire la suite &#8250;<\/a><\/div>\n<p><!-- end of .read-more --><\/p>\n","protected":false},"author":1,"featured_media":656,"comment_status":"open","ping_status":"open","sticky":false,"template":"","format":"standard","meta":{"jetpack_post_was_ever_published":false,"_jetpack_newsletter_access":"","_jetpack_dont_email_post_to_subs":true,"_jetpack_newsletter_tier_id":0,"_jetpack_memberships_contains_paywalled_content":false,"_jetpack_memberships_contains_paid_content":false,"footnotes":""},"categories":[9],"tags":[52,96,202,377,5,2,4,188,17,11],"class_list":["post-634","post","type-post","status-publish","format-standard","has-post-thumbnail","hentry","category-billets-dhumeur","tag-culture-numerique","tag-enjeux","tag-enseignement-du-numerique","tag-illettrisme","tag-informatique","tag-numerique","tag-numerique-educatif","tag-obscurantisme","tag-publier","tag-raison"],"jetpack_featured_media_url":"https:\/\/www.culture-numerique.fr\/wp-content\/uploads\/2014\/04\/medium_5151286161.jpg","jetpack_sharing_enabled":true,"_links":{"self":[{"href":"https:\/\/www.culture-numerique.fr\/index.php?rest_route=\/wp\/v2\/posts\/634","targetHints":{"allow":["GET"]}}],"collection":[{"href":"https:\/\/www.culture-numerique.fr\/index.php?rest_route=\/wp\/v2\/posts"}],"about":[{"href":"https:\/\/www.culture-numerique.fr\/index.php?rest_route=\/wp\/v2\/types\/post"}],"author":[{"embeddable":true,"href":"https:\/\/www.culture-numerique.fr\/index.php?rest_route=\/wp\/v2\/users\/1"}],"replies":[{"embeddable":true,"href":"https:\/\/www.culture-numerique.fr\/index.php?rest_route=%2Fwp%2Fv2%2Fcomments&post=634"}],"version-history":[{"count":35,"href":"https:\/\/www.culture-numerique.fr\/index.php?rest_route=\/wp\/v2\/posts\/634\/revisions"}],"predecessor-version":[{"id":6284,"href":"https:\/\/www.culture-numerique.fr\/index.php?rest_route=\/wp\/v2\/posts\/634\/revisions\/6284"}],"wp:featuredmedia":[{"embeddable":true,"href":"https:\/\/www.culture-numerique.fr\/index.php?rest_route=\/wp\/v2\/media\/656"}],"wp:attachment":[{"href":"https:\/\/www.culture-numerique.fr\/index.php?rest_route=%2Fwp%2Fv2%2Fmedia&parent=634"}],"wp:term":[{"taxonomy":"category","embeddable":true,"href":"https:\/\/www.culture-numerique.fr\/index.php?rest_route=%2Fwp%2Fv2%2Fcategories&post=634"},{"taxonomy":"post_tag","embeddable":true,"href":"https:\/\/www.culture-numerique.fr\/index.php?rest_route=%2Fwp%2Fv2%2Ftags&post=634"}],"curies":[{"name":"wp","href":"https:\/\/api.w.org\/{rel}","templated":true}]}}