{"id":6325,"date":"2017-11-29T17:59:20","date_gmt":"2017-11-29T16:59:20","guid":{"rendered":"https:\/\/www.culture-numerique.fr\/?p=6325"},"modified":"2021-12-02T00:47:32","modified_gmt":"2021-12-01T23:47:32","slug":"exclusif-on-peut-aimer-tres-tres-fort-un-rapport-de-linspection-generale","status":"publish","type":"post","link":"https:\/\/www.culture-numerique.fr\/?p=6325","title":{"rendered":"Exclusif\u00a0: on peut aimer tr\u00e8s tr\u00e8s fort un rapport de l&rsquo;inspection g\u00e9n\u00e9rale"},"content":{"rendered":"<p><a href=\"https:\/\/www.culture-numerique.fr\/?attachment_id=7230\" rel=\"attachment wp-att-7230\"><img loading=\"lazy\" decoding=\"async\" class=\"aligncenter wp-image-7230\" src=\"https:\/\/www.culture-numerique.fr\/wp-content\/uploads\/2017\/11\/coeur.jpg\" alt=\"\" width=\"1024\" height=\"683\" srcset=\"https:\/\/www.culture-numerique.fr\/wp-content\/uploads\/2017\/11\/coeur.jpg 750w, https:\/\/www.culture-numerique.fr\/wp-content\/uploads\/2017\/11\/coeur-300x200.jpg 300w, https:\/\/www.culture-numerique.fr\/wp-content\/uploads\/2017\/11\/coeur-100x67.jpg 100w, https:\/\/www.culture-numerique.fr\/wp-content\/uploads\/2017\/11\/coeur-150x100.jpg 150w, https:\/\/www.culture-numerique.fr\/wp-content\/uploads\/2017\/11\/coeur-200x133.jpg 200w, https:\/\/www.culture-numerique.fr\/wp-content\/uploads\/2017\/11\/coeur-450x300.jpg 450w, https:\/\/www.culture-numerique.fr\/wp-content\/uploads\/2017\/11\/coeur-600x400.jpg 600w\" sizes=\"auto, (max-width: 1024px) 100vw, 1024px\" \/><\/a><\/p>\n<p><strong>J&rsquo;ai toujours pens\u00e9<\/strong> que les rapports demand\u00e9s \u00e0 des fonctionnaires de l&rsquo;\u00c9tat dans le cadre de leurs missions publiques, sur des sujets qui concernent tous les citoyens, hors <a href=\"https:\/\/fr.wikipedia.org\/wiki\/Secret_d%27%C3%89tat\" target=\"_blank\" rel=\"noopener\">secret d&rsquo;\u00c9tat<\/a>, <strong>devaient \u00eatre publi\u00e9s sans tarder<\/strong>, au sens de rendus publics, sous la protection d&rsquo;une licence libre, du type <a href=\"https:\/\/fr.wikipedia.org\/wiki\/Creative_Commons\" target=\"_blank\" rel=\"noopener\">Creative Commons<\/a>. Il n&rsquo;y a, \u00e0 mon avis, aucune raison valable \u00e0 retarder voire emp\u00eacher la publication de <a href=\"https:\/\/fr.wikipedia.org\/wiki\/Open_data\" target=\"_blank\" rel=\"noopener\">donn\u00e9es<\/a>\u00a0ou de r\u00e9flexions qui ont \u00e9t\u00e9 ouvertes \u00e0 la connaissance et \u00e0 la consultation des citoyens par l&rsquo;ensemble des missions et dispositions l\u00e9gislatives r\u00e9centes concernant l&rsquo;\u00ab\u00a0open data\u00a0\u00bb.<\/p>\n<p>C&rsquo;est donc avec plaisir mais aussi un certain soulagement que j&rsquo;ai appris la publication officielle du rapport command\u00e9 \u00e0 <a href=\"http:\/\/eduscol.education.fr\/pnf-lettres\/spip.php?article52\" target=\"_blank\" rel=\"noopener\">Catherine Becchetti-Bizot<\/a>, inspectrice g\u00e9n\u00e9rale, et qu&rsquo;elle a intitul\u00e9 \u00ab\u00a0<strong>Repenser la forme scolaire \u00e0 l&rsquo;heure du num\u00e9rique : vers de nouvelles mani\u00e8res d&rsquo;apprendre et d&rsquo;enseigner<\/strong>\u00a0\u00bb. Il \u00e9tait termin\u00e9 et a \u00e9t\u00e9 remis au ministre en mai, mais n&rsquo;a \u00e9t\u00e9 publi\u00e9 que r\u00e9cemment. Cinq mois pour publier un rapport de l&rsquo;inspection g\u00e9n\u00e9rale, celui-ci ne s&rsquo;en tire pas si mal, finalement\u00a0!<\/p>\n<p>Vous le trouverez derri\u00e8re <a href=\"http:\/\/www.education.gouv.fr\/cid122842\/repenser-la-forme-scolaire-a-l-heure-du-numerique-vers-de-nouvelles-manieres-d-apprendre-et-d-enseigner.html\" target=\"_blank\" rel=\"noopener\">cette page<\/a> en <a href=\"http:\/\/cache.media.education.gouv.fr\/file\/2017\/55\/1\/IGEN-Rapport-2017-056-Repenser-forme-scolaire-numerique-nouvelles-manieres-apprendre-enseigner_849551.pdf\" target=\"_blank\" rel=\"noopener\">t\u00e9l\u00e9chargement<\/a>. Mais, pour vous permettre de le lire plus ais\u00e9ment et confortablement, vous le trouverez ci-dessous\u00a0:<\/p>\n<a href=\"https:\/\/www.culture-numerique.fr\/wp-content\/uploads\/2017\/11\/2017-056-Rapport-Num\u00e9rique.pdf\" class=\"pdfemb-viewer\" style=\"\" data-width=\"max\" data-height=\"max\" data-toolbar=\"bottom\" data-toolbar-fixed=\"off\">2017-056 Rapport Num\u00e9rique<\/a>\n<h3>\u00c7a commence vraiment tr\u00e8s bien<\/h3>\n<blockquote><p>\u00ab\u00a0Accompagner ces changements plut\u00f4t que de les subir, d\u00e9velopper de nouvelles strat\u00e9gies pour instruire, \u00e9duquer et pr\u00e9parer tous les \u00e9l\u00e8ves \u00e0 devenir des citoyens libres de la soci\u00e9t\u00e9 num\u00e9rique, poursuivre leur formation et progresser tout au long de leur vie dans un monde incertain, complexe et hyper-connect\u00e9, repr\u00e9sentent des d\u00e9fis majeurs pour l\u2019\u00c9cole du XXIe si\u00e8cle. Ils impliquent de renouveler et de revivifier les modes d\u2019enseignement et les processus d\u2019apprentissage, en tirant parti au maximum des nouvelles possibilit\u00e9s d\u2019acc\u00e8s \u00e0 l\u2019information et aux savoirs, tout en conservant \u00e0 l\u2019\u00c9cole son r\u00f4le de point de rep\u00e8re stable et s\u00e9curisant pour la construction de l\u2019individu et du futur citoyen.\u00a0\u00bb<\/p><\/blockquote>\n<p>On aurait m\u00eame pu se passer ici de l&rsquo;adjectif \u00ab\u00a0num\u00e9rique \u00bb pour qualifier l&rsquo;\u00e9tat de la soci\u00e9t\u00e9, tant le reste du paragraphe est \u00e9clairant et signifiant. D&rsquo;ailleurs, \u00e0 mon avis, le plus important n&rsquo;est pas tant que la soci\u00e9t\u00e9 soit num\u00e9rique mais <strong>qu&rsquo;elle soit connect\u00e9e<\/strong>, qu&rsquo;elle donne la possibilit\u00e9 \u00e0 chacune ou chacun d&rsquo;acc\u00e9der \u00e0 l&rsquo;information, aux savoirs et \u00e0 l&rsquo;expression de certaines libert\u00e9s.<\/p>\n<p>Me voil\u00e0 pris en flagrant d\u00e9lit de critique et de pinaillage alors que mon parti pris \u00e9tait de dire le plus grand bien de ce rapport\u00a0! En effet, ce n&rsquo;est gu\u00e8re dans mes habitudes d&rsquo;encenser les rapports institutionnels, tant ils me semblent g\u00e9n\u00e9ralement poussi\u00e9reux et surtout trop peu visionnaires. Je sais bien que la mission principale de l&rsquo;inspection g\u00e9n\u00e9rale est d&rsquo;\u00e9valuer le syst\u00e8me \u00e9ducatif et ses acteurs, mais j&rsquo;avoue avoir \u00e9t\u00e9 souvent \u00e9tonn\u00e9 des tonalit\u00e9s glaciales voire soporifiques affich\u00e9es parfois\u2026 Quant aux prises de parole, j&rsquo;ai entendu le pire, en moult occasions.<\/p>\n<h3>Un rappel essentiel<\/h3>\n<p>Revenons \u00e0 nos moutons, et au bon grain qu&rsquo;on peut glaner \u00e7\u00e0 et l\u00e0 dans le rapport de Catherine Becchetti-Bizot. Le num\u00e9rique y est clairement d\u00e9fini d&rsquo;entr\u00e9e, n&rsquo;en d\u00e9plaise \u00e0 ceux que la substantivation du mot et l&rsquo;\u00e9volution de son sens agacent\u00a0:<\/p>\n<blockquote><p>\u00ab\u00a0Le num\u00e9rique n\u2019est pas seulement une r\u00e9volution technologique. Comme le furent, en leur temps\u00a0l\u2019invention de l\u2019\u00e9criture et celle de l\u2019imprimerie, il est aussi un ph\u00e9nom\u00e8ne culturel et social qu impr\u00e8gne les actes les plus ordinaires de notre vie et nos repr\u00e9sentations du monde : notre perception de l\u2019espace et du temps, notre relation aux autres, nos fa\u00e7ons de penser, d\u2019imaginer et de cr\u00e9er, nos modes de travail et d\u2019acc\u00e8s au savoir, ainsi que nos mani\u00e8res de produire et de diffuser les connaissances.\u00a0\u00bb<\/p><\/blockquote>\n<p><strong>Le num\u00e9rique est donc un ph\u00e9nom\u00e8ne culturel et social<\/strong>, comme je ne cesse de le ressasser ici depuis des ann\u00e9es, un changement de paradigme, comme l&rsquo;indique l&rsquo;intertitre qui annonce cette prise de position initiale et si essentielle, si on veut \u00eatre compris.<\/p>\n<p>Continuons notre saine et revivifiante lecture\u00a0:<\/p>\n<blockquote><p>\u00ab\u00a0Les potentialit\u00e9s du num\u00e9rique ne font plus de doute pour une large majorit\u00e9 des contributeurs mais, dans un contexte en profonde mutation, chacun a le souci d\u2019\u00e9viter les d\u00e9rives de tous ordres\u00a0: la dilution des objectifs de l\u2019\u00c9cole, la fascination techniciste, la saturation informationnelle, la fuite en avant consum\u00e9riste ou le zapping culturel \u2013 d\u00e9rives qui peuvent s\u2019av\u00e9rer extr\u00eamement co\u00fbteuses pour l\u2019\u00c9ducation nationale.\u00a0\u00bb<\/p><\/blockquote>\n<p>Il s&rsquo;agit bien de cela\u00a0: ancrer solidement la transformation num\u00e9rique de l&rsquo;\u00e9cole et de ses acteurs dans le substrat \u00e0 rappeler sans cesse des missions historiques et \u00e9mancipatrices de l&rsquo;\u00e9cole \u2014 \u00ab\u00a0<span style=\"color: #800000;\"><em>sans remettre en cause les\u00a0valeurs et objectifs fondamentaux de l\u2019\u00c9cole de la R\u00e9publique<\/em><\/span>\u00a0\u00bb comme l&rsquo;\u00e9nonce le rapport.<\/p>\n<p><img loading=\"lazy\" decoding=\"async\" class=\"size-full wp-image-7274 alignright\" src=\"https:\/\/www.culture-numerique.fr\/wp-content\/uploads\/2017\/11\/323px-Le_songe_de_la_raison.jpg\" alt=\"\" width=\"323\" height=\"479\" srcset=\"https:\/\/www.culture-numerique.fr\/wp-content\/uploads\/2017\/11\/323px-Le_songe_de_la_raison.jpg 323w, https:\/\/www.culture-numerique.fr\/wp-content\/uploads\/2017\/11\/323px-Le_songe_de_la_raison-202x300.jpg 202w, https:\/\/www.culture-numerique.fr\/wp-content\/uploads\/2017\/11\/323px-Le_songe_de_la_raison-100x148.jpg 100w, https:\/\/www.culture-numerique.fr\/wp-content\/uploads\/2017\/11\/323px-Le_songe_de_la_raison-150x222.jpg 150w, https:\/\/www.culture-numerique.fr\/wp-content\/uploads\/2017\/11\/323px-Le_songe_de_la_raison-200x297.jpg 200w, https:\/\/www.culture-numerique.fr\/wp-content\/uploads\/2017\/11\/323px-Le_songe_de_la_raison-300x445.jpg 300w\" sizes=\"auto, (max-width: 323px) 100vw, 323px\" \/><\/p>\n<p>Une certaine fa\u00e7on de penser \u00e0 ceux qui, pour surtout ne toucher \u00e0 rien, s&rsquo;av\u00e8rent incapables de penser le changement autrement qu&rsquo;en termes de fascination ou de r\u00e9pulsion et donc d&rsquo;<strong>exercer leur raison<\/strong>, une facult\u00e9 qui semble avoir fui le monde de l&rsquo;\u00e9cole, semble-t-il. Dans le microcosme si particulier des d\u00e9tracteurs et des contempteurs du num\u00e9rique, on pr\u00e9f\u00e8re aujourd&rsquo;hui se d\u00e9fier de tout, <em>a priori<\/em>, et s&rsquo;abandonner \u00e0 une trouille scl\u00e9rosante et fantasmatique.<\/p>\n<p>Paradoxalement, pour beaucoup, cela semble \u00eatre plus confortable. Dans un premier temps car, \u00e0 terme, <strong>le choc risque d&rsquo;\u00eatre rude<\/strong>.<\/p>\n<h3>Iconoclasmes en tous genres<\/h3>\n<p>Car il s&rsquo;agit bien de\u00a0\u00ab\u00a0<span style=\"color: #800000;\">\u2026<em>faciliter l\u2019appropriation des nouveaux environnements et des nouvelles pratiques par les enseignants en leur permettant de s\u2019engager sereinement dans des projets p\u00e9dagogiques qu\u2019ils auront eux-m\u00eames la possibilit\u00e9 de construire ou d\u2019adapter.<\/em><\/span>\u00a0\u00bb. En prenant appui sur la \u00ab\u00a0<span style=\"color: #800000;\"><em>vitalit\u00e9 et inventivit\u00e9 sur le terrain<\/em><\/span>\u00a0\u00bb, <strong>en faisant confiance<\/strong> \u2014\u00a0j&rsquo;y reviendrai\u00a0\u2014, il est question de prendre acte de la n\u00e9cessit\u00e9 de faire \u00e9voluer une nouvelle \u00ab\u00a0<em><span style=\"color: #800000;\">forme scolaire<\/span><\/em>\u00a0\u00bb en prise et en accord avec son temps.<\/p>\n<p>De quoi s&rsquo;agit-il\u00a0? En prenant acte que \u00ab\u00a0<strong><em><span style=\"color: #800000;\">le num\u00e9rique change la donne<\/span><\/em><\/strong>\u00a0\u00bb, Catherine Becchetti-Bizot note que\u00a0:<\/p>\n<blockquote><p>\u00ab\u00a0En multipliant les interactions, [le num\u00e9rique] introduit de l\u2019horizontalit\u00e9 dans les \u00e9changes, brise les hi\u00e9rarchies, favorise \u00e0 la fois des formes de travail plus collaboratives et des modalit\u00e9s d\u2019apprentissage plus personnalis\u00e9es. Il permet d\u2019apprendre en mobilit\u00e9 et dans des environnements diversifi\u00e9s, laisse p\u00e9n\u00e9trer de nouveaux protagonistes dans la sph\u00e8re de l\u2019\u00e9ducation et met en question l\u2019autorit\u00e9 du ma\u00eetre. En bref, il d\u00e9-lin\u00e9arise la relation au savoir, redistribuant en particulier les sources de connaissance et les red\u00e9ployant potentiellement au-del\u00e0 des murs de la classe, qui assuraient l\u2019unit\u00e9 de temps, de lieu et d\u2019action de l\u2019enseignement. Enfin, il invite \u00e0 prendre en compte un certain nombre de pratiques et de savoirs informels que les \u00e9l\u00e8ves peuvent d\u00e9velopper en dehors de l\u2019\u00c9cole.\u00a0\u00bb<\/p><\/blockquote>\n<p>Voil\u00e0 qui n&rsquo;est pas commun et particuli\u00e8rement iconoclaste\u00a0! Comment\u00a0? le num\u00e9rique briserait les hi\u00e9rarchies, mettrait en question l&rsquo;autorit\u00e9 du ma\u00eetre, inviterait \u00e0 prendre en compte des savoirs informels\u00a0? J&rsquo;en connais qui doivent trembler de la t\u00eate aux pieds \u00e0 la lecture de ces observations, \u00e0 commencer par les \u00e9lites de ce pays, particuli\u00e8rement remises en question elles aussi, dont bien s\u00fbr la plus grosse partie de l&rsquo;encadrement administratif et p\u00e9dagogique de l&rsquo;\u00e9cole m\u00eame. Notez l&rsquo;usage du pr\u00e9sent car ces constats sont faits ici sur l&rsquo;\u00e9cole d&rsquo;aujourd&rsquo;hui.<\/p>\n<p>Elle ajoute\u00a0: \u00ab\u00a0<em><span style=\"color: #800000;\"><span style=\"color: #800000;\">L\u2019autorit\u00e9 du ma\u00eetre tient plut\u00f4t aujourd\u2019hui\u00a0\u00e0 sa capacit\u00e9 d\u2019accompagner et d\u2019\u00e9tayer le processus d\u2019apprentissage, et de mettre\u00a0en sc\u00e8ne le savoir, qu\u2019\u00e0 le transmettre magistralement<\/span><\/span>.\u00a0<\/em>\u00bb. C&rsquo;est un s\u00e9isme, vous dis-je, un tsunami comme disait <a href=\"https:\/\/fr.wikipedia.org\/wiki\/Emmanuel_Davidenkoff\" target=\"_blank\" rel=\"noopener\">Emmanuel Davidenkoff<\/a>.<\/p>\n<p>Catherine Becchetti-Bizot encha\u00eene : il est donc n\u00e9cessaire de<strong> faire \u00e9voluer la forme scolaire<\/strong>, conception et utilisation des espaces \u2014\u00a0mettre en parall\u00e8le <a href=\"https:\/\/theconversation.com\/penser-la-qualite-des-espaces-comme-facteur-de-reussite-scolaire-88144\" target=\"_blank\" rel=\"noopener\">cette r\u00e9flexion r\u00e9cente<\/a> \u00e0 ce sujet\u00a0\u2014, temps d&rsquo;apprentissage, en classe et au-del\u00e0, jusqu&rsquo;\u00e0 la maison. Pour ma part, j&rsquo;aurais \u00e9voqu\u00e9 deux autres param\u00e8tres qui influent fortement sur la forme scolaire\u00a0: la constitution des groupes et le design.<\/p>\n<p>Elle insiste\u00a0:<\/p>\n<blockquote><p>\u00ab\u00a0Les jeunes passent un nombre consid\u00e9rable d\u2019heures sur leurs \u00e9crans et leurs smartphones chaque semaine ; ils acc\u00e8dent \u00e0 toutes sortes d\u2019informations en dehors de l\u2019\u00c9cole et peuvent le faire \u00e0 tout moment et dans n\u2019importe quel lieu. Ce d\u00e9placement a des cons\u00e9quences in\u00e9vitables sur la fonction et le positionnement de l\u2019\u00c9cole et des enseignants.\u00a0\u00bb<\/p><\/blockquote>\n<p>Et s&rsquo;interroge\u00a0: \u00ab<span style=\"color: #800000;\"><em>\u00a0Faut-il importer dans la classe les pratiques sociales et de loisir des jeunes ?<\/em><\/span>\u00a0\u00bb. Contre un syst\u00e8me qui promeut l&rsquo;apprentissage individuel, elle ajoute, avec d&rsquo;autres, que le num\u00e9rique\u00a0: \u00ab\u00a0<em><span style=\"color: #800000;\">favorise la construction collective et participative du savoir\u2026<\/span><\/em>\u00a0\u00bb.<\/p>\n<p>L&rsquo;auteure de ce rapport \u00e9voque ensuite, apr\u00e8s quelques recommandations sur l&rsquo;utilisation des smartphones des \u00e9l\u00e8ves en classe, qui finira par s&rsquo;imposer contre les grincheux, la difficile question des ressources et notamment des productions des enseignants. J&rsquo;agr\u00e9e bien s\u00fbr son propos liminaire \u00ab\u00a0<span style=\"color: #800000;\"><strong><em>La question aujourd\u2019hui est d\u2019encourager et de faciliter la cr\u00e9ation collaborative de contenus\u00a0<\/em><\/strong><\/span><span style=\"color: #800000;\"><strong><em>p\u00e9dagogiques par les enseignants<\/em><\/strong><\/span>\u00a0\u00bb, apr\u00e8s des ann\u00e9es de reculades sur le sujet, sous la pression de lobbys puissants. J&rsquo;appuie aussi la n\u00e9cessit\u00e9 d&rsquo;une plateforme \u00e0 cet effet, dont le minist\u00e8re pourrait prendre l&rsquo;initiative d&rsquo;une cr\u00e9ation, mais il s&rsquo;agit davantage, \u00e0 mon avis. d&rsquo;en faire le moteur de la diffusion et de la circulation des bonnes id\u00e9es, dans un flux seul \u00e0 m\u00eame de valoriser et promouvoir le meilleur, contre le stock qui ali\u00e8ne et appauvrit.<\/p>\n<h3>Les postures des acteurs<\/h3>\n<p>Catherine Becchetti-Bizot r\u00e9affirme ensuite le r\u00f4le central de l&rsquo;enseignant\u00a0:<\/p>\n<blockquote><p>\u00ab\u00a0La formation initiale et continue devra en faire une priorit\u00e9 : habituer l\u2019enseignant \u00e0 ce retour r\u00e9flexif et \u00e0 la documentation de sa pratique, l\u2019inciter \u00e0 la production et au partage de ses ressources. \u00bb<\/p><\/blockquote>\n<p>Ce n&rsquo;est pas gagn\u00e9 d&rsquo;avance. \u00c0 ma connaissance, aujourd&rsquo;hui, ces excellentes consid\u00e9rations sont peu pr\u00e9sentes dans les offres de formation. C&rsquo;est un euph\u00e9misme.<\/p>\n<p>Les inspecteurs sont fortement incit\u00e9s \u00e0 devenir des <strong>animateurs de communaut\u00e9s apprenantes<\/strong>. \u00c7a non plus, ce n&rsquo;est pas gagn\u00e9 car on part de loin. J&rsquo;avais \u00e9crit <a href=\"https:\/\/www.culture-numerique.fr\/?p=1749\" target=\"_blank\" rel=\"noopener\">un article<\/a> \u00e0 ce sujet il y a peu (plus de 3 ans, tout de m\u00eame) o\u00f9 j&rsquo;invitais les inspecteurs p\u00e9dagogiques \u00e0 se transformer en chefs d&rsquo;orchestre de la p\u00e9dagogie, en animateurs de communaut\u00e9s d&rsquo;enseignants en ligne. Rien de tr\u00e8s r\u00e9volutionnaire mais, \u00e0 ma connaissance, la diffusion de ce texte dans certaines acad\u00e9mies avait suscit\u00e9 des r\u00e9actions scandalis\u00e9es.<\/p>\n<p>Les chefs d&rsquo;\u00e9tablissements, \u00ab\u00a0<em><span style=\"color: #800000;\">au c\u0153ur de probl\u00e9matiques complexes, \u00e0 la fois techniques, juridiques, \u00e9ducatives, p\u00e9dagogiques, documentaires et environnementales<\/span>\u00a0<\/em>\u00bb, pilotes du projet et de la transformation num\u00e9riques, sont encourag\u00e9s \u00e0 \u00e9voluer\u00a0:<\/p>\n<blockquote><p>\u00ab\u00a0Pour lui [le chef d&rsquo;\u00e9tablissement] comme pour les autres cadres de l\u2019\u00e9ducation, cela n\u00e9cessite <strong>un changement de posture radical<\/strong>, des relations plus horizontales, moins hi\u00e9rarchis\u00e9es, une capacit\u00e9 d\u2019\u00e9coute et de la bienveillance.\u00a0\u00bb<\/p><\/blockquote>\n<p>Autre qualit\u00e9 \u00e0 esp\u00e9rer du c\u00f4t\u00e9 des cadres\u00a0: leur capacit\u00e9 \u00e0 <strong>faire confiance<\/strong> aux \u00e9quipes d&rsquo;enseignants. Cette question de la restauration de la confiance est essentielle au moment o\u00f9, de l&rsquo;avis unanime, c&rsquo;est loin d&rsquo;\u00eatre l&rsquo;attitude la mieux partag\u00e9e en milieu \u00e9ducatif. L&rsquo;inspectrice g\u00e9n\u00e9rale, elle, montre l&rsquo;exemple. Elle sait faire confiance aux \u00e9quipes d&rsquo;enseignants \u00ab\u00a0sur le terrain\u00a0\u00bb, et milite ardemment pour qu&rsquo;on prenne en consid\u00e9ration et soutienne leurs projets p\u00e9dagogiques \u2014\u00a0voir plus haut.<\/p>\n<p>J&rsquo;avoue avoir \u00e9t\u00e9 moins convaincu par les longues lignes sur les p\u00e9dagogies actives et, en particulier, sur la classe invers\u00e9e. Je n&rsquo;ai pas \u00e9t\u00e9 convaincu non plus sur le point de la formation et de sa n\u00e9cessaire \u00e9volution. Le chantier est \u00e0 refonder, notamment pour ce qui concerne la formation initiale, et les propositions sont trop peu ambitieuses. Il ne suffit pas, \u00e0 mon avis, de promouvoir \u00ab<span style=\"color: #800000;\">\u00a0<em>de nouvelles modalit\u00e9s, moins descendantes et plus contributives, mieux distribu\u00e9es entre les acteurs<\/em><\/span>\u00a0\u00bb ou d&rsquo;inciter \u00e0 utiliser la classe invers\u00e9e ou les Moocs. Je ne m&rsquo;\u00e9tendrai pas plus sur ces questions, celle de la r\u00e9surgence heureuse mais anecdotique, \u00e0 mon avis, des p\u00e9dagogies actives, celle aussi de la formation. Sur ce dernier point, m\u00eame si mon avis n&rsquo;est pas fait, loin de l\u00e0, je pencherais pour qu&rsquo;on aborde cette question davantage en termes d&rsquo;angle, de regard, d&rsquo;engagement plus que de contenus.<\/p>\n<p>Pour en revenir aux prol\u00e9gom\u00e8nes de ce rapport et, notamment, \u00e0 la d\u00e9finition du num\u00e9rique, que j&rsquo;agr\u00e9e pleinement, je m&rsquo;\u00e9tonne de certaines formulations maladroites qui pars\u00e8ment ce texte et, du coup, paraissent dissonantes. Elles laissent accroire que le num\u00e9rique est ici confondu avec ses outils\u00a0: \u00ab\u00a0s&rsquo;approprier le num\u00e9rique\u00a0\u00bb, \u00ab\u00a0la place du num\u00e9rique\u00a0\u00bb, \u00ab\u00a0l&rsquo;int\u00e9gration du num\u00e9rique\u00a0\u00bb, toutes assertions qui auraient m\u00e9rit\u00e9, comme je le fais ici, d&rsquo;\u00eatre encadr\u00e9es de guillemets.<\/p>\n<p>Si le num\u00e9rique est bien, comme le dit Catherine Becchetti-Bizot, comme je le soutiens sans r\u00e9serve avec elle, un mod\u00e8le diff\u00e9rent, un nouveau paradigme d&rsquo;abord social et culturel, je ne vois pas comment on peut l&rsquo;int\u00e9grer ou se l&rsquo;approprier. Il est l\u00e0, pr\u00e9sent, tout le temps, on y baigne en permanence. Comme dans l&rsquo;air du temps.<\/p>\n<p>Mais je chipote. <strong>Ce rapport est une petite merveille<\/strong>. Il aurait d\u00fb \u00eatre \u00e9crit il y a dix ans, on en aurait profit\u00e9 davantage !<\/p>\n<h3>Belle conclusion<\/h3>\n<p>Catherine Becchetti-Bizot, apr\u00e8s son parcours \u00e0 l&rsquo;inspection g\u00e9n\u00e9rale, apr\u00e8s son passage \u00e0 la t\u00eate de la direction du num\u00e9rique pour l&rsquo;\u00e9ducation, apr\u00e8s les diff\u00e9rentes missions qu&rsquo;on lui a confi\u00e9es r\u00e9cemment, <a href=\"https:\/\/www.legifrance.gouv.fr\/jo_pdf.do?id=JORFTEXT000035999096\" target=\"_blank\" rel=\"noopener\">vient d&rsquo;\u00eatre nomm\u00e9e<\/a> m\u00e9diatrice de l&rsquo;\u00e9ducation nationale et de l\u2019enseignement sup\u00e9rieur. <strong>Et c&rsquo;est une excellente nouvelle<\/strong>.<\/p>\n<blockquote class=\"twitter-tweet\" data-width=\"550\" data-dnt=\"true\">\n<p lang=\"fr\" dir=\"ltr\">Nous venons, avec <a href=\"https:\/\/twitter.com\/VidalFrederique?ref_src=twsrc%5Etfw\">@VidalFrederique<\/a> , de nommer Mme Catherine Becchetti-Bizot comme nouvelle m\u00e9diatrice de l&#39;\u00e9ducation nationale et de l&#39;enseignement sup\u00e9rieur. Je la f\u00e9licite.<br \/>Son travail sera tr\u00e8s important pour les progr\u00e8s de notre syst\u00e8me \u00e9ducatif. <a href=\"https:\/\/t.co\/yEPg0ty8wo\">pic.twitter.com\/yEPg0ty8wo<\/a><\/p>\n<p>&mdash; Jean-Michel Blanquer (@jmblanquer) <a href=\"https:\/\/twitter.com\/jmblanquer\/status\/930079040580485120?ref_src=twsrc%5Etfw\">November 13, 2017<\/a><\/p><\/blockquote>\n<p><script async src=\"https:\/\/platform.twitter.com\/widgets.js\" charset=\"utf-8\"><\/script><\/p>\n<p>On peut n\u00e9anmoins s&rsquo;interroger\u00a0: quel est l&rsquo;int\u00e9r\u00eat d&rsquo;une m\u00e9diation institutionnelle au moment o\u00f9, justement, le num\u00e9rique est facteur de d\u00e9sinterm\u00e9diation g\u00e9n\u00e9ralis\u00e9e\u00a0? Si cette derni\u00e8re peut avoir d&rsquo;heureux effets, il est n\u00e9cessaire, je crois, de remettre <strong>un peu d&rsquo;humanit\u00e9 et de bienveillance<\/strong> dans les rouages. Et Catherine Becchetti-Bizot est exactement la bonne personne pour cela.<\/p>\n<p>Michel Guillou\u00a0<a href=\"https:\/\/twitter.com\/michelguillou\" target=\"_blank\" rel=\"noopener\">@michelguillou<\/a><\/p>\n<p><a href=\"http:\/\/creativecommons.org\/licenses\/by-nc-sa\/4.0\/\" target=\"_blank\" rel=\"noopener\"><img loading=\"lazy\" decoding=\"async\" src=\"https:\/\/i.creativecommons.org\/l\/by-nc-sa\/2.0\/fr\/80x15.png\" alt=\"image\" width=\"80\" height=\"15\" data-pin-nopin=\"true\" \/><\/a><\/p>\n<p>Cr\u00e9dit image\u00a0:\u00a0<a href=\"https:\/\/www.timeanddate.com\/holidays\/fun\/the-duchess-who-wasnt-day\" target=\"_blank\" rel=\"noopener\">timeanddate.com<\/a> et\u00a0Domaine public, <a href=\"https:\/\/commons.wikimedia.org\/w\/index.php?curid=124376\" target=\"_blank\" rel=\"noopener\">Wikim\u00e9dia<\/a>.<\/p>\n<p><em>Nota bene<\/em>\u00a0: Nombre de mots de ce texte doivent, au masculin, \u00eatre consid\u00e9r\u00e9s comme neutres et non sexu\u00e9s.<\/p>\n","protected":false},"excerpt":{"rendered":"<p><a href=\"https:\/\/www.culture-numerique.fr\/?attachment_id=7230\" rel=\"attachment wp-att-7230\"><img loading=\"lazy\" decoding=\"async\" class=\"aligncenter wp-image-7230\" src=\"https:\/\/www.culture-numerique.fr\/wp-content\/uploads\/2017\/11\/coeur.jpg\" alt=\"\" width=\"1024\" height=\"683\" srcset=\"https:\/\/www.culture-numerique.fr\/wp-content\/uploads\/2017\/11\/coeur.jpg 750w, https:\/\/www.culture-numerique.fr\/wp-content\/uploads\/2017\/11\/coeur-300x200.jpg 300w, https:\/\/www.culture-numerique.fr\/wp-content\/uploads\/2017\/11\/coeur-100x67.jpg 100w, https:\/\/www.culture-numerique.fr\/wp-content\/uploads\/2017\/11\/coeur-150x100.jpg 150w, https:\/\/www.culture-numerique.fr\/wp-content\/uploads\/2017\/11\/coeur-200x133.jpg 200w, https:\/\/www.culture-numerique.fr\/wp-content\/uploads\/2017\/11\/coeur-450x300.jpg 450w, https:\/\/www.culture-numerique.fr\/wp-content\/uploads\/2017\/11\/coeur-600x400.jpg 600w\" sizes=\"auto, (max-width: 1024px) 100vw, 1024px\" \/><\/a><\/p>\n<p><strong>J&rsquo;ai toujours pens\u00e9<\/strong> que les rapports demand\u00e9s \u00e0 des fonctionnaires de l&rsquo;\u00c9tat dans le cadre de leurs missions publiques, sur des sujets qui concernent tous les citoyens, hors <a href=\"https:\/\/fr.wikipedia.org\/wiki\/Secret_d%27%C3%89tat\" target=\"_blank\" rel=\"noopener\">secret d&rsquo;\u00c9tat<\/a>,<\/p>\n<p><span class=\"ellipsis\">&hellip;<\/span><\/p>\n<div class=\"read-more\"><a href=\"https:\/\/www.culture-numerique.fr\/?p=6325\">Lire la suite &#8250;<\/a><\/div>\n<p><!-- end of .read-more --><\/p>\n","protected":false},"author":1,"featured_media":7230,"comment_status":"open","ping_status":"open","sticky":false,"template":"","format":"standard","meta":{"jetpack_post_was_ever_published":false,"_jetpack_newsletter_access":"","_jetpack_dont_email_post_to_subs":false,"_jetpack_newsletter_tier_id":0,"_jetpack_memberships_contains_paywalled_content":false,"_jetpack_memberships_contains_paid_content":false,"footnotes":""},"categories":[9,36],"tags":[399,52,818,816,2,4,482,481,817],"class_list":["post-6325","post","type-post","status-publish","format-standard","has-post-thumbnail","hentry","category-billets-dhumeur","category-ressources","tag-catherine-becchetti-bizot","tag-culture-numerique","tag-forme-scolaire","tag-mediatrice","tag-numerique","tag-numerique-educatif","tag-paradigme","tag-postures","tag-rapport-de-ligen"],"jetpack_featured_media_url":"https:\/\/www.culture-numerique.fr\/wp-content\/uploads\/2017\/11\/coeur.jpg","jetpack_sharing_enabled":true,"_links":{"self":[{"href":"https:\/\/www.culture-numerique.fr\/index.php?rest_route=\/wp\/v2\/posts\/6325","targetHints":{"allow":["GET"]}}],"collection":[{"href":"https:\/\/www.culture-numerique.fr\/index.php?rest_route=\/wp\/v2\/posts"}],"about":[{"href":"https:\/\/www.culture-numerique.fr\/index.php?rest_route=\/wp\/v2\/types\/post"}],"author":[{"embeddable":true,"href":"https:\/\/www.culture-numerique.fr\/index.php?rest_route=\/wp\/v2\/users\/1"}],"replies":[{"embeddable":true,"href":"https:\/\/www.culture-numerique.fr\/index.php?rest_route=%2Fwp%2Fv2%2Fcomments&post=6325"}],"version-history":[{"count":54,"href":"https:\/\/www.culture-numerique.fr\/index.php?rest_route=\/wp\/v2\/posts\/6325\/revisions"}],"predecessor-version":[{"id":8210,"href":"https:\/\/www.culture-numerique.fr\/index.php?rest_route=\/wp\/v2\/posts\/6325\/revisions\/8210"}],"wp:featuredmedia":[{"embeddable":true,"href":"https:\/\/www.culture-numerique.fr\/index.php?rest_route=\/wp\/v2\/media\/7230"}],"wp:attachment":[{"href":"https:\/\/www.culture-numerique.fr\/index.php?rest_route=%2Fwp%2Fv2%2Fmedia&parent=6325"}],"wp:term":[{"taxonomy":"category","embeddable":true,"href":"https:\/\/www.culture-numerique.fr\/index.php?rest_route=%2Fwp%2Fv2%2Fcategories&post=6325"},{"taxonomy":"post_tag","embeddable":true,"href":"https:\/\/www.culture-numerique.fr\/index.php?rest_route=%2Fwp%2Fv2%2Ftags&post=6325"}],"curies":[{"name":"wp","href":"https:\/\/api.w.org\/{rel}","templated":true}]}}