{"id":6293,"date":"2017-11-10T15:45:37","date_gmt":"2017-11-10T14:45:37","guid":{"rendered":"https:\/\/www.culture-numerique.fr\/?p=6293"},"modified":"2017-11-10T16:03:11","modified_gmt":"2017-11-10T15:03:11","slug":"fouilles-detecteurs-brouilleurs-cameras-portiques-repression-lecole-entre-dans-ce-nouveau-millenaire","status":"publish","type":"post","link":"https:\/\/www.culture-numerique.fr\/?p=6293","title":{"rendered":"Fouilles, d\u00e9tecteurs, brouilleurs, cam\u00e9ras, portiques, r\u00e9pression\u2026 l&rsquo;\u00e9cole entre dans ce nouveau mill\u00e9naire"},"content":{"rendered":"<p><a href=\"https:\/\/www.culture-numerique.fr\/?attachment_id=6183\" rel=\"attachment wp-att-6183\"><img loading=\"lazy\" decoding=\"async\" class=\"aligncenter size-full wp-image-6183\" src=\"https:\/\/www.culture-numerique.fr\/wp-content\/uploads\/2017\/07\/DSC_0200-e1500671897529.jpg\" alt=\"\" width=\"1280\" height=\"720\" \/><\/a><\/p>\n<p><strong>Une des meilleures mani\u00e8res<\/strong> d&rsquo;\u00eatre aujourd&rsquo;hui correctement inform\u00e9 consiste \u00e0 prendre le pouls de nos \u00e9lus qui nous repr\u00e9sentent si bien au Parlement. Il est n\u00e9cessaire d&rsquo;entendre leur point de vue en commissions, d&rsquo;\u00e9couter leurs questions au gouvernement, de prendre connaissance de leurs interventions quand ils d\u00e9battent des lois dans les deux assembl\u00e9es, de lire leurs questions \u00e9crites aux ministres.<\/p>\n<p>L&rsquo;une d&rsquo;entre elles a justement attir\u00e9 mon attention tout r\u00e9cemment \u2014\u00a0merci \u00e0 <a href=\"https:\/\/www.nextinpact.com\/brief\/le-gouvernement-invite-a-presenter-son-plan-de-bataille-contre-les-mobiles-au-college-1064.htm\" target=\"_blank\" rel=\"noopener\">Nextinpact<\/a>. Il y a quelques jours, le d\u00e9put\u00e9 Bruno Questel a transmis <a href=\"http:\/\/questions.assemblee-nationale.fr\/q15\/15-2663QE.htm\" target=\"_blank\" rel=\"noopener\">une question \u00e9crite<\/a> au ministre de l&rsquo;\u00e9ducation nationale que je vous livre ci-dessous in extenso\u00a0:<\/p>\n<p><a href=\"https:\/\/www.culture-numerique.fr\/?attachment_id=6298\" rel=\"attachment wp-att-6298\"><img loading=\"lazy\" decoding=\"async\" class=\"aligncenter size-full wp-image-6298\" src=\"https:\/\/www.culture-numerique.fr\/wp-content\/uploads\/2017\/11\/Questel.png\" alt=\"\" width=\"928\" height=\"149\" srcset=\"https:\/\/www.culture-numerique.fr\/wp-content\/uploads\/2017\/11\/Questel.png 928w, https:\/\/www.culture-numerique.fr\/wp-content\/uploads\/2017\/11\/Questel-300x48.png 300w, https:\/\/www.culture-numerique.fr\/wp-content\/uploads\/2017\/11\/Questel-100x16.png 100w, https:\/\/www.culture-numerique.fr\/wp-content\/uploads\/2017\/11\/Questel-150x24.png 150w, https:\/\/www.culture-numerique.fr\/wp-content\/uploads\/2017\/11\/Questel-200x32.png 200w, https:\/\/www.culture-numerique.fr\/wp-content\/uploads\/2017\/11\/Questel-450x72.png 450w, https:\/\/www.culture-numerique.fr\/wp-content\/uploads\/2017\/11\/Questel-600x96.png 600w, https:\/\/www.culture-numerique.fr\/wp-content\/uploads\/2017\/11\/Questel-900x145.png 900w\" sizes=\"auto, (max-width: 928px) 100vw, 928px\" \/><\/a><\/p>\n<blockquote><p>\u00ab\u00a0M. Bruno Questel interroge M. le ministre de l&rsquo;\u00e9ducation nationale sur la question des t\u00e9l\u00e9phones portables \u00e0 l&rsquo;\u00e9cole et notamment au coll\u00e8ge. La question fut soulev\u00e9e au cours de la campagne \u00e9lectorale par le Pr\u00e9sident de la R\u00e9publique et reprise par le ministre en septembre 2017. Aussi, il lui demande quels sont le calendrier et les modalit\u00e9s de mise en place de cette bonne mesure qui permettrait aux \u00e9l\u00e8ves de recouvrer distance et rationalit\u00e9 dans l&rsquo;utilisation de leur t\u00e9l\u00e9phone dont ils sont \u00e9quip\u00e9s de plus en plus jeunes. De m\u00eame, les personnels enseignants et encadrants seraient lib\u00e9r\u00e9s d&rsquo;un facteur important de tension tant en cours que dans les enceintes des \u00e9tablissements.\u00a0\u00bb<\/p><\/blockquote>\n<p>Je comprends pour ma part le d\u00e9sarroi et l&rsquo;exasp\u00e9ration de notre v\u00e9n\u00e9rable \u00e9lu. Comment\u00a0? <strong>Des promesses ont \u00e9t\u00e9 faites publiquement<\/strong>, des engagements solennels pris et renouvel\u00e9s, la rentr\u00e9e est pass\u00e9e depuis un demi-trimestre et aucune circulaire n&rsquo;a encore vu le jour au bulletin officiel pour expliquer aux chefs d&rsquo;\u00e9tablissements de quelle mani\u00e8re allaient enfin pouvoir \u00eatre prises les mesures n\u00e9cessaires au bannissement de ces proth\u00e8ses laides et inutiles qui nuisent tant \u00e0 la scolarit\u00e9 et \u00e0 l&rsquo;\u00e9quilibre personnel de nos enfants\u00a0!<\/p>\n<p>Rappelons, comme vient de le faire un avocat \u00ab\u00a0sp\u00e9cialis\u00e9 en droit des nouvelles technologies\u00a0\u00bb que les smartphones sont des armes <a href=\"https:\/\/www.ouest-france.fr\/societe\/harcelement-entre-enfants-le-smartphone-est-une-arme-de-destruction-massive-5367545\" target=\"_blank\" rel=\"noopener\">de destruction massive.<\/a> Qui pourrait tol\u00e9rer qu&rsquo;on les laisse franchir le seuil des \u00e9coles et \u00e9tablissements\u00a0?<\/p>\n<p>Attention n\u00e9anmoins, notre d\u00e9put\u00e9 questionneur gagnerait en cr\u00e9dibilit\u00e9 et entrerait mieux en convergence avec la pens\u00e9e du ministre en utilisant le m\u00eame vocabulaire que lui, ce dernier pr\u00e9conisant plut\u00f4t <strong>\u00ab\u00a0le discernement\u00a0\u00bb j\u00e9suitique<\/strong> que \u00ab\u00a0la distance et la rationalit\u00e9\u00a0\u00bb, moins \u00e9clair\u00e9es\u00a0! Il y a urgence, en effet, et je cite \u00e0 nouveau l&rsquo;admirable et lucide derni\u00e8re remarque de notre \u00e9lu vigilant\u00a0:<\/p>\n<blockquote><p>\u00ab\u00a0Les personnels enseignants et encadrants seraient lib\u00e9r\u00e9s d&rsquo;un facteur important de tension tant en cours que dans les enceintes des \u00e9tablissements\u00a0\u00bb<\/p><\/blockquote>\n<p>Bien s\u00fbr, il y a toujours, \u00e0 l&rsquo;\u00e9cole et au coll\u00e8ge, l&rsquo;admirable et protecteur <a href=\"https:\/\/www.legifrance.gouv.fr\/affichCodeArticle.do?cidTexte=LEGITEXT000006071191&amp;idArticle=LEGIARTI000022494861\" target=\"_blank\" rel=\"noopener\">article L-511-5<\/a> du code de l&rsquo;\u00e9ducation, vot\u00e9 par nos s\u00e9nateurs en pleine canicule de l&rsquo;\u00e9t\u00e9 2010, ainsi qu&rsquo;au lyc\u00e9e les mentions habituelles des r\u00e8glements int\u00e9rieurs qui interdisent ces p\u00e9riph\u00e9riques si nocifs \u00e0 la paix scolaire. Je vous ai d\u00e9j\u00e0 longuement parl\u00e9 de tout cela. Relisons l&rsquo;article L-511-5, si bien \u00e9crit et r\u00e9dig\u00e9\u00a0:<\/p>\n<blockquote><p>\u00ab\u00a0Dans les \u00e9coles maternelles, les \u00e9coles \u00e9l\u00e9mentaires et les coll\u00e8ges, l&rsquo;utilisation durant toute activit\u00e9 d&rsquo;enseignement et dans les lieux pr\u00e9vus par le r\u00e8glement int\u00e9rieur, par un \u00e9l\u00e8ve, d&rsquo;un t\u00e9l\u00e9phone mobile est interdite.\u00a0\u00bb<\/p><\/blockquote>\n<h3>Une mise en \u0153uvre qui tarde<\/h3>\n<p>Alors, comment faire\u00a0? Quelles dispositions prendre sans perdre trop de temps\u00a0?<\/p>\n<p><a href=\"https:\/\/www.culture-numerique.fr\/?attachment_id=6232\" rel=\"attachment wp-att-6232\"><img loading=\"lazy\" decoding=\"async\" class=\"alignright wp-image-6232 size-medium\" src=\"https:\/\/www.culture-numerique.fr\/wp-content\/uploads\/2017\/09\/Cc26O4CXEAEI-hX-300x223.jpg\" alt=\"\" width=\"300\" height=\"223\" srcset=\"https:\/\/www.culture-numerique.fr\/wp-content\/uploads\/2017\/09\/Cc26O4CXEAEI-hX-300x223.jpg 300w, https:\/\/www.culture-numerique.fr\/wp-content\/uploads\/2017\/09\/Cc26O4CXEAEI-hX-100x74.jpg 100w, https:\/\/www.culture-numerique.fr\/wp-content\/uploads\/2017\/09\/Cc26O4CXEAEI-hX-150x111.jpg 150w, https:\/\/www.culture-numerique.fr\/wp-content\/uploads\/2017\/09\/Cc26O4CXEAEI-hX-200x148.jpg 200w, https:\/\/www.culture-numerique.fr\/wp-content\/uploads\/2017\/09\/Cc26O4CXEAEI-hX-450x334.jpg 450w, https:\/\/www.culture-numerique.fr\/wp-content\/uploads\/2017\/09\/Cc26O4CXEAEI-hX.jpg 600w\" sizes=\"auto, (max-width: 300px) 100vw, 300px\" \/><\/a>Bien s\u00fbr, il y a <strong>ce casier \u00e0 t\u00e9l\u00e9phones<\/strong>\u00a0qu&rsquo;on pr\u00e9sente \u00e0 l&rsquo;entr\u00e9e des \u00e9l\u00e8ves dans chacune des salles de classe et dont le ministre, qui y d\u00e9pose le sien avant chaque conseil des ministres, nous a tant vant\u00e9 les qualit\u00e9s. Les \u00e9l\u00e8ves y d\u00e9poseraient, y d\u00e9posent d\u00e9j\u00e0 pour ceux des pionniers qui ont pris des risques \u2014\u00a0voir ci-contre\u00a0\u2014, les mobiles perturbateurs. Bon, il conviendrait tout de m\u00eame, pour ne pas perturber la classe, de v\u00e9rifier que chaque \u00e9l\u00e8ve a bien \u00e9teint son t\u00e9l\u00e9phone personnel de m\u00eame qu&rsquo;il conviendrait de fouiller les sacs et les v\u00eatements pour s&rsquo;assurer de l&rsquo;absence d&rsquo;un autre t\u00e9l\u00e9phone ou d&rsquo;un objet connect\u00e9, montre, bracelet, \u00e9couteur\u2026 Comment\u00a0? C&rsquo;est interdit\u00a0? Allons bon\u00a0! Il n&rsquo;y a plus qu&rsquo;\u00e0 attendre qu&rsquo;une loi soit prestement vot\u00e9e \u00e0 ce sujet et que la fameuse circulaire qui en d\u00e9coule permette ces fouilles et les autres dispositifs n\u00e9cessaires.<\/p>\n<p>Il ne serait pas inutile que les documents esp\u00e9r\u00e9s par notre d\u00e9put\u00e9 pr\u00e9cisent comment il est aussi n\u00e9cessaire d&rsquo;interdire d\u00e9finitivement ces m\u00eames outils num\u00e9riques dans tous les couloirs et autres lieux \u00e0 l&rsquo;int\u00e9rieur des b\u00e2timents o\u00f9 ils n&rsquo;ont rien \u00e0 faire. De m\u00eame, les mobiles ne pourraient en aucun cas sortir des sacs o\u00f9 ils seraient rang\u00e9s d\u00e8s l&rsquo;entr\u00e9e dans la cour de l&rsquo;\u00e9cole ou du coll\u00e8ge. Ces lieux ext\u00e9rieurs aux b\u00e2timents doivent \u00eatre r\u00e9serv\u00e9s aux seules conversations non bruyantes entre les \u00e9l\u00e8ves et il n&rsquo;est pas imaginable d&rsquo;y faire rentrer le monde si m\u00e9diocre des r\u00e9seaux sociaux et conversations virtuelles cacophoniques.<\/p>\n<p>\u00c0 titre d\u00e9rogatoire, il pourrait \u00eatre envisag\u00e9 de faire une exception pour les \u00e9tudiants ou les plus grands des lyc\u00e9ens qui seraient autoris\u00e9s \u00e0 prendre connaissance de l&rsquo;heure voire \u00e0 textoter.<\/p>\n<h3>Des dispositifs d&rsquo;accompagnement compl\u00e9mentaires<\/h3>\n<p><a href=\"https:\/\/www.culture-numerique.fr\/?attachment_id=6305\" rel=\"attachment wp-att-6305\"><img loading=\"lazy\" decoding=\"async\" class=\"alignleft wp-image-6305 size-medium\" src=\"https:\/\/www.culture-numerique.fr\/wp-content\/uploads\/2017\/11\/child-891201_640-300x200.jpg\" alt=\"\" width=\"300\" height=\"200\" srcset=\"https:\/\/www.culture-numerique.fr\/wp-content\/uploads\/2017\/11\/child-891201_640-300x200.jpg 300w, https:\/\/www.culture-numerique.fr\/wp-content\/uploads\/2017\/11\/child-891201_640-100x67.jpg 100w, https:\/\/www.culture-numerique.fr\/wp-content\/uploads\/2017\/11\/child-891201_640-150x100.jpg 150w, https:\/\/www.culture-numerique.fr\/wp-content\/uploads\/2017\/11\/child-891201_640-200x133.jpg 200w, https:\/\/www.culture-numerique.fr\/wp-content\/uploads\/2017\/11\/child-891201_640-450x300.jpg 450w, https:\/\/www.culture-numerique.fr\/wp-content\/uploads\/2017\/11\/child-891201_640-600x399.jpg 600w, https:\/\/www.culture-numerique.fr\/wp-content\/uploads\/2017\/11\/child-891201_640.jpg 640w\" sizes=\"auto, (max-width: 300px) 100vw, 300px\" \/><\/a>Il para\u00eet \u00e9vident qu&rsquo;il faille aller plus loin encore et prendre des dispositions compl\u00e9mentaires <strong>de contr\u00f4le, de surveillance et de r\u00e9pression<\/strong> des comportements abusifs et contraires \u00e0 la biens\u00e9ance, \u00e0 la loi ou aux r\u00e8glements.<\/p>\n<h4>Des brouilleurs d&rsquo;ondes<\/h4>\n<p>L\u00e0 encore, il convient de solliciter le pertinent questionnement de nos \u00e9lus justement alert\u00e9s par leurs mandants. Ainsi, il y a quelques ann\u00e9es, M. Christophe Br\u00e9chu, s\u00e9nateur de Maine-et-Loire, <a href=\"https:\/\/www.senat.fr\/questions\/base\/2012\/qSEQ120701048.html\" target=\"_blank\" rel=\"noopener\">demandait au ministre<\/a> de l&rsquo;\u00e9ducation s&rsquo;il ne lui apparaissait pas opportun d&rsquo;installer <strong>des brouilleurs d&rsquo;ondes<\/strong> dans les \u00e9coles et \u00e9tablissements scolaires.<\/p>\n<blockquote><p>\u00ab\u00a0De plus en plus de jeunes poss\u00e8dent un t\u00e9l\u00e9phone portable pouvant cr\u00e9er des r\u00e9percussions sur la vie scolaire : ils sont parfois utilis\u00e9s pendant les cours au d\u00e9triment de l&rsquo;\u00e9coute et de la concentration n\u00e9cessaires \u00e0 l&rsquo;apprentissage et au respect d\u00fb au personnel \u00e9ducatif. Il lui demande le point de vue du Gouvernement sur la possible mise en place de brouilleurs dans les \u00e9tablissements scolaires.\u00a0\u00bb<\/p><\/blockquote>\n<p>La ministre, apr\u00e8s avoir rappel\u00e9 que l&rsquo;inspection g\u00e9n\u00e9rale \u00e9tait charg\u00e9e d&rsquo;une mission sur le sujet, a fait valoir que la loi en interdisait l&rsquo;usage dans les lieux publics et donc les \u00e9coles et \u00e9tablissements \u00e0 la notable exception des besoins de l&rsquo;ordre public, de la d\u00e9fense et de la s\u00e9curit\u00e9 nationale, ou du service public de la justice.<\/p>\n<p>Il suffirait donc de faire valoir dans la loi que l&rsquo;installation de brouilleurs r\u00e9pond \u00e0 un besoin d&rsquo;ordre public et le tour serait jou\u00e9. Il faut avancer sur ce sujet.<\/p>\n<h4>Des d\u00e9tecteurs<\/h4>\n<p>Deuxi\u00e8me bonne id\u00e9e\u00a0: il est n\u00e9cessaire de tirer profit de l&rsquo;exp\u00e9rience acquise \u00e0 l&rsquo;occasion des examens pour g\u00e9n\u00e9raliser la mise en \u0153uvre <strong>de d\u00e9tecteurs de t\u00e9l\u00e9phones portables<\/strong> afin de rep\u00e9rer, en toutes circonstances et en tous lieux, ceux qui sont rest\u00e9s allum\u00e9s ou en usage. Des surveillants seront form\u00e9s pour passer dans les couloirs et \u00e9couter les bips accusateurs.<\/p>\n<p>Bon, c&rsquo;est vrai, ces machines qui co\u00fbtent pourtant tr\u00e8s cher\u00a0\u2014\u00a0il faut bien faire vivre les startups du secteur\u00a0\u2014 n&rsquo;ont pas toujours \u00e9t\u00e9 tr\u00e8s fiables. D&rsquo;abord, elles ne font pas la diff\u00e9rence entre un mobile d&rsquo;\u00e9l\u00e8ve et un mobile de professeur ou de chef d&rsquo;\u00e9tablissement. Par ailleurs, il existe des brouilleurs de d\u00e9tecteurs, voire des d\u00e9tecteurs de d\u00e9tecteurs et les \u00e9l\u00e8ves ont t\u00f4t fait de s&rsquo;en rendre compte.<\/p>\n<p>Nul doute que la technologie triomphera de ces petits ennuis et qu&rsquo;une solution sera enfin trouv\u00e9e.<\/p>\n<h4>Des portiques<\/h4>\n<p>L\u00e0 encore, il faut \u00e9couter le sage conseil d&rsquo;un \u00e9lu du peuple, en l&rsquo;occurrence le toujours imaginatif Laurent Wauquiez, pr\u00e9sident du conseil r\u00e9gional d&rsquo;Auvergne\u00a0&#8211;\u00a0Rh\u00f4ne-Alpes. <a href=\"http:\/\/www.lemonde.fr\/education\/article\/2016\/01\/21\/des-portiques-de-securite-dans-les-lycees-en-auvergne-rhone-alpes_4851495_1473685.html\" target=\"_blank\" rel=\"noopener\">Ce dernier a souhait\u00e9<\/a> exp\u00e9rimenter, avant une g\u00e9n\u00e9ralisation \u00e0 terme, <strong>l&rsquo;installation de portiques<\/strong> \u00e0 l&rsquo;entr\u00e9e des lyc\u00e9es de sa belle r\u00e9gion. Ces portiques ont d\u00e9j\u00e0 \u00e9t\u00e9 install\u00e9s dans certains coll\u00e8ges \u00e0 Nice ou encore dans un lyc\u00e9e en Guadeloupe et ont fait leurs preuves. Chacun, \u00e9l\u00e8ve, professeur, autres personnels, est identifi\u00e9 par un badge sur lequel se trouvent ses donn\u00e9es personnelles. Plus besoin de faire l&rsquo;appel, de savoir qui mange ou pas \u00e0 la cantine, tout cela est automatique. La technologie est merveilleuse.<\/p>\n<p>Cerise sur le g\u00e2teau, car il s&rsquo;agit avant tout de lutter contre l&rsquo;intrusion de drogue ou d&rsquo;armes \u00e0 feu, il devrait \u00eatre possible de d\u00e9tecter aussi les appareils \u00e9lectroniques comme les mobiles et autres tablettes connect\u00e9es et, pourquoi pas\u00a0?, d&rsquo;en d\u00e9sactiver les fonctionnalit\u00e9s. On pourrait aussi imaginer, \u00e0 l&rsquo;entr\u00e9e de l&rsquo;\u00e9tablissement scolaire, un gigantesque casier \u00e0 t\u00e9l\u00e9phones ou chacun d\u00e9poserait le sien.<\/p>\n<p>Bref, \u00e0 condition d&rsquo;\u00eatre un peu imaginatif, ces portiques pourraient rendre d&rsquo;inestimables services dans la lutte contre l&rsquo;invasion technologique et terroriste.<\/p>\n<h4>Des cam\u00e9ras de surveillance<\/h4>\n<p><a href=\"https:\/\/www.culture-numerique.fr\/?attachment_id=6312\" rel=\"attachment wp-att-6312\"><img loading=\"lazy\" decoding=\"async\" class=\"size-full wp-image-6312 alignright\" src=\"https:\/\/www.culture-numerique.fr\/wp-content\/uploads\/2017\/11\/200_d.gif\" alt=\"\" width=\"356\" height=\"200\" \/><\/a>D\u00e9cid\u00e9ment, nos \u00e9lus ont des id\u00e9es. M. Karl Olive\u00a0<a href=\"http:\/\/www.lagazettedescommunes.com\/533412\/les-yvelines-debloquent-13-millions-deuros-pour-la-videoprotection-intelligente\/\" target=\"_blank\" rel=\"noopener\">fait d\u00e9bloquer<\/a> par le conseil d\u00e9partemental des Yvelines, afin d&rsquo;en \u00e9quiper\u00a0les coll\u00e8ges, les casernes de sapeurs-pompiers et sites administratifs, une somme de 13 millions d&rsquo;euros pour l&rsquo;achat de <strong>cam\u00e9ras de vid\u00e9oprotection<\/strong> intelligente \u2014\u00a0il s&rsquo;agit sans doute d&rsquo;une erreur de frappe car il s&rsquo;agit bien de vid\u00e9osurveillance sophistiqu\u00e9e.<\/p>\n<p>En voil\u00e0 une riche id\u00e9e\u00a0! De son bureau, chaque principal de coll\u00e8ge des Yvelines pourra surveiller les \u00e9l\u00e8ves qui s&rsquo;adonnent furtivement aux usages interdits parce qu&rsquo;intempestifs des t\u00e9l\u00e9phones mobiles. Finie l&rsquo;impunit\u00e9 des bouts de couloirs opaques, des toilettes, des cabinets occultes, des lieux cach\u00e9s du CDI\u00a0! Les coupables seront vite attrap\u00e9s, les machines saisies, les parents pr\u00e9venus, les sanctions prises\u2026<\/p>\n<h3>Un arsenal de sanctions r\u00e9pressives<\/h3>\n<p><strong>Il faut bien en venir \u00e0 l&rsquo;essentiel.<\/strong><\/p>\n<p>Il va de soi, une fois la loi mise \u00e0 jour, y compris dans le code de l&rsquo;\u00e9ducation, qu&rsquo;il conviendra de <strong>mettre aussi \u00e0 jour les r\u00e8glements int\u00e9rieurs<\/strong> des \u00e9coles et \u00e9tablissements. Inutile de s&#8217;embarrasser de la p\u00e9nible et d\u00e9sesp\u00e9rante consultation des \u00e9lus coll\u00e9giens ou lyc\u00e9ens, dont il faut bien noter la compl\u00e8te irresponsabilit\u00e9 en la mati\u00e8re. On mettra en place un comit\u00e9 de r\u00e9daction constitu\u00e9 de l&rsquo;encadrement et de quelques professeurs de confiance et on r\u00e9digera une charte d&rsquo;usage, ou plut\u00f4t de non-usage, de ces machines, t\u00e9l\u00e9phones, tablettes, oreillettes, montres connect\u00e9es, etc.<\/p>\n<p><strong>On fera signer \u00e7a aux parents et aux \u00e9l\u00e8ves<\/strong>, dont il est inutile d&rsquo;esp\u00e9rer sur ce point assistance ou connivence, et le tour sera jou\u00e9.<\/p>\n<p>L&rsquo;arsenal r\u00e9glementaire, qui pr\u00e9voira les sanctions associ\u00e9es, de la confiscation \u00e0 la destruction des portables, rendues possibles par la loi, devra aussi envisager les sanctions d&rsquo;exclusion temporaire ou m\u00eame, en cas de r\u00e9cidive, d\u00e9finitive. Vous l&rsquo;avez compris, pour revenir aux propos tenus par M. Bruno Questel, l&rsquo;objectif est d&rsquo;abord de lib\u00e9rer les acteurs enseignants ou de l&rsquo;encadrement des tensions ou fortes perturbations \u00ab\u00a0tant en cours que dans les enceintes des \u00e9tablissements\u00a0\u00bb.<\/p>\n<p><strong>Ainsi, on pourra enfin enseigner dans des conditions correctes, comme \u00e7a se passait au si\u00e8cle ou au mill\u00e9naire dernier, \u00e0 la satisfaction de tous.<\/strong><\/p>\n<p>Ce sont nos \u00e9lus qu&rsquo;il faut remercier.<\/p>\n<p>Michel Guillou\u00a0<a href=\"https:\/\/twitter.com\/michelguillou\" target=\"_blank\" rel=\"noopener\">@michelguillou<\/a><\/p>\n<p><a href=\"http:\/\/creativecommons.org\/licenses\/by-nc-sa\/4.0\/\" target=\"_blank\" rel=\"noopener\"><img loading=\"lazy\" decoding=\"async\" src=\"https:\/\/i.creativecommons.org\/l\/by-nc-sa\/2.0\/fr\/80x15.png\" alt=\"image\" width=\"80\" height=\"15\" data-pin-nopin=\"true\" \/><\/a><\/p>\n<p>Cr\u00e9dit image (la 4e de ce billet, repr\u00e9sentant un jeune homme sur un banc) : <a href=\"https:\/\/pixabay.com\/fr\/enfant-jeunes-jeunesse-teen-891201\/\" target=\"_blank\" rel=\"noopener\">Antranias<\/a> sous licence\u00a0CC0 Public Domain via\u00a0<a href=\"http:\/\/pixabay.com\/\">Pixabay<\/a><\/p>\n<p>[cite]<\/p>\n","protected":false},"excerpt":{"rendered":"<p><a href=\"https:\/\/www.culture-numerique.fr\/?attachment_id=6183\" rel=\"attachment wp-att-6183\"><img loading=\"lazy\" decoding=\"async\" class=\"aligncenter size-full wp-image-6183\" src=\"https:\/\/www.culture-numerique.fr\/wp-content\/uploads\/2017\/07\/DSC_0200-e1500671897529.jpg\" alt=\"\" width=\"1280\" height=\"720\" \/><\/a><\/p>\n<p><strong>Une des meilleures mani\u00e8res<\/strong> d&rsquo;\u00eatre aujourd&rsquo;hui correctement inform\u00e9 consiste \u00e0 prendre le pouls de nos \u00e9lus qui nous repr\u00e9sentent si bien au Parlement. Il est n\u00e9cessaire d&rsquo;entendre leur point de vue en commissions,<\/p>\n<p><span class=\"ellipsis\">&hellip;<\/span><\/p>\n<div class=\"read-more\"><a href=\"https:\/\/www.culture-numerique.fr\/?p=6293\">Lire la suite &#8250;<\/a><\/div>\n<p><!-- end of .read-more --><\/p>\n","protected":false},"author":1,"featured_media":6183,"comment_status":"open","ping_status":"open","sticky":false,"template":"","format":"standard","meta":{"jetpack_post_was_ever_published":false,"_jetpack_newsletter_access":"","_jetpack_dont_email_post_to_subs":false,"_jetpack_newsletter_tier_id":0,"_jetpack_memberships_contains_paywalled_content":false,"_jetpack_memberships_contains_paid_content":false,"footnotes":""},"categories":[9],"tags":[47,815,274,156,42,354,255,158,159],"class_list":["post-6293","post","type-post","status-publish","format-standard","has-post-thumbnail","hentry","category-billets-dhumeur","tag-chartes","tag-dispositifs-techniques","tag-loi","tag-reglement-interieur","tag-telephone","tag-telephone-mobile","tag-vie-collegienne","tag-vie-lyceenne","tag-vie-scolaire"],"jetpack_featured_media_url":"https:\/\/www.culture-numerique.fr\/wp-content\/uploads\/2017\/07\/DSC_0200-e1500671897529.jpg","jetpack_sharing_enabled":true,"_links":{"self":[{"href":"https:\/\/www.culture-numerique.fr\/index.php?rest_route=\/wp\/v2\/posts\/6293","targetHints":{"allow":["GET"]}}],"collection":[{"href":"https:\/\/www.culture-numerique.fr\/index.php?rest_route=\/wp\/v2\/posts"}],"about":[{"href":"https:\/\/www.culture-numerique.fr\/index.php?rest_route=\/wp\/v2\/types\/post"}],"author":[{"embeddable":true,"href":"https:\/\/www.culture-numerique.fr\/index.php?rest_route=\/wp\/v2\/users\/1"}],"replies":[{"embeddable":true,"href":"https:\/\/www.culture-numerique.fr\/index.php?rest_route=%2Fwp%2Fv2%2Fcomments&post=6293"}],"version-history":[{"count":27,"href":"https:\/\/www.culture-numerique.fr\/index.php?rest_route=\/wp\/v2\/posts\/6293\/revisions"}],"predecessor-version":[{"id":6324,"href":"https:\/\/www.culture-numerique.fr\/index.php?rest_route=\/wp\/v2\/posts\/6293\/revisions\/6324"}],"wp:featuredmedia":[{"embeddable":true,"href":"https:\/\/www.culture-numerique.fr\/index.php?rest_route=\/wp\/v2\/media\/6183"}],"wp:attachment":[{"href":"https:\/\/www.culture-numerique.fr\/index.php?rest_route=%2Fwp%2Fv2%2Fmedia&parent=6293"}],"wp:term":[{"taxonomy":"category","embeddable":true,"href":"https:\/\/www.culture-numerique.fr\/index.php?rest_route=%2Fwp%2Fv2%2Fcategories&post=6293"},{"taxonomy":"post_tag","embeddable":true,"href":"https:\/\/www.culture-numerique.fr\/index.php?rest_route=%2Fwp%2Fv2%2Ftags&post=6293"}],"curies":[{"name":"wp","href":"https:\/\/api.w.org\/{rel}","templated":true}]}}