{"id":6286,"date":"2017-12-16T17:35:45","date_gmt":"2017-12-16T16:35:45","guid":{"rendered":"https:\/\/www.culture-numerique.fr\/?p=6286"},"modified":"2023-06-06T18:22:12","modified_gmt":"2023-06-06T16:22:12","slug":"eduquer-aux-medias-de-censure-en-interdits-le-dialogue-avec-les-eleves-est-bien-difficile","status":"publish","type":"post","link":"https:\/\/www.culture-numerique.fr\/?p=6286","title":{"rendered":"\u00c9duquer aux m\u00e9dias\u00a0: de censure en interdits, le dialogue avec les \u00e9l\u00e8ves est bien difficile"},"content":{"rendered":"<p><a href=\"https:\/\/www.culture-numerique.fr\/?attachment_id=7308\" rel=\"attachment wp-att-7308\"><img loading=\"lazy\" decoding=\"async\" class=\"aligncenter size-full wp-image-7308\" src=\"https:\/\/www.culture-numerique.fr\/wp-content\/uploads\/2017\/12\/villa-town-building-home-facade-property-955413-pxhere.com_.jpg\" alt=\"\" width=\"1280\" height=\"719\" srcset=\"https:\/\/www.culture-numerique.fr\/wp-content\/uploads\/2017\/12\/villa-town-building-home-facade-property-955413-pxhere.com_.jpg 1280w, https:\/\/www.culture-numerique.fr\/wp-content\/uploads\/2017\/12\/villa-town-building-home-facade-property-955413-pxhere.com_-300x169.jpg 300w, https:\/\/www.culture-numerique.fr\/wp-content\/uploads\/2017\/12\/villa-town-building-home-facade-property-955413-pxhere.com_-1024x575.jpg 1024w, https:\/\/www.culture-numerique.fr\/wp-content\/uploads\/2017\/12\/villa-town-building-home-facade-property-955413-pxhere.com_-100x56.jpg 100w, https:\/\/www.culture-numerique.fr\/wp-content\/uploads\/2017\/12\/villa-town-building-home-facade-property-955413-pxhere.com_-150x84.jpg 150w, https:\/\/www.culture-numerique.fr\/wp-content\/uploads\/2017\/12\/villa-town-building-home-facade-property-955413-pxhere.com_-200x112.jpg 200w, https:\/\/www.culture-numerique.fr\/wp-content\/uploads\/2017\/12\/villa-town-building-home-facade-property-955413-pxhere.com_-450x253.jpg 450w, https:\/\/www.culture-numerique.fr\/wp-content\/uploads\/2017\/12\/villa-town-building-home-facade-property-955413-pxhere.com_-600x337.jpg 600w, https:\/\/www.culture-numerique.fr\/wp-content\/uploads\/2017\/12\/villa-town-building-home-facade-property-955413-pxhere.com_-900x506.jpg 900w\" sizes=\"auto, (max-width: 1280px) 100vw, 1280px\" \/><\/a><\/p>\n<p><strong>La question de l&rsquo;ouverture de l&rsquo;\u00e9cole au monde<\/strong> est une d\u00e9j\u00e0 vieille question. On s&rsquo;\u00e9charpe volontiers \u00e0 ce sujet dans les salles de profs, certains plaidant pour une \u00e9cole sanctuaire, pr\u00e9serv\u00e9e des turpitudes d&rsquo;au-del\u00e0 les murs, d&rsquo;autres \u00e9num\u00e9rant tous les avantages de l&rsquo;ouverture et des sorties scolaires, dans la nature, dans la ville, au mus\u00e9e&#8230; Interrog\u00e9 \u00e0 ce sujet, l&rsquo;historien <a href=\"https:\/\/fr.wikipedia.org\/wiki\/Claude_Leli%C3%A8vre\" target=\"_blank\" rel=\"noopener\">Claude Leli\u00e8vre<\/a> rappelle dans <a href=\"http:\/\/www.lemonde.fr\/education\/article\/2017\/12\/03\/sorties-scolaires-pour-jules-ferry-deja-l-ecole-ne-pouvait-se-limiter-au-lire-ecrire-compter_5223946_1473685.html\" target=\"_blank\" rel=\"noopener\">Le Monde<\/a>\u00a0que l&rsquo;\u00e9cole \u00ab\u00a0<em><span style=\"color: #800000;\">s\u2019est donc b\u00e2tie contre les familles et les communaut\u00e9s religieuses, pour propager la religion civique et r\u00e9publicaine. Elle est construite en m\u00e9fiance avec le reste de l\u2019espace. On reste dans cette logique d\u2019\u00e9cole sanctuaire, ferm\u00e9e. Du coup, la nature n\u2019est pas du c\u00f4t\u00e9 de l\u2019\u00e9cole.<\/span><\/em>\u00a0\u00bb. Il \u00e9voque par ailleurs le renoncement actuel et consensuel, pour des motifs de s\u00e9curit\u00e9 qui n&rsquo;ont cess\u00e9 de cro\u00eetre ces derniers ann\u00e9es, des ma\u00eetres \u00e0 organiser des sorties, comme certains se sont crus autoris\u00e9s \u00e0 le faire \u00e0 la fin du si\u00e8cle dernier.<\/p>\n<p><a href=\"https:\/\/www.linkedin.com\/in\/ghislain-domin%C3%A9-95182695\/\" target=\"_blank\" rel=\"noopener\">Ghislain Domin\u00e9<\/a> <a href=\"https:\/\/medium.com\/@lannoy29\/ludus-templum-f8651c4ddd85\" target=\"_blank\" rel=\"noopener\">\u00e9tait convaincant<\/a> sur ce sujet, il y a quatre ans\u00a0:<\/p>\n<blockquote><p>\u00ab\u00a0Mais il s\u2019agit de ne pas couper l\u2019\u00e9cole du monde. \u00c0 sanctifier, on rend l\u2019objet inerte. Inamovible. Fig\u00e9 dans une temporalit\u00e9 fantasm\u00e9e. Ne cherchons pas plus loin l\u2019inertie quant aux propositions p\u00e9dagogiques ou techniques.\u00a0\u00bb<\/p><\/blockquote>\n<p><strong>Le num\u00e9rique a chang\u00e9 la donne<\/strong>. D&rsquo;abord parce qu&rsquo;il permet \u00e0 beaucoup d&rsquo;entre les professeurs, par le truchement de l&rsquo;image fixe ou anim\u00e9e, de montrer commod\u00e9ment ce qui se passe dans le monde, d&rsquo;observer la nature, d&rsquo;exp\u00e9rimenter, de chercher, de d\u00e9crypter l&rsquo;actualit\u00e9. Mais aussi parce qu&rsquo;il permet, en classe, dans la poche des \u00e9l\u00e8ves mais aussi sur les terminaux install\u00e9s dans les classes des \u00e9coles et \u00e9tablissements, de se faire, comme le dit le programme de la classe maternelle \u00ab\u00a0<em><span style=\"color: #800000;\">une id\u00e9e d\u2019un monde en r\u00e9seau qui peut permettre de parler \u00e0 d\u2019autres personnes \u00e0 distance<\/span><\/em>\u00a0\u00bb, si lointaines et diff\u00e9rentes soient-elles, et de s&rsquo;approprier bien s\u00fbr les connaissances et les savoirs, si nombreux, mis \u00e0 disposition sur Internet.<\/p>\n<h3>L\u2019\u00e9ducation aux m\u00e9dias et \u00e0 l\u2019information est incompatible avec la censure g\u00e9n\u00e9ralis\u00e9e du web<\/h3>\n<p>Tout n&rsquo;est pas si simple car il y a l&rsquo;\u00c9MI. \u00c9duquer aux m\u00e9dias et \u00e0 l&rsquo;information, c&rsquo;est, rappelons-le, comme on l&rsquo;\u00e9nonce sur <a href=\"http:\/\/eduscol.education.fr\/cid72525\/l-emi-et-la-strategie-du-numerique.html\" target=\"_blank\" rel=\"noopener\">Eduscol<\/a>\u00a0\u00a0:<\/p>\n<blockquote><p>\u00ab\u00a0Une pratique citoyenne des m\u00e9dias : une lecture critique et distanci\u00e9e de leurs contenus et une initiation aux langages, aux formes m\u00e9diatiques pour pouvoir s&rsquo;informer suffisamment, s&rsquo;exprimer librement et produire soi-m\u00eame de l&rsquo;information.\u00a0Le d\u00e9veloppement d&rsquo;une comp\u00e9tence de recherche, de s\u00e9lection et d&rsquo;interpr\u00e9tation de l&rsquo;information, ainsi que d&rsquo;\u00e9valuation des sources et des contenus. Une compr\u00e9hension des m\u00e9dias, des r\u00e9seaux et des ph\u00e9nom\u00e8nes informationnels dans toutes leurs dimensions : \u00e9conomique, soci\u00e9tale, technique, \u00e9thique.\u00a0\u00bb<\/p><\/blockquote>\n<p>Cette pratique citoyenne des m\u00e9dias, lecture, expression, ne peut en aucun cas s&rsquo;accommoder, comme c&rsquo;est le cas en milieu \u00e9ducatif, d&rsquo;<strong>une censure g\u00e9n\u00e9ralis\u00e9e du web<\/strong>, o\u00f9 se nichent aujourd&rsquo;hui les informations. Il y a plus de deux ans d\u00e9j\u00e0, je posais ces\u00a0<a href=\"https:\/\/www.culture-numerique.fr\/?p=2591\" target=\"_blank\" rel=\"noopener\">questions<\/a>\u00a0:<\/p>\n<blockquote><p>\u00ab\u00a0Comment travailler avec les \u00e9l\u00e8ves \u00e0 rep\u00e9rer, au fil des recherches, les sites o\u00f9 sont les propos ill\u00e9gaux, d\u00e9lictueux ou m\u00eame possiblement criminels si personne ne les voit\u00a0? Comment agir pour les signaler si on n\u2019en a pas connaissance\u00a0? Comment apprendre \u00e0 se comporter sur les r\u00e9seaux sociaux si on ne peut pas s\u2019en servir, \u00e0 comprendre et d\u00e9chiffrer un message vid\u00e9o, si la plateforme qui l\u2019accueille est censur\u00e9e\u00a0?\u00a0\u00bb<\/p><\/blockquote>\n<p>J&rsquo;ajouterais aujourd&rsquo;hui\u00a0: dans un \u00e9cosyst\u00e8me informationnel d\u00e9sinterm\u00e9di\u00e9 n\u00e9anmoins massivement censur\u00e9, <strong>comment travailler \u00e0 d\u00e9jouer le complot, \u00e0 combattre la d\u00e9sinformation et la manipulation, \u00e0 rep\u00e9rer les rumeurs, \u00e0 \u00e9viter la propagande\u00a0?<\/strong> Et puis, pour en venir enfin au propos de ce billet\u00a0: <strong>comment pr\u00e9venir toutes les formes de violence, dont le harc\u00e8lement, comment d\u00e9noncer les incivilit\u00e9s en ligne, les propos ill\u00e9gaux, comment \u00e9duquer \u00e0 la pornographie\u00a0?<\/strong><\/p>\n<h3>La pr\u00e9vention de la violence, entre n\u00e9gation et attentisme<\/h3>\n<p>La violence n&rsquo;a pas sa place \u00e0 l&rsquo;\u00e9cole. Les personnels de la vie scolaire et les enseignants mettent tout en \u0153uvre aujourd&rsquo;hui, apr\u00e8s que l&rsquo;institution ait n\u00e9glig\u00e9 de s&rsquo;en pr\u00e9occuper, pour pr\u00e9venir les premiers signes de son apparition et sanctionner ceux qui s&rsquo;y abandonnent. Le <a href=\"https:\/\/fr.wikipedia.org\/wiki\/Harc%C3%A8lement\" target=\"_blank\" rel=\"noopener\">harc\u00e8lement<\/a> est une forme particuli\u00e8rement odieuse de violence. Qu&rsquo;il soit psychologique ou physique, sexuel ou pas, l&rsquo;\u00e9cole en porte trop souvent le poids en l&rsquo;appelant \u00ab\u00a0harc\u00e8lement scolaire\u00a0\u00bb alors qu&rsquo;il est essentiellement soci\u00e9tal. Il se manifeste en effet autant dans la rue, sur le chemin de l&rsquo;\u00e9cole, dans les transports en commun, partout, qu&rsquo;en ligne, sous la couette, par exemple, tard dans la nuit.<\/p>\n<p>Les outils de sensibilisation sont nombreux, voir <a href=\"http:\/\/www.nonauharcelement.education.gouv.fr\/ressources\/outils\/\" target=\"_blank\" rel=\"noopener\">cette page<\/a>, mais, <a href=\"https:\/\/www.culture-numerique.fr\/?p=3380\" target=\"_blank\" rel=\"noopener\">comme je le disais r\u00e9cemment<\/a>, \u00ab\u00a0<strong>sensibiliser<\/strong>\u00a0\u00bb semble \u00eatre le mot \u00e0 la mode pour dire qu&rsquo;on est, en fait, <strong>incapable d&rsquo;\u00e9duquer ou d&rsquo;apprendre<\/strong>. Il en va du harc\u00e8lement comme de tout ce qui, provenant d&rsquo;au-del\u00e0 des murs de l&rsquo;\u00e9cole, augment\u00e9 ou pouss\u00e9 parfois par le num\u00e9rique, p\u00e9n\u00e8tre le milieu scolaire.<\/p>\n<p>Concernant ces irruptions num\u00e9riques suppos\u00e9es, qui passent bien souvent par le smartphone, les mesures prises sont alors toujours les m\u00eames, semblant proc\u00e9der de d\u00e9marches parfois tr\u00e8s anti\u00e9ducatives. <strong>On commence par interdire, c&rsquo;est simple\u00a0\u2014\u00a0<\/strong>nos \u00e9lites parlementaires font la m\u00eame chose quand elles ne comprennent pas, <strong>elles interdisent, ou elles taxent, c&rsquo;est selon<\/strong>. Quand l&rsquo;interdiction ne suffit pas, que les personnels d&rsquo;\u00e9ducation sont d\u00e9bord\u00e9s, on met alors en place des d\u00e9marches de sensibilisation. Ces derni\u00e8res s&rsquo;av\u00e8rent, sur la dur\u00e9e, bien souvent insuffisantes et inop\u00e9rantes. Naturellement, devraient venir alors de v\u00e9ritables moments \u00e9ducatifs de formation, de dialogue et d&rsquo;\u00e9changes entre \u00e9l\u00e8ves et adultes, y compris les parents, sur tous ces sujets sensibles.<\/p>\n<p><strong>On s&rsquo;organise alors tous ensemble pour savoir qui ne va pas s&rsquo;y coller<\/strong>.<\/p>\n<p>Je plaisante\u00a0? \u00c0 peine. Je caricature\u00a0? Pas plus. Ces sujets n&rsquo;int\u00e9ressent g\u00e9n\u00e9ralement pas l&rsquo;\u00e9cole et ses acteurs, ou alors tr\u00e8s mod\u00e9r\u00e9ment, qui consid\u00e8rent toujours pouvoir s&rsquo;en pr\u00e9server puisque tout cela vient d&rsquo;ailleurs.<\/p>\n<p>Et pourtant, concernant les contenus violents en ligne, \u00e0 la t\u00e9l\u00e9vision ou sur Internet, d&rsquo;autres, qui se pr\u00e9occupent aussi d&rsquo;\u00e9ducation aux m\u00e9dias et \u00e0 l&rsquo;information, proposent des actions fort int\u00e9ressantes. Ainsi <a href=\"http:\/\/www.csa.fr\/Espace-Presse\/Conferences-de-presse\/Presentation-de-la-campagne-2014-d-information-pour-la-protection-du-jeune-public-sur-les-ecrans-et-les-radios-a-partir-du-20-novembre\" target=\"_blank\" rel=\"noopener\">la campagne du CSA<\/a>\u00a0diffus\u00e9e sur les grands m\u00e9dias audio et t\u00e9l\u00e9visuels concernant la protection \u00ab\u00a0du jeune public\u00a0\u00bb\u00a0:<\/p>\n<p><iframe loading=\"lazy\" src=\"\/\/www.dailymotion.com\/embed\/video\/x6afex9\" width=\"480\" height=\"270\" frameborder=\"0\" allowfullscreen=\"allowfullscreen\"><\/iframe><\/p>\n<h3>La censure et la n\u00e9gation de la pornographie<\/h3>\n<p>Car \u00e9duquer aux m\u00e9dias, c&rsquo;est \u00e9videmment aussi\u00a0<strong>\u00e9duquer \u00e0 la pornographie<\/strong>. J&rsquo;ai bien conscience que cette derni\u00e8re proposition peut choquer, n\u00e9anmoins il faut prendre en consid\u00e9ration que la pornographie est pr\u00e9sente massivement sur le principal support des m\u00e9dias, le web, que les \u00e9l\u00e8ves ont tous, ou presque, dans la poche un appareil qui leur permet d&rsquo;acc\u00e9der en deux clics \u00e0 des contenus pornographiques et que les filtres de contr\u00f4le parental sont inop\u00e9rants ou presque. Il faut prendre en consid\u00e9ration aussi, comme le rappelle\u00a0<a href=\"http:\/\/eduscol.education.fr\/internet-responsable\/ressources\/legamedia\/protection-des-mineurs-sur-internet.html\" target=\"_blank\" rel=\"noopener\">cet article<\/a> du portail <em>Internet responsable<\/em>, la n\u00e9cessit\u00e9 pr\u00e9vue par la loi de <a href=\"https:\/\/www.legifrance.gouv.fr\/affichCodeArticle.do?idArticle=LEGIARTI000023711920&amp;cidTexte=LEGITEXT000006070719\" target=\"_blank\" rel=\"noopener\">prot\u00e9ger les mineurs<\/a>.<\/p>\n<p>Je ne rentre pas dans les d\u00e9tails. Mais, en annon\u00e7ant d&rsquo;entr\u00e9e qu&rsquo;\u00ab\u00a0<span style=\"color: #800000;\"><em>il existe de nombreux outils contribuant \u00e0 la protection des mineurs sur internet mais [\u2026]\u00a0<strong>ils ne remplacent pas la p\u00e9dagogie, la formation et le dialogue avec les adultes<\/strong><\/em><\/span>\u00a0\u00bb, cette page \u00e9nonce clairement les enjeux. Les adultes, les parents les premiers mais aussi, dans les \u00e9coles et \u00e9tablissements, tous ceux qui contribuent \u00e0 l&rsquo;\u00e9ducation des \u00e9l\u00e8ves, dont les professeurs, <strong>sont invit\u00e9s fortement au dialogue<\/strong> sur ces questions et \u00e0 mettre en place des d\u00e9marches \u00e9ducatives.<\/p>\n<p><img loading=\"lazy\" decoding=\"async\" class=\"size-medium wp-image-7314 alignright\" src=\"https:\/\/www.culture-numerique.fr\/wp-content\/uploads\/2017\/12\/Raffael_010-289x300.jpg\" alt=\"\" width=\"289\" height=\"300\" srcset=\"https:\/\/www.culture-numerique.fr\/wp-content\/uploads\/2017\/12\/Raffael_010-289x300.jpg 289w, https:\/\/www.culture-numerique.fr\/wp-content\/uploads\/2017\/12\/Raffael_010-100x104.jpg 100w, https:\/\/www.culture-numerique.fr\/wp-content\/uploads\/2017\/12\/Raffael_010-150x155.jpg 150w, https:\/\/www.culture-numerique.fr\/wp-content\/uploads\/2017\/12\/Raffael_010-200x207.jpg 200w, https:\/\/www.culture-numerique.fr\/wp-content\/uploads\/2017\/12\/Raffael_010-300x311.jpg 300w, https:\/\/www.culture-numerique.fr\/wp-content\/uploads\/2017\/12\/Raffael_010-450x466.jpg 450w, https:\/\/www.culture-numerique.fr\/wp-content\/uploads\/2017\/12\/Raffael_010.jpg 464w\" sizes=\"auto, (max-width: 289px) 100vw, 289px\" \/><\/p>\n<p><strong>Qu&rsquo;en est-il en r\u00e9alit\u00e9<\/strong>\u00a0? Soucieuse de prot\u00e9ger les mineurs qui s&rsquo;y trouvent, l&rsquo;\u00e9cole a, d\u00e8s l&rsquo;arriv\u00e9e d&rsquo;Internet dans les \u00e9tablissements scolaires, mis en place des technologies sophistiqu\u00e9es de censure et de filtrage. \u00c0 ce qui \u00e9tait pr\u00e9vu par l&rsquo;institution, depuis que les collectivit\u00e9s ont pris en charge la connexion des \u00e9coles et \u00e9tablissements \u00e0 l&rsquo;Internet, elles ont ajout\u00e9 des dispositifs techniques suppl\u00e9mentaires. Tout y passe, d&rsquo;une mani\u00e8re parfois redondante\u00a0: filtrage par <a href=\"https:\/\/fr.wikipedia.org\/wiki\/Proxy\" target=\"_blank\" rel=\"noopener\">serveur mandataire<\/a> et listes noires ou cat\u00e9gories, filtrage au niveau du <a href=\"https:\/\/fr.wikipedia.org\/wiki\/Domain_Name_System\" target=\"_blank\" rel=\"noopener\">DNS<\/a>, filtrage par <a href=\"https:\/\/fr.wikipedia.org\/wiki\/Deep_packet_inspection\" target=\"_blank\" rel=\"noopener\">DPI<\/a>\u2026<\/p>\n<p><strong>L&rsquo;imagination du censeur n&rsquo;a pas de limite\u2026<\/strong><\/p>\n<p>J&rsquo;ai d\u00e9j\u00e0 longuement \u00e9voqu\u00e9 les cons\u00e9quences lamentables et l&rsquo;ineptie d&rsquo;une telle politique dans un article qui est de ceux les plus lus et comment\u00e9s sur ce blogue. Intitul\u00e9 \u00ab\u00a0<a href=\"https:\/\/www.culture-numerique.fr\/?p=933\" target=\"_blank\" rel=\"noopener\">Chronique de la censure ordinaire en milieu \u00e9ducatif<\/a>\u00a0\u00bb, il montre assez bien, je crois, comment l&rsquo;institution a renonc\u00e9 \u00e0 \u00e9duquer et imagin\u00e9, quelle illusion\u00a0!, qu&rsquo;une r\u00e9ponse technique pouvait pallier un d\u00e9ficit \u00e9ducatif. <a href=\"https:\/\/fr.wikipedia.org\/wiki\/Louise_Merzeau\" target=\"_blank\" rel=\"noopener\">Louise Merzeau<\/a>, trop t\u00f4t disparue, que je cite dans le billet en r\u00e9f\u00e9rence, disait, \u00e0 propos du filtrage et de la censure \u00e0 l&rsquo;\u00e9cole que c&rsquo;\u00e9tait une \u00ab\u00a0<span style=\"color: #800000;\"><em>absurdit\u00e9 culturelle<\/em><\/span> \u00bb et un \u00ab <em><span style=\"color: #800000;\">crime contre l\u2019\u00e9ducation<\/span><\/em> \u00bb.<\/p>\n<p><strong>C&rsquo;est une absurdit\u00e9<\/strong>, en effet, pour plusieurs raisons\u00a0:<\/p>\n<ul>\n<li>il ne se passe pas un seul jour, une seule minute sans qu&rsquo;apparaisse sur le web, sous des appellations parfois bien innocentes, <strong>de nouveaux sites web \u00e0 filtrer ou censurer<\/strong>, et la course humaine ou technique est perdue d&rsquo;avance\u00a0;<\/li>\n<li>bien entendu, ces dispositifs, dont j&rsquo;ai dit qu&rsquo;ils \u00e9taient multiples et redondants, ont la f\u00e2cheuse manie de produire <strong>un nombre consid\u00e9rable de \u00ab\u00a0faux positifs\u00a0\u00bb<\/strong>, ce qui a des cons\u00e9quences fort f\u00e2cheuses sur les enseignements, notamment dans certaines disciplines, d\u00e9sesp\u00e9rant nombre d&rsquo;enseignants de bien vouloir travailler en ligne avec leurs \u00e9l\u00e8ves, sans compter que certains examens, en <a href=\"http:\/\/eduscol.education.fr\/cid47789\/definition-et-themes-nationaux-des-tpe.html\" target=\"_blank\" rel=\"noopener\">TPE<\/a> et dans certaines disciplines, n&rsquo;ont pu se tenir \u00e0 cause d&rsquo;un filtrage surpuissant\u00a0;<\/li>\n<li>les \u00e9quipes techniques des acad\u00e9mies et des collectivit\u00e9s ont consacr\u00e9 beaucoup <strong>plus de moyens humains et financiers \u00e0 filtrer et censurer<\/strong> qu&rsquo;\u00e0 accompagner par de la formation ou des ressources les arriv\u00e9es massives de mat\u00e9riels\u00a0\u2014\u00a0les tablettes num\u00e9riques tout r\u00e9cemment, par exemple\u00a0;<\/li>\n<li>il n&rsquo;y a pas un seul dispositif technique de filtrage qui ne se soit av\u00e9r\u00e9 compl\u00e8tement trou\u00e9, les \u00e9l\u00e8ves les plus inventifs mettant tout en \u0153uvre, c&rsquo;est <strong>un jeu tr\u00e8s rigolo et plut\u00f4t facile<\/strong>, pour les outrepasser\u00a0\u2014\u00a0il y a m\u00eame des sites ou des forums o\u00f9 ne parle que de \u00e7a\u00a0;<\/li>\n<li><strong>certains enseignements deviennent totalement impossibles<\/strong> \u00e0 mener s\u00e9rieusement,<strong>\u00a0<\/strong>en documentation, en \u00e9ducation aux m\u00e9dias et \u00e0 l&rsquo;information\u00a0;<\/li>\n<li>filtrer, censurer sont des d\u00e9marches antinomiques et dommageables \u00e0 l&rsquo;\u00e9ducation, car, <a href=\"https:\/\/www.culture-numerique.fr\/?p=933\" target=\"_blank\" rel=\"noopener\">comme disait<\/a> <a href=\"https:\/\/twitter.com\/marioasselin\" target=\"_blank\" rel=\"noopener\">Mario Asselin<\/a>, je le r\u00e9p\u00e8te\u00a0: \u00ab\u00a0<span style=\"color: #800000;\"><em>[Il] est plus dangereux de ne pas \u00e9duquer devant la pr\u00e9sence de dangers potentiels que de mettre \u00e0 l\u2019Index et de risquer que les jeunes soient confront\u00e9s aux m\u00eames dangers (hors de l\u2019\u00e9cole) sans les moyens d\u2019y faire face.<\/em><\/span> \u00bb.<\/li>\n<\/ul>\n<h3>De s\u00e9rieuses et curieuses d\u00e9rives s\u00e9mantiques<\/h3>\n<blockquote><p>\u00ab\u00a0Les adolescents sont expos\u00e9s de plus en plus t\u00f4t \u00e0 la pornographie sur internet. Avec l&rsquo;apparition des tablettes et smartphones, tout le monde peut avoir un acc\u00e8s illimit\u00e9 et gratuit \u00e0 des sites class\u00e9s X. \u00c0 la sortie des coll\u00e8ges et lyc\u00e9es parisiens, la plupart des \u00e9l\u00e8ves confient avoir d\u00e9j\u00e0 regard\u00e9 des films pornographiques.\u00a0\u00bb<\/p><\/blockquote>\n<p>C&rsquo;est ainsi, sous le titre \u00ab\u00a0Pornographie, le grand danger\u00a0\u00bb,\u00a0 que <a href=\"http:\/\/www.bfmtv.com\/mediaplayer\/video\/pornographie-le-grand-danger-991875.html\" target=\"_blank\" rel=\"noopener\"><em>BFMTV<\/em> annon\u00e7ait<\/a>, le 14 octobre dernier, le reportage fait \u00ab\u00a0\u00e0 la sortie des coll\u00e8ges et lyc\u00e9es parisiens\u00a0\u00bb (sic). Depuis cet automne, la presse ne bruisse que de cela suite \u00e0 l&rsquo;affaire <a href=\"https:\/\/fr.wikipedia.org\/wiki\/Harvey_Weinstein\" target=\"_blank\" rel=\"noopener\">Weinstein<\/a>, ce producteur am\u00e9ricain accus\u00e9 d&rsquo;agressions sexuelles r\u00e9p\u00e9t\u00e9es. <strong>C&rsquo;est \u00e0 la suite de sophismes et d&rsquo;amalgames douteux<\/strong>, renforc\u00e9s par la communication politique, voir ci-dessous, qu&rsquo;un glissement s\u00e9mantique s&rsquo;est op\u00e9r\u00e9. Ainsi, tout naturellement, on est pass\u00e9 des agressions sexuelles contre les femmes au harc\u00e8lement, puis au cyberharc\u00e8lement, puis aux r\u00e9seaux sociaux, enfin \u00e0 la pornographie sur les smartphones des \u00e9l\u00e8ves\u00a0\u2014\u00a0dont on dit par ailleurs qu&rsquo;il faut les \u00e9vincer de l&rsquo;\u00e9cole, les smartphones, pas encore les \u00e9l\u00e8ves, car ils sont <strong>facteur de dispersion<\/strong> (sic encore).<\/p>\n<p>C&rsquo;est ainsi, tout naturellement, qu&rsquo;on a commenc\u00e9 \u00e0 expliquer que les violences faites aux femmes \u00e9taient la cons\u00e9quence de la consommation de pornographie en ligne, sur les smartphones des enfants. Voir cet <a href=\"https:\/\/www.francetvinfo.fr\/societe\/droits-des-femmes\/ca-a-commence-vers-11ans-la-generation-youporn-surexposee-aux-contenus-pornographiques_2483967.html\" target=\"_blank\" rel=\"noopener\">article de <em>FranceTVInfo<\/em><\/a>, traitant de la g\u00e9n\u00e9ration Youporn dans une rubrique consacr\u00e9e aux droits des femmes, ou encore, sur le m\u00eame m\u00e9dia, <a href=\"https:\/\/www.francetvinfo.fr\/societe\/violences-faites-aux-femmes\/comment-proteger-les-mineurs-de-la-pornographie-sur-internet_2492621.html\" target=\"_blank\" rel=\"noopener\">cet autre article<\/a> qui s&rsquo;interroge sur la mani\u00e8re de prot\u00e9ger les mineurs de la pornographie sur Internet dans une rubrique sur les violences faites aux femmes.<\/p>\n<p><strong>Le discours politique est \u00e0 l&rsquo;unisson<\/strong>. Ainsi, notre bon pr\u00e9sident, cit\u00e9 par <em><a href=\"http:\/\/www.lemonde.fr\/pixels\/article\/2017\/11\/25\/violences-faites-aux-femmes-emmanuel-macron-souhaite-un-meilleur-controle-des-jeux-video-des-reseaux-sociaux-et-de-la-pornographie_5220411_4408996.html\" target=\"_blank\" rel=\"noopener\">Le Monde<\/a><\/em>, qui souhaite \u00e0 l&rsquo;\u00e9vidence profiter de l&rsquo;aubaine pour faire resurgir un vieux serpent de met et confier des pouvoirs suppl\u00e9mentaires de r\u00e9gulation sur Internet au <a href=\"http:\/\/www.csa.fr\/\" target=\"_blank\" rel=\"noopener\">CSA<\/a>\u00a0:<\/p>\n<blockquote><p>\u00ab\u2026 nous ne r\u00e9gulons pas aujourd\u2019hui l\u2019acc\u00e8s aux jeux vid\u00e9o, aux contenus sur Internet, aux contenus pornographiques de plus en plus diffus\u00e9s. (\u2026) Nous devrons donc repenser le cadre de notre r\u00e9gulation, en particulier des contenus audiovisuels, en prenant en compte l\u2019\u00e9volution du num\u00e9rique afin d\u2019\u00e9tendre les pouvoirs et la r\u00e9gulation du CSA.\u00a0\u00bb<\/p><\/blockquote>\n<p>Et d&rsquo;ajouter dans le m\u00eame \u00e9lan\u00a0:<\/p>\n<blockquote><p>\u00ab\u00a0Unissant mondes virtuels, st\u00e9r\u00e9otypes, domination et violence, la pornographie a trouv\u00e9 gr\u00e2ce aux outils num\u00e9riques un droit de cit\u00e9 dans nos \u00e9coles. Nous devons prendre \u00e0 bras-le-corps ce ph\u00e9nom\u00e8ne que nous avons trop longtemps refus\u00e9 de voir.\u00a0\u00bb<\/p><\/blockquote>\n<p>Puis, pour insister sur <strong>le lien suppos\u00e9 de causalit\u00e9<\/strong>\u00a0:<\/p>\n<blockquote><p>\u00ab\u00a0Nous ne pouvons pas d&rsquo;un c\u00f4t\u00e9 d\u00e9plorer les violences faites aux femmes et de l&rsquo;autre, fermer les yeux sur l&rsquo;influence que [la pornographie] peut exercer sur de jeunes esprits\u2026\u00a0\u00bb<\/p><\/blockquote>\n<p>Les ministres montent alors au cr\u00e9neau. <a href=\"https:\/\/fr.wikipedia.org\/wiki\/Laurence_Rossignol\" target=\"_blank\" rel=\"noopener\">Laurence Rossignol<\/a>, ex-ministre des familles, de l\u2019enfance et des droits des femmes, comme le <a href=\"http:\/\/www.lemonde.fr\/pixels\/article\/2017\/02\/20\/laurence-rossignol-relance-l-idee-d-un-blocage-des-sites-pornographiques-aux-mineurs_5082593_4408996.html\" target=\"_blank\" rel=\"noopener\">titre <em>Le Monde<\/em><\/a>,\u00a0relance l\u2019id\u00e9e du blocage des sites pornographiques aux mineurs, sans d&rsquo;ailleurs \u00eatre capable de fournir une seule proposition ad\u00e9quate pour r\u00e9pondre au probl\u00e8me. Ce qui ne l&#8217;emp\u00eache nullement de s&rsquo;attaquer \u00e0 la libert\u00e9 d&rsquo;expression \u00ab\u00a0<span style=\"color: #800000;\"><em>On voit bien que la libert\u00e9 d\u2019expression \u00e7a sert \u00e0 tout, et aussi \u00e0 d\u00e9fendre la pornographie et [son] acc\u00e8s sur le Net.<\/em><\/span>\u00a0\u00bb.<\/p>\n<p>Dans <a href=\"https:\/\/www.lexpress.fr\/actualite\/medias\/regulation-du-porno-par-le-csa-comme-eponger-l-ocean-avec-une-petite-cuillere_1964170.html\" target=\"_blank\" rel=\"noopener\">un article de <em>l&rsquo;Express<\/em><\/a> o\u00f9 il est interrog\u00e9 \u00e0 ce sujet, <a href=\"https:\/\/twitter.com\/reesmarc?lang=fr\" target=\"_blank\" rel=\"noopener\">Marc Rees<\/a>, r\u00e9dacteur en chef de <a href=\"https:\/\/www.nextinpact.com\/\" target=\"_blank\" rel=\"noopener\"><em>Nextinpact<\/em><\/a>, s&rsquo;amuse\u00a0: \u00ab\u00a0<em><span style=\"color: #800000;\">Envisager l&rsquo;intervention du CSA sur Internet, ce serait comme vouloir \u00e9ponger l&rsquo;oc\u00e9an avec une petite cuill\u00e8re<\/span><\/em>\u00a0\u00bb.\u00a0 Il ajoute qu&rsquo;\u00e0 son avis, l&rsquo;institution n&rsquo;est pas la meilleure solution pour encadrer ces contenus.\u00a0\u00ab\u00a0<em><span style=\"color: #800000;\">Est-ce qu&rsquo;il ne revient pas de g\u00e9rer l&rsquo;acc\u00e8s au porno des enfants aux parents\u00a0? Les enfants ne devraient-ils pas \u00eatre encadr\u00e9s et \u00e9duqu\u00e9s par l&rsquo;\u00e9cole\u00a0?<\/span><\/em>\u00a0\u00bb, se demande-t-il.<\/p>\n<h3>La r\u00e9alit\u00e9 de l&rsquo;encadrement programmatique<\/h3>\n<p><img loading=\"lazy\" decoding=\"async\" class=\"alignleft wp-image-7332 size-medium\" src=\"https:\/\/www.culture-numerique.fr\/wp-content\/uploads\/2017\/12\/2017-12-08_012807-280x300.png\" alt=\"\" width=\"280\" height=\"300\" srcset=\"https:\/\/www.culture-numerique.fr\/wp-content\/uploads\/2017\/12\/2017-12-08_012807-280x300.png 280w, https:\/\/www.culture-numerique.fr\/wp-content\/uploads\/2017\/12\/2017-12-08_012807-100x107.png 100w, https:\/\/www.culture-numerique.fr\/wp-content\/uploads\/2017\/12\/2017-12-08_012807-150x161.png 150w, https:\/\/www.culture-numerique.fr\/wp-content\/uploads\/2017\/12\/2017-12-08_012807-200x215.png 200w, https:\/\/www.culture-numerique.fr\/wp-content\/uploads\/2017\/12\/2017-12-08_012807-300x322.png 300w, https:\/\/www.culture-numerique.fr\/wp-content\/uploads\/2017\/12\/2017-12-08_012807-450x483.png 450w, https:\/\/www.culture-numerique.fr\/wp-content\/uploads\/2017\/12\/2017-12-08_012807-600x644.png 600w, https:\/\/www.culture-numerique.fr\/wp-content\/uploads\/2017\/12\/2017-12-08_012807.png 698w\" sizes=\"auto, (max-width: 280px) 100vw, 280px\" \/><\/p>\n<p>Les solutions propos\u00e9es sont, devinez quoi\u00a0!, <strong>de sensibiliser sur ce sujet parents et professeurs<\/strong>. Comme si, comme <a href=\"https:\/\/www.nextinpact.com\/news\/105700-porno-jeux-video-cyber-harcelement-mais-que-veut-reguler-exactement-emmanuel-macron.htm\" target=\"_blank\" rel=\"noopener\">le fait \u00e0 juste titre remarquer <em>Nextinpact<\/em><\/a>, le cadre programmatique n&rsquo;existait pas\u00a0!\u00a0 Le socle commun de comp\u00e9tences et de connaissances, pr\u00e9voit en effet, un dispositif d&rsquo;<a href=\"http:\/\/eduscol.education.fr\/cid46864\/les-enjeux-de-l-education-a-la-sexualite.html\" target=\"_blank\" rel=\"noopener\">\u00e9ducation \u00e0 la sexualit\u00e9<\/a>, voir ci-contre, qui doit faire l&rsquo;objet d&rsquo;\u00ab\u00a0<em><span style=\"color: #800000;\">une d\u00e9marche partenariale associant l&rsquo;\u00e9quipe \u00e9ducative, les parents, les \u00e9l\u00e8ves et les intervenants ext\u00e9rieurs.<\/span><\/em>\u00a0\u00bb. Au coll\u00e8ge et au lyc\u00e9e, il est pr\u00e9vu d&rsquo;y associer \u00ab\u00a0<em><span style=\"color: #800000;\">les conseils de vie coll\u00e9gienne et les conseils des d\u00e9l\u00e9gu\u00e9s \u00e0 la vie lyc\u00e9enne<\/span><\/em>\u00a0\u00bb, et ce travail \u00e9ducatif \u00ab\u00a0<em><span style=\"color: #800000;\">doit prendre la forme d&rsquo;une invitation au dialogue et non d&rsquo;un discours sur la sexualit\u00e9.<\/span><\/em>\u00a0\u00bb.<\/p>\n<p>Dans ce cadre, <strong>de mani\u00e8re bienveillante<\/strong>, l&rsquo;\u00e9cole est \u00e0 m\u00eame de mettre en place une v\u00e9ritable \u00e9ducation aux m\u00e9dias qui s&rsquo;int\u00e9resse aussi \u00e0 ce que ces derniers peuvent parfois v\u00e9hiculer de contenus violents, n\u00e9gationnistes, racistes, homophobes, discriminatoires, pornographiques\u2026 et aussi simplement inad\u00e9quats ou incivils.<\/p>\n<p>Mais, \u00e0 ma connaissance\u00a0\u2014\u00a0il est vrai que les textes sont r\u00e9cents\u00a0\u2014, ces dispositifs, qui doivent \u00eatre ins\u00e9r\u00e9s dans le projet d&rsquo;\u00e9tablissement, ce qui diff\u00e8re souvent largement leur mise en \u0153uvre, tardent \u00e0 trouver leur place dans les enseignements et les emplois du temps. Les parents et les professeurs, pourtant les premiers concern\u00e9s, \u00e0 mon avis, se d\u00e9chargent parfois de ces missions au profit d&rsquo;intervenants ext\u00e9rieurs.<\/p>\n<p>Des associations se sont d\u00e9j\u00e0 positionn\u00e9es sur le cr\u00e9neau\u00a0:<\/p>\n<blockquote class=\"twitter-tweet\" data-width=\"550\" data-dnt=\"true\">\n<p lang=\"fr\" dir=\"ltr\">Filtrer les contenus porno sur internet ? Pourquoi pas mais cela ne nous exon\u00e8re pas d\u2019expliquer au public jeune que la r\u00e9alit\u00e9 est diff\u00e9rente de la fiction : notre module \u00ab\u00a0m\u00e9dias et sexualit\u00e9\u00a0\u00bb \u00e0 partir de la 4\u00e8me <a href=\"https:\/\/t.co\/YBUkaIpZBN\">https:\/\/t.co\/YBUkaIpZBN<\/a> <a href=\"https:\/\/t.co\/KBFfAojdW5\">https:\/\/t.co\/KBFfAojdW5<\/a><\/p>\n<p>&mdash; G\u00e9n\u00e9ration Num\u00e9rique (@assoGeNum) <a href=\"https:\/\/twitter.com\/assoGeNum\/status\/937812538590400512?ref_src=twsrc%5Etfw\">December 4, 2017<\/a><\/p><\/blockquote>\n<p><script async src=\"https:\/\/platform.twitter.com\/widgets.js\" charset=\"utf-8\"><\/script><\/p>\n<p>Il y en a d&rsquo;autres, beaucoup d&rsquo;autres, dont il est souvent difficile d&rsquo;appr\u00e9cier la pertinence des propos de leurs intervenants mais qui savent bien vendre, aupr\u00e8s des associations de parents, des collectivit\u00e9s ou des \u00e9tablissements eux-m\u00eames, leur petite affaire. Les intervenants, rompus \u00e0 l&rsquo;exercice, munis de ressources nombreuses fabriqu\u00e9es en interne, des vid\u00e9os ou des animations le plus souvent, expliquent ce qu&rsquo;ils ont pr\u00e9vu d&rsquo;expliquer \u2014\u00a0voir ci-dessus\u00a0\u2014 aux enfants, aux \u00e9l\u00e8ves, l\u00e0 o\u00f9 on devrait pouvoir esp\u00e9rer, sur ces sujets \u00e9minemment sensibles, <strong>de l&rsquo;\u00e9coute et beaucoup de dialogue<\/strong>.<\/p>\n<p>On pourra s&rsquo;appuyer, par exemple, pour mieux comprendre ces enjeux, sur l&rsquo;excellent travail du psychologue et psychanalyste <a href=\"https:\/\/twitter.com\/yannleroux?lang=fr\" target=\"_blank\" rel=\"noopener\">Yann Leroux<\/a> intitul\u00e9\u00a0<a href=\"https:\/\/www.cairn.info\/revue-enfances-et-psy-2012-2-page-61.htm\" target=\"_blank\" rel=\"noopener\">Internet, sexualit\u00e9 et adolescence<\/a>.<\/p>\n<h3>Les atteintes \u00e0 la raison<\/h3>\n<p>Il m&rsquo;est n\u00e9cessaire de dire ici combien est grande et sinc\u00e8re mon admiration pour tous ceux des adultes, \u00e9ducateurs, les professeurs d&rsquo;histoire les premiers, qui, contre les courants contraires parfois, r\u00e9ussissent \u00e0 enseigner l&rsquo;histoire des g\u00e9nocides perp\u00e9tr\u00e9s par le nazisme, l&rsquo;histoire de l&rsquo;esclavage, dans toutes ses \u00e9poques et d\u00e9clinaisons, les colonisations, les guerres de religion, les r\u00e9volutions.<\/p>\n<p>De m\u00eame, j&rsquo;admire aussi le travail de celles et ceux qui ont \u00e0 expliquer le fait scientifique, contre toutes croyances, l&rsquo;\u00e9volution des esp\u00e8ces par exemple, histoire de s&rsquo;affranchir de toute id\u00e9e pr\u00e9con\u00e7ue et d&rsquo;interroger le r\u00e9el, ou m\u00eame tout simplement, la rotondit\u00e9 de la Terre ou les mouvements des \u00e9toiles\u2026 <strong>L&rsquo;attitude de certains \u00e9l\u00e8ves est alors strictement schizophr\u00e9nique<\/strong>, se montrant capables d&rsquo;\u00eatre dociles et attentifs ou m\u00eame de r\u00e9pondre aux questions qu&rsquo;on leur pose alors qu&rsquo;on fond d&rsquo;eux-m\u00eames, ils pensent tout le contraire de ce qu&rsquo;ils disent ou r\u00e9pondent.<\/p>\n<p>Il en va de m\u00eame pour d&rsquo;autres rumeurs ou croyances, issues du discours complotiste ou fabriqu\u00e9es de toutes pi\u00e8ces pour nuire \u00e0 la soci\u00e9t\u00e9 et \u00e0 l&rsquo;\u00e9cole r\u00e9publicaine, qui sont transf\u00e9r\u00e9es et propos\u00e9es au d\u00e9bat en classe. <strong>\u00c9couter les \u00e9l\u00e8ves est indispensable<\/strong> mais <strong>la raison commande de mettre des limites<\/strong> \u00e0 cette confrontation parfois violente de points de vue inopposables. Il est vain, en effet, d&rsquo;imaginer qu&rsquo;on puisse opposer savoir et croire, en les mettant sur le m\u00eame plan.<\/p>\n<p>C&rsquo;est parce que tout cela est aujourd&rsquo;hui difficile, que le num\u00e9rique propulse dans la classe toutes les opinions, si m\u00e9diocres soient-elles, que la parole magistrale est alors d\u00e9l\u00e9gitim\u00e9e voire contest\u00e9e, que certaines et certains de ces adultes \u00e9ducateurs qui en prennent conscience renoncent et baissent les bras.<\/p>\n<p><a href=\"https:\/\/www.culture-numerique.fr\/?attachment_id=7345\" rel=\"attachment wp-att-7345\"><img loading=\"lazy\" decoding=\"async\" class=\"aligncenter size-full wp-image-7345\" src=\"https:\/\/www.culture-numerique.fr\/wp-content\/uploads\/2017\/12\/1122px-Eug\u00e8ne_Delacroix_-_Le_28_Juillet._La_Libert\u00e9_guidant_le_peuple.jpg\" alt=\"\" width=\"1122\" height=\"900\" srcset=\"https:\/\/www.culture-numerique.fr\/wp-content\/uploads\/2017\/12\/1122px-Eug\u00e8ne_Delacroix_-_Le_28_Juillet._La_Libert\u00e9_guidant_le_peuple.jpg 1122w, https:\/\/www.culture-numerique.fr\/wp-content\/uploads\/2017\/12\/1122px-Eug\u00e8ne_Delacroix_-_Le_28_Juillet._La_Libert\u00e9_guidant_le_peuple-300x241.jpg 300w, https:\/\/www.culture-numerique.fr\/wp-content\/uploads\/2017\/12\/1122px-Eug\u00e8ne_Delacroix_-_Le_28_Juillet._La_Libert\u00e9_guidant_le_peuple-1024x821.jpg 1024w, https:\/\/www.culture-numerique.fr\/wp-content\/uploads\/2017\/12\/1122px-Eug\u00e8ne_Delacroix_-_Le_28_Juillet._La_Libert\u00e9_guidant_le_peuple-100x80.jpg 100w, https:\/\/www.culture-numerique.fr\/wp-content\/uploads\/2017\/12\/1122px-Eug\u00e8ne_Delacroix_-_Le_28_Juillet._La_Libert\u00e9_guidant_le_peuple-150x120.jpg 150w, https:\/\/www.culture-numerique.fr\/wp-content\/uploads\/2017\/12\/1122px-Eug\u00e8ne_Delacroix_-_Le_28_Juillet._La_Libert\u00e9_guidant_le_peuple-200x160.jpg 200w, https:\/\/www.culture-numerique.fr\/wp-content\/uploads\/2017\/12\/1122px-Eug\u00e8ne_Delacroix_-_Le_28_Juillet._La_Libert\u00e9_guidant_le_peuple-450x361.jpg 450w, https:\/\/www.culture-numerique.fr\/wp-content\/uploads\/2017\/12\/1122px-Eug\u00e8ne_Delacroix_-_Le_28_Juillet._La_Libert\u00e9_guidant_le_peuple-600x481.jpg 600w, https:\/\/www.culture-numerique.fr\/wp-content\/uploads\/2017\/12\/1122px-Eug\u00e8ne_Delacroix_-_Le_28_Juillet._La_Libert\u00e9_guidant_le_peuple-900x722.jpg 900w\" sizes=\"auto, (max-width: 1122px) 100vw, 1122px\" \/><\/a><\/p>\n<p>La simple \u00e9vocation ou pr\u00e9sentation d&rsquo;une telle \u0153uvre historique, voir ci-dessus, entra\u00eene des \u00ab\u00a0mouvements de foule\u00a0\u00bb dans la classe, m\u00eame en lyc\u00e9e. Bien des \u00e9l\u00e8ves, dont beaucoup de gar\u00e7ons, issus de familles o\u00f9 la nudit\u00e9, dont celle de la femme en particulier, est taboue, o\u00f9 toute alt\u00e9ration d&rsquo;un comportement social tr\u00e8s norm\u00e9 s&rsquo;assimile \u00e0 de la licence et expose aux insultes les plus basses, s\u2019av\u00e8rent incapables d&rsquo;appr\u00e9hender \u00e0 la fois la figure all\u00e9gorique et la distance historique.<\/p>\n<p>Pr\u00e9senter un tel travail artistique pour appuyer un fait historique, lire en classe certaines \u0153uvres litt\u00e9raires, dire certains mots peut choquer. Tr\u00e8s fortement. <strong>Et certains enseignants ne s&rsquo;y risquent pas<\/strong>. Et renoncent.<\/p>\n<p>Ils ont bien tort, bien s\u00fbr. Mais comment le leur en tenir grief\u00a0?<\/p>\n<p>Encore un sacr\u00e9 d\u00e9fi pour l&rsquo;\u00e9cole d&rsquo;aujourd&rsquo;hui\u2026 et de demain. <strong>Qui ne peut en aucun cas renoncer \u00e0 la raison<\/strong>, d&rsquo;une part, au dialogue avec les \u00e9l\u00e8ves, d&rsquo;autre part.<\/p>\n<p>P. S. Il va falloir, je crois que je vous parle des derni\u00e8res lubies europ\u00e9ennes en mati\u00e8re de protection des donn\u00e9es personnelles des mineurs sur les r\u00e9seaux sociaux. Plut\u00f4t que de s&rsquo;attaquer aux vrais probl\u00e8mes, tenez-vous bien, la seule r\u00e9ponse trouv\u00e9e semble \u00eatre, je crois, en France, d&#8217;emp\u00eacher les jeunes d&rsquo;acc\u00e9der aux dits r\u00e9seaux s&rsquo;ils n&rsquo;ont pas 16 ans. <strong>Cette nouvelle forme de censure<\/strong>\u00a0qui stigmatise les jeunes serait tellement triste si elle n&rsquo;\u00e9tait pas dr\u00f4lissime. Mais, patientez\u2026 je vous en reparle.<\/p>\n<p>Michel Guillou\u00a0<a href=\"https:\/\/twitter.com\/michelguillou\" target=\"_blank\" rel=\"noopener\">@michelguillou<\/a><\/p>\n<p><a href=\"http:\/\/creativecommons.org\/licenses\/by-nc-sa\/4.0\/\" target=\"_blank\" rel=\"noopener\"><img loading=\"lazy\" decoding=\"async\" src=\"https:\/\/i.creativecommons.org\/l\/by-nc-sa\/2.0\/fr\/80x15.png\" alt=\"image\" width=\"80\" height=\"15\" data-pin-nopin=\"true\" \/><\/a><\/p>\n<p>Cr\u00e9dit images\u00a0: <a href=\"https:\/\/pxhere.com\/fr\/photo\/955413\" target=\"_blank\" rel=\"noopener\">Pxhere<\/a>, puis par\u00a0Rapha\u00ebl &#8211; <a href=\"https:\/\/commons.wikimedia.org\/w\/index.php?curid=157672\" target=\"_blank\" rel=\"noopener\">The Yorck Project<\/a>: 10.000 Meisterwerke der Malerei. DVD-ROM, 2002. ISBN 3936122202. Distributed by DIRECTMEDIA Publishing GmbH., enfin par Eug\u00e8ne Delacroix \u2014 <a href=\"https:\/\/commons.wikimedia.org\/w\/index.php?curid=27539198\" target=\"_blank\" rel=\"noopener\">Erich Lessing Culture and Fine Arts Archives<\/a> via artsy.net, deux \u0153uvres du domaine public<\/p>\n<p><em>Nota bene<\/em>\u00a0: Nombre de mots de ce texte doivent, au masculin, \u00eatre consid\u00e9r\u00e9s comme neutres et non sexu\u00e9s.<\/p>\n<p>&nbsp;<\/p>\n","protected":false},"excerpt":{"rendered":"<p><a href=\"https:\/\/www.culture-numerique.fr\/?attachment_id=7308\" rel=\"attachment wp-att-7308\"><img loading=\"lazy\" decoding=\"async\" class=\"aligncenter size-full wp-image-7308\" src=\"https:\/\/www.culture-numerique.fr\/wp-content\/uploads\/2017\/12\/villa-town-building-home-facade-property-955413-pxhere.com_.jpg\" alt=\"\" width=\"1280\" height=\"719\" srcset=\"https:\/\/www.culture-numerique.fr\/wp-content\/uploads\/2017\/12\/villa-town-building-home-facade-property-955413-pxhere.com_.jpg 1280w, https:\/\/www.culture-numerique.fr\/wp-content\/uploads\/2017\/12\/villa-town-building-home-facade-property-955413-pxhere.com_-300x169.jpg 300w, https:\/\/www.culture-numerique.fr\/wp-content\/uploads\/2017\/12\/villa-town-building-home-facade-property-955413-pxhere.com_-1024x575.jpg 1024w, https:\/\/www.culture-numerique.fr\/wp-content\/uploads\/2017\/12\/villa-town-building-home-facade-property-955413-pxhere.com_-100x56.jpg 100w, https:\/\/www.culture-numerique.fr\/wp-content\/uploads\/2017\/12\/villa-town-building-home-facade-property-955413-pxhere.com_-150x84.jpg 150w, https:\/\/www.culture-numerique.fr\/wp-content\/uploads\/2017\/12\/villa-town-building-home-facade-property-955413-pxhere.com_-200x112.jpg 200w, https:\/\/www.culture-numerique.fr\/wp-content\/uploads\/2017\/12\/villa-town-building-home-facade-property-955413-pxhere.com_-450x253.jpg 450w, https:\/\/www.culture-numerique.fr\/wp-content\/uploads\/2017\/12\/villa-town-building-home-facade-property-955413-pxhere.com_-600x337.jpg 600w, https:\/\/www.culture-numerique.fr\/wp-content\/uploads\/2017\/12\/villa-town-building-home-facade-property-955413-pxhere.com_-900x506.jpg 900w\" sizes=\"auto, (max-width: 1280px) 100vw, 1280px\" \/><\/a><\/p>\n<p><strong>La question de l&rsquo;ouverture de l&rsquo;\u00e9cole au monde<\/strong> est une d\u00e9j\u00e0 vieille question. On s&rsquo;\u00e9charpe volontiers \u00e0 ce sujet dans les salles de profs, certains plaidant pour une \u00e9cole sanctuaire, pr\u00e9serv\u00e9e des turpitudes d&rsquo;au-del\u00e0 les murs,<\/p>\n<p><span class=\"ellipsis\">&hellip;<\/span><\/p>\n<div class=\"read-more\"><a href=\"https:\/\/www.culture-numerique.fr\/?p=6286\">Lire la suite &#8250;<\/a><\/div>\n<p><!-- end of .read-more --><\/p>\n","protected":false},"author":1,"featured_media":7308,"comment_status":"open","ping_status":"open","sticky":false,"template":"","format":"standard","meta":{"jetpack_post_was_ever_published":false,"_jetpack_newsletter_access":"","_jetpack_dont_email_post_to_subs":false,"_jetpack_newsletter_tier_id":0,"_jetpack_memberships_contains_paywalled_content":false,"_jetpack_memberships_contains_paid_content":false,"footnotes":""},"categories":[9,36],"tags":[14,819,128,828,111,529,21,821,373,374,808,826,824,2,823,827,11,825,820,822,829],"class_list":["post-6286","post","type-post","status-publish","format-standard","has-post-thumbnail","hentry","category-billets-dhumeur","category-ressources","tag-censure","tag-claude-lelievre","tag-csa","tag-education-a-la-sexualite","tag-education-aux-medias","tag-emi","tag-filtrage","tag-ghislain-domine","tag-harcelement","tag-interdire","tag-louise-merzeau","tag-marc-rees","tag-mario-asselin","tag-numerique","tag-pornographie","tag-programme","tag-raison","tag-regulation-de-linternet","tag-sanctuaire","tag-violence","tag-yann-leroux"],"jetpack_featured_media_url":"https:\/\/www.culture-numerique.fr\/wp-content\/uploads\/2017\/12\/villa-town-building-home-facade-property-955413-pxhere.com_.jpg","jetpack_sharing_enabled":true,"_links":{"self":[{"href":"https:\/\/www.culture-numerique.fr\/index.php?rest_route=\/wp\/v2\/posts\/6286","targetHints":{"allow":["GET"]}}],"collection":[{"href":"https:\/\/www.culture-numerique.fr\/index.php?rest_route=\/wp\/v2\/posts"}],"about":[{"href":"https:\/\/www.culture-numerique.fr\/index.php?rest_route=\/wp\/v2\/types\/post"}],"author":[{"embeddable":true,"href":"https:\/\/www.culture-numerique.fr\/index.php?rest_route=\/wp\/v2\/users\/1"}],"replies":[{"embeddable":true,"href":"https:\/\/www.culture-numerique.fr\/index.php?rest_route=%2Fwp%2Fv2%2Fcomments&post=6286"}],"version-history":[{"count":82,"href":"https:\/\/www.culture-numerique.fr\/index.php?rest_route=\/wp\/v2\/posts\/6286\/revisions"}],"predecessor-version":[{"id":8251,"href":"https:\/\/www.culture-numerique.fr\/index.php?rest_route=\/wp\/v2\/posts\/6286\/revisions\/8251"}],"wp:featuredmedia":[{"embeddable":true,"href":"https:\/\/www.culture-numerique.fr\/index.php?rest_route=\/wp\/v2\/media\/7308"}],"wp:attachment":[{"href":"https:\/\/www.culture-numerique.fr\/index.php?rest_route=%2Fwp%2Fv2%2Fmedia&parent=6286"}],"wp:term":[{"taxonomy":"category","embeddable":true,"href":"https:\/\/www.culture-numerique.fr\/index.php?rest_route=%2Fwp%2Fv2%2Fcategories&post=6286"},{"taxonomy":"post_tag","embeddable":true,"href":"https:\/\/www.culture-numerique.fr\/index.php?rest_route=%2Fwp%2Fv2%2Ftags&post=6286"}],"curies":[{"name":"wp","href":"https:\/\/api.w.org\/{rel}","templated":true}]}}