{"id":6210,"date":"2017-09-22T15:02:28","date_gmt":"2017-09-22T13:02:28","guid":{"rendered":"https:\/\/www.culture-numerique.fr\/?p=6210"},"modified":"2017-09-23T01:06:45","modified_gmt":"2017-09-22T23:06:45","slug":"des-nouvelles-toutes-fraiches-de-lecole-des-lumieres","status":"publish","type":"post","link":"https:\/\/www.culture-numerique.fr\/?p=6210","title":{"rendered":"Des nouvelles toutes fra\u00eeches de l&rsquo;\u00e9cole des Lumi\u00e8res"},"content":{"rendered":"<p><a href=\"https:\/\/www.culture-numerique.fr\/?attachment_id=6217\" rel=\"attachment wp-att-6217\"><img loading=\"lazy\" decoding=\"async\" class=\"aligncenter size-full wp-image-6217\" src=\"https:\/\/www.culture-numerique.fr\/wp-content\/uploads\/2017\/09\/1091px-Traditional_cell_phone_vs_Smart_phone.jpg\" alt=\"\" width=\"1090\" height=\"624\" srcset=\"https:\/\/www.culture-numerique.fr\/wp-content\/uploads\/2017\/09\/1091px-Traditional_cell_phone_vs_Smart_phone.jpg 1090w, https:\/\/www.culture-numerique.fr\/wp-content\/uploads\/2017\/09\/1091px-Traditional_cell_phone_vs_Smart_phone-300x172.jpg 300w, https:\/\/www.culture-numerique.fr\/wp-content\/uploads\/2017\/09\/1091px-Traditional_cell_phone_vs_Smart_phone-1024x586.jpg 1024w, https:\/\/www.culture-numerique.fr\/wp-content\/uploads\/2017\/09\/1091px-Traditional_cell_phone_vs_Smart_phone-100x57.jpg 100w, https:\/\/www.culture-numerique.fr\/wp-content\/uploads\/2017\/09\/1091px-Traditional_cell_phone_vs_Smart_phone-150x86.jpg 150w, https:\/\/www.culture-numerique.fr\/wp-content\/uploads\/2017\/09\/1091px-Traditional_cell_phone_vs_Smart_phone-200x114.jpg 200w, https:\/\/www.culture-numerique.fr\/wp-content\/uploads\/2017\/09\/1091px-Traditional_cell_phone_vs_Smart_phone-450x258.jpg 450w, https:\/\/www.culture-numerique.fr\/wp-content\/uploads\/2017\/09\/1091px-Traditional_cell_phone_vs_Smart_phone-600x343.jpg 600w, https:\/\/www.culture-numerique.fr\/wp-content\/uploads\/2017\/09\/1091px-Traditional_cell_phone_vs_Smart_phone-900x515.jpg 900w\" sizes=\"auto, (max-width: 1090px) 100vw, 1090px\" \/><\/a><\/p>\n<p><strong>Voil\u00e0 plus de vingt cinq ans<\/strong> que les collectivit\u00e9s locales, communes, d\u00e9partements, r\u00e9gions, chacune pour sa part, avec ses moyens propres et forc\u00e9ment in\u00e9gaux, dans son domaine de comp\u00e9tences, \u00e9quipent les salles de classe des \u00e9coles, coll\u00e8ges et lyc\u00e9es de mat\u00e9riels de communication num\u00e9riques et les connectent \u00e0 l&rsquo;internet.<\/p>\n<p><strong>Tout cela a co\u00fbt\u00e9 beaucoup, beaucoup d&rsquo;argent<\/strong>. Au-del\u00e0 du c\u00e2blage actif ou passif, des dispositifs de connexion sans fil, des diff\u00e9rents serveurs n\u00e9cessaires \u00e0 la p\u00e9dagogie, quelquefois nombreux en lyc\u00e9e ou \u00e0 l&rsquo;universit\u00e9, ce sont des quantit\u00e9s massives d&rsquo;ordinateurs fixes et mobiles, des tablettes plus souvent ces derniers temps avec le plan num\u00e9rique \u00e0 l&rsquo;\u00e9cole et au coll\u00e8ge, terminaux dont il est n\u00e9cessaire de pr\u00e9voir la garantie, la maintenance et le remplacement tous les quatre ou cinq ans, qui ont \u00e9t\u00e9 livr\u00e9s par les collectivit\u00e9s territoriales dans les salles de classe. Il a fallu pr\u00e9voir aussi le raccordement \u00e0 l&rsquo;Internet \u00e0 tr\u00e8s haut d\u00e9bit, ce qui n&rsquo;est jamais simple et bon march\u00e9 dans les zones rurales.<\/p>\n<p>Les collectivit\u00e9s, qu&rsquo;on avait pouss\u00e9es \u00e0 investir dans le num\u00e9rique, attendent alors qu&rsquo;on s&rsquo;en serve, de tous leurs appareils\u00a0\u2014\u00a0elles appellent cela des \u00ab\u00a0usages\u00a0\u00bb. Oh\u00a0! elles ne v\u00e9rifient pas de quoi il s&rsquo;agit pratiquement, en classe, ce en quoi, \u00e0 mon avis, elles ont tort, mais exigent <strong>des statistiques<\/strong>\u00a0\u2014\u00a0combien d&rsquo;\u00e9l\u00e8ves par ordinateur, combien de bande passante, combien de ressources distribu\u00e9es\u2026 toutes sortes de chiffres abscons qui n&rsquo;ont de sens que parce qu&rsquo;ils finissent sur des rapports ou des professions de foi \u00e9lectorales. Pour rendre compte aux \u00e9lecteurs contribuables de\u2026 cette\u00a0gabegie d&rsquo;argent public. Car il s&rsquo;agit bien de cela.<\/p>\n<h3>La donne a chang\u00e9<\/h3>\n<p>Aujourd&rsquo;hui, les jeunes entre 12 et 17 ans, presque tous des \u00e9l\u00e8ves donc, sont <strong>97\u00a0% \u00e0 poss\u00e9der un t\u00e9l\u00e9phone mobile<\/strong>. Et 85 % de ces machines sont des smartphones, des ordiphones comme j&rsquo;avais commenc\u00e9 \u00e0 les appeler. Ces chiffres de r\u00e9f\u00e9rence <a href=\"https:\/\/www.arcep.fr\/uploads\/tx_gspublication\/Barometre-du-numerique-2016-CGE-ARCEP-Agence_du_numerique.pdf\" target=\"_blank\" rel=\"noopener\">sont d\u00e9j\u00e0 plut\u00f4t anciens<\/a> et on s&rsquo;approche tr\u00e8s vite aujourd&rsquo;hui de <strong>100\u00a0% dans les deux cas<\/strong>. D&rsquo;ailleurs, on ne trouve plus gu\u00e8re \u00e0 acheter autre chose que des smartphones connect\u00e9s. Quel \u00e9l\u00e8ve de 15 ans accepterait aujourd&rsquo;hui d&rsquo;\u00eatre \u00e9quip\u00e9 d&rsquo;un appareil qui ne ferait que t\u00e9l\u00e9phone\u00a0? Pour quoi faire\u00a0? Les jeunes se t\u00e9l\u00e9phonent tr\u00e8s rarement et n&rsquo;utilisent la fonction t\u00e9l\u00e9phone que pour l&rsquo;envoi et la r\u00e9ception tr\u00e8s massifs des SMS, des textos.<\/p>\n<p><strong>Ces smartphones ne sont donc pas des t\u00e9l\u00e9phones<\/strong>. Ce sont des ordinateurs. Tr\u00e8s rapides. Tr\u00e8s. Chaque \u00e9l\u00e8ve poss\u00e8de dans sa poche une machine surpuissante et polyvalente qui lui permet d&rsquo;acc\u00e9der \u00e0 tous les savoirs. <a href=\"https:\/\/fr.wikipedia.org\/wiki\/Michel_Serres\" target=\"_blank\" rel=\"noopener\">Michel Serres<\/a> <a href=\"http:\/\/www.lemonde.fr\/idees\/article\/2011\/03\/05\/eduquer-au-xxie-siecle_1488298_3232.html\" target=\"_blank\" rel=\"noopener\">en t\u00e9moignait<\/a> d\u00e9j\u00e0 en 2011\u00a0:<\/p>\n<blockquote><p>\u00ab\u00a0Que transmettre\u00a0? Le savoir\u00a0? Le voil\u00e0, partout sur la Toile, disponible, objectiv\u00e9. Le\u00a0transmettre\u00a0\u00e0 tous\u00a0? D\u00e9sormais, tout le savoir est accessible \u00e0 tous. Comment le transmettre\u00a0? Voil\u00e0, c&rsquo;est fait.\u00a0Avec l&rsquo;acc\u00e8s aux personnes, par le t\u00e9l\u00e9phone cellulaire, avec l&rsquo;acc\u00e8s en tous lieux [&#8230;], l&rsquo;acc\u00e8s au savoir est d\u00e9sormais ouvert. D&rsquo;une certaine mani\u00e8re,\u00a0il est toujours et partout d\u00e9j\u00e0 transmis.\u00a0\u00bb<\/p><\/blockquote>\n<p>Par ailleurs, l&rsquo;excellent <a href=\"https:\/\/twitter.com\/Jlschaff\" target=\"_blank\" rel=\"noopener\">Jean-Louis Schaff<\/a>\u00a0<a href=\"https:\/\/docs.google.com\/document\/d\/1-WFllSpFFJ1GwQpdJrX9ZxgwHU2zPWBohirNwehM0Yw\/edit\" target=\"_blank\" rel=\"noopener\">fait remarquer<\/a>\u00a0\u00e0 juste titre que l<span style=\"font-weight: 400;\">a somme de la connectivit\u00e9 embarqu\u00e9e par les smartphones des \u00e9l\u00e8ves et des enseignants multiplie par un facteur de 15 \u00e0 20 celle de l\u2019\u00e9tablissement.<\/span><\/p>\n<p><a href=\"https:\/\/www.culture-numerique.fr\/?attachment_id=3170\" rel=\"attachment wp-att-3170\"><img loading=\"lazy\" decoding=\"async\" class=\"aligncenter size-full wp-image-3170\" src=\"https:\/\/www.culture-numerique.fr\/wp-content\/uploads\/2015\/05\/smartphone-597284_1280.jpg\" alt=\"\" width=\"1280\" height=\"853\" srcset=\"https:\/\/www.culture-numerique.fr\/wp-content\/uploads\/2015\/05\/smartphone-597284_1280.jpg 1280w, https:\/\/www.culture-numerique.fr\/wp-content\/uploads\/2015\/05\/smartphone-597284_1280-300x200.jpg 300w, https:\/\/www.culture-numerique.fr\/wp-content\/uploads\/2015\/05\/smartphone-597284_1280-1024x682.jpg 1024w, https:\/\/www.culture-numerique.fr\/wp-content\/uploads\/2015\/05\/smartphone-597284_1280-100x67.jpg 100w, https:\/\/www.culture-numerique.fr\/wp-content\/uploads\/2015\/05\/smartphone-597284_1280-150x100.jpg 150w, https:\/\/www.culture-numerique.fr\/wp-content\/uploads\/2015\/05\/smartphone-597284_1280-200x133.jpg 200w, https:\/\/www.culture-numerique.fr\/wp-content\/uploads\/2015\/05\/smartphone-597284_1280-450x300.jpg 450w, https:\/\/www.culture-numerique.fr\/wp-content\/uploads\/2015\/05\/smartphone-597284_1280-600x400.jpg 600w, https:\/\/www.culture-numerique.fr\/wp-content\/uploads\/2015\/05\/smartphone-597284_1280-900x600.jpg 900w\" sizes=\"auto, (max-width: 1280px) 100vw, 1280px\" \/><\/a><\/p>\n<h3>Un nouvel accompagnement des collectivit\u00e9s\u00a0?<\/h3>\n<p>Comme les entreprises qui commencent \u00e0 comprendre qu&rsquo;il convient peut-\u00eatre de privil\u00e9gier la mobilit\u00e9 des pratiques professionnelles et <strong>le BYOD<\/strong> (AVEC en fran\u00e7ais, pour pour \u00ab\u00a0apportez votre \u00e9quipement personnel de communication\u00a0\u00bb), ce qui perturbe beaucoup les DSI mais les lib\u00e8re de la gestion de lourdes infrastructures mat\u00e9rielles, les collectivit\u00e9s commencent \u00e0 comprendre tous les avantages qu&rsquo;elles pouvaient tirer d&rsquo;<strong>une \u00e9volution radicale de l&rsquo;accompagnement mat\u00e9riel<\/strong> qu&rsquo;elles prodiguent aux \u00e9coles et \u00e9tablissements.<\/p>\n<p>Finis les lourds \u00e9quipements on\u00e9reux qui demandent des moyens financiers et humains importants pour les proc\u00e9dures d&rsquo;achat, la maintenance et l&rsquo;administration\u00a0! Finies les bagarres sans fin avec les op\u00e9rateurs pour tirer de la fibre en urgence l\u00e0 o\u00f9 c&rsquo;est difficile d&rsquo;en mettre\u00a0! Reste \u00e0 r\u00e9duire les in\u00e9galit\u00e9s, chantier sur lequel l&rsquo;\u00c9tat central s&rsquo;est engag\u00e9 \u00e0 aider les collectivit\u00e9s locales, tant pour ce qui concerne la connectivit\u00e9 en 4G et, bient\u00f4t, en 5G, et la disparition des zones blanches que pour ce qui concerne l&rsquo;\u00e9quipement personnel des \u00e9l\u00e8ves en permettant aux coll\u00e8ges d&rsquo;acheter quelques smartphones compl\u00e9mentaires, dont la fonction t\u00e9l\u00e9phone pourrait d&rsquo;ailleurs \u00eatre d\u00e9sactiv\u00e9e, pour les quelques \u00e9l\u00e8ves qui n&rsquo;en disposent pas\u2026<\/p>\n<p>Et puis aussi se pencher sur la fournitures de ressources \u00e9ducatives num\u00e9riques disponibles, dont les manuels scolaires, qui pourraient partiellement \u00eatre stock\u00e9es sur ces terminaux mobiles\u2026<\/p>\n<p>Bref que d&rsquo;heureuses perspectives sur lesquelles r\u00e9fl\u00e9chissent les \u00e9lus et fonctionnaires des collectivit\u00e9s en charge des \u00e9coles, coll\u00e8ges et lyc\u00e9es. Tant mieux.<\/p>\n<h3>Une interdiction r\u00e9affirm\u00e9e et fi\u00e8rement revendiqu\u00e9e<\/h3>\n<p>Au moment m\u00eame o\u00f9, \u00e0 la DNE, on r\u00e9fl\u00e9chit \u00e0 tout cela\u00a0\u2014\u00a0se r\u00e9f\u00e9rer \u00e0 <a href=\"https:\/\/www.youtube.com\/watch?v=fPKSHlJnvKw&amp;t=\" target=\"_blank\" rel=\"noopener\">ce que me r\u00e9pondait<\/a>, \u00e0 Ludovia, <a href=\"https:\/\/twitter.com\/jeandronmathieu\" target=\"_blank\" rel=\"noopener\">Mathieu Jeandron<\/a>, sur les d\u00e9marches entreprises aupr\u00e8s des affaires juridiques du minist\u00e8re pour interpr\u00e9ter ou faire \u00e9voluer le code de l&rsquo;\u00e9ducation et, notamment, <a href=\"https:\/\/www.legifrance.gouv.fr\/affichCodeArticle.do?cidTexte=LEGITEXT000006071191&amp;idArticle=LEGIARTI000022494861\" target=\"_blank\" rel=\"noopener\">son article L511-5<\/a>\u00a0\u2014\u00a0\u00a0le ministre <a href=\"https:\/\/fr.wikipedia.org\/wiki\/Jean-Michel_Blanquer\" target=\"_blank\" rel=\"noopener\">Jean-Michel Blanquer<\/a> faisait lui aussi sa rentr\u00e9e en annon\u00e7ant partout son intention de <strong>faire respecter \u00e0 la lettre<\/strong> les promesses de campagne du pr\u00e9sident nouvellement \u00e9lu.\u00a0\u00ab <span style=\"color: #800000;\"><em>Nous interdirons l\u2019usage des t\u00e9l\u00e9phones portables dans l\u2019enceinte des \u00e9coles primaires et des coll\u00e8ges.<\/em><\/span> \u00bb avait alors proclam\u00e9 le candidat.<\/p>\n<p>Compte tenu d&rsquo;une \u00e9volution sensible des pratiques de classe \u00e0 ce sujet, voir par exemple les t\u00e9moignages recueillis lors du dernier <a href=\"http:\/\/carnavalnumerique.fr\/\" target=\"_blank\" rel=\"noopener\">Carnaval num\u00e9rique<\/a>, compte tenu aussi du rel\u00e2chement observ\u00e9 de la r\u00e9glementation int\u00e9rieure des lyc\u00e9es et m\u00eame des coll\u00e8ges \u00e0 ce sujet, des dispenses et d\u00e9rogations accord\u00e9es \u00e7\u00e0 et l\u00e0 pour innover, il semblait acquis que, comme d&rsquo;habitude, ces promesses de campagne seraient vite oubli\u00e9es, d&rsquo;autant que l&rsquo;\u00e9cole a d&rsquo;autres chantiers plus importants et sensibles \u00e0 mener. Que nenni\u00a0! Le ministre, qui a pas mal occup\u00e9 le terrain des m\u00e9dias en cette rentr\u00e9e, n&rsquo;a pas manqu\u00e9 une occasion de rappeler sa d\u00e9termination \u00e0 \u00ab\u00a0<span style=\"color: #800000;\"><em>faire respecter les r\u00e8gles et le droit<\/em><\/span>\u00a0\u00bb.<\/p>\n<p>Interrog\u00e9 sur les modalit\u00e9s pratiques d&rsquo;une telle interdiction, le ministre a rappel\u00e9 ce qu&rsquo;il disait d\u00e9j\u00e0 fin juin dernier\u00a0et qui m&rsquo;avait permis de faire, en m&rsquo;effor\u00e7ant de sourire, quelques aimables \u00ab\u00a0<a href=\"https:\/\/www.culture-numerique.fr\/?p=6102\" target=\"_blank\" rel=\"noopener\">Petites suggestions pour restaurer l\u2019autorit\u00e9 du chef de l\u2019\u00c9tat en Conseil des ministres<\/a>\u00a0\u00bb.<\/p>\n<blockquote><p>\u00ab\u00a0Par exemple, en Conseil des ministres, il y a un casier. On y met son t\u00e9l\u00e9phone portable, et ensuite, on rentre en Conseil des ministres, de sorte qu&rsquo;on n&rsquo;est pas interrompu.\u00a0\u00bb<\/p><\/blockquote>\n<p><a href=\"https:\/\/www.culture-numerique.fr\/?attachment_id=6232\" rel=\"attachment wp-att-6232\"><img loading=\"lazy\" decoding=\"async\" class=\"alignleft wp-image-6232 size-medium\" src=\"https:\/\/www.culture-numerique.fr\/wp-content\/uploads\/2017\/09\/Cc26O4CXEAEI-hX-300x223.jpg\" alt=\"\" width=\"300\" height=\"223\" srcset=\"https:\/\/www.culture-numerique.fr\/wp-content\/uploads\/2017\/09\/Cc26O4CXEAEI-hX-300x223.jpg 300w, https:\/\/www.culture-numerique.fr\/wp-content\/uploads\/2017\/09\/Cc26O4CXEAEI-hX-100x74.jpg 100w, https:\/\/www.culture-numerique.fr\/wp-content\/uploads\/2017\/09\/Cc26O4CXEAEI-hX-150x111.jpg 150w, https:\/\/www.culture-numerique.fr\/wp-content\/uploads\/2017\/09\/Cc26O4CXEAEI-hX-200x148.jpg 200w, https:\/\/www.culture-numerique.fr\/wp-content\/uploads\/2017\/09\/Cc26O4CXEAEI-hX-450x334.jpg 450w, https:\/\/www.culture-numerique.fr\/wp-content\/uploads\/2017\/09\/Cc26O4CXEAEI-hX.jpg 600w\" sizes=\"auto, (max-width: 300px) 100vw, 300px\" \/><\/a><strong>En prenant ainsi la d\u00e9cision de confirmer cette interdiction<\/strong>, en allant m\u00eame jusqu&rsquo;\u00e0 <a href=\"http:\/\/www.ouest-france.fr\/education\/l-interdiction-du-portable-au-college-c-est-des-2018-espere-blanquer-5245910\" target=\"_blank\" rel=\"noopener\">envisager d\u00a0\u00bben renforcer<\/a>, \u00e0 br\u00e8ve \u00e9ch\u00e9ance, les modalit\u00e9s de mise en \u0153uvre, le ministre ne fait que flatter dans le sens du poil tous ceux, dont certains parents, qui pensent que l&rsquo;\u00e9cole, c&rsquo;\u00e9tait mieux avant, et ceux des professeurs qui, au mieux, se m\u00e9fient compl\u00e8tement de ce qu&rsquo;en font leurs \u00e9l\u00e8ves, au pire, ha\u00efssent compl\u00e8tement ces derniers, leurs habitudes de vauriens et la modernit\u00e9 ali\u00e9nante. Sic.<\/p>\n<p>Pas de chance pour notre vaillant ministre, les parents de la PEEP <a href=\"http:\/\/www.leparisien.fr\/societe\/bannir-les-portables-du-college-les-parents-d-eleves-de-la-peep-n-y-sont-pas-favorables-13-09-2017-7256592.php\" target=\"_blank\" rel=\"noopener\">ont protest\u00e9<\/a>\u00a0\u2014\u00a0on attend encore la moindre remarque de la FCPE \u00e0 ce sujet, tr\u00e8s curieusement silencieuse sur un sujet qui la concerne au premier chef\u00a0\u2014 mais c&rsquo;\u00e9tait plus pour douter de la capacit\u00e9 de l&rsquo;institution \u00e0 mettre en \u0153uvre pratiquement l&rsquo;interdiction plut\u00f4t qu&rsquo;\u00e0 la remettre en cause ou \u00e0 s&rsquo;interroger sur sa validit\u00e9 et son int\u00e9r\u00eat\u00a0:<\/p>\n<blockquote><p>\u00ab\u00a0Le d\u00e9p\u00f4t des t\u00e9l\u00e9phones portables au coll\u00e8ge pose un probl\u00e8me de logistique effroyable\u00a0\u00bb<\/p><\/blockquote>\n<p>On attend aussi les r\u00e9actions officielles des syndicats d&rsquo;enseignants ou des syndicats d&rsquo;\u00e9l\u00e8ves. Sur son blogue \u00e9ducation, l&rsquo;UNSA, sans prendre vraiment position, <a href=\"https:\/\/ecolededemain.wordpress.com\/2017\/09\/15\/7422\/\" target=\"_blank\" rel=\"noopener\">donne la parole<\/a> \u00e0 <a href=\"https:\/\/twitter.com\/numer_hic\" target=\"_blank\" rel=\"noopener\">Christian Westphal<\/a> qui utilise en classe les smartphones de ses \u00e9l\u00e8ves de coll\u00e8ge depuis un bon moment d\u00e9j\u00e0. Je vous en dis un mot plus loin.<\/p>\n<h3>Un certain d\u00e9ni de la r\u00e9alit\u00e9<\/h3>\n<blockquote class=\"twitter-tweet\" data-width=\"550\" data-dnt=\"true\">\n<p lang=\"fr\" dir=\"ltr\">Le portable ne fait pas partie de la liste des fournitures scolaires&#8230; en classe, il est interdit ! <a href=\"https:\/\/t.co\/RVLfQO8KgT\">https:\/\/t.co\/RVLfQO8KgT<\/a> <a href=\"https:\/\/twitter.com\/hashtag\/rentree2017?src=hash&amp;ref_src=twsrc%5Etfw\">#rentree2017<\/a> <a href=\"https:\/\/t.co\/KodhbUWRSo\">pic.twitter.com\/KodhbUWRSo<\/a><\/p>\n<p>&mdash; service-public.fr (@servicepublicfr) <a href=\"https:\/\/twitter.com\/servicepublicfr\/status\/905084044068753408?ref_src=twsrc%5Etfw\">September 5, 2017<\/a><\/p><\/blockquote>\n<p><script async src=\"https:\/\/platform.twitter.com\/widgets.js\" charset=\"utf-8\"><\/script><\/p>\n<p><strong>Le tweet ci-dessus<\/strong>, publi\u00e9 par le site officiel de l&rsquo;administration fran\u00e7aise, a suscit\u00e9 pas mal de remarques. Un certain <a href=\"https:\/\/twitter.com\/philippecasier\" target=\"_blank\" rel=\"noopener\">Philippe Casier<\/a>, principal de coll\u00e8ge, r\u00e9agit sur un grand r\u00e9seau social\u00a0:<\/p>\n<blockquote><p>\u00ab\u00a0Une nouvelle fois, l&rsquo;\u00c9ducation nationale passe \u00e0 c\u00f4t\u00e9 d&rsquo;une extraordinaire opportunit\u00e9. C&rsquo;est la premi\u00e8re g\u00e9n\u00e9ration \u00e0 se promener avec, dans la poche, un dictionnaire, une calculatrice scientifique, une encyclop\u00e9die, un atlas, une biblioth\u00e8que, une vid\u00e9oth\u00e8que, un appareil photo, un enregistreur pour les cours de langues, une cam\u00e9ra&#8230; Au lieu d&rsquo;apprendre \u00e0 s&rsquo;en servir, d&rsquo;apprendre \u00e0 trier et \u00e0 garder un esprit critique sur les informations&#8230; on veut interdire, sans d&rsquo;ailleurs y parvenir.\u00a0\u00bb<\/p><\/blockquote>\n<p><a href=\"https:\/\/www.culture-numerique.fr\/?attachment_id=1715\" rel=\"attachment wp-att-1715\"><img loading=\"lazy\" decoding=\"async\" class=\"alignright wp-image-1715 size-medium\" src=\"https:\/\/www.culture-numerique.fr\/wp-content\/uploads\/2012\/06\/tumblr_m5b021Ee7T1r0uc0h-300x225.jpg\" alt=\"\" width=\"300\" height=\"225\" srcset=\"https:\/\/www.culture-numerique.fr\/wp-content\/uploads\/2012\/06\/tumblr_m5b021Ee7T1r0uc0h-300x225.jpg 300w, https:\/\/www.culture-numerique.fr\/wp-content\/uploads\/2012\/06\/tumblr_m5b021Ee7T1r0uc0h-100x75.jpg 100w, https:\/\/www.culture-numerique.fr\/wp-content\/uploads\/2012\/06\/tumblr_m5b021Ee7T1r0uc0h-150x112.jpg 150w, https:\/\/www.culture-numerique.fr\/wp-content\/uploads\/2012\/06\/tumblr_m5b021Ee7T1r0uc0h-200x150.jpg 200w, https:\/\/www.culture-numerique.fr\/wp-content\/uploads\/2012\/06\/tumblr_m5b021Ee7T1r0uc0h-450x337.jpg 450w, https:\/\/www.culture-numerique.fr\/wp-content\/uploads\/2012\/06\/tumblr_m5b021Ee7T1r0uc0h.jpg 500w\" sizes=\"auto, (max-width: 300px) 100vw, 300px\" \/><\/a>Et puis, il y a <a href=\"http:\/\/www.francetvinfo.fr\/france\/rentree\/telephone-portable-interdit-au-college-on-communique-plus-disent-ces-eleves-deja-concernes-pres-de-tours_2377887.html\" target=\"_blank\" rel=\"noopener\">ce reportage<\/a> r\u00e9alis\u00e9 quelques jours apr\u00e8s ce rappel r\u00e9glementaire par <em><a href=\"http:\/\/www.francetvinfo.fr\/\" target=\"_blank\" rel=\"noopener\">francetvinfo.fr<\/a><\/em>. C&rsquo;est \u00e0\u00a0Loches, pr\u00e8s de Tours, et on y a d\u00e9cid\u00e9\u00a0\u2014\u00a0qui ? le r\u00e8glement int\u00e9rieur\u00a0?\u00a0\u2014 que les t\u00e9l\u00e9phones portables, tol\u00e9r\u00e9s dans la cour du coll\u00e8ge, ne le seraient plus. <strong>Arguments ultimes de la direction<\/strong>\u00a0: il n&rsquo;y a plus de photos prises en classe et plus de harc\u00e8lement non plus. Tout cela est totalement invraisemblable. D&rsquo;abord parce que les \u00e9l\u00e8ves s&rsquo;en contrefichent et <strong>font ce qu&rsquo;ils veulent<\/strong> en prenant des risques, ensuite parce que les parents, dans l&rsquo;impossibilit\u00e9 m\u00eame d&rsquo;envoyer un texto \u00e0 leur enfant vont finir par se rebeller, enfin parce que le temps scolaire, 35 h en moyenne, dont 30 h de cours pendant lesquels les \u00e9l\u00e8ves sont cens\u00e9s en principe faire autre chose que de harceler ou d&rsquo;\u00eatre harcel\u00e9s, ne repr\u00e9sente pas grand chose par rapport aux plus de 110 h d&rsquo;\u00e9veil hebdomadaire.<\/p>\n<p>Un jour, je ferai un billet pour d\u00e9noncer les fantasmes au sujet du harc\u00e8lement, ceux qui le lient par exemple aux pratiques num\u00e9riques, ceux qui ne le voient qu&rsquo;\u00e0 l&rsquo;\u00e9cole ou ceux qui en font un ph\u00e9nom\u00e8ne du moment et de la modernit\u00e9.<\/p>\n<p>En clair, dans ce coll\u00e8ge, on se fiche pas mal qu&rsquo;il y en ait, du harc\u00e8lement, <strong>du moment que \u00e7a ne soit pas \u00e0 l&rsquo;\u00e9cole<\/strong>. En prenant des mesures d&rsquo;interdiction, de r\u00e9torsion et de confiscation, contre le droit commun d&rsquo;ailleurs, ce principal, ce coll\u00e8ge, l&rsquo;institution scolaire en g\u00e9n\u00e9ral font exactement le contraire de la mission de service public qu&rsquo;on leur a assign\u00e9e. Au lieu de b\u00e2tir avec les principaux concern\u00e9s <strong>les fondements d&rsquo;une vie scolaire<\/strong>, en l&rsquo;occurrence la vie coll\u00e9gienne, comprise parce que n\u00e9goci\u00e9e puis longuement expliqu\u00e9e, ils pr\u00e9f\u00e8rent interdire et r\u00e9primer.<\/p>\n<p><strong>C&rsquo;est un choix.<\/strong><\/p>\n<p>https:\/\/twitter.com\/numer_hic\/status\/907945867679813632<\/p>\n<p><strong>Que d&rsquo;autres ne font pas<\/strong>. Sur <a href=\"https:\/\/ecolededemain.wordpress.com\/2017\/09\/15\/7422\/amp\/\" target=\"_blank\" rel=\"noopener\">le blogue <em>L&rsquo;\u00c9cole de demain<\/em><\/a>, <a href=\"https:\/\/twitter.com\/numer_hic\" target=\"_blank\" rel=\"noopener\">Christian Westphal<\/a>, professeur de sciences physiques dans un coll\u00e8ge du Bas-Rhin, raconte comment il utilise avec ses \u00e9l\u00e8ves les smartphones qu&rsquo;ils poss\u00e8dent. Il dit comment cela mobilise leur attention, les incite \u00e0 collaborer, <strong>les met en activit\u00e9<\/strong>.<\/p>\n<blockquote><p>\u00ab\u00a0Il n\u2019y a eu quasiment aucun \u201cd\u00e9rapage\u201d avec les t\u00e9l\u00e9phones. Ils sont sur la table et plus en dessous, du coup, c\u2019est plus facile de rep\u00e9rer ceux qui font autre chose. Si le SMS parental \u201cN\u2019oublie pas que c\u2019est Papy qui vient te chercher \u00e0 17 h\u201d arrive en plein cours, la r\u00e8gle est simple : on lit le message rapidement, on n\u2019y r\u00e9pond pas et on reprend le boulot.\u00a0\u00bb<\/p><\/blockquote>\n<p>Fort heureusement, il existe plein d&rsquo;exemples du m\u00eame type, dans des disciplines diff\u00e9rentes et \u00e0 des niveaux divers, avec l&rsquo;accord tacite et parfois complice de l&rsquo;administration ou des services du rectorat, o\u00f9 le smartphone\/ordinateur est utilis\u00e9 pour prendre quelques notes, faire quelques photos, consulter ce qu&rsquo;en dit Wikip\u00e9dia, faire un petit calcul rapide, consulter une carte, v\u00e9rifier l&rsquo;orthographe d&rsquo;un mot, que sais-je encore\u2026<\/p>\n<blockquote class=\"twitter-tweet\" data-width=\"550\" data-dnt=\"true\">\n<p lang=\"fr\" dir=\"ltr\">Aujourd&#39;hui j&#39;ai encourag\u00e9 le mal ! J&#39;ai invit\u00e9 1 \u00e9l\u00e8ve \u00e0 prendre 1 photo avec son t\u00e9l\u00e9phone pour finir la r\u00e9daction du TP \u00e0 la maison.<\/p>\n<p>&mdash; Boris DUNIAU (@BDuniau) <a href=\"https:\/\/twitter.com\/BDuniau\/status\/910528656790949893?ref_src=twsrc%5Etfw\">September 20, 2017<\/a><\/p><\/blockquote>\n<p><script async src=\"https:\/\/platform.twitter.com\/widgets.js\" charset=\"utf-8\"><\/script><\/p>\n<h3>L&rsquo;insupportable m\u00e9pris pour la jeunesse<\/h3>\n<p><a href=\"http:\/\/www.educavox.fr\/accueil\/reportages\/de-l-information-a-l-engagement-quatre-passeurs-de-savoir-temoignent\" target=\"_blank\" rel=\"noopener\">Dans <em>Educavox<\/em><\/a>, un professeur, <a href=\"https:\/\/www.linkedin.com\/in\/viviane-de-beaufort-0aa7208\/?ppe=1\" target=\"_blank\" rel=\"noopener\">Viviane de Beaufort<\/a>, explique\u00a0:<\/p>\n<blockquote><p>\u00ab Je n\u2019interdis pas le smartphone \u00e0 mes \u00e9tudiants : ce n&rsquo;est pas la peine d&rsquo;essayer de les emp\u00eacher d&rsquo;\u00eatre ce qu&rsquo;ils sont, il faut au contraire profiter de leurs talents. \u00bb<\/p><\/blockquote>\n<p>En prenant les d\u00e9cisions d&rsquo;interdiction et d&rsquo;ostracisation dont on parle, les \u00e9lus, les fonctionnaires apeur\u00e9s t\u00e9moignent, au contraire de cette professeure, de <strong>leur absolue incompr\u00e9hension<\/strong> de ce que sont, ce que sont devenus les jeunes d&rsquo;aujourd&rsquo;hui.<\/p>\n<p>Incapables de voir \u00e0 quel point ils ont chang\u00e9, \u00e0 quel point ils ont investi, avec talent, l&rsquo;\u00e9cosyst\u00e8me num\u00e9rique dans lequel ils baignent, ils adoptent \u00e0 leur \u00e9gard, \u00e0 leur encontre devrais-je dire, une attitude hautaine et m\u00e9prisante. J&rsquo;avais propos\u00e9, il y a plus de 4 ans d\u00e9j\u00e0, dans un article appel\u00e9 \u00ab\u00a0<a href=\"https:\/\/www.culture-numerique.fr\/?p=354\" target=\"_blank\" rel=\"noopener\">Ne dirait-on pas que les jeunes, nos enfants, les \u00e9l\u00e8ves, ne sont plus vraiment les m\u00eames <\/a>?\u00a0\u00bb,\u00a0 en examinant et en m&rsquo;interrogeant sur les pratiques num\u00e9riques m\u00e9diatiques massives des jeunes, quelques questionnements qui n&rsquo;ont gu\u00e8re trouv\u00e9 de r\u00e9ponse aujourd&rsquo;hui\u00a0:<\/p>\n<ul>\n<li>Quand les sollicitations sociales sont permanentes, <strong>comment mobiliser l\u2019attention des \u00e9l\u00e8ves<\/strong>, assis six heures par jour \u00e0 \u00e9couter leurs professeurs ?<\/li>\n<li>Comment concilier <strong>le travail collaboratif<\/strong> et coop\u00e9ratif avec l\u2019\u00e9valuation traditionnellement individuelle ?<\/li>\n<li>Comment int\u00e9grer dans les enseignements l\u2019acquisition par les \u00e9l\u00e8ves d\u2019<strong>une culture num\u00e9rique<\/strong>, technique mais aussi et surtout sociale et citoyenne ?<\/li>\n<\/ul>\n<p>Je concluais ainsi\u00a0:<\/p>\n<blockquote><p>\u00ab\u00a0Il nous faut cesser de r\u00eaver et d\u2019imaginer des \u00e9l\u00e8ves tels qu\u2019ils pourraient ou auraient pu \u00eatre, \u00e0 l\u2019image de ce que nous \u00e9tions nous-m\u00eames ou r\u00eavions d\u2019\u00eatre parfois, il y a quelques dizaines d\u2019ann\u00e9es.\u00a0\u00bb<\/p><\/blockquote>\n<p>Au-del\u00e0 du m\u00e9pris que ces adultes suppos\u00e9s responsables manifestent ouvertement pour les jeunes et ce qu&rsquo;ils sont aujourd&rsquo;hui, la r\u00e9affirmation de cette stupide interdiction est aussi particuli\u00e8rement <strong>m\u00e9prisante pour les enseignants eux-m\u00eames<\/strong>. Comment\u00a0? Ils ne seraient pas capables de mobiliser l&rsquo;attention et la disponibilit\u00e9 des \u00e9l\u00e8ves, malgr\u00e9 la suppos\u00e9e dispersion que leur occasionne, selon les dires m\u00eames du ministre inquiet, le machin honni\u00a0? Ils ne seraient pas capables de formuler des interdictions simples, de n\u00e9gocier dans le cadre de la classe les \u00e9l\u00e9ments fondateurs du vivre ensemble, d&rsquo;une vie scolaire apais\u00e9e qui rende les \u00e9l\u00e8ves plus autonomes, plus responsables\u00a0? <strong>Pour ma part, je suis convaincu du contraire<\/strong>. \u00c0 condition qu&rsquo;on les aide, que se b\u00e2tisse une r\u00e9elle solidarit\u00e9 entre les acteurs de l&rsquo;\u00e9cole, tous les acteurs, parents compris, qu&rsquo;on leur explique qu&rsquo;il vaut mieux, de temps en temps, \u00e9valuer l&rsquo;opportunit\u00e9 de traiter telle ou telle partie du programme en consid\u00e9ration particuli\u00e8re d&rsquo;<strong>apprentissages transversaux<\/strong>, ceux qui concernent l&rsquo;acquisition des comp\u00e9tences citoyennes ou l&rsquo;\u00e9ducation aux m\u00e9dias et \u00e0 l&rsquo;information, par exemple\u2026<\/p>\n<p>Oui, si on fait tout cela, je suis certain que la majorit\u00e9 des professeurs sont capables d&rsquo;adopter \u00e0 ce sujet un regard bienveillant et compr\u00e9hensif. Des efforts \u00e0 faire d\u00e9coule naturellement un r\u00e9sultat valorisant pour tout le monde.<\/p>\n<h3>Le n\u00e9o-obscurantisme des \u00e9lites<\/h3>\n<p>Nombreux sont ceux qui, au si\u00e8cle dernier d\u00e9j\u00e0, ont contribu\u00e9 \u00e0 faire de l&rsquo;\u00e9cole autoritaire de Jules Ferry <strong>une \u00e9cole ouverte, curieuse<\/strong> des \u00e9volutions de son temps, porteuse de valeurs, <strong>formant des citoyens \u00e9clair\u00e9s<\/strong> et capables d&rsquo;exercer leur esprit critique. Plus que jamais, le num\u00e9rique, fait social et culturel global, contraint l&rsquo;\u00e9cole aujourd&rsquo;hui \u00e0 renforcer cette mission, contre ceux qui voudraient en faire une machine \u00e0 produire des travailleurs, en accentuant l&rsquo;acquisition des connaissances et des comp\u00e9tences qui sont celles du jeune citoyen.<\/p>\n<p><strong>Le jeune citoyen de l&rsquo;\u00e8re num\u00e9rique a chang\u00e9<\/strong>, je vous l&rsquo;ai dit. Il a acquis des comp\u00e9tences qui lui permettent de mieux travailler avec les autres, de renforcer, en coop\u00e9rant ou en collaborant, l&rsquo;intelligence du collectif. Il sait s&rsquo;adapter \u00e0 de nouvelles situations ou conditions de travail. Il sait aussi qu&rsquo;on en veut beaucoup \u00e0 ses donn\u00e9es personnelles et il a appris \u00e0 se pr\u00e9munir et \u00e0 se prot\u00e9ger. Il a appris \u00e0 confronter son opinion \u00e0 celle des autres, il sait s&rsquo;adresser \u00e0 un auditoire, argumenter, d\u00e9battre. <strong>Il exerce pleinement sa libert\u00e9 d&rsquo;expression<\/strong> l\u00e0 o\u00f9 c&rsquo;est possible et o\u00f9 \u00e7a l&rsquo;int\u00e9resse. Il sait comment et o\u00f9 acc\u00e9der aux ressources documentaires dont il a besoin, en faire le tri, les valider, extraire le meilleur, critiquer le faux et s&rsquo;en d\u00e9barrasser.<\/p>\n<p><strong>Pour tout cela, il utilise les outils disponibles, \u00e0 commencer par le smartphone qu&rsquo;il a ordinairement dans la poche.<\/strong><\/p>\n<p><a href=\"https:\/\/www.culture-numerique.fr\/?attachment_id=6255\" rel=\"attachment wp-att-6255\"><img loading=\"lazy\" decoding=\"async\" class=\"size-full wp-image-6255 alignright\" src=\"https:\/\/www.culture-numerique.fr\/wp-content\/uploads\/2017\/09\/320px-An_auto_da_fe_in_the_Town_of_San_Bartolom\u00e9_Otzolotepec_-_Google_Art_Project.jpg\" alt=\"\" width=\"320\" height=\"212\" srcset=\"https:\/\/www.culture-numerique.fr\/wp-content\/uploads\/2017\/09\/320px-An_auto_da_fe_in_the_Town_of_San_Bartolom\u00e9_Otzolotepec_-_Google_Art_Project.jpg 320w, https:\/\/www.culture-numerique.fr\/wp-content\/uploads\/2017\/09\/320px-An_auto_da_fe_in_the_Town_of_San_Bartolom\u00e9_Otzolotepec_-_Google_Art_Project-300x199.jpg 300w, https:\/\/www.culture-numerique.fr\/wp-content\/uploads\/2017\/09\/320px-An_auto_da_fe_in_the_Town_of_San_Bartolom\u00e9_Otzolotepec_-_Google_Art_Project-100x66.jpg 100w, https:\/\/www.culture-numerique.fr\/wp-content\/uploads\/2017\/09\/320px-An_auto_da_fe_in_the_Town_of_San_Bartolom\u00e9_Otzolotepec_-_Google_Art_Project-150x99.jpg 150w, https:\/\/www.culture-numerique.fr\/wp-content\/uploads\/2017\/09\/320px-An_auto_da_fe_in_the_Town_of_San_Bartolom\u00e9_Otzolotepec_-_Google_Art_Project-200x133.jpg 200w\" sizes=\"auto, (max-width: 320px) 100vw, 320px\" \/><\/a><\/p>\n<p>Il aurait bien voulu mais voil\u00e0, il ne peut pas, on le lui interdit\u00a0: le machin \u00e0 acqu\u00e9rir des connaissances, \u00e0 mettre en \u0153uvre toutes les comp\u00e9tences d\u00e9crites plus haut, \u00e0 interagir avec sa sph\u00e8re sociale, dont la famille et les amis, doit \u00eatre rang\u00e9 une fois pour toutes au fond de son sac.<\/p>\n<p>L&rsquo;interdiction va-t-elle aussi concerner les tablettes, diff\u00e9rentes des smartphones en ce qu&rsquo;elles sont un peu plus grandes, pourtant d\u00e9ploy\u00e9es dans de nombreux coll\u00e8ges de France, et les objets connect\u00e9s, les montres par exemple\u00a0? <strong>Cet immense autodaf\u00e9 num\u00e9rique<\/strong> est ainsi celui qu&rsquo;organise aujourd&rsquo;hui une \u00e9cole qu&rsquo;on croyait pourtant d\u00e9vou\u00e9e \u00e0 servir les Lumi\u00e8res. J&rsquo;ai d\u00e9j\u00e0 \u00e9voqu\u00e9 ces nouvelles pratiques\u00a0moyen\u00e2geuses il y a plus de deux ans, dans un article titr\u00e9 \u00ab\u00a0<a href=\"https:\/\/www.culture-numerique.fr\/?p=3167\" target=\"_blank\" rel=\"noopener\">Les nouveaux inquisiteurs des autodaf\u00e9s num\u00e9riques<\/a>\u00a0\u00bb.<\/p>\n<p>C&rsquo;est l&rsquo;obscurantisme qui gagne l&rsquo;\u00e9cole, celui qui interdit, qui censure, qui confisque, qui jette au feu, qui voue aux g\u00e9monies, qui occulte, qui ne veut pas savoir, qui refuse de changer. Il est ainsi men\u00e9 par de nouveaux inquisiteurs, <a href=\"https:\/\/www.franceculture.fr\/societe\/jean-michel-blanquer-dans-leducation-cest-par-plus-de-liberte-quon-peut-aller-vers-plus\" target=\"_blank\" rel=\"noopener\">ceux qui appellent au discernement<\/a> quand il s&rsquo;agit d&rsquo;appeler \u00e0 <strong>la Raison<\/strong>.<\/p>\n<p>Les seuls qui peuvent nous sortir de ce pi\u00e8ge sont, si je me rapporte aux premiers paragraphes de ce billet, <strong>les collectivit\u00e9s territoriales<\/strong> qui, je l&rsquo;esp\u00e8re, vont bient\u00f4t prendre conscience qu&rsquo;il convient de porter leurs efforts dans le sens du soutien \u00e0 l&rsquo;\u00e9quipement personnel et ainsi contraindre l&rsquo;\u00e9cole \u00e0 \u00e9voluer et ouvrir les yeux. S&rsquo;ils pouvaient disposer\u00a0<strong>du soutien des \u00e9l\u00e8ves<\/strong> eux-m\u00eames et de leurs parents, ce ne serait pas plus mal\u2026<\/p>\n<p>Pour aller plus loin sur le sujet, au-del\u00e0 des liens d\u00e9j\u00e0 indiqu\u00e9s dans le corps du texte\u00a0:<\/p>\n<ul>\n<li><a href=\"https:\/\/www.nextinpact.com\/news\/105169-le-ministre-leducation-nationale-face-au-defi-linterdiction-mobiles-au-college.htm\" target=\"_blank\" rel=\"noopener\">un article de Nextinpact<\/a> qui fait un point rigoureux sur cette interdiction\u00a0;<\/li>\n<li><a href=\"https:\/\/format30.com\/2014\/10\/30\/formation-et-innovation-les-six-avantages-du-byod\/\" target=\"_blank\" rel=\"noopener\">un article d\u00e9j\u00e0 ancien<\/a>\u00a0de <a href=\"https:\/\/twitter.com\/formation3_0\" target=\"_blank\" rel=\"noopener\">Marco Bertolini<\/a> sur les avantages du BYOD\u00a0;<\/li>\n<li><a href=\"https:\/\/blogs.mediapart.fr\/jean-pierre-veran\/blog\/180917\/la-querelle-des-portables-au-college-un-faux-debat\" target=\"_blank\" rel=\"noopener\">un article<\/a> de <a href=\"https:\/\/www.linkedin.com\/in\/veran-jean-pierre-48922942\/?ppe=1\" target=\"_blank\" rel=\"noopener\">Jean-Pierre V\u00e9ran<\/a> sur son blogue selon lequel cette querelle serait un faux d\u00e9bat\u00a0;<\/li>\n<li><a href=\"http:\/\/www.adjectif.net\/spip\/spip.php?article440\" target=\"_blank\" rel=\"noopener\">un article \u00e9clairant<\/a>, quoique utilisant un vocabulaire d\u00e9cal\u00e9, sur les apports de l\u2019utilisation du t\u00e9l\u00e9phone mobile multifonctions dans les pratiques p\u00e9dagogiques en contexte universitaire.<\/li>\n<\/ul>\n<p>Michel Guillou\u00a0<a href=\"https:\/\/twitter.com\/michelguillou\" target=\"_blank\" rel=\"noopener\">@michelguillou<\/a><\/p>\n<p><a href=\"http:\/\/creativecommons.org\/licenses\/by-nc-sa\/4.0\/\" target=\"_blank\" rel=\"noopener\"><img loading=\"lazy\" decoding=\"async\" src=\"https:\/\/i.creativecommons.org\/l\/by-nc-sa\/2.0\/fr\/80x15.png\" alt=\"image\" width=\"80\" height=\"15\" data-pin-nopin=\"true\" \/><\/a><\/p>\n<p>Cr\u00e9dit image\u00a0: <a href=\"http:\/\/pixabay.com\/fr\/users\/TaniaVdB-54472\/\">TaniaVdB<\/a>\u00a0sous licence\u00a0CC0 Public Domain via\u00a0<a href=\"http:\/\/pixabay.com\/\">Pixabay<\/a>,\u00a0<a href=\"http:\/\/www.flickr.com\/photos\/jezaroul\/7310093456\/\" target=\"_blank\" rel=\"noopener\">jezaroul<\/a>\u00a0via\u00a0<a href=\"http:\/\/photopin.com\/\" target=\"_blank\" rel=\"noopener\">photo pin<\/a>\u00a0<a href=\"http:\/\/creativecommons.org\/licenses\/by-nc-nd\/2.0\/\" target=\"_blank\" rel=\"noopener\">cc<\/a>, Di <a class=\"external text\" href=\"https:\/\/www.flickr.com\/people\/46151146@N04\" rel=\"nofollow\">Takashi Hososhima<\/a> from Tokyo, Japan &#8211; <a class=\"external text\" href=\"https:\/\/www.flickr.com\/photos\/htakashi\/8591987743\/\" rel=\"nofollow\">Traditional cell phone vs Smart phone<\/a>, <a title=\"Creative Commons Attribution-Share Alike 2.0\" href=\"http:\/\/creativecommons.org\/licenses\/by-sa\/2.0\">CC BY-SA 2.0<\/a>, <a href=\"https:\/\/commons.wikimedia.org\/w\/index.php?curid=56297122\">Collegamento<\/a>\u00a0 et \u00ab\u00a0auto da fe in the Town of San Bartolom\u00e9 Otzolotepec\u00a0\u00bb via <a href=\"https:\/\/commons.wikimedia.org\/wiki\/File:An_auto_da_fe_in_the_Town_of_San_Bartolom%C3%A9_Otzolotepec_-_Google_Art_Project.jpg\" target=\"_blank\" rel=\"noopener\">Wikim\u00e9dia Commons<\/a>.<\/p>\n<p>[cite]<\/p>\n","protected":false},"excerpt":{"rendered":"<p><a href=\"https:\/\/www.culture-numerique.fr\/?attachment_id=6217\" rel=\"attachment wp-att-6217\"><img loading=\"lazy\" decoding=\"async\" class=\"aligncenter size-full wp-image-6217\" src=\"https:\/\/www.culture-numerique.fr\/wp-content\/uploads\/2017\/09\/1091px-Traditional_cell_phone_vs_Smart_phone.jpg\" alt=\"\" width=\"1090\" height=\"624\" srcset=\"https:\/\/www.culture-numerique.fr\/wp-content\/uploads\/2017\/09\/1091px-Traditional_cell_phone_vs_Smart_phone.jpg 1090w, https:\/\/www.culture-numerique.fr\/wp-content\/uploads\/2017\/09\/1091px-Traditional_cell_phone_vs_Smart_phone-300x172.jpg 300w, https:\/\/www.culture-numerique.fr\/wp-content\/uploads\/2017\/09\/1091px-Traditional_cell_phone_vs_Smart_phone-1024x586.jpg 1024w, https:\/\/www.culture-numerique.fr\/wp-content\/uploads\/2017\/09\/1091px-Traditional_cell_phone_vs_Smart_phone-100x57.jpg 100w, https:\/\/www.culture-numerique.fr\/wp-content\/uploads\/2017\/09\/1091px-Traditional_cell_phone_vs_Smart_phone-150x86.jpg 150w, https:\/\/www.culture-numerique.fr\/wp-content\/uploads\/2017\/09\/1091px-Traditional_cell_phone_vs_Smart_phone-200x114.jpg 200w, https:\/\/www.culture-numerique.fr\/wp-content\/uploads\/2017\/09\/1091px-Traditional_cell_phone_vs_Smart_phone-450x258.jpg 450w, https:\/\/www.culture-numerique.fr\/wp-content\/uploads\/2017\/09\/1091px-Traditional_cell_phone_vs_Smart_phone-600x343.jpg 600w, https:\/\/www.culture-numerique.fr\/wp-content\/uploads\/2017\/09\/1091px-Traditional_cell_phone_vs_Smart_phone-900x515.jpg 900w\" sizes=\"auto, (max-width: 1090px) 100vw, 1090px\" \/><\/a><\/p>\n<p><strong>Voil\u00e0 plus de vingt cinq ans<\/strong> que les collectivit\u00e9s locales, communes, d\u00e9partements, r\u00e9gions, chacune pour sa part, avec ses moyens propres et forc\u00e9ment in\u00e9gaux, dans son domaine de comp\u00e9tences, \u00e9quipent les salles de classe des \u00e9coles,<\/p>\n<p><span class=\"ellipsis\">&hellip;<\/span><\/p>\n<div class=\"read-more\"><a href=\"https:\/\/www.culture-numerique.fr\/?p=6210\">Lire la suite &#8250;<\/a><\/div>\n<p><!-- end of .read-more --><\/p>\n","protected":false},"author":1,"featured_media":6217,"comment_status":"open","ping_status":"open","sticky":false,"template":"","format":"standard","meta":{"jetpack_post_was_ever_published":false,"_jetpack_newsletter_access":"","_jetpack_dont_email_post_to_subs":false,"_jetpack_newsletter_tier_id":0,"_jetpack_memberships_contains_paywalled_content":false,"_jetpack_memberships_contains_paid_content":false,"footnotes":""},"categories":[9],"tags":[696,46,162,284,188,172,81,785,159],"class_list":["post-6210","post","type-post","status-publish","format-standard","has-post-thumbnail","hentry","category-billets-dhumeur","tag-byod","tag-citoyennete","tag-collectivites-territoriales","tag-equipements","tag-obscurantisme","tag-ordiphones","tag-pratiques-numeriques","tag-smartphones","tag-vie-scolaire"],"jetpack_featured_media_url":"https:\/\/www.culture-numerique.fr\/wp-content\/uploads\/2017\/09\/1091px-Traditional_cell_phone_vs_Smart_phone.jpg","jetpack_sharing_enabled":true,"_links":{"self":[{"href":"https:\/\/www.culture-numerique.fr\/index.php?rest_route=\/wp\/v2\/posts\/6210","targetHints":{"allow":["GET"]}}],"collection":[{"href":"https:\/\/www.culture-numerique.fr\/index.php?rest_route=\/wp\/v2\/posts"}],"about":[{"href":"https:\/\/www.culture-numerique.fr\/index.php?rest_route=\/wp\/v2\/types\/post"}],"author":[{"embeddable":true,"href":"https:\/\/www.culture-numerique.fr\/index.php?rest_route=\/wp\/v2\/users\/1"}],"replies":[{"embeddable":true,"href":"https:\/\/www.culture-numerique.fr\/index.php?rest_route=%2Fwp%2Fv2%2Fcomments&post=6210"}],"version-history":[{"count":50,"href":"https:\/\/www.culture-numerique.fr\/index.php?rest_route=\/wp\/v2\/posts\/6210\/revisions"}],"predecessor-version":[{"id":6264,"href":"https:\/\/www.culture-numerique.fr\/index.php?rest_route=\/wp\/v2\/posts\/6210\/revisions\/6264"}],"wp:featuredmedia":[{"embeddable":true,"href":"https:\/\/www.culture-numerique.fr\/index.php?rest_route=\/wp\/v2\/media\/6217"}],"wp:attachment":[{"href":"https:\/\/www.culture-numerique.fr\/index.php?rest_route=%2Fwp%2Fv2%2Fmedia&parent=6210"}],"wp:term":[{"taxonomy":"category","embeddable":true,"href":"https:\/\/www.culture-numerique.fr\/index.php?rest_route=%2Fwp%2Fv2%2Fcategories&post=6210"},{"taxonomy":"post_tag","embeddable":true,"href":"https:\/\/www.culture-numerique.fr\/index.php?rest_route=%2Fwp%2Fv2%2Ftags&post=6210"}],"curies":[{"name":"wp","href":"https:\/\/api.w.org\/{rel}","templated":true}]}}