{"id":6139,"date":"2017-07-20T09:14:34","date_gmt":"2017-07-20T07:14:34","guid":{"rendered":"https:\/\/www.culture-numerique.fr\/?p=6139"},"modified":"2017-07-21T16:49:11","modified_gmt":"2017-07-21T14:49:11","slug":"en-finir-avec-lincantation-des-usages-responsables-definitivement","status":"publish","type":"post","link":"https:\/\/www.culture-numerique.fr\/?p=6139","title":{"rendered":"En finir avec l&rsquo;incantation des usages responsables\u00a0! D\u00e9finitivement\u2026"},"content":{"rendered":"<p><a href=\"https:\/\/www.culture-numerique.fr\/wp-content\/uploads\/2017\/06\/grimace-1012862_1280.jpg\" rel=\"attachment wp-att-6142\"><img loading=\"lazy\" decoding=\"async\" class=\"aligncenter wp-image-6142 size-full\" src=\"https:\/\/www.culture-numerique.fr\/wp-content\/uploads\/2017\/06\/grimace-1012862_1280.jpg\" alt=\"\" width=\"1280\" height=\"853\" srcset=\"https:\/\/www.culture-numerique.fr\/wp-content\/uploads\/2017\/06\/grimace-1012862_1280.jpg 1280w, https:\/\/www.culture-numerique.fr\/wp-content\/uploads\/2017\/06\/grimace-1012862_1280-300x200.jpg 300w, https:\/\/www.culture-numerique.fr\/wp-content\/uploads\/2017\/06\/grimace-1012862_1280-1024x682.jpg 1024w, https:\/\/www.culture-numerique.fr\/wp-content\/uploads\/2017\/06\/grimace-1012862_1280-100x67.jpg 100w, https:\/\/www.culture-numerique.fr\/wp-content\/uploads\/2017\/06\/grimace-1012862_1280-150x100.jpg 150w, https:\/\/www.culture-numerique.fr\/wp-content\/uploads\/2017\/06\/grimace-1012862_1280-200x133.jpg 200w, https:\/\/www.culture-numerique.fr\/wp-content\/uploads\/2017\/06\/grimace-1012862_1280-450x300.jpg 450w, https:\/\/www.culture-numerique.fr\/wp-content\/uploads\/2017\/06\/grimace-1012862_1280-600x400.jpg 600w, https:\/\/www.culture-numerique.fr\/wp-content\/uploads\/2017\/06\/grimace-1012862_1280-900x600.jpg 900w\" sizes=\"auto, (max-width: 1280px) 100vw, 1280px\" \/><\/a><\/p>\n<p><strong>Toute l&rsquo;histoire a commenc\u00e9<\/strong> il y a un bon moment d\u00e9j\u00e0, six ans, je crois, \u00e0 la cr\u00e9ation du <a href=\"http:\/\/eduscol.education.fr\/internet-responsable\/communication-et-vie-privee\/communiquer-travailler-collectivement\/communiquer-avec-ses-intimes-sa-famille-ses-amis-ses-camarades-ses-professeurs.html#id156641\" target=\"_blank\" rel=\"noopener\">portail \u00ab&nbsp;Internet responsable&nbsp;\u00bb<\/a> sur Eduscol. Pour avoir fait partie des gens dont on a, sur ce projet, sollicit\u00e9 l&rsquo;avis, je peux t\u00e9moigner avoir voulu faire avancer, avec d&rsquo;autres, cette notion de culture et de d\u00e9veloppement de la responsabilit\u00e9, au d\u00e9triment d&rsquo;autres d\u00e9marches moins \u00e9ducatives. Je vous assure que, \u00e0 cette \u00e9poque, ils n&rsquo;\u00e9taient pas rares ceux qui auraient souhait\u00e9 r\u00e9primer et sanctionner davantage <strong>ces pratiques num\u00e9riques des jeunes si insupportables<\/strong>, les pratiques comme les jeunes, qu&rsquo;il n&rsquo;\u00e9tait d\u00e9cid\u00e9ment plus possible de laisser perturber d\u00e9j\u00e0 et tant le fonctionnement m\u00eame de l&rsquo;\u00e9cole.<\/p>\n<p>Donc est arriv\u00e9 le portail \u00ab&nbsp;Internet responsable&nbsp;\u00bb, cens\u00e9 s&rsquo;adresser \u00e0 tous les publics, personnels cadres et enseignants, parents d&rsquo;\u00e9l\u00e8ves, \u00e9l\u00e8ves. Tr\u00e8s rapidement, cette derni\u00e8re population est apparue comme n&rsquo;\u00e9tant qu&rsquo;une cible bien secondaire du dispositif. \u00c0 ma connaissance, on n&rsquo;a jamais consult\u00e9 sur ce sujet, par exemple, les \u00e9l\u00e8ves lyc\u00e9ens d\u00e9l\u00e9gu\u00e9s au Conseil national de la vie lyc\u00e9enne. Dommage, ils auraient eu tant \u00e0 dire&nbsp;! Et puis les contenus sont vite apparus pour l&rsquo;essentiel comme professionnels, juridiques, r\u00e9glementaires, reprenant \u00e7\u00e0 et l\u00e0 de vieux contenus comme les fiches L\u00e9gam\u00e9dia ainsi que des documents venus d&rsquo;ailleurs et surtout d&rsquo;un peu n&rsquo;importe o\u00f9.<\/p>\n<p><a href=\"http:\/\/www.education-aux-medias.ac-versailles.fr\/IMG\/pdf\/memotice_echanger.pdf\" rel=\"attachment wp-att-6161\"><img loading=\"lazy\" decoding=\"async\" class=\"alignright wp-image-6161 size-medium\" src=\"https:\/\/www.culture-numerique.fr\/wp-content\/uploads\/2017\/07\/2017-07-19_012349-300x174.png\" alt=\"\" width=\"300\" height=\"174\" srcset=\"https:\/\/www.culture-numerique.fr\/wp-content\/uploads\/2017\/07\/2017-07-19_012349-300x174.png 300w, https:\/\/www.culture-numerique.fr\/wp-content\/uploads\/2017\/07\/2017-07-19_012349-100x58.png 100w, https:\/\/www.culture-numerique.fr\/wp-content\/uploads\/2017\/07\/2017-07-19_012349-150x87.png 150w, https:\/\/www.culture-numerique.fr\/wp-content\/uploads\/2017\/07\/2017-07-19_012349-200x116.png 200w, https:\/\/www.culture-numerique.fr\/wp-content\/uploads\/2017\/07\/2017-07-19_012349-450x261.png 450w, https:\/\/www.culture-numerique.fr\/wp-content\/uploads\/2017\/07\/2017-07-19_012349.png 537w\" sizes=\"auto, (max-width: 300px) 100vw, 300px\" \/><\/a>Des documents con\u00e7us tout expr\u00e8s pour \u00ab&nbsp;parler&nbsp;\u00bb aux jeunes, aux \u00e9l\u00e8ves, comme l&rsquo;excellent \u00ab<a href=\"http:\/\/www.education-aux-medias.ac-versailles.fr\/IMG\/pdf\/memotice_echanger.pdf\" target=\"_blank\" rel=\"noopener\">\u00c9changer, s&rsquo;exprimer en ligne : trouver la bonne m\u00e9dia-attitude<\/a>&nbsp;\u00bb, \u00e0 la r\u00e9daction duquel j&rsquo;ai particip\u00e9, et qui avait \u00e9t\u00e9 con\u00e7u, lui, en collaboration avec des \u00e9l\u00e8ves du Conseil acad\u00e9mique de la vie lyc\u00e9enne versaillaise, est noy\u00e9 dans <a href=\"http:\/\/eduscol.education.fr\/internet-responsable\/communication-et-vie-privee\/communiquer-travailler-collectivement\/communiquer-avec-ses-intimes-sa-famille-ses-amis-ses-camarades-ses-professeurs.html#id156641\" target=\"_blank\" rel=\"noopener\">une page de ressources<\/a>&nbsp;dont beaucoup semblent s&rsquo;adresser aux jeunes. Pourtant, <strong>le vocabulaire choisi<\/strong> et les r\u00e9f\u00e9rences juridiques s\u00e9lectionn\u00e9es destinent ces derni\u00e8res plus volontiers \u00e0 des adultes.<\/p>\n<h3>La responsabilit\u00e9&nbsp;: une vertu immanente&nbsp;?<\/h3>\n<p>\u00c0 en croire les r\u00e9f\u00e9rentiels de comp\u00e9tences disponibles, les \u00e9l\u00e8ves, les jeunes devraient savoir de mani\u00e8re quasi inn\u00e9e quand ils sont responsables ou quand ils ne le sont pas.<\/p>\n<p>S&rsquo;agit-il d&rsquo;adopter un comportement \u00e9thique&nbsp;? Quelles sont les r\u00e8gles, conventions et valeurs de cette \u00e9thique&nbsp;? Qui en rappelle les fondements&nbsp;? La n\u00e9tiquette dont tout le monde s&rsquo;accorde \u00e0 penser qu&rsquo;elle d\u00e9finit les conventions sociales en ligne ne rappelle-t-elle pas des \u00e9vidences imm\u00e9moriales de la vie sociale ordinaire et non num\u00e9rique, si tant est que cette derni\u00e8re puisse s&rsquo;affranchir du contexte num\u00e9rique permanent&nbsp;?<\/p>\n<p>Nul ne le sait. Pour savoir ce qu&rsquo;est \u00eatre responsable, en trouvant des r\u00e9ponses \u00e0 ces questions, il faut beaucoup, beaucoup chercher.<\/p>\n<p>\u00c9taient-elles responsables, ces coll\u00e9giennes d\u00e9finitivement exclues en 2003 pour avoir abus\u00e9 de la libert\u00e9 de s&rsquo;exprimer en insultant quelque peu sur un blogue l&rsquo;un de leurs professeurs&nbsp;? Je vous ai <a href=\"https:\/\/www.culture-numerique.fr\/?p=333\" target=\"_blank\" rel=\"noopener\">d\u00e9j\u00e0 racont\u00e9 cette triste histoire<\/a>. \u00c9tait-il responsable, Ludovic, ce jeune \u00e9colier de CM2 qui faisait chez lui, le mercredi apr\u00e8s-midi, des vid\u00e9os pas trop sympathiques \u00e0 l&rsquo;\u00e9gard &nbsp;de ses camarades et de son professeur&nbsp;? L\u00e0 encore, <a href=\"https:\/\/www.culture-numerique.fr\/?p=4882\" target=\"_blank\" rel=\"noopener\">je vous ai d\u00e9j\u00e0 racont\u00e9 tout cela<\/a>&nbsp;dans un article titr\u00e9 \u00ab&nbsp;Internet responsable : <strong>l\u2019irresponsabilit\u00e9 n\u2019est d\u00e9cid\u00e9ment pas l\u00e0 o\u00f9 on la croit<\/strong>&nbsp;\u00bb. Exclu, lui aussi, d\u00e9finitivement aussi. Il s&rsquo;est pass\u00e9 <strong>treize ans<\/strong> entre les deux \u00e9v\u00e9nements. Que s&rsquo;est-il pass\u00e9 entre temps&nbsp;? Pas grand chose.<\/p>\n<p>Est-il aujourd&rsquo;hui responsable <a href=\"http:\/\/mobile.lemonde.fr\/pixels\/article\/2017\/07\/18\/le-compte-twitter-du-ministere-de-la-culture-detourne-durant-la-nuit_5161827_4408996.html\" target=\"_blank\" rel=\"noopener\">le jeune coll\u00e9gien qui a utilis\u00e9<\/a> le terminal d&rsquo;un de ses parents, en charge d&rsquo;animer le fil Twitter du minist\u00e8re de la Culture et a prof\u00e9r\u00e9 des insanit\u00e9s pendant de longues heures&nbsp;? Qui est le plus responsable dans l&rsquo;histoire&nbsp;? Ne s&rsquo;agirait-il pas plut\u00f4t du parent incapable de s\u00e9curiser son terminal professionnel ou m\u00eame de savoir pr\u00e9cis\u00e9ment ce que fait son fils la nuit au lieu de dormir&nbsp;?<\/p>\n<p>Tous ces jeunes sont \u00e9videmment responsables devant la loi, comme leurs parents d&rsquo;ailleurs. Mais <strong>\u00e9taient-ils capables d&rsquo;assumer toute leur responsabilit\u00e9<\/strong>, aucun d&rsquo;entre eux n&rsquo;ayant probablement jamais appris, de leurs parents comme \u00e0 l&rsquo;\u00e9cole, comment faire. Un simple coup d&rsquo;\u0153il \u00e0 l&rsquo;ensemble des r\u00e9f\u00e9rentiels de comp\u00e9tences disponibles montre que la notion de responsabilit\u00e9, toujours mise en avant d\u00e8s qu&rsquo;il s&rsquo;agit d&rsquo;aborder la formation du jeune citoyen, appara\u00eet toujours comme une \u00e9vidence, <strong>un truisme \u00e9ducatif<\/strong> qui ne m\u00e9rite aucune explicitation.<\/p>\n<p>On est ou on n&rsquo;est pas responsable, c&rsquo;est tout. Circulez&nbsp;!<\/p>\n<h3>Les risques et la d\u00e9fiance d&rsquo;abord, avant toute opportunit\u00e9<\/h3>\n<p>Il &nbsp;y a d\u00e9finitivement <strong>quelque chose de cass\u00e9<\/strong> dans notre syst\u00e8me \u00e9ducatif. <a href=\"http:\/\/owni.sabineblanc.net\/internet-et-sida-me%25cc%2582me-prescription-scolaire.pdf\" target=\"_blank\" rel=\"noopener\">Depuis plus de dix ans<\/a>, on apprend le num\u00e9rique et l&rsquo;Internet comme on apprend les MST, le sida, le tabac ou l&rsquo;alcool. S&rsquo;il est constant que l&rsquo;\u00e9ducation aux risques est au centre du travail \u00e9ducatif pour ce qui concerne ces derniers, il n&rsquo;est pas imaginable, dans mon esprit, de ne pas envisager d&rsquo;abord d&rsquo;<strong>\u00e9voquer les incroyables potentialit\u00e9s et opportunit\u00e9s<\/strong> du num\u00e9rique avant, et bien avant, d&rsquo;en envisager les risques.<\/p>\n<p>Vous ne me croyez pas ? Sur le portail en r\u00e9f\u00e9rence, il existe <a href=\"http:\/\/eduscol.education.fr\/internet-responsable\/ressources\/legamedia\/liberte-d-expression-et-ses-limites.html\" target=\"_blank\" rel=\"noopener\">une fiche r\u00e9serv\u00e9e \u00e0 la libert\u00e9 d&rsquo;expression<\/a>. On peut y lire l&rsquo;introduction suivante&nbsp;:<\/p>\n<blockquote><p>\u00ab&nbsp;En France, la libert\u00e9 d\u2019expression est consacr\u00e9e par l\u2019article 11 de la D\u00e9claration des droits de l\u2019homme et du citoyen. En revanche, la libert\u00e9 d\u2019expression n\u2019est pas un droit absolu et elle se trouve affect\u00e9e de nombreuses limites que les internautes ne doivent pas ignorer.&nbsp;\u00bb<\/p><\/blockquote>\n<p>M\u00eame si la tonalit\u00e9 de ces fiches est bien s\u00fbr plut\u00f4t de nature juridique, ses auteurs ne peuvent faire comme s&rsquo;il ne s&rsquo;agissait pas avant tout d&rsquo;un portail \u00e0 vocation \u00e9ducative et p\u00e9dagogique, propos\u00e9 \u00e0 \u00e0 la lecture des enseignants et des \u00e9l\u00e8ves et ainsi totalement oublier d&rsquo;expliquer pourquoi ce droit fondamental qu&rsquo;est la libert\u00e9 d&rsquo;expression prend aujourd&rsquo;hui, avec Internet, <strong>une dimension d&rsquo;un tout autre ordre<\/strong>. <a href=\"https:\/\/www.culture-numerique.fr\/?p=2562\" target=\"_blank\" rel=\"noopener\">J&rsquo;ai expliqu\u00e9 ici-m\u00eame<\/a> pourquoi, aujourd&rsquo;hui, il devenait urgent et important d&rsquo;apprendre \u00e0 exercer ce droit, pourquoi cette libert\u00e9 devenait un enjeu \u00e9ducatif de toute premi\u00e8re importance. Ce qui n&rsquo;exclut nullement d&rsquo;\u00e9voquer les limites et les risques, car il en existe, et ce d&rsquo;autant plus facilement qu&rsquo;on a mobilis\u00e9 son app\u00e9tit et son \u00e9nergie \u00e0 tirer de l&rsquo;exercice de cette libert\u00e9 ce qu&rsquo;il y a de meilleur.<\/p>\n<p>Cette attitude profond\u00e9ment anti-\u00e9ducative s&rsquo;insinue doucement dans les projets des enseignants et leurs pratiques professionnelles, y compris chez celles ou ceux qui semblent \u00eatre en connexion avec l&rsquo;innovation num\u00e9rique et leur temps. Ainsi, tout r\u00e9cemment, a \u00e9t\u00e9 publi\u00e9 le travail tr\u00e8s int\u00e9ressant de deux professeures d&rsquo;anglais \u00ab&nbsp;<a href=\"https:\/\/www.genial.ly\/View\/Index\/59183369c10e1a04c406a8f9#page-1\" target=\"_blank\" rel=\"noopener\">Stop the Cyberbullies<\/a>&nbsp;\u00bb, qui me semble d&rsquo;excellente facture et m\u00e9rite d&rsquo;\u00eatre valoris\u00e9\u2026 s&rsquo;il n&rsquo;\u00e9tait pr\u00e9c\u00e9d\u00e9, dans sa pr\u00e9sentation, de prol\u00e9gom\u00e8nes ahurissants&nbsp;:<\/p>\n<blockquote><p>\u00ab&nbsp;En effet, nos \u00e9l\u00e8ves sont habitu\u00e9s \u00e0 se servir des r\u00e9seaux sociaux pour publier tout et n&rsquo;importe quoi, ce qui peut parfois amener aux d\u00e9rives que nous connaissons&nbsp;: le cyberharc\u00e8lement.&nbsp;\u00bb<\/p><\/blockquote>\n<p>Quel manque absolu de bienveillance, quelle terrible <strong>absence de lucidit\u00e9<\/strong>, quelle frousse, car il ne s&rsquo;agit de rien d&rsquo;autre&nbsp;! Comment oser comparer l&rsquo;extraordinaire et richissime production num\u00e9rique des jeunes, tous m\u00e9dias et supports confondus, avec les manquements observ\u00e9s \u00e7\u00e0 et l\u00e0&nbsp;? Et comme ce propos use d&rsquo;un mis\u00e9rable sophisme en amenant le harc\u00e8lement sur le tapis, il convient de rappeler que cette conduite abusive et parfois criminelle sait parfaitement et malheureusement, bien s\u00fbr, s&rsquo;affranchir du num\u00e9rique.&nbsp;En l&rsquo;occurrence, <strong>l&rsquo;irresponsabilit\u00e9 et le \u00ab&nbsp;tout et n&rsquo;importe quoi&nbsp;\u00bb est bien du c\u00f4t\u00e9 des adultes.<\/strong><\/p>\n<h3>Les usages responsables&nbsp;: un oxymore&nbsp;?<\/h3>\n<p>Il peut \u00eatre int\u00e9ressant de reprendre les premiers mots cit\u00e9s ci-dessus \u00ab&nbsp;<span style=\"color: #800000;\"><em>nos \u00e9l\u00e8ves sont habitu\u00e9s \u00e0 se servir des r\u00e9seaux sociaux<\/em><\/span>&nbsp;\u00bb qui sont l&rsquo;\u00e9clatant t\u00e9moignage de l&rsquo;incompr\u00e9hension des adultes. Les jeunes, les \u00e9l\u00e8ves, ne se \u00ab&nbsp;servent&nbsp;\u00bb pas des r\u00e9seaux sociaux, comme d&rsquo;autres se servent des transports en commun et en sont des usagers, <strong>ils s&rsquo;y engagent, r\u00e9solument et avec enthousiasme<\/strong>, s&rsquo;y construisent une personnalit\u00e9 et une identit\u00e9 en ligne, y nouent des relations sociales riches et f\u00e9condes, s&rsquo;approprient ces lieux virtuels pour en faire&nbsp;\u2014&nbsp;c&rsquo;est difficile, parfois&nbsp;\u2014 leur bien commun et public, y produisent des \u00e9crits, des sons, des images, <strong>y exercent une libert\u00e9 fondamentale<\/strong>, \u00e9changent, partagent, enrichissent ce qui circule dans le flux r\u00e9ticulaire.<\/p>\n<p>Dans ces conditions, <strong>il ne s&rsquo;agit en aucun cas d&rsquo;usages<\/strong>. En aucun cas. Il est plus que temps que ce mot creux et insignifiant disparaisse du vocabulaire de ceux que les pratiques p\u00e9dagogiques en classe ou les pratiques num\u00e9riques personnelles des jeunes int\u00e9ressent ou passionnent.<\/p>\n<p>Quant \u00e0 la responsabilit\u00e9, dont j&rsquo;ai dit qu&rsquo;il convenait d&rsquo;en pr\u00e9ciser le champ de comp\u00e9tences, pour que chacun, \u00e0 commencer par les jeunes, puisse l&rsquo;acqu\u00e9rir peu \u00e0 peu, en m\u00eame temps qu&rsquo;une citoyennet\u00e9 num\u00e9rique, elle est totalement incompatible avec la posture d&rsquo;usager consommateur \u00e0 laquelle on s&rsquo;acharne \u00e0 les r\u00e9duire. <strong>La responsabilit\u00e9 ne se construit durablement que dans l&rsquo;engagement<\/strong>. Il est n\u00e9cessaire de s&rsquo;en convaincre.<\/p>\n<p>Comment&nbsp;? Je l&rsquo;ai d\u00e9j\u00e0 dit&nbsp;? Oui, et vous n&rsquo;avez pas fini de m&rsquo;entendre \u00e0 ce sujet\u2026<\/p>\n<p>Michel Guillou&nbsp;<a href=\"https:\/\/twitter.com\/michelguillou\" target=\"_blank\" rel=\"noopener noreferrer\">@michelguillou<\/a><\/p>\n<p><a href=\"http:\/\/creativecommons.org\/licenses\/by-nc-sa\/4.0\/\" target=\"_blank\" rel=\"noopener noreferrer\"><img loading=\"lazy\" decoding=\"async\" src=\"https:\/\/i.creativecommons.org\/l\/by-nc-sa\/2.0\/fr\/80x15.png\" alt=\"image\" width=\"80\" height=\"15\" data-pin-nopin=\"true\"><\/a><\/p>\n<p>Cr\u00e9dit image : <a href=\"https:\/\/pixabay.com\/fr\/grimace-fille-adolescent-mim%C3%A9tisme-1012862\/\" target=\"_blank\" rel=\"noopener\">Pixabay<\/a><\/p>\n<p>[cite]<\/p>\n","protected":false},"excerpt":{"rendered":"<p><a href=\"https:\/\/www.culture-numerique.fr\/wp-content\/uploads\/2017\/06\/grimace-1012862_1280.jpg\" rel=\"attachment wp-att-6142\"><img loading=\"lazy\" decoding=\"async\" class=\"aligncenter wp-image-6142 size-full\" src=\"https:\/\/www.culture-numerique.fr\/wp-content\/uploads\/2017\/06\/grimace-1012862_1280.jpg\" alt=\"\" width=\"1280\" height=\"853\" srcset=\"https:\/\/www.culture-numerique.fr\/wp-content\/uploads\/2017\/06\/grimace-1012862_1280.jpg 1280w, https:\/\/www.culture-numerique.fr\/wp-content\/uploads\/2017\/06\/grimace-1012862_1280-300x200.jpg 300w, https:\/\/www.culture-numerique.fr\/wp-content\/uploads\/2017\/06\/grimace-1012862_1280-1024x682.jpg 1024w, https:\/\/www.culture-numerique.fr\/wp-content\/uploads\/2017\/06\/grimace-1012862_1280-100x67.jpg 100w, https:\/\/www.culture-numerique.fr\/wp-content\/uploads\/2017\/06\/grimace-1012862_1280-150x100.jpg 150w, https:\/\/www.culture-numerique.fr\/wp-content\/uploads\/2017\/06\/grimace-1012862_1280-200x133.jpg 200w, https:\/\/www.culture-numerique.fr\/wp-content\/uploads\/2017\/06\/grimace-1012862_1280-450x300.jpg 450w, https:\/\/www.culture-numerique.fr\/wp-content\/uploads\/2017\/06\/grimace-1012862_1280-600x400.jpg 600w, https:\/\/www.culture-numerique.fr\/wp-content\/uploads\/2017\/06\/grimace-1012862_1280-900x600.jpg 900w\" sizes=\"auto, (max-width: 1280px) 100vw, 1280px\" \/><\/a><\/p>\n<p><strong>Toute l&rsquo;histoire a commenc\u00e9<\/strong> il y a un bon moment d\u00e9j\u00e0, six ans, je crois, \u00e0 la cr\u00e9ation du <a href=\"http:\/\/eduscol.education.fr\/internet-responsable\/communication-et-vie-privee\/communiquer-travailler-collectivement\/communiquer-avec-ses-intimes-sa-famille-ses-amis-ses-camarades-ses-professeurs.html#id156641\" target=\"_blank\" rel=\"noopener\">portail \u00ab&nbsp;Internet responsable&nbsp;\u00bb<\/a> sur Eduscol. Pour avoir fait partie des gens dont on a,<\/p>\n<p><span class=\"ellipsis\">&hellip;<\/span><\/p>\n<div class=\"read-more\"><a href=\"https:\/\/www.culture-numerique.fr\/?p=6139\">Lire la suite &#8250;<\/a><\/div>\n<p><!-- end of .read-more --><\/p>\n","protected":false},"author":1,"featured_media":6142,"comment_status":"open","ping_status":"open","sticky":false,"template":"","format":"standard","meta":{"jetpack_post_was_ever_published":false,"_jetpack_newsletter_access":"","_jetpack_dont_email_post_to_subs":false,"_jetpack_newsletter_tier_id":0,"_jetpack_memberships_contains_paywalled_content":false,"_jetpack_memberships_contains_paid_content":false,"footnotes":""},"categories":[9],"tags":[439,13,155,807],"class_list":["post-6139","post","type-post","status-publish","format-standard","has-post-thumbnail","hentry","category-billets-dhumeur","tag-internet-responsable","tag-liberte-dexpression","tag-responsabilite","tag-usages-responsables"],"jetpack_featured_media_url":"https:\/\/www.culture-numerique.fr\/wp-content\/uploads\/2017\/06\/grimace-1012862_1280.jpg","jetpack_sharing_enabled":true,"_links":{"self":[{"href":"https:\/\/www.culture-numerique.fr\/index.php?rest_route=\/wp\/v2\/posts\/6139","targetHints":{"allow":["GET"]}}],"collection":[{"href":"https:\/\/www.culture-numerique.fr\/index.php?rest_route=\/wp\/v2\/posts"}],"about":[{"href":"https:\/\/www.culture-numerique.fr\/index.php?rest_route=\/wp\/v2\/types\/post"}],"author":[{"embeddable":true,"href":"https:\/\/www.culture-numerique.fr\/index.php?rest_route=\/wp\/v2\/users\/1"}],"replies":[{"embeddable":true,"href":"https:\/\/www.culture-numerique.fr\/index.php?rest_route=%2Fwp%2Fv2%2Fcomments&post=6139"}],"version-history":[{"count":25,"href":"https:\/\/www.culture-numerique.fr\/index.php?rest_route=\/wp\/v2\/posts\/6139\/revisions"}],"predecessor-version":[{"id":6180,"href":"https:\/\/www.culture-numerique.fr\/index.php?rest_route=\/wp\/v2\/posts\/6139\/revisions\/6180"}],"wp:featuredmedia":[{"embeddable":true,"href":"https:\/\/www.culture-numerique.fr\/index.php?rest_route=\/wp\/v2\/media\/6142"}],"wp:attachment":[{"href":"https:\/\/www.culture-numerique.fr\/index.php?rest_route=%2Fwp%2Fv2%2Fmedia&parent=6139"}],"wp:term":[{"taxonomy":"category","embeddable":true,"href":"https:\/\/www.culture-numerique.fr\/index.php?rest_route=%2Fwp%2Fv2%2Fcategories&post=6139"},{"taxonomy":"post_tag","embeddable":true,"href":"https:\/\/www.culture-numerique.fr\/index.php?rest_route=%2Fwp%2Fv2%2Ftags&post=6139"}],"curies":[{"name":"wp","href":"https:\/\/api.w.org\/{rel}","templated":true}]}}