{"id":6078,"date":"2017-06-20T10:39:55","date_gmt":"2017-06-20T08:39:55","guid":{"rendered":"https:\/\/www.culture-numerique.fr\/?p=6078"},"modified":"2017-06-20T11:21:06","modified_gmt":"2017-06-20T09:21:06","slug":"de-la-fin-des-experts-a-une-multi-expertise-qui-fout-les-jetons","status":"publish","type":"post","link":"https:\/\/www.culture-numerique.fr\/?p=6078","title":{"rendered":"De la fin des experts \u00e0 une multi-expertise qui fout les jetons\u2026"},"content":{"rendered":"<p><a href=\"https:\/\/www.culture-numerique.fr\/wp-content\/uploads\/2017\/06\/7074486195_e83db58550_o.jpg\"><img loading=\"lazy\" decoding=\"async\" class=\"aligncenter size-full wp-image-6083\" src=\"https:\/\/www.culture-numerique.fr\/wp-content\/uploads\/2017\/06\/7074486195_e83db58550_o.jpg\" alt=\"\" width=\"1389\" height=\"832\" srcset=\"https:\/\/www.culture-numerique.fr\/wp-content\/uploads\/2017\/06\/7074486195_e83db58550_o.jpg 1389w, https:\/\/www.culture-numerique.fr\/wp-content\/uploads\/2017\/06\/7074486195_e83db58550_o-300x180.jpg 300w, https:\/\/www.culture-numerique.fr\/wp-content\/uploads\/2017\/06\/7074486195_e83db58550_o-1024x613.jpg 1024w, https:\/\/www.culture-numerique.fr\/wp-content\/uploads\/2017\/06\/7074486195_e83db58550_o-100x60.jpg 100w, https:\/\/www.culture-numerique.fr\/wp-content\/uploads\/2017\/06\/7074486195_e83db58550_o-150x90.jpg 150w, https:\/\/www.culture-numerique.fr\/wp-content\/uploads\/2017\/06\/7074486195_e83db58550_o-200x120.jpg 200w, https:\/\/www.culture-numerique.fr\/wp-content\/uploads\/2017\/06\/7074486195_e83db58550_o-450x270.jpg 450w, https:\/\/www.culture-numerique.fr\/wp-content\/uploads\/2017\/06\/7074486195_e83db58550_o-600x359.jpg 600w, https:\/\/www.culture-numerique.fr\/wp-content\/uploads\/2017\/06\/7074486195_e83db58550_o-900x539.jpg 900w\" sizes=\"auto, (max-width: 1389px) 100vw, 1389px\" \/><\/a><\/p>\n<p><strong>Le num\u00e9rique a ceci de particuli\u00e8rement r\u00e9jouissant<\/strong>\u00a0\u2014\u00a0pour ma part, je n&rsquo;ai su que tr\u00e8s difficilement faire autrement\u00a0\u2014 qu&rsquo;il contraint les femmes et les hommes \u00e0 mettre en \u0153uvre des d\u00e9marches, des pratiques coop\u00e9ratives voire collaboratives. On parle alors de co-construction, de co-\u00e9laboration de savoirs, de <strong>co-apprentissage<\/strong>, de co-design\u2026<\/p>\n<p>Le pr\u00e9fixe <strong>\u00ab\u00a0co\u00a0\u00bb<\/strong> est convi\u00e9 \u00e0 la f\u00eate du num\u00e9rique.<\/p>\n<p>J&rsquo;ai souvent l&rsquo;occasion de le dire, ce pr\u00e9fixe a trouv\u00e9 un compagnon qui d\u00e9range un peu plus encore\u00a0:<strong> \u00ab\u00a0trans\u00a0\u00bb<\/strong>. Il n&rsquo;y a pas, dans cette soci\u00e9t\u00e9 num\u00e9rique, de d\u00e9marche co qui ne s&rsquo;accompagne d&rsquo;une d\u00e9marche trans. Travailler ensemble, les uns \u00e0 c\u00f4t\u00e9 des autres, avec les m\u00eames objectifs, \u00e0 des corpus de r\u00e9flexion communs ou \u00e0 construire les m\u00eames objets, contraint \u00e0 croiser les regards, \u00e0 solliciter les comp\u00e9tences sp\u00e9cifiques et diff\u00e9rentes de l&rsquo;autre, des autres, dans une d\u00e9marche transversale.<\/p>\n<h3>La haute figure des experts<\/h3>\n<p>\u00c9videmment, cela demande un effort, un gros effort. Il faut faire preuve alors <strong>d&rsquo;humilit\u00e9, d&rsquo;ouverture, de compr\u00e9hension<\/strong> \u00e0 l&rsquo;\u00e9gard de l&rsquo;autre, de g\u00e9n\u00e9rosit\u00e9 aussi peut-\u00eatre, de consid\u00e9ration surtout, ce qui vaut, \u00e0 mes yeux, davantage que le respect. On l&rsquo;a vu, ces derni\u00e8res ann\u00e9es, tous les projets pour donner du sens, \u00e0 l&rsquo;\u00e9cole, \u00e0 l&rsquo;interdisciplinarit\u00e9 ou, mieux, \u00e0 la transdisciplinarit\u00e9, ont \u00e9t\u00e9 mis \u00e0 mal. Au-del\u00e0 de la ribambelle de dispositifs introduits au coll\u00e8ge et au lyc\u00e9e, on a vu r\u00e9cemment comment les EPI (Enseignements Pratiques Interdisciplinaires) de la derni\u00e8re r\u00e9forme du coll\u00e8ge ont subi les foudres de tous ceux qui y voyaient une atteinte intol\u00e9rable au cloisonnement imm\u00e9morial des disciplines acad\u00e9miques. Au premier rang de ces contempteurs, certains syndicats majoritaires, ce qui n&#8217;emp\u00eache pas d&rsquo;\u00eatre r\u00e9actionnaire et surtout obtus. Rappelez-vous, il ne s&rsquo;agit, quelle audace\u00a0!, que de permettre et de favoriser le travail des professeurs ensemble, comme le travail des \u00e9l\u00e8ves ensemble, sur des projets pratiques communs\u2026 Tout cela\u00a0dans le cadre des programmes disciplinaires. De quoi faire peur\u00a0!<\/p>\n<p><strong><a href=\"https:\/\/www.culture-numerique.fr\/wp-content\/uploads\/2014\/04\/charte.jpg\"><img loading=\"lazy\" decoding=\"async\" class=\"alignright wp-image-110 size-medium\" src=\"https:\/\/www.culture-numerique.fr\/wp-content\/uploads\/2014\/04\/charte-300x212.jpg\" alt=\"\" width=\"300\" height=\"212\" srcset=\"https:\/\/www.culture-numerique.fr\/wp-content\/uploads\/2014\/04\/charte-300x212.jpg 300w, https:\/\/www.culture-numerique.fr\/wp-content\/uploads\/2014\/04\/charte-100x70.jpg 100w, https:\/\/www.culture-numerique.fr\/wp-content\/uploads\/2014\/04\/charte-150x106.jpg 150w, https:\/\/www.culture-numerique.fr\/wp-content\/uploads\/2014\/04\/charte-200x141.jpg 200w, https:\/\/www.culture-numerique.fr\/wp-content\/uploads\/2014\/04\/charte-450x319.jpg 450w, https:\/\/www.culture-numerique.fr\/wp-content\/uploads\/2014\/04\/charte-600x425.jpg 600w, https:\/\/www.culture-numerique.fr\/wp-content\/uploads\/2014\/04\/charte.jpg 634w\" sizes=\"auto, (max-width: 300px) 100vw, 300px\" \/><\/a>Il faut faire preuve d&rsquo;humilit\u00e9<\/strong> disais-je, pour faire ce genre de choses. Il faut accepter de partager, d&rsquo;\u00e9changer, de pair \u00e0 pair. La haute et fi\u00e8re figure imm\u00e9moriale, elle aussi, de l&rsquo;expert en prend donc pour son grade. Adopter la posture de l&rsquo;expert, aujourd&rsquo;hui, est au mieux risible, au pire particuli\u00e8rement ind\u00e9cent. C&rsquo;est presque une litote.<\/p>\n<p>On comprend mieux, du coup, quel traumatisme occasionne \u00e0 certains professeurs la transformation num\u00e9rique de l&rsquo;\u00e9cole\u00a0\u2014\u00a0celles et ceux d&rsquo;entre vous qui ne m&rsquo;auraient pas lu depuis longtemps doivent savoir que la transformation num\u00e9rique de l&rsquo;\u00e9cole n&rsquo;a rien \u00e0 voir, pour moi, avec l&rsquo;introduction du bric-\u00e0-brac utilitaire, tablettes et autres outils, qui n&rsquo;a vraiment rien de subversive. Oui, nombre de professeurs sont traumatis\u00e9s, leur l\u00e9gitimit\u00e9 est mise \u00e0 mal, leur posture subit des assauts parfois humiliants, incapables qu&rsquo;ils sont, de se remettre en cause. Oh, pas tous, hein ! Mais oui, nombreux sont encore ceux qui n&rsquo;ont pas compris que <strong>le professeur-expert, unique transmetteur des connaissances et des savoirs, a v\u00e9cu\u2026<\/strong><\/p>\n<p>De ce point de vue, on comprend mal l&rsquo;attitude ce certains m\u00e9dias, dont on pensait pourtant qu&rsquo;ils avaient d\u00fb, pouss\u00e9s par la crise \u00e9conomique, op\u00e9rer leur transformation num\u00e9rique, qui continuent \u00e0 convoquer sur les plateaux de t\u00e9l\u00e9vision de pseudo-experts, plus ill\u00e9gitimes et moins autoris\u00e9s les uns que les autres, qui r\u00e9p\u00e8tent en boucle les m\u00eames lieux communs. C&rsquo;est le cas <a href=\"http:\/\/bfmbusiness.bfmtv.com\/mediaplayer\/replay\/les-experts\/\" target=\"_blank\" rel=\"noopener\">des cha\u00eenes d&rsquo;info<\/a> ou m\u00eame encore <a href=\"http:\/\/www.frenchweb.fr\/les-experts\" target=\"_blank\" rel=\"noopener\">de m\u00e9dias en ligne<\/a> dont on pensait qu&rsquo;ils s&rsquo;\u00e9taient un peu \u00e9veill\u00e9s aux choses d&rsquo;aujourd&rsquo;hui. Il est vrai que ces gens-l\u00e0, dans un magnifique entre-soi, se repaissent du digit\u00e2\u00e2\u00e2l et ne sont pas dans le m\u00eame monde que les autres, leurs lecteurs y compris.<\/p>\n<h3>La basse figure des nouveaux experts<\/h3>\n<p>Vous connaissez mon enthousiasme pour valoriser l&rsquo;exercice enfin plein et entier de <strong>la libert\u00e9 d&rsquo;expression<\/strong>. On ne peut pas m&rsquo;en faire grief. Je me r\u00e9jouis et me r\u00e9jouirai toujours de l&rsquo;acc\u00e8s \u00e0 la possibilit\u00e9 d&rsquo;\u00e9mettre son opinion, en tous lieux et en toutes circonstances. C&rsquo;est une chance, une opportunit\u00e9 dont chacun peut et doit se saisir. Bien s\u00fbr, je ne veux pas nier les probl\u00e8mes que \u00e7a pose, la m\u00e9diocrit\u00e9, les abus parfois, contraires \u00e0 la loi ou tout simplement aux conventions sociales. Mais ces difficult\u00e9s, ces outrances, si visibles soient-elles, sont bien peu de choses en comparaison des avantages. Une ran\u00e7on bien douce \u00e0 payer.<\/p>\n<p>J&rsquo;ai d\u00e9j\u00e0 dit ici ou ailleurs souvent pourquoi et comment il convenait que l&rsquo;\u00e9cole s&#8217;empare de <strong>l&rsquo;apprentissage de cette libert\u00e9 fondamentale<\/strong>, avant ou apr\u00e8s Charlie, ne serait-ce que pour apprendre \u00e0 mieux vivre ensemble et \u00e0 en comprendre et consid\u00e9rer les limites\u2026 L&rsquo;apprentissage de la responsabilit\u00e9, en quelque sorte.<\/p>\n<p>Et puis un jour vous tombez sur \u00e7a\u00a0:<\/p>\n<p>https:\/\/twitter.com\/assblagues\/status\/876080558547324928<\/p>\n<p>\u2026 et vous vous dites qu&rsquo;il va falloir tout recommencer\u2026<\/p>\n<p>Michel Guillou\u00a0<a href=\"https:\/\/twitter.com\/michelguillou\" target=\"_blank\" rel=\"noopener noreferrer\">@michelguillou<\/a><\/p>\n<p><a href=\"http:\/\/creativecommons.org\/licenses\/by-nc-sa\/4.0\/\" target=\"_blank\" rel=\"noopener noreferrer\"><img loading=\"lazy\" decoding=\"async\" src=\"https:\/\/i.creativecommons.org\/l\/by-nc-sa\/2.0\/fr\/80x15.png\" alt=\"image\" width=\"80\" height=\"15\" data-pin-nopin=\"true\" \/><\/a><\/p>\n<p>Cr\u00e9dit photo\u00a0: <a href=\"https:\/\/www.flickr.com\/photos\/guybrariang\/7074486195\" target=\"_blank\" rel=\"noopener\">Flickr<\/a><\/p>\n<p>[cite]<\/p>\n","protected":false},"excerpt":{"rendered":"<p><a href=\"https:\/\/www.culture-numerique.fr\/wp-content\/uploads\/2017\/06\/7074486195_e83db58550_o.jpg\"><img loading=\"lazy\" decoding=\"async\" class=\"aligncenter size-full wp-image-6083\" src=\"https:\/\/www.culture-numerique.fr\/wp-content\/uploads\/2017\/06\/7074486195_e83db58550_o.jpg\" alt=\"\" width=\"1389\" height=\"832\" srcset=\"https:\/\/www.culture-numerique.fr\/wp-content\/uploads\/2017\/06\/7074486195_e83db58550_o.jpg 1389w, https:\/\/www.culture-numerique.fr\/wp-content\/uploads\/2017\/06\/7074486195_e83db58550_o-300x180.jpg 300w, https:\/\/www.culture-numerique.fr\/wp-content\/uploads\/2017\/06\/7074486195_e83db58550_o-1024x613.jpg 1024w, https:\/\/www.culture-numerique.fr\/wp-content\/uploads\/2017\/06\/7074486195_e83db58550_o-100x60.jpg 100w, https:\/\/www.culture-numerique.fr\/wp-content\/uploads\/2017\/06\/7074486195_e83db58550_o-150x90.jpg 150w, https:\/\/www.culture-numerique.fr\/wp-content\/uploads\/2017\/06\/7074486195_e83db58550_o-200x120.jpg 200w, https:\/\/www.culture-numerique.fr\/wp-content\/uploads\/2017\/06\/7074486195_e83db58550_o-450x270.jpg 450w, https:\/\/www.culture-numerique.fr\/wp-content\/uploads\/2017\/06\/7074486195_e83db58550_o-600x359.jpg 600w, https:\/\/www.culture-numerique.fr\/wp-content\/uploads\/2017\/06\/7074486195_e83db58550_o-900x539.jpg 900w\" sizes=\"auto, (max-width: 1389px) 100vw, 1389px\" \/><\/a><\/p>\n<p><strong>Le num\u00e9rique a ceci de particuli\u00e8rement r\u00e9jouissant<\/strong>\u00a0\u2014\u00a0pour ma part, je n&rsquo;ai su que tr\u00e8s difficilement faire autrement\u00a0\u2014 qu&rsquo;il contraint les femmes et les hommes \u00e0 mettre en \u0153uvre des d\u00e9marches,<\/p>\n<p><span class=\"ellipsis\">&hellip;<\/span><\/p>\n<div class=\"read-more\"><a href=\"https:\/\/www.culture-numerique.fr\/?p=6078\">Lire la suite &#8250;<\/a><\/div>\n<p><!-- end of .read-more --><\/p>\n","protected":false},"author":1,"featured_media":6083,"comment_status":"open","ping_status":"open","sticky":false,"template":"","format":"standard","meta":{"jetpack_post_was_ever_published":false,"_jetpack_newsletter_access":"","_jetpack_dont_email_post_to_subs":false,"_jetpack_newsletter_tier_id":0,"_jetpack_memberships_contains_paywalled_content":false,"_jetpack_memberships_contains_paid_content":false,"footnotes":""},"categories":[9],"tags":[389,232,508,286,633,597,13,229],"class_list":["post-6078","post","type-post","status-publish","format-standard","has-post-thumbnail","hentry","category-billets-dhumeur","tag-co-construction","tag-collaboration","tag-epi","tag-expertise","tag-experts","tag-interdisciplinarite","tag-liberte-dexpression","tag-transdisciplinarite"],"jetpack_featured_media_url":"https:\/\/www.culture-numerique.fr\/wp-content\/uploads\/2017\/06\/7074486195_e83db58550_o.jpg","jetpack_sharing_enabled":true,"_links":{"self":[{"href":"https:\/\/www.culture-numerique.fr\/index.php?rest_route=\/wp\/v2\/posts\/6078","targetHints":{"allow":["GET"]}}],"collection":[{"href":"https:\/\/www.culture-numerique.fr\/index.php?rest_route=\/wp\/v2\/posts"}],"about":[{"href":"https:\/\/www.culture-numerique.fr\/index.php?rest_route=\/wp\/v2\/types\/post"}],"author":[{"embeddable":true,"href":"https:\/\/www.culture-numerique.fr\/index.php?rest_route=\/wp\/v2\/users\/1"}],"replies":[{"embeddable":true,"href":"https:\/\/www.culture-numerique.fr\/index.php?rest_route=%2Fwp%2Fv2%2Fcomments&post=6078"}],"version-history":[{"count":16,"href":"https:\/\/www.culture-numerique.fr\/index.php?rest_route=\/wp\/v2\/posts\/6078\/revisions"}],"predecessor-version":[{"id":6095,"href":"https:\/\/www.culture-numerique.fr\/index.php?rest_route=\/wp\/v2\/posts\/6078\/revisions\/6095"}],"wp:featuredmedia":[{"embeddable":true,"href":"https:\/\/www.culture-numerique.fr\/index.php?rest_route=\/wp\/v2\/media\/6083"}],"wp:attachment":[{"href":"https:\/\/www.culture-numerique.fr\/index.php?rest_route=%2Fwp%2Fv2%2Fmedia&parent=6078"}],"wp:term":[{"taxonomy":"category","embeddable":true,"href":"https:\/\/www.culture-numerique.fr\/index.php?rest_route=%2Fwp%2Fv2%2Fcategories&post=6078"},{"taxonomy":"post_tag","embeddable":true,"href":"https:\/\/www.culture-numerique.fr\/index.php?rest_route=%2Fwp%2Fv2%2Ftags&post=6078"}],"curies":[{"name":"wp","href":"https:\/\/api.w.org\/{rel}","templated":true}]}}