{"id":6062,"date":"2017-06-01T11:38:10","date_gmt":"2017-06-01T09:38:10","guid":{"rendered":"https:\/\/www.culture-numerique.fr\/?p=6062"},"modified":"2017-06-01T12:08:37","modified_gmt":"2017-06-01T10:08:37","slug":"enjeux-sociaux-et-citoyens-du-numerique","status":"publish","type":"post","link":"https:\/\/www.culture-numerique.fr\/?p=6062","title":{"rendered":"Enjeux sociaux et citoyens du num\u00e9rique"},"content":{"rendered":"<p><a href=\"https:\/\/www.culture-numerique.fr\/wp-content\/uploads\/2017\/06\/DSC_0001-1-e1496309780538.jpg\"><img loading=\"lazy\" decoding=\"async\" class=\"alignright size-medium wp-image-6064\" src=\"https:\/\/www.culture-numerique.fr\/wp-content\/uploads\/2017\/06\/DSC_0001-1-300x169.jpg\" alt=\"\" width=\"300\" height=\"169\" \/><\/a><\/p>\n<p><strong>C&rsquo;\u00e9tait hier et c&rsquo;\u00e9tait bien<\/strong>. L&rsquo;atelier Canop\u00e9 de Caen et l&rsquo;acad\u00e9mie locale organisaient <a href=\"https:\/\/www.ac-caen.fr\/theme\/le-numerique-a-lecole\/universites-du-numerique\/\" target=\"_blank\" rel=\"noopener noreferrer\">les Universit\u00e9s du num\u00e9rique<\/a>. Catherine Becchetti-Bizot avait largement d\u00e9frich\u00e9 le terrain le matin en \u00e9voquant l&rsquo;apport du num\u00e9rique aux p\u00e9dagogies actives. Pour ma part, sur le th\u00e8me des enjeux sociaux et citoyens du num\u00e9rique, j&rsquo;ai beaucoup confirm\u00e9 ce qui avait \u00e9t\u00e9 dit en matin\u00e9e par le recteur de l&rsquo;acad\u00e9mie et l&rsquo;ancienne directrice de la DNE.<\/p>\n<p>Vous trouverez ci-dessous le diaporama que j&rsquo;ai utilis\u00e9, livr\u00e9 comme d&rsquo;habitude en licence Creative Commons.<\/p>\n<iframe src='https:\/\/www.slideshare.net\/slideshow\/embed_code\/76537770' width='605' height='496' sandbox=\"allow-popups allow-scripts allow-same-origin allow-presentation\" allowfullscreen webkitallowfullscreen mozallowfullscreen><\/iframe>\n<p>Michel Guillou\u00a0<a href=\"https:\/\/twitter.com\/michelguillou\" target=\"_blank\" rel=\"noopener noreferrer\">@michelguillou<\/a><\/p>\n<p><a href=\"http:\/\/creativecommons.org\/licenses\/by-nc-sa\/4.0\/\" target=\"_blank\" rel=\"noopener noreferrer\"><img loading=\"lazy\" decoding=\"async\" src=\"https:\/\/i.creativecommons.org\/l\/by-nc-sa\/2.0\/fr\/80x15.png\" alt=\"image\" width=\"80\" height=\"15\" data-pin-nopin=\"true\" \/><\/a><\/p>\n<p>[cite]<\/p>\n","protected":false},"excerpt":{"rendered":"<p><a href=\"https:\/\/www.culture-numerique.fr\/wp-content\/uploads\/2017\/06\/DSC_0001-1-e1496309780538.jpg\"><img loading=\"lazy\" decoding=\"async\" class=\"alignright size-medium wp-image-6064\" src=\"https:\/\/www.culture-numerique.fr\/wp-content\/uploads\/2017\/06\/DSC_0001-1-300x169.jpg\" alt=\"\" width=\"300\" height=\"169\" \/><\/a><\/p>\n<p><strong>C&rsquo;\u00e9tait hier et c&rsquo;\u00e9tait bien<\/strong>. L&rsquo;atelier Canop\u00e9 de Caen et l&rsquo;acad\u00e9mie locale organisaient <a href=\"https:\/\/www.ac-caen.fr\/theme\/le-numerique-a-lecole\/universites-du-numerique\/\" target=\"_blank\" rel=\"noopener noreferrer\">les Universit\u00e9s du num\u00e9rique<\/a>. Catherine Becchetti-Bizot avait largement d\u00e9frich\u00e9 le terrain le matin en \u00e9voquant l&rsquo;apport du num\u00e9rique aux p\u00e9dagogies actives.<\/p>\n<p><span class=\"ellipsis\">&hellip;<\/span><\/p>\n<div class=\"read-more\"><a href=\"https:\/\/www.culture-numerique.fr\/?p=6062\">Lire la suite &#8250;<\/a><\/div>\n<p><!-- end of .read-more --><\/p>\n","protected":false},"author":1,"featured_media":6064,"comment_status":"open","ping_status":"open","sticky":false,"template":"","format":"standard","meta":{"jetpack_post_was_ever_published":false,"_jetpack_newsletter_access":"","_jetpack_dont_email_post_to_subs":false,"_jetpack_newsletter_tier_id":0,"_jetpack_memberships_contains_paywalled_content":false,"_jetpack_memberships_contains_paid_content":false,"footnotes":""},"categories":[9],"tags":[46,52,804,400,803,805],"class_list":["post-6062","post","type-post","status-publish","format-standard","has-post-thumbnail","hentry","category-billets-dhumeur","tag-citoyennete","tag-culture-numerique","tag-enjeux-citoyens","tag-enjeux-du-numerique","tag-enjeux-sociaux","tag-universites-du-numerique"],"jetpack_featured_media_url":"https:\/\/www.culture-numerique.fr\/wp-content\/uploads\/2017\/06\/DSC_0001-1-e1496309780538.jpg","jetpack_sharing_enabled":true,"_links":{"self":[{"href":"https:\/\/www.culture-numerique.fr\/index.php?rest_route=\/wp\/v2\/posts\/6062","targetHints":{"allow":["GET"]}}],"collection":[{"href":"https:\/\/www.culture-numerique.fr\/index.php?rest_route=\/wp\/v2\/posts"}],"about":[{"href":"https:\/\/www.culture-numerique.fr\/index.php?rest_route=\/wp\/v2\/types\/post"}],"author":[{"embeddable":true,"href":"https:\/\/www.culture-numerique.fr\/index.php?rest_route=\/wp\/v2\/users\/1"}],"replies":[{"embeddable":true,"href":"https:\/\/www.culture-numerique.fr\/index.php?rest_route=%2Fwp%2Fv2%2Fcomments&post=6062"}],"version-history":[{"count":3,"href":"https:\/\/www.culture-numerique.fr\/index.php?rest_route=\/wp\/v2\/posts\/6062\/revisions"}],"predecessor-version":[{"id":6066,"href":"https:\/\/www.culture-numerique.fr\/index.php?rest_route=\/wp\/v2\/posts\/6062\/revisions\/6066"}],"wp:featuredmedia":[{"embeddable":true,"href":"https:\/\/www.culture-numerique.fr\/index.php?rest_route=\/wp\/v2\/media\/6064"}],"wp:attachment":[{"href":"https:\/\/www.culture-numerique.fr\/index.php?rest_route=%2Fwp%2Fv2%2Fmedia&parent=6062"}],"wp:term":[{"taxonomy":"category","embeddable":true,"href":"https:\/\/www.culture-numerique.fr\/index.php?rest_route=%2Fwp%2Fv2%2Fcategories&post=6062"},{"taxonomy":"post_tag","embeddable":true,"href":"https:\/\/www.culture-numerique.fr\/index.php?rest_route=%2Fwp%2Fv2%2Ftags&post=6062"}],"curies":[{"name":"wp","href":"https:\/\/api.w.org\/{rel}","templated":true}]}}