{"id":6022,"date":"2017-05-10T16:48:19","date_gmt":"2017-05-10T14:48:19","guid":{"rendered":"https:\/\/www.culture-numerique.fr\/?p=6022"},"modified":"2021-10-09T16:36:53","modified_gmt":"2021-10-09T14:36:53","slug":"du-regain-de-lepidemie-de-cecite-en-periode-post-electorale","status":"publish","type":"post","link":"https:\/\/www.culture-numerique.fr\/?p=6022","title":{"rendered":"Du regain de l&rsquo;\u00e9pid\u00e9mie de c\u00e9cit\u00e9 en p\u00e9riode post-\u00e9lectorale"},"content":{"rendered":"<p><a href=\"https:\/\/www.culture-numerique.fr\/wp-content\/uploads\/2017\/05\/gangster-539993_1280.jpg\"><img loading=\"lazy\" decoding=\"async\" class=\"aligncenter size-full wp-image-6023\" src=\"https:\/\/www.culture-numerique.fr\/wp-content\/uploads\/2017\/05\/gangster-539993_1280.jpg\" alt=\"\" width=\"1280\" height=\"853\" srcset=\"https:\/\/www.culture-numerique.fr\/wp-content\/uploads\/2017\/05\/gangster-539993_1280.jpg 1280w, https:\/\/www.culture-numerique.fr\/wp-content\/uploads\/2017\/05\/gangster-539993_1280-300x200.jpg 300w, https:\/\/www.culture-numerique.fr\/wp-content\/uploads\/2017\/05\/gangster-539993_1280-1024x682.jpg 1024w, https:\/\/www.culture-numerique.fr\/wp-content\/uploads\/2017\/05\/gangster-539993_1280-100x67.jpg 100w, https:\/\/www.culture-numerique.fr\/wp-content\/uploads\/2017\/05\/gangster-539993_1280-150x100.jpg 150w, https:\/\/www.culture-numerique.fr\/wp-content\/uploads\/2017\/05\/gangster-539993_1280-200x133.jpg 200w, https:\/\/www.culture-numerique.fr\/wp-content\/uploads\/2017\/05\/gangster-539993_1280-450x300.jpg 450w, https:\/\/www.culture-numerique.fr\/wp-content\/uploads\/2017\/05\/gangster-539993_1280-600x400.jpg 600w, https:\/\/www.culture-numerique.fr\/wp-content\/uploads\/2017\/05\/gangster-539993_1280-900x600.jpg 900w\" sizes=\"auto, (max-width: 1280px) 100vw, 1280px\" \/><\/a><\/p>\n<p><strong>Figurez-vous<\/strong> qu&rsquo;il ne se passe pas une journ\u00e9e sans que, dans les colonnes des grands m\u00e9dias comme sur les blogues des chroniqueurs sp\u00e9cialis\u00e9s, soient \u00e9crits aujourd\u2019hui, au lendemain de la derni\u00e8re \u00e9lection pr\u00e9sidentielle, des articles ou billets fort nombreux dissertant <strong>du renouveau suppos\u00e9 de la politique \u00e9ducative<\/strong> de notre R\u00e9publique. Ici on glose sur le nom et les orientations de celle ou de celui \u00e0 qui on pourrait confier le portefeuille de ministre de l&rsquo;\u00e9ducation, ailleurs on s&rsquo;essaie \u00e0 faire le tour des questions qui agitent le microcosme ou \u00e0 \u00e9tablir la liste des d\u00e9fis ou enjeux pour l&rsquo;\u00e9cole de demain.<\/p>\n<p>Je ne tiens pas trop \u00e0 vous renvoyer vers ces articles ou billets, tel n&rsquo;est pas mon propos, vous les trouverez bien tout seul. J&rsquo;ai beaucoup de consid\u00e9ration ou m\u00eame d&rsquo;amiti\u00e9 pour certain(e)s de leurs auteur(e)s. J&rsquo;en ai, en revanche, beaucoup moins pour certains de ceux ou certaines de celles qui s&rsquo;affichent journalistes, tant ils ou elles font montre parfois d&rsquo;une inculture consid\u00e9rable dans ce domaine. C&rsquo;est en effet un paradoxe assez convenu en mati\u00e8re d&rsquo;\u00e9ducation\u00a0: ceux qui en parlent le mieux ne sont pas forc\u00e9ment des sp\u00e9cialistes. Encore un effet sans doute du num\u00e9rique et <strong>des d\u00e9g\u00e2ts consid\u00e9rables qu&rsquo;il fait \u00e0 l&rsquo;expertise<\/strong>\u00a0<strong>!<\/strong><\/p>\n<p>Mais revenons \u00e0 ces billets post-\u00e9lectoraux. Leurs auteur(e)s posent parfois les bonnes questions, \u00e9noncent les bons probl\u00e8mes, \u00e9num\u00e8rent les d\u00e9fis, challenges ou enjeux auxquels l&rsquo;\u00e9cole sera confront\u00e9e. Fort bien.<\/p>\n<h3>Circulez, il n&rsquo;y a rien \u00e0 voir<\/h3>\n<p>Mais tous ont un point en commun et t\u00e9moignent de la c\u00e9cit\u00e9 cong\u00e9nitale et chronique\u00a0\u2014\u00a0je sais, c&rsquo;est compliqu\u00e9\u00a0!\u00a0\u2014 de \u00a0leurs auteur(e)s\u00a0: <strong>ils n&rsquo;\u00e9voquent jamais le num\u00e9rique<\/strong>. Jamais. Pas un mot. Rien. Circulez\u00a0!<\/p>\n<p>C&rsquo;est comme s&rsquo;il ne s&rsquo;\u00e9tait rien pass\u00e9 depuis deux ou trois d\u00e9cennies\u00a0! <strong>C&rsquo;est comme si Internet n&rsquo;existait pas\u00a0!<\/strong> C&rsquo;est comme si la soci\u00e9t\u00e9 de la connaissance n&rsquo;existait pas, comme si la d\u00e9sinterm\u00e9diation g\u00e9n\u00e9rale n&rsquo;avait pas travers\u00e9 tout le tissu social au point m\u00eame de bouleverser les m\u00e9dias et les m\u00e9diations, comme si on transmettait aujourd&rsquo;hui connaissances et savoirs \u00e0 l&rsquo;identique de la fin du si\u00e8cle dernier, <strong>comme si l&rsquo;intelligence collective n&rsquo;avait pas bouscul\u00e9 hi\u00e9rarchies et mandarinats<\/strong>, comme si on pouvait encore travailler seul\u00a0!<\/p>\n<p>C&rsquo;est comme si encore les \u00e9l\u00e8ves \u00e9taient les m\u00eames et n&rsquo;avaient pas chang\u00e9, profond\u00e9ment, radicalement, comme si l&rsquo;acc\u00e8s de tous \u00e0 <strong>l&rsquo;expression et \u00e0 la publication<\/strong> n&rsquo;\u00e9tait pas un enjeu hautement \u00e9ducatif et citoyen, comme si toute la soci\u00e9t\u00e9 active, entreprises, associations, ne faisait pas sa\u00a0<del>r\u00e9volution<\/del> transformation num\u00e9rique, ne mettait pas en ad\u00e9quation son fonctionnement humain m\u00eame avec l&rsquo;air du temps\u00a0!<\/p>\n<p>Encore un effet sans doute du tabou g\u00e9n\u00e9ral qui fait qu&rsquo;on ne parle pas plus du num\u00e9rique que de sexualit\u00e9. C&rsquo;est aussi sale et c&rsquo;est aussi dangereux, voil\u00e0 le propos g\u00e9n\u00e9ral de bien des \u00e9ducateurs ou enseignants. Vous croyez que je plaisante\u00a0? Vraiment\u00a0? Rappelez-vous <a href=\"http:\/\/owni.sabineblanc.net\/internet-et-sida-me%25cc%2582me-prescription-scolaire.pdf\" target=\"_blank\" rel=\"noopener noreferrer\">ce qu&rsquo;en disait<\/a> d\u00e9j\u00e0 <a href=\"https:\/\/twitter.com\/ochenevez\" target=\"_blank\" rel=\"noopener noreferrer\">Odile Chenevez<\/a> en 2007\u2026 L&rsquo;\u00e9ducation \u00e0 l&rsquo;internet \u00e9tait d\u00e9j\u00e0 envisag\u00e9e \u00e0 l&rsquo;identique de l&rsquo;\u00e9ducation au sida ou aux addictions. Rien n&rsquo;a vraiment chang\u00e9.<\/p>\n<p>Non mais, est-ce qu&rsquo;il est seulement possible de parler innovation dans la grande maison en omettant la dimension num\u00e9rique\u00a0\u2014\u00a0attention, je parle bien du <strong>fait global social et culturel<\/strong>, pas de quincaillerie\u00a0? Est-ce qu&rsquo;il est possible de poser la question des in\u00e9galit\u00e9s sans s&rsquo;attarder sur ce que le num\u00e9rique porte de promesses pour tenter de les r\u00e9soudre\u00a0? Est-il possible de tenter de promouvoir l&rsquo;\u00e9ducation au d\u00e9veloppement durable ou l&rsquo;\u00e9ducation aux m\u00e9dias et \u00e0 l&rsquo;information hors des enjeux num\u00e9riques associ\u00e9s\u00a0? Est-il possible m\u00eame d&rsquo;imaginer la transformation ou la refondation de l&rsquo;\u00e9cole hors de ces dimensions\u00a0? Est-il possible de laisser tout en plan, de s&rsquo;attarder \u00e0 observer des effets, sans poser tout de suite, sans tarder, la question hautement essentielle des lieux, des espaces, des temps, des services, des missions\u00a0?<\/p>\n<p>Non mais, s\u00e9rieusement\u00a0? Sans blagues\u00a0?<\/p>\n<p>Michel Guillou\u00a0<a href=\"https:\/\/twitter.com\/michelguillou\" target=\"_blank\" rel=\"noopener noreferrer\">@michelguillou<\/a><\/p>\n<p><a href=\"http:\/\/creativecommons.org\/licenses\/by-nc-sa\/2.0\/fr\/\" target=\"_blank\" rel=\"noopener noreferrer\"><img loading=\"lazy\" decoding=\"async\" src=\"https:\/\/i.creativecommons.org\/l\/by-nc-sa\/2.0\/fr\/80x15.png\" alt=\"image\" width=\"80\" height=\"15\" data-pin-nopin=\"true\" \/><\/a><\/p>\n<p>Cr\u00e9dit photo\u00a0: <a href=\"https:\/\/pixabay.com\/fr\/gangster-difficile-par-gang-539993\/\" target=\"_blank\" rel=\"noopener noreferrer\">Pixabay<\/a><\/p>\n<p>&nbsp;<\/p>\n","protected":false},"excerpt":{"rendered":"<p><a href=\"https:\/\/www.culture-numerique.fr\/wp-content\/uploads\/2017\/05\/gangster-539993_1280.jpg\"><img loading=\"lazy\" decoding=\"async\" class=\"aligncenter size-full wp-image-6023\" src=\"https:\/\/www.culture-numerique.fr\/wp-content\/uploads\/2017\/05\/gangster-539993_1280.jpg\" alt=\"\" width=\"1280\" height=\"853\" srcset=\"https:\/\/www.culture-numerique.fr\/wp-content\/uploads\/2017\/05\/gangster-539993_1280.jpg 1280w, https:\/\/www.culture-numerique.fr\/wp-content\/uploads\/2017\/05\/gangster-539993_1280-300x200.jpg 300w, https:\/\/www.culture-numerique.fr\/wp-content\/uploads\/2017\/05\/gangster-539993_1280-1024x682.jpg 1024w, https:\/\/www.culture-numerique.fr\/wp-content\/uploads\/2017\/05\/gangster-539993_1280-100x67.jpg 100w, https:\/\/www.culture-numerique.fr\/wp-content\/uploads\/2017\/05\/gangster-539993_1280-150x100.jpg 150w, https:\/\/www.culture-numerique.fr\/wp-content\/uploads\/2017\/05\/gangster-539993_1280-200x133.jpg 200w, https:\/\/www.culture-numerique.fr\/wp-content\/uploads\/2017\/05\/gangster-539993_1280-450x300.jpg 450w, https:\/\/www.culture-numerique.fr\/wp-content\/uploads\/2017\/05\/gangster-539993_1280-600x400.jpg 600w, https:\/\/www.culture-numerique.fr\/wp-content\/uploads\/2017\/05\/gangster-539993_1280-900x600.jpg 900w\" sizes=\"auto, (max-width: 1280px) 100vw, 1280px\" \/><\/a><\/p>\n<p><strong>Figurez-vous<\/strong> qu&rsquo;il ne se passe pas une journ\u00e9e sans que, dans les colonnes des grands m\u00e9dias comme sur les blogues des chroniqueurs sp\u00e9cialis\u00e9s, soient \u00e9crits aujourd\u2019hui, au lendemain de la derni\u00e8re \u00e9lection pr\u00e9sidentielle,<\/p>\n<p><span class=\"ellipsis\">&hellip;<\/span><\/p>\n<div class=\"read-more\"><a href=\"https:\/\/www.culture-numerique.fr\/?p=6022\">Lire la suite &#8250;<\/a><\/div>\n<p><!-- end of .read-more --><\/p>\n","protected":false},"author":1,"featured_media":6023,"comment_status":"open","ping_status":"open","sticky":false,"template":"","format":"standard","meta":{"jetpack_post_was_ever_published":false,"_jetpack_newsletter_access":"","_jetpack_dont_email_post_to_subs":false,"_jetpack_newsletter_tier_id":0,"_jetpack_memberships_contains_paywalled_content":false,"_jetpack_memberships_contains_paid_content":false,"footnotes":""},"categories":[9],"tags":[796,797,530,400,286,538,59,2,72,18,65],"class_list":["post-6022","post","type-post","status-publish","format-standard","has-post-thumbnail","hentry","category-billets-dhumeur","tag-cecite","tag-education-au-developpement-durable","tag-education-aux-medias-et-a-linformation","tag-enjeux-du-numerique","tag-expertise","tag-expression-des-jeunes","tag-innovation","tag-numerique","tag-politique-educative","tag-publication","tag-refondation"],"jetpack_featured_media_url":"https:\/\/www.culture-numerique.fr\/wp-content\/uploads\/2017\/05\/gangster-539993_1280.jpg","jetpack_sharing_enabled":true,"_links":{"self":[{"href":"https:\/\/www.culture-numerique.fr\/index.php?rest_route=\/wp\/v2\/posts\/6022","targetHints":{"allow":["GET"]}}],"collection":[{"href":"https:\/\/www.culture-numerique.fr\/index.php?rest_route=\/wp\/v2\/posts"}],"about":[{"href":"https:\/\/www.culture-numerique.fr\/index.php?rest_route=\/wp\/v2\/types\/post"}],"author":[{"embeddable":true,"href":"https:\/\/www.culture-numerique.fr\/index.php?rest_route=\/wp\/v2\/users\/1"}],"replies":[{"embeddable":true,"href":"https:\/\/www.culture-numerique.fr\/index.php?rest_route=%2Fwp%2Fv2%2Fcomments&post=6022"}],"version-history":[{"count":22,"href":"https:\/\/www.culture-numerique.fr\/index.php?rest_route=\/wp\/v2\/posts\/6022\/revisions"}],"predecessor-version":[{"id":8205,"href":"https:\/\/www.culture-numerique.fr\/index.php?rest_route=\/wp\/v2\/posts\/6022\/revisions\/8205"}],"wp:featuredmedia":[{"embeddable":true,"href":"https:\/\/www.culture-numerique.fr\/index.php?rest_route=\/wp\/v2\/media\/6023"}],"wp:attachment":[{"href":"https:\/\/www.culture-numerique.fr\/index.php?rest_route=%2Fwp%2Fv2%2Fmedia&parent=6022"}],"wp:term":[{"taxonomy":"category","embeddable":true,"href":"https:\/\/www.culture-numerique.fr\/index.php?rest_route=%2Fwp%2Fv2%2Fcategories&post=6022"},{"taxonomy":"post_tag","embeddable":true,"href":"https:\/\/www.culture-numerique.fr\/index.php?rest_route=%2Fwp%2Fv2%2Ftags&post=6022"}],"curies":[{"name":"wp","href":"https:\/\/api.w.org\/{rel}","templated":true}]}}