{"id":600,"date":"2012-02-01T21:11:32","date_gmt":"2012-02-01T19:11:32","guid":{"rendered":"http:\/\/www.culture-numerique.fr\/?p=600"},"modified":"2016-11-09T15:30:59","modified_gmt":"2016-11-09T14:30:59","slug":"il-est-interdit-dinterdire","status":"publish","type":"post","link":"https:\/\/www.culture-numerique.fr\/?p=600","title":{"rendered":"Il est interdit d\u2019interdire\u2026"},"content":{"rendered":"<p><a href=\"http:\/\/www.culture-numerique.fr\/wp-content\/uploads\/2012\/02\/tumblr_lyouonyQPk1r0uc0h.jpg\"><img loading=\"lazy\" decoding=\"async\" class=\"wp-image-1545 aligncenter\" src=\"http:\/\/www.culture-numerique.fr\/wp-content\/uploads\/2012\/02\/tumblr_lyouonyQPk1r0uc0h.jpg\" alt=\"Sois jeune\" width=\"836\" height=\"749\" srcset=\"https:\/\/www.culture-numerique.fr\/wp-content\/uploads\/2012\/02\/tumblr_lyouonyQPk1r0uc0h.jpg 500w, https:\/\/www.culture-numerique.fr\/wp-content\/uploads\/2012\/02\/tumblr_lyouonyQPk1r0uc0h-300x268.jpg 300w, https:\/\/www.culture-numerique.fr\/wp-content\/uploads\/2012\/02\/tumblr_lyouonyQPk1r0uc0h-100x89.jpg 100w, https:\/\/www.culture-numerique.fr\/wp-content\/uploads\/2012\/02\/tumblr_lyouonyQPk1r0uc0h-150x134.jpg 150w, https:\/\/www.culture-numerique.fr\/wp-content\/uploads\/2012\/02\/tumblr_lyouonyQPk1r0uc0h-200x179.jpg 200w, https:\/\/www.culture-numerique.fr\/wp-content\/uploads\/2012\/02\/tumblr_lyouonyQPk1r0uc0h-450x403.jpg 450w\" sizes=\"auto, (max-width: 836px) 100vw, 836px\" \/><\/a><\/p>\n<p><strong>D\u00e9cid\u00e9ment, les v\u0153ux du pr\u00e9sident de la R\u00e9publique<\/strong> sont l\u2019occasion renouvel\u00e9e de r\u00e9flexions sur l\u2019\u00e9volution des pratiques en soci\u00e9t\u00e9, des armes que se donne cette derni\u00e8re pour pr\u00e9venir les mauvais usages et interdire les d\u00e9viances outranci\u00e8res.<\/p>\n<p>Hier 31 janvier, c\u2019\u00e9tait la presse et les m\u00e9dias qui \u00e9taient \u00e0 l\u2019honneur. Pour ces retrouvailles dont tout le monde s\u2019est accord\u00e9 \u00e0 dire qu\u2019elles \u00e9taient, cette fois, un peu tendues, l\u2019\u00c9lys\u00e9e avait souhait\u00e9, pour rendre ce moment un peu plus convivial (sic), que ne soient pas admis dans la salle les appareils photos.<\/p>\n<p><strong>Que croyez-vous qu\u2019il arriva\u00a0?<\/strong><\/p>\n<p><img decoding=\"async\" class=\"aligncenter\" src=\"http:\/\/media.tumblr.com\/tumblr_lypzoeDBzK1r0uc0h.jpg\" alt=\"\" \/><\/p>\n<p>Toutes ces racailles de jeunes journalistes irrespectueux des consignes pr\u00e9sidentielles ont alors sorti leur ordiphone pr\u00e9f\u00e9r\u00e9 et ont mitraill\u00e9 \u00e0 qui mieux mieux pour immortaliser l\u2019\u00e9v\u00e9nement, comme nous le montre\u00a0<a href=\"http:\/\/owni.fr\/2012\/02\/01\/presse-elysee-sarkozy-voeux\/\">un article d\u2019Owni<\/a>\u00a0dont est tir\u00e9e la photo ci-dessus.<\/p>\n<p>Parlons d\u2019autre chose\u2026<\/p>\n<p>La campagne nationale contre le cyber-harc\u00e8lement prend, en se rapprochant de la p\u00e9riode \u00e9lectorale, une nouvelle dimension. Le site du minist\u00e8re de l\u2019\u00c9ducation titre sur cette campagne sur toute sa largeur et un\u00a0<a href=\"http:\/\/www.education.gouv.fr\/cid59101\/lutter-contre-le-harcelement-a-l-ecole-l-affaire-de-tous.html\">large dossier<\/a>\u00a0en ligne y est consacr\u00e9. C\u2019est la grande affaire du moment. \u00c0 l\u2019occasion du r\u00e9cent colloque dont j\u2019ai d\u00e9j\u00e0 parl\u00e9 dans\u00a0<a href=\"http:\/\/gingko.neottia.net\/post\/15716634019\/convenir-de-regles-dusage-pour-acceder-a-la\">cet article<\/a>, organis\u00e9 le 10 janvier dernier\u00a0par l\u2019Institut national des hautes \u00e9tudes de la S\u00e9curit\u00e9 et de la Justice, le ministre de l\u2019\u00c9ducation nationale a eu l\u2019occasion de r\u00e9affirmer sa volont\u00e9, soutenu en cela par Facebook, de supprimer les comptes des jeunes suppos\u00e9s harceleurs de leurs camarades. Non mais\u00a0!<\/p>\n<p><strong>Que croyez-vous qu\u2019il arrive alors dans ce cas\u00a0?<\/strong><\/p>\n<p>Bien \u00e9videmment, d\u2019autres comptes sont cr\u00e9\u00e9s illico et tout continue comme avant\u2026<\/p>\n<p>J\u2019ai d\u00e9j\u00e0 eu l\u2019occasion de dire ce que je pensais de ce probl\u00e8me du harc\u00e8lement. Il faut juste comprendre, en l\u2019occurrence, que tout cela n\u2019est pas tr\u00e8s nouveau mais prend un tour diff\u00e9rent avec l\u2019Internet et les m\u00e9dias num\u00e9riques. Alors qu\u2019auparavant le harc\u00e8lement se limitait \u00e0 des paroles dans la cour de l\u2019\u00e9cole et \u00e0 ce qui \u00e9tait \u00e9crit sur le mur des toilettes, ce dont chacun se fichait \u00e0 peu pr\u00e8s, tout prend un tour plus dramatique avec l\u2019exposition des dits \u00e9crits sur une page Facebook accessible \u00e0 \u00ab\u00a0un certain nombre d\u2019amis\u00a0\u00bb et dont le monde entier peut parler sans l\u2019avoir vraiment vue\u00a0! Car c\u2019est aussi une caract\u00e9ristique de la fantasmatique num\u00e9rique que tout le monde d\u00e9plore ou \u00e9voque m\u00eame seulement des faits ou des \u00e9v\u00e9nements sans ni les avoir vus ou lus ni m\u00eame en conna\u00eetre le moindre d\u00e9tail.<\/p>\n<p>Je r\u00e9p\u00e8te que je ne veux pas nier le harc\u00e8lement ni m\u00eame le harc\u00e8lement en ligne. Et je plains sinc\u00e8rement les victimes, car il y en a aujourd\u2019hui comme hier. Mais je dis que tout cela ne serait jamais arriv\u00e9 si\u00a0:<\/p>\n<ul>\n<li>on n\u2019avait pas, \u00e0 l\u2019\u00e9cole, dans un premier temps, fait comme si les blogs, les r\u00e9seaux sociaux,\u00a0<strong>\u00e7a n\u2019existait pas<\/strong>\u00a0!<\/li>\n<li>on n\u2019avait pas, sur les r\u00e9seaux des acad\u00e9mies, des \u00e9coles, coll\u00e8ges et lyc\u00e9es, dans les salles de travail et les CDI, syst\u00e9matiquement\u00a0<strong>censur\u00e9 et interdit<\/strong>\u00a0l\u2019usage de Facebook et des r\u00e9seaux sociaux (notez la contradiction avec le point pr\u00e9c\u00e9dent)\u00a0;<\/li>\n<li>on avait pris la peine, comme je l\u2019expliquais r\u00e9cemment dans\u00a0<a href=\"http:\/\/gingko.neottia.net\/post\/15716634019\/convenir-de-regles-dusage-pour-acceder-a-la\">cet article<\/a>, en associant l\u2019ensemble des acteurs de l\u2019\u00e9cole, y compris les parents, \u00e0 leur r\u00e9daction, de\u00a0<strong>convenir de r\u00e8gles d\u2019usage<\/strong>\u00a0;<\/li>\n<li>on avait bien voulu ne parler \u00e0 l\u2019\u00e9cole \u00e0 ce sujet que d\u2019<strong>\u00e9ducation<\/strong>, d\u2019abord d\u2019<strong>\u00e9ducation<\/strong>, puis encore d\u2019<strong>\u00e9ducation<\/strong>\u00a0et enfin d\u2019<strong>\u00e9ducation<\/strong>.<\/li>\n<\/ul>\n<p>Et n\u2019envisager la r\u00e9pression et l\u2019interdiction qu\u2019en tout dernier recours\u2026<\/p>\n<p>Il est interdit d\u2019interdire\u00a0? Non, bien s\u00fbr. Mais derri\u00e8re le titre de ce billet, emprunt\u00e9 au langage soixante-huitard, un tantinet provocateur, vous l\u2019aurez compris, il y a, dans les deux exemples propos\u00e9s \u00e0 votre r\u00e9flexion dans ce billet, d\u2019une part l\u2019interdiction des ordiphones \u00e0 la r\u00e9ception de l\u2019\u00c9lys\u00e9e, ordiphones eux aussi bannis de l\u2019\u00e9cole, d\u2019autre part l\u2019interdiction des r\u00e9seaux sociaux, de Facebook ou le bannissement des mauvais \u00e9l\u00e8ves incivils, la m\u00eame id\u00e9e, celle que\u00a0<strong>l\u2019interdiction sans r\u00e9flexion sur les enjeux et travail \u00e9ducatif\u00a0pr\u00e9alable\u00a0n\u2019a pas le moindre sens<\/strong>\u00a0!<\/p>\n<p>Il ne reste plus qu\u2019\u00e0 attendre qu\u2019on interdise aux journalistes d\u2019utiliser Twitter ou Facebook\u2026<\/p>\n<p>Michel Guillou\u00a0<a href=\"https:\/\/twitter.com\/#!\/michelguillou\">@michelguillou<\/a><\/p>\n<p><img loading=\"lazy\" decoding=\"async\" src=\"http:\/\/i.creativecommons.org\/l\/by-nc-sa\/2.0\/fr\/80x15.png\" alt=\"\" width=\"80\" height=\"15\" \/><\/p>\n<p>Cr\u00e9dits photo :\u00a0<a href=\"http:\/\/www.flickr.com\/photos\/12533165@N05\/1345698813\/\">jonandsamfreecycle<\/a>\u00a0via\u00a0<a href=\"http:\/\/photopin.com\/\">photopin<\/a>\u00a0<a href=\"http:\/\/creativecommons.org\/licenses\/by-nc-sa\/2.0\/\">cc<\/a>,\u00a0Sylvain Lapoix et Ophelia Noor\u00a0via\u00a0<a href=\"http:\/\/owni.fr\/2012\/02\/01\/presse-elysee-sarkozy-voeux\/\">Owni<\/a>\u00a0<a href=\"http:\/\/creativecommons.org\/licenses\/by-nc-sa\/2.0\/\">cc<\/a><\/p>\n<p>[cite]<\/p>\n","protected":false},"excerpt":{"rendered":"<p><a href=\"http:\/\/www.culture-numerique.fr\/wp-content\/uploads\/2012\/02\/tumblr_lyouonyQPk1r0uc0h.jpg\"><img loading=\"lazy\" decoding=\"async\" class=\"wp-image-1545 aligncenter\" src=\"http:\/\/www.culture-numerique.fr\/wp-content\/uploads\/2012\/02\/tumblr_lyouonyQPk1r0uc0h.jpg\" alt=\"Sois jeune\" width=\"836\" height=\"749\" srcset=\"https:\/\/www.culture-numerique.fr\/wp-content\/uploads\/2012\/02\/tumblr_lyouonyQPk1r0uc0h.jpg 500w, https:\/\/www.culture-numerique.fr\/wp-content\/uploads\/2012\/02\/tumblr_lyouonyQPk1r0uc0h-300x268.jpg 300w, https:\/\/www.culture-numerique.fr\/wp-content\/uploads\/2012\/02\/tumblr_lyouonyQPk1r0uc0h-100x89.jpg 100w, https:\/\/www.culture-numerique.fr\/wp-content\/uploads\/2012\/02\/tumblr_lyouonyQPk1r0uc0h-150x134.jpg 150w, https:\/\/www.culture-numerique.fr\/wp-content\/uploads\/2012\/02\/tumblr_lyouonyQPk1r0uc0h-200x179.jpg 200w, https:\/\/www.culture-numerique.fr\/wp-content\/uploads\/2012\/02\/tumblr_lyouonyQPk1r0uc0h-450x403.jpg 450w\" sizes=\"auto, (max-width: 836px) 100vw, 836px\" \/><\/a><\/p>\n<p><strong>D\u00e9cid\u00e9ment, les v\u0153ux du pr\u00e9sident de la R\u00e9publique<\/strong> sont l\u2019occasion renouvel\u00e9e de r\u00e9flexions sur l\u2019\u00e9volution des pratiques en soci\u00e9t\u00e9, des armes que se donne cette derni\u00e8re pour pr\u00e9venir les mauvais usages et interdire les d\u00e9viances outranci\u00e8res.<\/p>\n<p><span class=\"ellipsis\">&hellip;<\/span><\/p>\n<div class=\"read-more\"><a href=\"https:\/\/www.culture-numerique.fr\/?p=600\">Lire la suite &#8250;<\/a><\/div>\n<p><!-- end of .read-more --><\/p>\n","protected":false},"author":1,"featured_media":1545,"comment_status":"open","ping_status":"open","sticky":false,"template":"","format":"standard","meta":{"jetpack_post_was_ever_published":false,"_jetpack_newsletter_access":"","_jetpack_dont_email_post_to_subs":true,"_jetpack_newsletter_tier_id":0,"_jetpack_memberships_contains_paywalled_content":false,"_jetpack_memberships_contains_paid_content":false,"footnotes":""},"categories":[9],"tags":[373,374,172],"class_list":["post-600","post","type-post","status-publish","format-standard","has-post-thumbnail","hentry","category-billets-dhumeur","tag-harcelement","tag-interdire","tag-ordiphones"],"jetpack_featured_media_url":"https:\/\/www.culture-numerique.fr\/wp-content\/uploads\/2012\/02\/tumblr_lyouonyQPk1r0uc0h.jpg","jetpack_sharing_enabled":true,"_links":{"self":[{"href":"https:\/\/www.culture-numerique.fr\/index.php?rest_route=\/wp\/v2\/posts\/600","targetHints":{"allow":["GET"]}}],"collection":[{"href":"https:\/\/www.culture-numerique.fr\/index.php?rest_route=\/wp\/v2\/posts"}],"about":[{"href":"https:\/\/www.culture-numerique.fr\/index.php?rest_route=\/wp\/v2\/types\/post"}],"author":[{"embeddable":true,"href":"https:\/\/www.culture-numerique.fr\/index.php?rest_route=\/wp\/v2\/users\/1"}],"replies":[{"embeddable":true,"href":"https:\/\/www.culture-numerique.fr\/index.php?rest_route=%2Fwp%2Fv2%2Fcomments&post=600"}],"version-history":[{"count":5,"href":"https:\/\/www.culture-numerique.fr\/index.php?rest_route=\/wp\/v2\/posts\/600\/revisions"}],"predecessor-version":[{"id":5592,"href":"https:\/\/www.culture-numerique.fr\/index.php?rest_route=\/wp\/v2\/posts\/600\/revisions\/5592"}],"wp:featuredmedia":[{"embeddable":true,"href":"https:\/\/www.culture-numerique.fr\/index.php?rest_route=\/wp\/v2\/media\/1545"}],"wp:attachment":[{"href":"https:\/\/www.culture-numerique.fr\/index.php?rest_route=%2Fwp%2Fv2%2Fmedia&parent=600"}],"wp:term":[{"taxonomy":"category","embeddable":true,"href":"https:\/\/www.culture-numerique.fr\/index.php?rest_route=%2Fwp%2Fv2%2Fcategories&post=600"},{"taxonomy":"post_tag","embeddable":true,"href":"https:\/\/www.culture-numerique.fr\/index.php?rest_route=%2Fwp%2Fv2%2Ftags&post=600"}],"curies":[{"name":"wp","href":"https:\/\/api.w.org\/{rel}","templated":true}]}}