{"id":5990,"date":"2017-04-21T10:01:31","date_gmt":"2017-04-21T08:01:31","guid":{"rendered":"https:\/\/www.culture-numerique.fr\/?p=5990"},"modified":"2017-04-21T10:01:31","modified_gmt":"2017-04-21T08:01:31","slug":"de-la-recrudescence-des-cas-de-cecite-en-periode-electorale","status":"publish","type":"post","link":"https:\/\/www.culture-numerique.fr\/?p=5990","title":{"rendered":"De la recrudescence des cas de c\u00e9cit\u00e9 en p\u00e9riode \u00e9lectorale"},"content":{"rendered":"<p><a href=\"https:\/\/www.culture-numerique.fr\/wp-content\/uploads\/2017\/04\/eyeglasses-2003188_1280.jpg\"><img loading=\"lazy\" decoding=\"async\" class=\"aligncenter wp-image-5999 size-full\" src=\"https:\/\/www.culture-numerique.fr\/wp-content\/uploads\/2017\/04\/eyeglasses-2003188_1280-e1492523067523.jpg\" alt=\"\" width=\"1276\" height=\"727\" srcset=\"https:\/\/www.culture-numerique.fr\/wp-content\/uploads\/2017\/04\/eyeglasses-2003188_1280-e1492523067523.jpg 1276w, https:\/\/www.culture-numerique.fr\/wp-content\/uploads\/2017\/04\/eyeglasses-2003188_1280-e1492523067523-300x171.jpg 300w, https:\/\/www.culture-numerique.fr\/wp-content\/uploads\/2017\/04\/eyeglasses-2003188_1280-e1492523067523-1024x583.jpg 1024w, https:\/\/www.culture-numerique.fr\/wp-content\/uploads\/2017\/04\/eyeglasses-2003188_1280-e1492523067523-100x57.jpg 100w, https:\/\/www.culture-numerique.fr\/wp-content\/uploads\/2017\/04\/eyeglasses-2003188_1280-e1492523067523-150x85.jpg 150w, https:\/\/www.culture-numerique.fr\/wp-content\/uploads\/2017\/04\/eyeglasses-2003188_1280-e1492523067523-200x114.jpg 200w, https:\/\/www.culture-numerique.fr\/wp-content\/uploads\/2017\/04\/eyeglasses-2003188_1280-e1492523067523-450x256.jpg 450w, https:\/\/www.culture-numerique.fr\/wp-content\/uploads\/2017\/04\/eyeglasses-2003188_1280-e1492523067523-600x342.jpg 600w, https:\/\/www.culture-numerique.fr\/wp-content\/uploads\/2017\/04\/eyeglasses-2003188_1280-e1492523067523-900x513.jpg 900w\" sizes=\"auto, (max-width: 1276px) 100vw, 1276px\" \/><\/a><\/p>\n<p><strong>La campagne pr\u00e9sidentielle s&rsquo;alanguit<\/strong> et chaque candidat peaufine ses derniers arguments, ceux qui lui vaudront le ralliement massif de foules conquises. Convenons-en, ces arguments de fin de campagne sont rarement les meilleurs, flirtant trop souvent et dangereusement avec les limites f\u00e9tides d&rsquo;un populisme d\u00e9magogue et racoleur. En l&rsquo;occurrence, mon attention a \u00e9t\u00e9 alert\u00e9e, d&rsquo;une mani\u00e8re g\u00e9n\u00e9rale, comme d&rsquo;autres, par la pauvret\u00e9 des propositions concernant l&rsquo;\u00e9ducation, qui n&rsquo;est d\u00e9cid\u00e9ment pas un sujet de campagne, et par la nullit\u00e9 crasse, par ailleurs, toujours trop visiblement dict\u00e9e par les lobbys id\u00e9ologiques et \u00e9conomiques du secteur, des propositions relatives \u00e0 l&rsquo;\u00e9cole num\u00e9rique.<\/p>\n<p>Je vous \u00e9pargne la liste des assertions consternantes \u00e0 ce sujet\u00a0ins\u00e9r\u00e9es \u00e7\u00e0 et l\u00e0 dans les programmes. Pas ceux de l&rsquo;\u00e9cole, ceux des candidats \u00e0 la pr\u00e9sidence de la R\u00e9publique, dont on aurait pu esp\u00e9rer a priori qu&rsquo;ils sont bien conseill\u00e9s mais dont on sait qu&rsquo;ils ne le sont pas.<\/p>\n<p>Ce billet n&rsquo;aura pas pour objet de revenir l\u00e0-dessus. Une certitude cependant\u00a0: <strong>quel que soit l&rsquo;\u00e9lu, on va perdre encore 10 ou 15 ans<\/strong>. Il faut s&rsquo;y pr\u00e9parer. Je sais, c&rsquo;est dur.<\/p>\n<h3>Rien ne sert de penser, faut r\u00e9fl\u00e9chir avant<\/h3>\n<p>Comment expliquer les d\u00e9clarations consensuelles, tous bords politiques confondus ou presque, sur le retour n\u00e9cessaire \u00e0 <strong>la transmission des savoirs<\/strong>\u00a0?<\/p>\n<p>\u00c0 ce sujet, un tantinet agac\u00e9 par ce triste consensus, j&rsquo;ai eu la pr\u00e9tention d&rsquo;annoncer, sur un r\u00e9seau social, que j&rsquo;allais \u00e9crire\u00a0un billet pour en d\u00e9construire le mythe, <strong>cette suppos\u00e9e \u00e9vidence sociale.<\/strong>\u00a0Je ne subodorais pas alors \u00e0 quel point ce sujet avait d\u00e9j\u00e0 \u00e9t\u00e9 au centre des r\u00e9flexions, parfois pol\u00e9miques, de presque tous les\u00a0p\u00e9dagogues, depuis des si\u00e8cles sans doute. Je reconnais mon ignorance, je ne suis pas historien de l&rsquo;\u00e9cole ou de la p\u00e9dagogie. Mes \u00ab\u00a0amis\u00a0\u00bb ne m&rsquo;en ont pas tenu rigueur, me conseillant de relire\u00a0<a href=\"https:\/\/fr.wikipedia.org\/wiki\/Lev_Vygotski\" target=\"_blank\" rel=\"noopener noreferrer\">Lev Vygotsky<\/a>\u00a0ou <a href=\"https:\/\/fr.wikipedia.org\/wiki\/Jean_Piaget\" target=\"_blank\" rel=\"noopener noreferrer\">Jean Piaget<\/a>, <a href=\"https:\/\/fr.wikipedia.org\/wiki\/Marcel_Gauchet\" target=\"_blank\" rel=\"noopener noreferrer\">Marcel Gauchet<\/a>,\u00a0<a href=\"https:\/\/fr.wikipedia.org\/wiki\/Philippe_Meirieu\" target=\"_blank\" rel=\"noopener noreferrer\">Philippe Meirieu<\/a> ou <a href=\"https:\/\/fr.wikipedia.org\/wiki\/Pierre_Bourdieu\" target=\"_blank\" rel=\"noopener noreferrer\">Pierre Bourdieu<\/a>, me renvoyant aux <a href=\"http:\/\/www.ens.fr\/actualites\/agenda\/archives\/article\/parution-les-sociologues-l-ecole\" target=\"_blank\" rel=\"noopener noreferrer\">travaux r\u00e9cents<\/a> de <a href=\"http:\/\/sciences-sociales.ens.fr\/Jerome-Deauvieau.html\" target=\"_blank\" rel=\"noopener noreferrer\">J\u00e9r\u00f4me Deauvieau<\/a> et <a href=\"http:\/\/www.approches.fr\/Jean-Pierre-TERRAIL\" target=\"_blank\" rel=\"noopener noreferrer\">Jean-Pierre Terrail<\/a> ou encore, plus loin, \u00e0 <a href=\"https:\/\/fr.wikipedia.org\/wiki\/Michel_de_Montaigne\" target=\"_blank\" rel=\"noopener noreferrer\">Michel de Montaigne<\/a> ou\u2026 <a href=\"https:\/\/fr.wikipedia.org\/wiki\/Socrate\" target=\"_blank\" rel=\"noopener noreferrer\">Socrate<\/a>.<\/p>\n<p>Par ailleurs, on me dit aussi qu&rsquo;il convient, pour \u00eatre s\u00e9rieux, que je mentionne ce qu&rsquo;en pensaient les <a href=\"https:\/\/fr.wikipedia.org\/wiki\/Galates\" target=\"_blank\" rel=\"noopener noreferrer\">Galates<\/a>.<\/p>\n<p>J&rsquo;y renonce. Non pas tant parce que je m\u00e9prise tous ces grands auteurs ou toutes ces r\u00e9f\u00e9rences mais parce ce n&rsquo;est pas mon propos aujourd&rsquo;hui de me retourner sur le pass\u00e9, si \u00e9clairant soit-il.<\/p>\n<h3>Ouvrons les yeux et observons<\/h3>\n<p>Ce blogue est nourri\u00a0des observations faites, autour de moi, par ceux qui veulent bien ouvrir les yeux, sur les mutations induites par le num\u00e9rique, ses technologies mais aussi surtout le mod\u00e8le culturel et social qu&rsquo;il est devenu et qui s&rsquo;impose dans tous les domaines de la soci\u00e9t\u00e9 de ce si\u00e8cle. On ne parle que de \u00e7a, ici, de gens avec lesquels je ne suis pas forc\u00e9ment d&rsquo;accord sur tout mais qui, <strong>en connexion avec\u00a0leur temps<\/strong>, savent adopter une posture de naturaliste pour observer autour d&rsquo;eux et en tirer les cons\u00e9quences.<\/p>\n<p>Ainsi,\u00a0<a href=\"https:\/\/twitter.com\/becket6\" target=\"_blank\" rel=\"noopener noreferrer\">Catherine Becchetti-Bizot<\/a>\u00a0<a href=\"https:\/\/www.ludovia.com\/2017\/04\/numerique-savoirs-autour-de-la-problematique-decritech8\/\" target=\"_blank\" rel=\"noopener noreferrer\">r\u00e9pond \u00e0 propos<\/a> d&rsquo;<a href=\"http:\/\/www.ecritech.fr\/\" target=\"_blank\" rel=\"noopener noreferrer\">Ecritech&rsquo;8<\/a>, de son th\u00e8me \u00ab\u00a0<strong>Num\u00e9rique et savoirs<\/strong>\u00a0\u00bb et de ce qu&rsquo;elle \u00e9tait all\u00e9e y faire\u00a0:<\/p>\n<blockquote><p>\u00ab\u00a0Nous nous sommes interrog\u00e9s sur les modes d\u2019appropriation des savoirs avec le num\u00e9rique\u2026 Comment les \u00e9l\u00e8ves se les approprient de mani\u00e8re p\u00e9renne,\u00a0comment les enseignants, eux-m\u00eames, sont amen\u00e9s \u00e0 sc\u00e9nariser les savoirs, autrement dit le r\u00f4le de l\u2019enseignant et l\u2019\u00e9volution de sa mission pour tenter de se mettre dans une posture nouvelle\u00a0? Enfin, comment peut-on co-construire ses savoirs tout au long de la vie\u00a0? \u00bb<\/p><\/blockquote>\n<p>Dans une <a href=\"http:\/\/www.focusrh.com\/formation\/debats\/faut-il-arreter-de-transmettre-par-stephane-diebold-29748.html\" target=\"_blank\" rel=\"noopener noreferrer\">tribune r\u00e9cente<\/a>, <a href=\"https:\/\/www.linkedin.com\/in\/diebold\/?ppe=1\" target=\"_blank\" rel=\"noopener noreferrer\">St\u00e9phane Diebold<\/a> se demande s&rsquo;il ne convient pas, en ces temps nouveaux, o\u00f9 s&rsquo;impose le paradigme num\u00e9rique, de <strong>s&rsquo;arr\u00eater de transmettre<\/strong>. Il cherche, lui aussi, ses r\u00e9f\u00e9rences dans les textes anciens citant <a href=\"https:\/\/fr.wikipedia.org\/wiki\/Thomas_Paine\" target=\"_blank\" rel=\"noopener noreferrer\">Thomas Paine<\/a>, <a href=\"https:\/\/fr.wikipedia.org\/wiki\/Edmund_Burke\" target=\"_blank\" rel=\"noopener noreferrer\">Edmund Burke<\/a> et <a href=\"https:\/\/fr.wikipedia.org\/wiki\/Bernard_de_Chartres\" target=\"_blank\" rel=\"noopener noreferrer\">Bernard de Chartres<\/a>.<\/p>\n<p><strong>La question n&rsquo;est pas si iconoclaste\u00a0que cela<\/strong>. <a href=\"https:\/\/twitter.com\/kwame42\" target=\"_blank\" rel=\"noopener noreferrer\">Kwame Yamgnane<\/a> me rappelle, lui, qu&rsquo;elle s&rsquo;est pos\u00e9e d\u00e8s la cr\u00e9ation des \u00e9coles qu&rsquo;il a dirig\u00e9es, la derni\u00e8re \u00e9tant <a href=\"https:\/\/fr.wikipedia.org\/wiki\/42_(%C3%A9tablissements_d%27autoformation)\" target=\"_blank\" rel=\"noopener noreferrer\">42<\/a>. Il rappelle qu&rsquo;un concept a largement pr\u00e9sid\u00e9 \u00e0 leur naissance, celui de ZKT (<strong>Zero Knowledge Transmission<\/strong>). Dans un <a href=\"https:\/\/www.culture-numerique.fr\/wp-content\/uploads\/2017\/04\/Article42TLIU1.pdf\" target=\"_blank\" rel=\"noopener noreferrer\">travail de recherche<\/a> consacr\u00e9 \u00e0 l&rsquo;\u00e9cole 42, <a href=\"https:\/\/www.linkedin.com\/in\/tiphaine-liu-25bb5b90\/?ppe=1\" target=\"_blank\" rel=\"noopener noreferrer\">Tiphaine Liu<\/a>, qui ne nie pas que 42, o\u00f9 aucun enseignant n&rsquo;exerce, a pourtant vocation a transmettre des savoirs, \u00e9nonce\u00a0qu&rsquo;une large place est faite au plaisir d&rsquo;apprendre par soi-m\u00eame, en coop\u00e9rant, en collaborant, en trouvant de mani\u00e8re autonome les sources des connaissances n\u00e9cessaires, en faisant preuve d&rsquo;<strong>agilit\u00e9<\/strong>, d&rsquo;<strong>initiative<\/strong> et d&rsquo;<strong>adaptabilit\u00e9<\/strong> : \u00ab\u00a0<span style=\"color: #800000;\"><em>dans un monde incertain et chaotique, l\u2019esprit doit lui-m\u00eame \u00eatre souple et impr\u00e9visible<\/em><\/span>\u00a0\u00bb. Les mots-cl\u00e9s sont, r\u00e9p\u00e8te-t-elle, <strong>plaisir<\/strong> mais aussi <strong>engagement<\/strong>, <strong>libert\u00e9<\/strong>, <strong>horizontalit\u00e9<\/strong>. Chaque \u00e9l\u00e8ve, confront\u00e9 aux probl\u00e8mes qu&rsquo;on lui pose, adopte tour \u00e0 tour la posture d&rsquo;apprenant et de formateur.<\/p>\n<p>Il va de soi qu&rsquo;il n&rsquo;est pas question d&rsquo;en faire un mod\u00e8le g\u00e9n\u00e9ral pour l&rsquo;\u00e9cole. L&rsquo;\u00e9cole 42 est n\u00e9e aujourd&rsquo;hui dans un contexte pr\u00e9cis, avec des \u00e9l\u00e8ves d\u00e9crocheurs eux-m\u00eames tr\u00e8s particuliers et des objectifs pragmatiques de formation. Malgr\u00e9 tout, son fonctionnement et ses m\u00e9thodes \u00e9tonnent et obligent \u00e0 interroger \u00e0 nouveau les objectifs m\u00eames assign\u00e9s \u00e0 l&rsquo;\u00e9cole de la R\u00e9publique.<\/p>\n<h3>La c\u00e9cit\u00e9 des \u00e9lites<\/h3>\n<p>Ce billet n&rsquo;a pas pour objectif de\u00a0d\u00e9construire quoi que ce soit, au fond j&rsquo;en suis bien incapable. D&rsquo;autres, tr\u00e8s illustres, s&rsquo;y sont frott\u00e9s en leur temps ou m\u00eame aujourd&rsquo;hui sans trouver de r\u00e9ponse formelle \u00e0 ce qui entre en tension entre <strong>enseigner et apprendre<\/strong>, <strong>instruire et \u00e9duquer<\/strong>, <strong>transmettre et ouvrir les possibles<\/strong> de l&rsquo;\u00e9laboration de savoirs.<\/p>\n<p>C&rsquo;est bien trop difficile et compliqu\u00e9 aujourd&rsquo;hui plus que jamais, dans un monde de <strong>surinformation<\/strong> et de <strong>d\u00e9sinterm\u00e9diation<\/strong>, un monde, on le voit bien en ce moment-m\u00eame, o\u00f9 tous les syst\u00e8mes de repr\u00e9sentation sont en crise et largement contest\u00e9s. Tout a chang\u00e9, de fond en comble, les interactions sociales ne sont plus les m\u00eames, les jeunes, les \u00e9l\u00e8ves ne sont plus les m\u00eames non plus, ils n&rsquo;ont plus les m\u00eames go\u00fbts, les m\u00eames aspirations, les m\u00eames rep\u00e8res que leurs a\u00een\u00e9s. Ainsi, il est particuli\u00e8rement vain, comme le pr\u00e9tend un candidat aujourd&rsquo;hui m\u00eame, de vouloir restaurer l&rsquo;\u00ab\u00a0autorit\u00e9\u00a0\u00bb des enseignants sans prendre en compte\u00a0qu&rsquo;on ne peut plus, aujourd&rsquo;hui, assigner \u00e0 ces derniers les m\u00eames missions, qu&rsquo;ils ne peuvent plus adopter les m\u00eames postures et se contenter de transmettre des connaissances, des savoirs comme il\u00a0est souvent dit maladroitement. C&rsquo;est impossible.<\/p>\n<p>C&rsquo;est d&rsquo;autant plus compliqu\u00e9, comme je l&rsquo;ai d\u00e9j\u00e0 dit dans mon pr\u00e9c\u00e9dent billet, que la posture \u00e0 adopter maintenant doit \u00eatre plus humble, qu&rsquo;il s&rsquo;agit de descendre des chaires et des pi\u00e9destaux et de parcourir les trav\u00e9es.<\/p>\n<p><strong>L&rsquo;\u00e9cole ne peut plus \u00eatre le lieu unique de la transmission<\/strong>, elle ne l&rsquo;est d&rsquo;ailleurs d\u00e9j\u00e0 plus. Les apprentissages informels sont d\u00e9j\u00e0 plus importants que les apprentissages formels. <strong>Les ma\u00eetres ne peuvent plus \u00eatre les seuls \u00e0 transmettre<\/strong>, ils ne le sont d\u00e9j\u00e0 plus, l&rsquo;essentiel des apprentissages se d\u00e9roulant, dans l&rsquo;\u00e9cole et hors d&rsquo;elle, dans des d\u00e9marches qui mobilisent des intelligences collectives et o\u00f9 coop\u00e9ration, collaboration, entraide, co-construction de savoirs entre pairs sont la r\u00e8gle.<\/p>\n<p>Et pourtant, j&rsquo;y reviens, cela n&#8217;emp\u00eache nullement nos vaillants candidats d&rsquo;en rajouter sur le mod\u00e8le imm\u00e9morial d&rsquo;une \u00e9cole d\u00e9di\u00e9e \u00e0 <strong>la seule transmission des savoirs <\/strong>contre toutes les d\u00e9rives suppos\u00e9es d&rsquo;une modernit\u00e9 destructrice. Certains de leurs partisans se fendent m\u00eame de tristes d\u00e9clarations dans les grands m\u00e9dias. Ainsi, <a href=\"http:\/\/www.humanite.fr\/\" target=\"_blank\" rel=\"noopener noreferrer\"><em>l&rsquo;Humanit\u00e9<\/em><\/a> se fourvoie \u00e0 <a href=\"http:\/\/www.humanite.fr\/propositions-pour-une-nouvelle-ecole-democratique-634780\" target=\"_blank\" rel=\"noopener noreferrer\">publier<\/a>\u00a0d&rsquo;horribles lignes\u00a0qui n&rsquo;ont d&rsquo;autre int\u00e9r\u00eat que de montrer au grand jour <strong>l&rsquo;irr\u00e9ductible archa\u00efsme et l&rsquo;impressionnante c\u00e9cit\u00e9<\/strong> de leurs auteurs. Incapables de nuances, incapables d&rsquo;ouvrir les yeux sur la r\u00e9alit\u00e9 du Monde, ils se r\u00e9fugient dans l&rsquo;immuable et l&rsquo;anachronique.<\/p>\n<p>De m\u00eame, l\u00e0 o\u00f9 les champs nouveaux des litt\u00e9raties num\u00e9riques, m\u00e9diatiques ou informationnelles contraignent, par exemple, \u00e0 croiser les regards et \u00e0 d\u00e9velopper, ensemble, des <strong>d\u00e9marches transversales<\/strong>, ils s&rsquo;opposent maladroitement et radicalement \u00e0 ces \u00e9volutions n\u00e9cessaires en enfermant les disciplines scolaires dans leur didactique propre et incomparable. Incapables de comprendre qu&rsquo;on peut parfaitement acqu\u00e9rir des savoirs disciplinaires consistants, et, dans le m\u00eame temps, \u00e9viter le repli sur soi pour, avec les autres acteurs de l&rsquo;\u00e9cole, appr\u00e9hender la globalit\u00e9 des apprentissages, ils s&rsquo;enferment dans des logiques manich\u00e9ennes, excluantes et d\u00e9pass\u00e9es.<\/p>\n<p>Il faut leur expliquer, \u00e0 tous ces gens\u00a0: l&rsquo;\u00e9cole comme lieu unique et exclusif de transmission des savoirs, le ma\u00eetre comme unique possesseur des connaissances, <strong>c&rsquo;est fini, n-i. Fini<\/strong>.<\/p>\n<p>Ils devront bien s&rsquo;en convaincre. Ou en p\u00e2tir.<\/p>\n<p>Michel Guillou\u00a0<a href=\"https:\/\/twitter.com\/michelguillou\" target=\"_blank\" rel=\"noopener noreferrer\">@michelguillou<\/a><\/p>\n<p><a href=\"http:\/\/creativecommons.org\/licenses\/by-nc-sa\/2.0\/fr\/\" target=\"_blank\" rel=\"noopener noreferrer\"><img loading=\"lazy\" decoding=\"async\" src=\"https:\/\/i.creativecommons.org\/l\/by-nc-sa\/2.0\/fr\/80x15.png\" alt=\"image\" width=\"80\" height=\"15\" data-pin-nopin=\"true\" \/><\/a><\/p>\n<p>Cr\u00e9dit photo\u00a0: <a href=\"https:\/\/pixabay.com\/fr\/lunettes-examen-optom%C3%A9trie-vision-2003188\/\" target=\"_blank\" rel=\"noopener noreferrer\">Pixabay<\/a><\/p>\n<p>Merci aussi \u00e0\u00a0<a href=\"https:\/\/fr.wikipedia.org\/wiki\/Pierre_Dac\" target=\"_blank\" rel=\"noopener noreferrer\">Pierre Dac<\/a>\u00a0pour le premier intertitre.<\/p>\n<p>[cite]<\/p>\n<p>&nbsp;<\/p>\n","protected":false},"excerpt":{"rendered":"<p><a href=\"https:\/\/www.culture-numerique.fr\/wp-content\/uploads\/2017\/04\/eyeglasses-2003188_1280.jpg\"><img loading=\"lazy\" decoding=\"async\" class=\"aligncenter wp-image-5999 size-full\" src=\"https:\/\/www.culture-numerique.fr\/wp-content\/uploads\/2017\/04\/eyeglasses-2003188_1280-e1492523067523.jpg\" alt=\"\" width=\"1276\" height=\"727\" srcset=\"https:\/\/www.culture-numerique.fr\/wp-content\/uploads\/2017\/04\/eyeglasses-2003188_1280-e1492523067523.jpg 1276w, https:\/\/www.culture-numerique.fr\/wp-content\/uploads\/2017\/04\/eyeglasses-2003188_1280-e1492523067523-300x171.jpg 300w, https:\/\/www.culture-numerique.fr\/wp-content\/uploads\/2017\/04\/eyeglasses-2003188_1280-e1492523067523-1024x583.jpg 1024w, https:\/\/www.culture-numerique.fr\/wp-content\/uploads\/2017\/04\/eyeglasses-2003188_1280-e1492523067523-100x57.jpg 100w, https:\/\/www.culture-numerique.fr\/wp-content\/uploads\/2017\/04\/eyeglasses-2003188_1280-e1492523067523-150x85.jpg 150w, https:\/\/www.culture-numerique.fr\/wp-content\/uploads\/2017\/04\/eyeglasses-2003188_1280-e1492523067523-200x114.jpg 200w, https:\/\/www.culture-numerique.fr\/wp-content\/uploads\/2017\/04\/eyeglasses-2003188_1280-e1492523067523-450x256.jpg 450w, https:\/\/www.culture-numerique.fr\/wp-content\/uploads\/2017\/04\/eyeglasses-2003188_1280-e1492523067523-600x342.jpg 600w, https:\/\/www.culture-numerique.fr\/wp-content\/uploads\/2017\/04\/eyeglasses-2003188_1280-e1492523067523-900x513.jpg 900w\" sizes=\"auto, (max-width: 1276px) 100vw, 1276px\" \/><\/a><\/p>\n<p><strong>La campagne pr\u00e9sidentielle s&rsquo;alanguit<\/strong> et chaque candidat peaufine ses derniers arguments, ceux qui lui vaudront le ralliement massif de foules conquises. Convenons-en, ces arguments de fin de campagne sont rarement les meilleurs, flirtant trop souvent et dangereusement avec les limites f\u00e9tides d&rsquo;un populisme d\u00e9magogue et racoleur.<\/p>\n<p><span class=\"ellipsis\">&hellip;<\/span><\/p>\n<div class=\"read-more\"><a href=\"https:\/\/www.culture-numerique.fr\/?p=5990\">Lire la suite &#8250;<\/a><\/div>\n<p><!-- end of .read-more --><\/p>\n","protected":false},"author":1,"featured_media":5999,"comment_status":"open","ping_status":"open","sticky":false,"template":"","format":"standard","meta":{"jetpack_post_was_ever_published":false,"_jetpack_newsletter_access":"","_jetpack_dont_email_post_to_subs":false,"_jetpack_newsletter_tier_id":0,"_jetpack_memberships_contains_paywalled_content":false,"_jetpack_memberships_contains_paid_content":false,"footnotes":""},"categories":[9],"tags":[795,389,232,57,233,70,39,794,223,2,482,152,151,688],"class_list":["post-5990","post","type-post","status-publish","format-standard","has-post-thumbnail","hentry","category-billets-dhumeur","tag-autorite","tag-co-construction","tag-collaboration","tag-connaissances","tag-cooperation","tag-education","tag-engagement","tag-entraide","tag-instruction","tag-numerique","tag-paradigme","tag-savoirs","tag-transmission","tag-transversalite"],"jetpack_featured_media_url":"https:\/\/www.culture-numerique.fr\/wp-content\/uploads\/2017\/04\/eyeglasses-2003188_1280-e1492523067523.jpg","jetpack_sharing_enabled":true,"_links":{"self":[{"href":"https:\/\/www.culture-numerique.fr\/index.php?rest_route=\/wp\/v2\/posts\/5990","targetHints":{"allow":["GET"]}}],"collection":[{"href":"https:\/\/www.culture-numerique.fr\/index.php?rest_route=\/wp\/v2\/posts"}],"about":[{"href":"https:\/\/www.culture-numerique.fr\/index.php?rest_route=\/wp\/v2\/types\/post"}],"author":[{"embeddable":true,"href":"https:\/\/www.culture-numerique.fr\/index.php?rest_route=\/wp\/v2\/users\/1"}],"replies":[{"embeddable":true,"href":"https:\/\/www.culture-numerique.fr\/index.php?rest_route=%2Fwp%2Fv2%2Fcomments&post=5990"}],"version-history":[{"count":24,"href":"https:\/\/www.culture-numerique.fr\/index.php?rest_route=\/wp\/v2\/posts\/5990\/revisions"}],"predecessor-version":[{"id":6019,"href":"https:\/\/www.culture-numerique.fr\/index.php?rest_route=\/wp\/v2\/posts\/5990\/revisions\/6019"}],"wp:featuredmedia":[{"embeddable":true,"href":"https:\/\/www.culture-numerique.fr\/index.php?rest_route=\/wp\/v2\/media\/5999"}],"wp:attachment":[{"href":"https:\/\/www.culture-numerique.fr\/index.php?rest_route=%2Fwp%2Fv2%2Fmedia&parent=5990"}],"wp:term":[{"taxonomy":"category","embeddable":true,"href":"https:\/\/www.culture-numerique.fr\/index.php?rest_route=%2Fwp%2Fv2%2Fcategories&post=5990"},{"taxonomy":"post_tag","embeddable":true,"href":"https:\/\/www.culture-numerique.fr\/index.php?rest_route=%2Fwp%2Fv2%2Ftags&post=5990"}],"curies":[{"name":"wp","href":"https:\/\/api.w.org\/{rel}","templated":true}]}}