{"id":5931,"date":"2017-03-28T13:32:49","date_gmt":"2017-03-28T11:32:49","guid":{"rendered":"https:\/\/www.culture-numerique.fr\/?p=5931"},"modified":"2017-03-28T17:22:27","modified_gmt":"2017-03-28T15:22:27","slug":"exercer-sa-raison-faire-preuve-de-bienveillance-avoir-et-faire-confiance","status":"publish","type":"post","link":"https:\/\/www.culture-numerique.fr\/?p=5931","title":{"rendered":"Exercer sa raison, faire preuve de bienveillance, avoir et faire confiance\u2026"},"content":{"rendered":"<p><a href=\"https:\/\/www.culture-numerique.fr\/wp-content\/uploads\/2017\/03\/boy-60659_1280.jpg\"><img loading=\"lazy\" decoding=\"async\" class=\"aligncenter size-full wp-image-5932\" src=\"https:\/\/www.culture-numerique.fr\/wp-content\/uploads\/2017\/03\/boy-60659_1280.jpg\" alt=\"\" width=\"1280\" height=\"853\" srcset=\"https:\/\/www.culture-numerique.fr\/wp-content\/uploads\/2017\/03\/boy-60659_1280.jpg 1280w, https:\/\/www.culture-numerique.fr\/wp-content\/uploads\/2017\/03\/boy-60659_1280-300x200.jpg 300w, https:\/\/www.culture-numerique.fr\/wp-content\/uploads\/2017\/03\/boy-60659_1280-1024x682.jpg 1024w, https:\/\/www.culture-numerique.fr\/wp-content\/uploads\/2017\/03\/boy-60659_1280-100x67.jpg 100w, https:\/\/www.culture-numerique.fr\/wp-content\/uploads\/2017\/03\/boy-60659_1280-150x100.jpg 150w, https:\/\/www.culture-numerique.fr\/wp-content\/uploads\/2017\/03\/boy-60659_1280-200x133.jpg 200w, https:\/\/www.culture-numerique.fr\/wp-content\/uploads\/2017\/03\/boy-60659_1280-450x300.jpg 450w, https:\/\/www.culture-numerique.fr\/wp-content\/uploads\/2017\/03\/boy-60659_1280-600x400.jpg 600w, https:\/\/www.culture-numerique.fr\/wp-content\/uploads\/2017\/03\/boy-60659_1280-900x600.jpg 900w\" sizes=\"auto, (max-width: 1280px) 100vw, 1280px\" \/><\/a><\/p>\n<p><strong>Exercer sa raison encore et encore<\/strong> contre toutes les peurs,<strong> contre tous les obscurantismes<\/strong>, contre les replis sur soi\u2026 Exercer sa raison pour se rappeler qu&rsquo;elle est bien souvent une r\u00e9ponse aux prurits, aux exasp\u00e9rations et aux d\u00e9mangeaisons\u2026<\/p>\n<h3>Raison<\/h3>\n<p>Exercer sa raison <strong>pour mettre un peu de lumi\u00e8re<\/strong> dans la p\u00e9nombre, pour rassurer, se rassurer, pour n&rsquo;avoir peur ni de l&rsquo;inconnu, ni des autres, ni de ce que l&rsquo;on ne sait pas, non plus de ce que l&rsquo;on croit savoir et ne nous plait pas\u2026 Exercer sa raison pour pouvoir, comme <a href=\"https:\/\/www.youtube.com\/watch?v=qCC6oDRSH-U\" target=\"_blank\">Le Meilleur des Mondes<\/a>, voir ci-dessous, entendre et comprendre l&rsquo;argument, la r\u00e9futation, l&rsquo;explication, la d\u00e9n\u00e9gation\u2026 Exercer sa raison pour s&rsquo;expliquer, pr\u00e9senter ses excuses parfois, donner son avis, participer\u2026<\/p>\n<p><span class=\"embed-youtube\" style=\"text-align:center; display: block;\"><iframe loading=\"lazy\" class=\"youtube-player\" width=\"605\" height=\"341\" src=\"https:\/\/www.youtube.com\/embed\/qCC6oDRSH-U?version=3&#038;rel=1&#038;showsearch=0&#038;showinfo=1&#038;iv_load_policy=1&#038;fs=1&#038;hl=fr-FR&#038;autohide=2&#038;wmode=transparent\" allowfullscreen=\"true\" style=\"border:0;\" sandbox=\"allow-scripts allow-same-origin allow-popups allow-presentation allow-popups-to-escape-sandbox\"><\/iframe><\/span><\/p>\n<p><strong>Exercer sa raison<\/strong> \u00e0 nouveau pour pouvoir regarder, critiquer, encenser ou, au contraire, honnir, toujours dans la consid\u00e9ration, et non le convenu respect, de l&rsquo;autre, des autres, de leurs avis, de leurs enthousiasmes et de leurs d\u00e9sespoirs\u2026 Exercer sa raison, oui, c&rsquo;est cela, pour consid\u00e9rer\u2026 que ce n&rsquo;\u00e9tait pas forc\u00e9ment mieux avant\u2026<\/p>\n<p>Exercer sa raison pour mieux comprendre ce qui se passe avec le num\u00e9rique, ce dont les \u00e9lites semblent particuli\u00e8rement inconscientes, \u00e0 commencer par la crise terrible de la repr\u00e9sentation politique et sociale\u2026<\/p>\n<p><strong>Exercer sa raison<\/strong> et faire preuve de bienveillance, de compassion et de consid\u00e9ration encore\u2026<\/p>\n<h3>Bienveillance<\/h3>\n<p><strong>Faire preuve de bienveillance<\/strong> contre les diktats et les censures, pour plus d&#8217;empathie voire de compassion\u2026 Faire preuve de bienveillance et d&rsquo;am\u00e9nit\u00e9, de bienveillance et d&rsquo;humanit\u00e9, c&rsquo;est b\u00eate, n&rsquo;est-ce pas\u00a0? Montrer en toutes circonstances une absence d&rsquo;amertume, de fiel ou d&rsquo;aigreur, plaquer en toutes circonstance un regard bienveillant sur toutes choses, \u00e0 commencer par les \u00e9volutions rapides de la soci\u00e9t\u00e9 et de l&rsquo;\u00e9cole et leurs transformations\u2026<\/p>\n<blockquote><p>\u00ab\u00a0Ce qui est s\u00fbr, c\u2019est que c\u2019est une transformation en profondeur qui est en train de s\u2019op\u00e9rer sous nos yeux. Et que c\u2019est d\u00e8s aujourd\u2019hui qu\u2019il faut r\u00e9fl\u00e9chir \u00e0 la soci\u00e9t\u00e9 intelligente que nous voulons construire.\u00a0\u00bb<\/p><\/blockquote>\n<p>Comme les journalistes qui ont sign\u00e9<a href=\"http:\/\/www.meta-media.fr\/2017\/03\/26\/lia-en-route-vers-la-quatrieme-revolution-industrielle.html\" target=\"_blank\"> le billet<\/a> du blog <em><a href=\"http:\/\/www.meta-media.fr\/\" target=\"_blank\">M\u00e9tam\u00e9dia<\/a><\/em> dont est tir\u00e9e la conclusion ci-dessus, rester capable, les yeux ouverts sur le Monde et les autres, si diff\u00e9rents soient-ils,\u00a0<strong>du m\u00eame regard bienveillant<\/strong> sur leurs transformations et mutations\u2026 R\u00e9fl\u00e9chir au changement pour mieux l&rsquo;appr\u00e9hender et construire\u2026<\/p>\n<p><strong>Faire preuve, tout particuli\u00e8rement, d&rsquo;une grande bienveillance<\/strong> \u00e0 l&rsquo;\u00e9gard des jeunes, de la jeunesse, telle qu&rsquo;elle est et non pas telle que nous souhaiterions qu&rsquo;elle soit\u2026 Solliciter son\u00a0avis, les comp\u00e9tences qu&rsquo;elle, la jeunesse, a acquises et dont nous n&rsquo;avons toujours pas conscience, la laisser faire, <strong>lui faire confiance<\/strong>, la solliciter et tout mettre en \u0153uvre pour qu&rsquo;elle soit concern\u00e9e\u2026<\/p>\n<h3>Confiance<\/h3>\n<p><strong>Avoir confiance<\/strong>, ma\u00eetriser sa peur et ses angoisses, se persuader\u00a0que l&rsquo;avenir n&rsquo;est pas si noir que les moroses et les pisse-froid veulent bien le dire, avoir et faire confiance \u00e0 celles et ceux qui osent, qui avancent, qui bousculent et innovent\u00a0\u2014 note en passant\u00a0: quand l&rsquo;institution se met \u00e0 valider et tamponner l&rsquo;innovation, il y a de quoi s\u00e9rieusement s&rsquo;inqui\u00e9ter\u00a0! \u2014, qui irriguent, qui partagent, <strong>qui co\u2026 et qui tra\u2026<\/strong> (mettez ce que vous voulez \u00e0 la place des points de suspension)\u2026<\/p>\n<p><strong>Faire confiance<\/strong>, r\u00e9solument, sans trembler, sans tergiverser, s&rsquo;interroger ou procrastiner, parce que la confiance, de l&rsquo;un(e) envers les autres, des autres envers tous, est le moteur de la construction, de la r\u00e9flexion raisonn\u00e9e et collective et du progr\u00e8s citoyen\u2026<\/p>\n<p>Ne pas imposer aux jeunes une morale absconse et des valeurs obsol\u00e8tes\u2026 \u00a0Ne pas leur prodiguer, avec des mots qu&rsquo;ils ne comprennent pas, des conseils imb\u00e9ciles, qu&rsquo;ils sont incapables d&rsquo;entendre.\u00a0<strong>Leur faire confiance<\/strong>, vous dit-on.<\/p>\n<p>Ce n&rsquo;est pourtant pas bien compliqu\u00e9, l&rsquo;action politique, vous voyez\u00a0: <strong>raison, bienveillance et confiance<\/strong>.<\/p>\n<p>Michel Guillou\u00a0<a href=\"https:\/\/twitter.com\/michelguillou\" target=\"_blank\">@michelguillou<\/a><\/p>\n<p><a href=\"http:\/\/creativecommons.org\/licenses\/by-nc-sa\/2.0\/fr\/\" target=\"_blank\"><img loading=\"lazy\" decoding=\"async\" src=\"https:\/\/i.creativecommons.org\/l\/by-nc-sa\/2.0\/fr\/80x15.png\" alt=\"image\" width=\"80\" height=\"15\" data-pin-nopin=\"true\" \/><\/a><\/p>\n<p>Cr\u00e9dit photo\u00a0: via <a href=\"https:\/\/pixabay.com\/fr\/gar%C3%A7on-personne-afghanistan-60659\/\" target=\"_blank\">Pixabay<\/a><\/p>\n<p>[cite]<\/p>\n","protected":false},"excerpt":{"rendered":"<p><a href=\"https:\/\/www.culture-numerique.fr\/wp-content\/uploads\/2017\/03\/boy-60659_1280.jpg\"><img loading=\"lazy\" decoding=\"async\" class=\"aligncenter size-full wp-image-5932\" src=\"https:\/\/www.culture-numerique.fr\/wp-content\/uploads\/2017\/03\/boy-60659_1280.jpg\" alt=\"\" width=\"1280\" height=\"853\" srcset=\"https:\/\/www.culture-numerique.fr\/wp-content\/uploads\/2017\/03\/boy-60659_1280.jpg 1280w, https:\/\/www.culture-numerique.fr\/wp-content\/uploads\/2017\/03\/boy-60659_1280-300x200.jpg 300w, https:\/\/www.culture-numerique.fr\/wp-content\/uploads\/2017\/03\/boy-60659_1280-1024x682.jpg 1024w, https:\/\/www.culture-numerique.fr\/wp-content\/uploads\/2017\/03\/boy-60659_1280-100x67.jpg 100w, https:\/\/www.culture-numerique.fr\/wp-content\/uploads\/2017\/03\/boy-60659_1280-150x100.jpg 150w, https:\/\/www.culture-numerique.fr\/wp-content\/uploads\/2017\/03\/boy-60659_1280-200x133.jpg 200w, https:\/\/www.culture-numerique.fr\/wp-content\/uploads\/2017\/03\/boy-60659_1280-450x300.jpg 450w, https:\/\/www.culture-numerique.fr\/wp-content\/uploads\/2017\/03\/boy-60659_1280-600x400.jpg 600w, https:\/\/www.culture-numerique.fr\/wp-content\/uploads\/2017\/03\/boy-60659_1280-900x600.jpg 900w\" sizes=\"auto, (max-width: 1280px) 100vw, 1280px\" \/><\/a><\/p>\n<p><strong>Exercer sa raison encore et encore<\/strong> contre toutes les peurs,<strong> contre tous les obscurantismes<\/strong>, contre les replis sur soi\u2026 Exercer sa raison pour se rappeler qu&rsquo;elle est bien souvent une r\u00e9ponse aux prurits,<\/p>\n<p><span class=\"ellipsis\">&hellip;<\/span><\/p>\n<div class=\"read-more\"><a href=\"https:\/\/www.culture-numerique.fr\/?p=5931\">Lire la suite &#8250;<\/a><\/div>\n<p><!-- end of .read-more --><\/p>\n","protected":false},"author":1,"featured_media":5932,"comment_status":"open","ping_status":"open","sticky":false,"template":"","format":"standard","meta":{"jetpack_post_was_ever_published":false,"_jetpack_newsletter_access":"","_jetpack_dont_email_post_to_subs":true,"_jetpack_newsletter_tier_id":0,"_jetpack_memberships_contains_paywalled_content":false,"_jetpack_memberships_contains_paid_content":false,"footnotes":""},"categories":[9],"tags":[791,547,792,11],"class_list":["post-5931","post","type-post","status-publish","format-standard","has-post-thumbnail","hentry","category-billets-dhumeur","tag-bienveillance","tag-confiance","tag-numerique-en-campagne","tag-raison"],"jetpack_featured_media_url":"https:\/\/www.culture-numerique.fr\/wp-content\/uploads\/2017\/03\/boy-60659_1280.jpg","jetpack_sharing_enabled":true,"_links":{"self":[{"href":"https:\/\/www.culture-numerique.fr\/index.php?rest_route=\/wp\/v2\/posts\/5931","targetHints":{"allow":["GET"]}}],"collection":[{"href":"https:\/\/www.culture-numerique.fr\/index.php?rest_route=\/wp\/v2\/posts"}],"about":[{"href":"https:\/\/www.culture-numerique.fr\/index.php?rest_route=\/wp\/v2\/types\/post"}],"author":[{"embeddable":true,"href":"https:\/\/www.culture-numerique.fr\/index.php?rest_route=\/wp\/v2\/users\/1"}],"replies":[{"embeddable":true,"href":"https:\/\/www.culture-numerique.fr\/index.php?rest_route=%2Fwp%2Fv2%2Fcomments&post=5931"}],"version-history":[{"count":13,"href":"https:\/\/www.culture-numerique.fr\/index.php?rest_route=\/wp\/v2\/posts\/5931\/revisions"}],"predecessor-version":[{"id":5946,"href":"https:\/\/www.culture-numerique.fr\/index.php?rest_route=\/wp\/v2\/posts\/5931\/revisions\/5946"}],"wp:featuredmedia":[{"embeddable":true,"href":"https:\/\/www.culture-numerique.fr\/index.php?rest_route=\/wp\/v2\/media\/5932"}],"wp:attachment":[{"href":"https:\/\/www.culture-numerique.fr\/index.php?rest_route=%2Fwp%2Fv2%2Fmedia&parent=5931"}],"wp:term":[{"taxonomy":"category","embeddable":true,"href":"https:\/\/www.culture-numerique.fr\/index.php?rest_route=%2Fwp%2Fv2%2Fcategories&post=5931"},{"taxonomy":"post_tag","embeddable":true,"href":"https:\/\/www.culture-numerique.fr\/index.php?rest_route=%2Fwp%2Fv2%2Ftags&post=5931"}],"curies":[{"name":"wp","href":"https:\/\/api.w.org\/{rel}","templated":true}]}}