{"id":591,"date":"2012-03-09T15:17:36","date_gmt":"2012-03-09T13:17:36","guid":{"rendered":"http:\/\/www.culture-numerique.fr\/?p=591"},"modified":"2014-09-11T11:20:18","modified_gmt":"2014-09-11T09:20:18","slug":"numerique-a-lecole-des-paroles-paroles-paroles","status":"publish","type":"post","link":"https:\/\/www.culture-numerique.fr\/?p=591","title":{"rendered":"Num\u00e9rique \u00e0 l\u2019\u00e9cole\u2026 Des paroles, paroles, paroles\u2026"},"content":{"rendered":"<p><a href=\"http:\/\/www.culture-numerique.fr\/wp-content\/uploads\/2012\/03\/tumblr_m0mmizTy0U1r0uc0h.jpg\"><img loading=\"lazy\" decoding=\"async\" class=\"alignleft wp-image-1557 size-medium\" src=\"http:\/\/www.culture-numerique.fr\/wp-content\/uploads\/2012\/03\/tumblr_m0mmizTy0U1r0uc0h-300x199.jpg\" alt=\"Old classe\" width=\"300\" height=\"199\" srcset=\"https:\/\/www.culture-numerique.fr\/wp-content\/uploads\/2012\/03\/tumblr_m0mmizTy0U1r0uc0h-300x199.jpg 300w, https:\/\/www.culture-numerique.fr\/wp-content\/uploads\/2012\/03\/tumblr_m0mmizTy0U1r0uc0h-100x66.jpg 100w, https:\/\/www.culture-numerique.fr\/wp-content\/uploads\/2012\/03\/tumblr_m0mmizTy0U1r0uc0h-150x99.jpg 150w, https:\/\/www.culture-numerique.fr\/wp-content\/uploads\/2012\/03\/tumblr_m0mmizTy0U1r0uc0h-200x133.jpg 200w, https:\/\/www.culture-numerique.fr\/wp-content\/uploads\/2012\/03\/tumblr_m0mmizTy0U1r0uc0h-450x299.jpg 450w, https:\/\/www.culture-numerique.fr\/wp-content\/uploads\/2012\/03\/tumblr_m0mmizTy0U1r0uc0h.jpg 500w\" sizes=\"auto, (max-width: 300px) 100vw, 300px\" \/><\/a><\/p>\n<p><strong>Nous sommes en mars.<\/strong> \u00c0 d\u00e9faut des giboul\u00e9es attendues, ce sont les rapports sur le num\u00e9rique \u00e9ducatif qui pleuvent.<\/p>\n<p>Il y a eu les rapports Bizot et Assouline sur l\u2019\u00e9ducation aux m\u00e9dias num\u00e9riques\u2026 puis, en 2008, le\u00a0<a href=\"http:\/\/www.education.gouv.fr\/cid21335\/technologies-de-l-information-et-de-la-communication-remise-du-rapport-e-educ.html\">rapport e-Educ<\/a>\u00a0intitul\u00e9 \u00ab\u00a0<strong>Pour le d\u00e9veloppement du num\u00e9rique \u00e0 l\u2019\u00e9cole<\/strong>\u00a0\u00bb, et enfin en 2010, le\u00a0<a href=\"http:\/\/missionfourgous-tice.fr\/IMG\/pdf\/rapport-fourgous-chatel-TICE.pdf\">1er rapport<\/a>\u00a0intitul\u00e9 \u00ab\u00a0<strong>R\u00e9ussir l\u2019\u00e9cole num\u00e9rique<\/strong>\u00a0\u00bb remis par Jean-Michel Fourgous au gouvernement.<\/p>\n<p>Ce matin-m\u00eame, c\u2019est\u00a0<a href=\"http:\/\/www.cnnumerique.fr\/le-choix-du-numerique-un-devoir-et-une-opportunite-pour-lecole\/\">un nouveau rapport<\/a>\u00a0intitul\u00e9\u00a0\u00ab\u00a0<strong>Le choix du num\u00e9rique\u00a0: un devoir et une opportunit\u00e9 pour l\u2019\u00c9cole<\/strong>\u00a0\u00bb qui est remis par Gilles Babinet au nom du Conseil national du num\u00e9rique.<\/p>\n<p>On attend bient\u00f4t les conclusions d\u2019un\u00a0<a href=\"http:\/\/www.fondation-adn.org\/fichiers\/ADN_education_invitation.pdf\">colloque<\/a>\u00a0sur \u00ab\u00a0<strong>Les nouveaux outils de l\u2019\u00e9ducation<\/strong>\u00a0\u00bb, le 20 mars, \u00e0 l\u2019initiative de la Fondation ADN, puis, enfin, la remise du\u00a0<a href=\"http:\/\/www.dailymotion.com\/video\/xl11xx_jean-michel-fourgous-mission-2-pedagogie-numerique_news?fbc=209\">nouveau rapport<\/a>\u00a0Fourgous sur la\u00a0<strong>p\u00e9dagogie num\u00e9rique<\/strong>.<\/p>\n<p>Ces rapports sont-ils tous les fruits de cette culture commune m\u00e9diocre, dite de l\u2019innovation technocratique, sorte de\u00a0<em>vade-mecum<\/em>\u00a0non questionnable, celle d\u2019une bourgeoisie moyenne incapable de penser les enjeux politiques du syst\u00e8me\u2026 dont parle Philippe Meirieu dans son r\u00e9cent ouvrage \u00ab\u00a0L\u2019\u00e9cole, le num\u00e9rique et la soci\u00e9t\u00e9 qui vient\u00a0\u00bb\u00a0?<\/p>\n<p>Peut-\u00eatre\u2026 Sans doute, vu l\u2019influence tr\u00e8s faible qu\u2019ont ces rapports sur la r\u00e9alit\u00e9 num\u00e9rique de l\u2019enseignement et son adaptation au monde en mouvement.<\/p>\n<p>Je ne vais pas revenir sur les constats de carence que j\u2019ai \u00e9voqu\u00e9s dans d\u2019autres billets sur ce blog ni sur les raisons qui, \u00e0 mon avis, peuvent expliquer le retard consid\u00e9rable pris par le syst\u00e8me \u00e9ducatif.<\/p>\n<p>\u00ab\u00a0<em>Faute de ne pas r\u00e9ussir sa mue num\u00e9rique, l\u2019\u00c9cole court le risque ne plus remplir correctement sa mission, en laissant un d\u00e9calage grandir entre ses logiques et celles de la soci\u00e9t\u00e9<\/em>\u00a0\u00bb<\/p>\n<p>dit Gilles Babinet fort justement.<\/p>\n<p>Attardons-nous un peu sur les 4 fortes propositions qui \u00e9manent de la consultation du CNNum\u00a0:<\/p>\n<ul>\n<li>Le num\u00e9rique, formidable moteur \u00a0pour l\u2019\u00e9galit\u00e9 des chances<\/li>\n<li>Une jonction \u00e0 faire entre deux maillons essentiels\u00a0: les enseignants et les acteurs du num\u00e9rique<\/li>\n<li>Une gouvernance r\u00e9gionale plus adapt\u00e9e<\/li>\n<li>Une plate-forme de r\u00e9f\u00e9rencement des ressources p\u00e9dagogiques num\u00e9riques<\/li>\n<\/ul>\n<p>Je ne reviens pas sur les deux premiers points, \u00e0 peu pr\u00e8s consensuels \u2014 m\u00eame si c\u2019est tout de m\u00eame la premi\u00e8re fois que je lis, \u00e0 juste titre qu\u2019il \u00ab\u00a0<em>i<\/em><em>l n\u2019est pas rare de voir installer des mat\u00e9riels ou logiciels dans des classes, sans que les questions des ressources, des usages p\u00e9dagogiques, de la formation, de l\u2019accompagnement et de la maintenance ne soient clairement \u00e9tudi\u00e9es en amont<\/em>\u00a0\u00bb\u00a0.<\/p>\n<p>Plus que d\u2019une gouvernance r\u00e9gionale, indispensable il est vrai, \u00e0 cause de \u00ab\u00a0<em>l\u2019\u00e9clatement des responsabilit\u00e9s entre les acad\u00e9mies, en charge de la p\u00e9dagogie, et les collectivit\u00e9s territoriales qui assurent les d\u00e9penses en \u00e9quipement et en manuels scolaires,<\/em>\u00a0[qui]\u00a0<em>est \u00e0 l\u2019origine de nombreuses difficult\u00e9s op\u00e9rationnelle<\/em>s\u00a0\u00bb, c\u2019est bien d\u2019une gouvernance d\u2019\u00c9tat dont le num\u00e9rique a besoin.<\/p>\n<p>Y a-t-il encore un pilote dans l\u2019avion\u00a0? Je reviendrai sur ce point plus tard.<\/p>\n<p>Quant au dernier item, j\u2019y suis \u00e9videmment favorable. Il est temps de soumettre \u00e0 la critique des enseignants et de leurs \u00e9l\u00e8ves, sur un lieu central, de mani\u00e8re exhaustive, l\u2019ensemble de l\u2019offre mat\u00e9rielle et logicielle p\u00e9dagogique num\u00e9rique, de telle fa\u00e7on que puisse s\u2019exercer l\u2019\u00e9conomie de la confiance de mani\u00e8re compl\u00e8tement concurrentielle. Y auraient toute leur place les logiciels, manuels ou ressources libres si utilis\u00e9s et pris\u00e9s et si rarement expos\u00e9s dans les vitrines de l\u2019offre \u00e9ducative.<\/p>\n<p>Puisque la mode est aux propositions, pour compl\u00e9ter le travail du CNNum, en esp\u00e9rant que ce blog soit mieux lu que les rapports remis au ministre, je souhaite tenter l\u2019aventure de quelques propositions tr\u00e8s iconoclastes\u00a0:<\/p>\n<ol>\n<li><strong>Les ordiphones ne sont plus interdits dans les coll\u00e8ges et lyc\u00e9es<\/strong>. De mani\u00e8re n\u00e9goci\u00e9e dans chaque \u00e9tablissement, on conviendra de la meilleure mani\u00e8re de les utiliser raisonnablement en classe si besoin et si consigne magistrale en ce sens, dans le respect de l\u2019\u00e9galit\u00e9 des chances.<\/li>\n<li><strong>L\u2019acc\u00e8s aux ressources de l\u2019Internet n\u2019est plus censur\u00e9 en aucune mani\u00e8re<\/strong>, \u00e0 l\u2019exception des classes de l\u2019\u00e9cole \u00e9l\u00e9mentaire. Dans tous les cas, on mettra en place, de mani\u00e8re concert\u00e9e, pour tous mais de mani\u00e8re pr\u00e9f\u00e9rentielle pour les plus jeunes \u00e9l\u00e8ves, un enseignement int\u00e9gr\u00e9 ou compl\u00e9mentaire d\u2019\u00e9ducation aux m\u00e9dias num\u00e9riques qui permettra d\u2019envisager la meilleure mani\u00e8re de r\u00e9agir et d\u2019\u00e9viter \u00e0 l\u2019avenir d\u2019\u00eatre confront\u00e9 \u00e0 un contenu non souhait\u00e9 ou souhaitable. Les lyc\u00e9ens peuvent acc\u00e9der de mani\u00e8re autonome \u00e0 des terminaux connect\u00e9s.<\/li>\n<li>Les programmes des classes terminales de coll\u00e8ge et de lyc\u00e9e sont en partie chang\u00e9s dans la plupart des disciplines de telle mani\u00e8re \u00e0 permettre, \u00e0 l\u2019examen terminal de chaque cycle, brevet ou baccalaur\u00e9at,\u00a0<strong>la mise en place de s\u00e9quences avec acc\u00e8s libre \u00e0 l\u2019Internet<\/strong>\u00a0o\u00f9 serait \u00e9valu\u00e9e non l\u2019acquisition des connaissances mais l\u2019appropriation raisonn\u00e9e des savoirs en ligne et leur restitution construite, coh\u00e9rente et ad\u00e9quate \u00e0 la question pos\u00e9e.<\/li>\n<li>Des espaces sont r\u00e9serv\u00e9s, sur les sites web des coll\u00e8ges et lyc\u00e9es, \u00e0\u00a0<strong>la libre expression des \u00e9l\u00e8ves<\/strong>, sous leur propre responsabilit\u00e9 et contr\u00f4le, dans le respect des convenances et de la loi. L\u00e0 encore, un enseignement d\u2019\u00e9ducation \u00e0 la citoyennet\u00e9 et aux m\u00e9dias num\u00e9riques sera syst\u00e9matiquement propos\u00e9 qui devrait permettre de pr\u00e9venir les d\u00e9rives et d\u2019\u00e9viter les \u00e9cueils.<\/li>\n<\/ol>\n<p>Chiche\u00a0!<\/p>\n<p>Michel Guillou\u00a0<a href=\"https:\/\/twitter.com\/#!\/michelguillou\">@michelguillou<\/a><\/p>\n<p><a style=\"color: #2c32f6;\" href=\"http:\/\/creativecommons.org\/licenses\/by-nc-sa\/2.0\/fr\/\" target=\"_blank\"><img loading=\"lazy\" decoding=\"async\" src=\"http:\/\/i.creativecommons.org\/l\/by-nc-sa\/2.0\/fr\/80x15.png\" alt=\"image\" width=\"80\" height=\"15\" \/><\/a><\/p>\n<p>Cr\u00e9dit photo :\u00a0<a href=\"http:\/\/www.flickr.com\/photos\/shu1\/6065783\/\">shuichiro<\/a>\u00a0via\u00a0<a href=\"http:\/\/photopin.com\/\">photopin<\/a>\u00a0<a href=\"http:\/\/creativecommons.org\/licenses\/by-nc-nd\/2.0\/\">cc<\/a><\/p>\n<p>&nbsp;<\/p>\n","protected":false},"excerpt":{"rendered":"<p><a href=\"http:\/\/www.culture-numerique.fr\/wp-content\/uploads\/2012\/03\/tumblr_m0mmizTy0U1r0uc0h.jpg\"><img loading=\"lazy\" decoding=\"async\" class=\"alignleft wp-image-1557 size-medium\" src=\"http:\/\/www.culture-numerique.fr\/wp-content\/uploads\/2012\/03\/tumblr_m0mmizTy0U1r0uc0h-300x199.jpg\" alt=\"Old classe\" width=\"300\" height=\"199\" srcset=\"https:\/\/www.culture-numerique.fr\/wp-content\/uploads\/2012\/03\/tumblr_m0mmizTy0U1r0uc0h-300x199.jpg 300w, https:\/\/www.culture-numerique.fr\/wp-content\/uploads\/2012\/03\/tumblr_m0mmizTy0U1r0uc0h-100x66.jpg 100w, https:\/\/www.culture-numerique.fr\/wp-content\/uploads\/2012\/03\/tumblr_m0mmizTy0U1r0uc0h-150x99.jpg 150w, https:\/\/www.culture-numerique.fr\/wp-content\/uploads\/2012\/03\/tumblr_m0mmizTy0U1r0uc0h-200x133.jpg 200w, https:\/\/www.culture-numerique.fr\/wp-content\/uploads\/2012\/03\/tumblr_m0mmizTy0U1r0uc0h-450x299.jpg 450w, https:\/\/www.culture-numerique.fr\/wp-content\/uploads\/2012\/03\/tumblr_m0mmizTy0U1r0uc0h.jpg 500w\" sizes=\"auto, (max-width: 300px) 100vw, 300px\" \/><\/a><\/p>\n<p><strong>Nous sommes en mars.<\/strong> \u00c0 d\u00e9faut des giboul\u00e9es attendues, ce sont les rapports sur le num\u00e9rique \u00e9ducatif qui pleuvent.<\/p>\n<p>Il y a eu les rapports Bizot et Assouline sur l\u2019\u00e9ducation aux m\u00e9dias num\u00e9riques\u2026 puis,<\/p>\n<p><span class=\"ellipsis\">&hellip;<\/span><\/p>\n<div class=\"read-more\"><a href=\"https:\/\/www.culture-numerique.fr\/?p=591\">Lire la suite &#8250;<\/a><\/div>\n<p><!-- end of .read-more --><\/p>\n","protected":false},"author":1,"featured_media":1557,"comment_status":"open","ping_status":"open","sticky":false,"template":"","format":"standard","meta":{"jetpack_post_was_ever_published":false,"_jetpack_newsletter_access":"","_jetpack_dont_email_post_to_subs":false,"_jetpack_newsletter_tier_id":0,"_jetpack_memberships_contains_paywalled_content":false,"_jetpack_memberships_contains_paid_content":false,"footnotes":""},"categories":[9],"tags":[13,2,368],"class_list":["post-591","post","type-post","status-publish","format-standard","has-post-thumbnail","hentry","category-billets-dhumeur","tag-liberte-dexpression","tag-numerique","tag-rapports"],"jetpack_featured_media_url":"https:\/\/www.culture-numerique.fr\/wp-content\/uploads\/2012\/03\/tumblr_m0mmizTy0U1r0uc0h.jpg","jetpack_sharing_enabled":true,"_links":{"self":[{"href":"https:\/\/www.culture-numerique.fr\/index.php?rest_route=\/wp\/v2\/posts\/591","targetHints":{"allow":["GET"]}}],"collection":[{"href":"https:\/\/www.culture-numerique.fr\/index.php?rest_route=\/wp\/v2\/posts"}],"about":[{"href":"https:\/\/www.culture-numerique.fr\/index.php?rest_route=\/wp\/v2\/types\/post"}],"author":[{"embeddable":true,"href":"https:\/\/www.culture-numerique.fr\/index.php?rest_route=\/wp\/v2\/users\/1"}],"replies":[{"embeddable":true,"href":"https:\/\/www.culture-numerique.fr\/index.php?rest_route=%2Fwp%2Fv2%2Fcomments&post=591"}],"version-history":[{"count":3,"href":"https:\/\/www.culture-numerique.fr\/index.php?rest_route=\/wp\/v2\/posts\/591\/revisions"}],"predecessor-version":[{"id":1556,"href":"https:\/\/www.culture-numerique.fr\/index.php?rest_route=\/wp\/v2\/posts\/591\/revisions\/1556"}],"wp:featuredmedia":[{"embeddable":true,"href":"https:\/\/www.culture-numerique.fr\/index.php?rest_route=\/wp\/v2\/media\/1557"}],"wp:attachment":[{"href":"https:\/\/www.culture-numerique.fr\/index.php?rest_route=%2Fwp%2Fv2%2Fmedia&parent=591"}],"wp:term":[{"taxonomy":"category","embeddable":true,"href":"https:\/\/www.culture-numerique.fr\/index.php?rest_route=%2Fwp%2Fv2%2Fcategories&post=591"},{"taxonomy":"post_tag","embeddable":true,"href":"https:\/\/www.culture-numerique.fr\/index.php?rest_route=%2Fwp%2Fv2%2Ftags&post=591"}],"curies":[{"name":"wp","href":"https:\/\/api.w.org\/{rel}","templated":true}]}}