{"id":5907,"date":"2017-03-22T18:58:20","date_gmt":"2017-03-22T17:58:20","guid":{"rendered":"https:\/\/www.culture-numerique.fr\/?p=5907"},"modified":"2017-03-22T20:35:26","modified_gmt":"2017-03-22T19:35:26","slug":"education-au-numerique-quand-les-gendarmes-les-policiers-et-les-assureurs-font-la-loi","status":"publish","type":"post","link":"https:\/\/www.culture-numerique.fr\/?p=5907","title":{"rendered":"\u00c9ducation au num\u00e9rique\u00a0: quand les gendarmes, les policiers et les assureurs font la loi\u2026"},"content":{"rendered":"<p><a href=\"https:\/\/www.culture-numerique.fr\/wp-content\/uploads\/2017\/03\/Ecole_de_gendarmerie_de_Chaumont_Bastille_Day_2013_Paris_t110102.jpg\"><img loading=\"lazy\" decoding=\"async\" class=\"aligncenter size-full wp-image-5918\" src=\"https:\/\/www.culture-numerique.fr\/wp-content\/uploads\/2017\/03\/Ecole_de_gendarmerie_de_Chaumont_Bastille_Day_2013_Paris_t110102.jpg\" alt=\"\" width=\"1280\" height=\"855\" srcset=\"https:\/\/www.culture-numerique.fr\/wp-content\/uploads\/2017\/03\/Ecole_de_gendarmerie_de_Chaumont_Bastille_Day_2013_Paris_t110102.jpg 1280w, https:\/\/www.culture-numerique.fr\/wp-content\/uploads\/2017\/03\/Ecole_de_gendarmerie_de_Chaumont_Bastille_Day_2013_Paris_t110102-300x200.jpg 300w, https:\/\/www.culture-numerique.fr\/wp-content\/uploads\/2017\/03\/Ecole_de_gendarmerie_de_Chaumont_Bastille_Day_2013_Paris_t110102-1024x684.jpg 1024w, https:\/\/www.culture-numerique.fr\/wp-content\/uploads\/2017\/03\/Ecole_de_gendarmerie_de_Chaumont_Bastille_Day_2013_Paris_t110102-100x67.jpg 100w, https:\/\/www.culture-numerique.fr\/wp-content\/uploads\/2017\/03\/Ecole_de_gendarmerie_de_Chaumont_Bastille_Day_2013_Paris_t110102-150x100.jpg 150w, https:\/\/www.culture-numerique.fr\/wp-content\/uploads\/2017\/03\/Ecole_de_gendarmerie_de_Chaumont_Bastille_Day_2013_Paris_t110102-200x134.jpg 200w, https:\/\/www.culture-numerique.fr\/wp-content\/uploads\/2017\/03\/Ecole_de_gendarmerie_de_Chaumont_Bastille_Day_2013_Paris_t110102-450x301.jpg 450w, https:\/\/www.culture-numerique.fr\/wp-content\/uploads\/2017\/03\/Ecole_de_gendarmerie_de_Chaumont_Bastille_Day_2013_Paris_t110102-600x401.jpg 600w, https:\/\/www.culture-numerique.fr\/wp-content\/uploads\/2017\/03\/Ecole_de_gendarmerie_de_Chaumont_Bastille_Day_2013_Paris_t110102-900x601.jpg 900w\" sizes=\"auto, (max-width: 1280px) 100vw, 1280px\" \/><\/a><\/p>\n<p><strong>Tout a commenc\u00e9 en 2013<\/strong>. Et depuis cette date, j&rsquo;ai honte. Plus de trois ans de honte, c&rsquo;est long, c&rsquo;est dur, c&rsquo;est difficilement supportable. Et je ne le supporte pas.<\/p>\n<p>J&rsquo;avais d\u00e9j\u00e0 dit que <a href=\"https:\/\/www.culture-numerique.fr\/?p=184\" target=\"_blank\">j&rsquo;avais honte<\/a>. <strong>Honte pour tous ceux qui se sont associ\u00e9s<\/strong> \u00e0 une telle mascarade. Et je croyais l&rsquo;affaire plus ou moins enterr\u00e9e. Mais non, <em><a href=\"http:\/\/www.francetvinfo.fr\/\" target=\"_blank\">FranceInfo<\/a><\/em> vient nous raconter inopin\u00e9ment, il y a quelques jours, dans <a href=\"http:\/\/www.francetvinfo.fr\/replay-radio\/question-d-education\/permis-d-internet-les-ecoliers-sensibilises-aux-dangers-du-net_2103677.html\" target=\"_blank\">un reportage terrifiant<\/a>, que des gendarmes, un devant la classe, l&rsquo;autre au fond, tous l&rsquo;arme au flanc, viennent dire les pires horreurs \u00e0 des enfants de dix ans\u00a0! <strong>Un discours relay\u00e9 sans vergogne<\/strong> par des journalistes complaisants, incapables de m\u00eame formuler\u00a0la moindre critique \u00e0 l&rsquo;\u00e9gard du discours l\u00e9nifiant de militaires en mission command\u00e9e. Et, cerise sur le g\u00e2teau, ce m\u00e9dia complaisant ose placer un bandeau \u00ab\u00a0\u00c9ducation\u00a0\u00bb sur son reportage\u00a0!<\/p>\n<p>\u00ab\u00a0<span style=\"color: #800000;\"><em>Vous \u00eates potentiellement piratables\u00a0!<\/em><\/span>\u00a0\u00bb pr\u00e9vient tout fier le pandore devant des \u00e9l\u00e8ves m\u00e9dus\u00e9s. Impossible d&rsquo;entendre bien s\u00fbr l&rsquo;int\u00e9gralit\u00e9 du discours mais les quelques extraits sont particuli\u00e8rement \u00e9difiants quant \u00e0 l&rsquo;approximation du vocabulaire et l&rsquo;ineptie p\u00e9dagogique. Le ton est anxiog\u00e8ne, le discours est l\u00e0 pour faire peur, l&rsquo;alerte est permanente. Pauvres enfants\u00a0!<\/p>\n<p>D&rsquo;autant qu&rsquo;<a href=\"http:\/\/www.slate.fr\/story\/140342\/le-renseignement-militaire-4chan\" target=\"_blank\">un article r\u00e9cent<\/a> et particuli\u00e8rement bien document\u00e9 \u00e0 r\u00e9cemment montr\u00e9 <strong>l&rsquo;incurie des pseudo-experts<\/strong> de la gendarmerie nationale, ce qui d&rsquo;ailleurs ne laisse pas d&rsquo;inqui\u00e9ter pour notre d\u00e9fense.<\/p>\n<p><strong>On va encore dire que je ne sais faire que grogner<\/strong>. Tant pis. Le rouge de l&rsquo;opprobre me monte au front. Depuis trois ans vous dis-je. Voil\u00e0 trois ans que des gendarmes et des policiers parcourent les \u00e9coles de France pour d\u00e9livrer, sur le mod\u00e8le du permis de conduire, un permis Internet aux \u00e9l\u00e8ves de CM2. Un permis Internet\u00a0! \u00ab<span style=\"color: #800000;\"><em>\u00a0le Permis Internet est remis \u00e0 chaque enfant afin de marquer son engagement solennel \u00e0 \u00eatre un internaute responsable, en pr\u00e9sence du Maire, des gendarmes, des enseignants, des repr\u00e9sentants d&rsquo;AXA Pr\u00e9vention et des parents<\/em><\/span>\u00a0\u00bb. Sic.<\/p>\n<p>L\u00e0 o\u00f9, quand il s&rsquo;agit d&rsquo;\u00e9ducation, et d&rsquo;\u00e9ducation aux m\u00e9dias et \u00e0 l&rsquo;information en l&rsquo;occurrence, partie prenante des programmes scolaires, il ne devrait se trouver \u00e0 c\u00f4t\u00e9 des enfants que leurs ma\u00eetres, \u00e0 l&rsquo;\u00e9cole, et leurs parents, \u00e0 la maison, la photo montre qu&rsquo;il y aussi un maire, des gendarmes et <a href=\"https:\/\/www.axaprevention.fr\/conseils-internet\/internet-enfants\/permis-internet-enfants\" target=\"_blank\">des assureurs<\/a>\u00a0! Et bien visibles, l\u00e0, au premier plan.<\/p>\n<p><strong>Et il faudrait que je ne sois pas indign\u00e9\u00a0?<\/strong> Qui ne peut l&rsquo;\u00eatre devant une telle d\u00e9monstration d&rsquo;anti-\u00e9ducation, de d\u00e9ni \u00e9ducatif\u00a0?<\/p>\n<p>Qui a os\u00e9 laisser entrer dans l&rsquo;\u00e9cole de la R\u00e9publique, <strong>au m\u00e9pris absolu de sa neutralit\u00e9<\/strong>, des assureurs aux dents longues, venus vendre l\u00e0, dans les familles, leur politique s\u00e9curitaire et, tant qu&rsquo;\u00e0 faire, quelques bonnes petites polices d&rsquo;assurance\u00a0?<\/p>\n<p><strong>Quels sont les responsables de cette gabegie\u00a0?<\/strong><\/p>\n<p>On m&rsquo;a assur\u00e9, au minist\u00e8re, plusieurs fois, que personne ne voulait cautionner une telle op\u00e9ration. Et, de fait, le logo du minist\u00e8re de l&rsquo;\u00c9ducation nationale, n&rsquo;est pas pr\u00e9sent sur <a href=\"https:\/\/www.permisinternet.fr\/\" target=\"_blank\">le site du permis Internet<\/a>. Mais il se trouve encore, dans les acad\u00e9mies, des directeurs d\u00e9partementaux, des inspecteurs du premier degr\u00e9, des directeurs d&rsquo;\u00e9cole, des ma\u00eetres pour oser <strong>cautionner un tel g\u00e2chis<\/strong>, en ouvrant en grand les portes des \u00e9coles et des classes \u00e0 des commerciaux encravat\u00e9s et \u00e0 des militaires arm\u00e9s.<\/p>\n<p>\u00c7a y est je suis \u00e9nerv\u00e9.<\/p>\n<p><strong>Qui va enfin se pr\u00e9occuper d&rsquo;\u00e9ducation\u00a0?<\/strong><\/p>\n<p>[Mise \u00e0 jour\u00a0 20 h 30\u00a0: un honorable lecteur me fait savoir qu&rsquo;il conna\u00eet une \u00e9cole o\u00f9 la police fait tout passer le m\u00eame jour, histoire de gagner du temps, le permis \u00ab\u00a0pi\u00e9ton\u00a0\u00bb et le permis \u00ab\u00a0Internet\u00a0\u00bb. Mis\u00e8re\u00a0!]<\/p>\n<p>Michel Guillou\u00a0<a href=\"https:\/\/twitter.com\/michelguillou\" target=\"_blank\">@michelguillou<\/a><\/p>\n<p><a href=\"http:\/\/creativecommons.org\/licenses\/by-nc-sa\/2.0\/fr\/\" target=\"_blank\"><img loading=\"lazy\" decoding=\"async\" src=\"https:\/\/i.creativecommons.org\/l\/by-nc-sa\/2.0\/fr\/80x15.png\" alt=\"image\" width=\"80\" height=\"15\" data-pin-nopin=\"true\" \/><\/a><\/p>\n<p>Cr\u00e9dit photo : via <a href=\"https:\/\/commons.wikimedia.org\/wiki\/File:Ecole_de_gendarmerie_de_Chaumont_Bastille_Day_2013_Paris_t110102.jpg\" target=\"_blank\">Wikim\u00e9dia<\/a><\/p>\n<p>[cite]<\/p>\n","protected":false},"excerpt":{"rendered":"<p><a href=\"https:\/\/www.culture-numerique.fr\/wp-content\/uploads\/2017\/03\/Ecole_de_gendarmerie_de_Chaumont_Bastille_Day_2013_Paris_t110102.jpg\"><img loading=\"lazy\" decoding=\"async\" class=\"aligncenter size-full wp-image-5918\" src=\"https:\/\/www.culture-numerique.fr\/wp-content\/uploads\/2017\/03\/Ecole_de_gendarmerie_de_Chaumont_Bastille_Day_2013_Paris_t110102.jpg\" alt=\"\" width=\"1280\" height=\"855\" srcset=\"https:\/\/www.culture-numerique.fr\/wp-content\/uploads\/2017\/03\/Ecole_de_gendarmerie_de_Chaumont_Bastille_Day_2013_Paris_t110102.jpg 1280w, https:\/\/www.culture-numerique.fr\/wp-content\/uploads\/2017\/03\/Ecole_de_gendarmerie_de_Chaumont_Bastille_Day_2013_Paris_t110102-300x200.jpg 300w, https:\/\/www.culture-numerique.fr\/wp-content\/uploads\/2017\/03\/Ecole_de_gendarmerie_de_Chaumont_Bastille_Day_2013_Paris_t110102-1024x684.jpg 1024w, https:\/\/www.culture-numerique.fr\/wp-content\/uploads\/2017\/03\/Ecole_de_gendarmerie_de_Chaumont_Bastille_Day_2013_Paris_t110102-100x67.jpg 100w, https:\/\/www.culture-numerique.fr\/wp-content\/uploads\/2017\/03\/Ecole_de_gendarmerie_de_Chaumont_Bastille_Day_2013_Paris_t110102-150x100.jpg 150w, https:\/\/www.culture-numerique.fr\/wp-content\/uploads\/2017\/03\/Ecole_de_gendarmerie_de_Chaumont_Bastille_Day_2013_Paris_t110102-200x134.jpg 200w, https:\/\/www.culture-numerique.fr\/wp-content\/uploads\/2017\/03\/Ecole_de_gendarmerie_de_Chaumont_Bastille_Day_2013_Paris_t110102-450x301.jpg 450w, https:\/\/www.culture-numerique.fr\/wp-content\/uploads\/2017\/03\/Ecole_de_gendarmerie_de_Chaumont_Bastille_Day_2013_Paris_t110102-600x401.jpg 600w, https:\/\/www.culture-numerique.fr\/wp-content\/uploads\/2017\/03\/Ecole_de_gendarmerie_de_Chaumont_Bastille_Day_2013_Paris_t110102-900x601.jpg 900w\" sizes=\"auto, (max-width: 1280px) 100vw, 1280px\" \/><\/a><\/p>\n<p><strong>Tout a commenc\u00e9 en 2013<\/strong>. Et depuis cette date, j&rsquo;ai honte. Plus de trois ans de honte, c&rsquo;est long, c&rsquo;est dur, c&rsquo;est difficilement supportable. Et je ne le supporte pas.<\/p>\n<p>J&rsquo;avais d\u00e9j\u00e0 dit que <a href=\"https:\/\/www.culture-numerique.fr\/?p=184\" target=\"_blank\">j&rsquo;avais honte<\/a>.<\/p>\n<p><span class=\"ellipsis\">&hellip;<\/span><\/p>\n<div class=\"read-more\"><a href=\"https:\/\/www.culture-numerique.fr\/?p=5907\">Lire la suite &#8250;<\/a><\/div>\n<p><!-- end of .read-more --><\/p>\n","protected":false},"author":1,"featured_media":5918,"comment_status":"open","ping_status":"open","sticky":false,"template":"","format":"standard","meta":{"jetpack_post_was_ever_published":false,"_jetpack_newsletter_access":"","_jetpack_dont_email_post_to_subs":true,"_jetpack_newsletter_tier_id":0,"_jetpack_memberships_contains_paywalled_content":false,"_jetpack_memberships_contains_paid_content":false,"footnotes":""},"categories":[9],"tags":[786,790,787,608,530,112,788,789],"class_list":["post-5907","post","type-post","status-publish","format-standard","has-post-thumbnail","hentry","category-billets-dhumeur","tag-anti-education","tag-assurances","tag-education-a-linternet","tag-education-au-numerique","tag-education-aux-medias-et-a-linformation","tag-gendarmerie","tag-permis-internet","tag-police"],"jetpack_featured_media_url":"https:\/\/www.culture-numerique.fr\/wp-content\/uploads\/2017\/03\/Ecole_de_gendarmerie_de_Chaumont_Bastille_Day_2013_Paris_t110102.jpg","jetpack_sharing_enabled":true,"_links":{"self":[{"href":"https:\/\/www.culture-numerique.fr\/index.php?rest_route=\/wp\/v2\/posts\/5907","targetHints":{"allow":["GET"]}}],"collection":[{"href":"https:\/\/www.culture-numerique.fr\/index.php?rest_route=\/wp\/v2\/posts"}],"about":[{"href":"https:\/\/www.culture-numerique.fr\/index.php?rest_route=\/wp\/v2\/types\/post"}],"author":[{"embeddable":true,"href":"https:\/\/www.culture-numerique.fr\/index.php?rest_route=\/wp\/v2\/users\/1"}],"replies":[{"embeddable":true,"href":"https:\/\/www.culture-numerique.fr\/index.php?rest_route=%2Fwp%2Fv2%2Fcomments&post=5907"}],"version-history":[{"count":18,"href":"https:\/\/www.culture-numerique.fr\/index.php?rest_route=\/wp\/v2\/posts\/5907\/revisions"}],"predecessor-version":[{"id":5930,"href":"https:\/\/www.culture-numerique.fr\/index.php?rest_route=\/wp\/v2\/posts\/5907\/revisions\/5930"}],"wp:featuredmedia":[{"embeddable":true,"href":"https:\/\/www.culture-numerique.fr\/index.php?rest_route=\/wp\/v2\/media\/5918"}],"wp:attachment":[{"href":"https:\/\/www.culture-numerique.fr\/index.php?rest_route=%2Fwp%2Fv2%2Fmedia&parent=5907"}],"wp:term":[{"taxonomy":"category","embeddable":true,"href":"https:\/\/www.culture-numerique.fr\/index.php?rest_route=%2Fwp%2Fv2%2Fcategories&post=5907"},{"taxonomy":"post_tag","embeddable":true,"href":"https:\/\/www.culture-numerique.fr\/index.php?rest_route=%2Fwp%2Fv2%2Ftags&post=5907"}],"curies":[{"name":"wp","href":"https:\/\/api.w.org\/{rel}","templated":true}]}}