{"id":59,"date":"2011-11-22T00:06:43","date_gmt":"2011-11-21T23:06:43","guid":{"rendered":"http:\/\/www.culture-numerique.fr\/?p=59"},"modified":"2015-09-18T02:21:30","modified_gmt":"2015-09-18T00:21:30","slug":"la-conjonction-de-deux-incultures-pnflettres","status":"publish","type":"post","link":"https:\/\/www.culture-numerique.fr\/?p=59","title":{"rendered":"La conjonction de deux incultures\u2026 #pnflettres"},"content":{"rendered":"<p><a href=\"http:\/\/www.culture-numerique.fr\/wp-content\/uploads\/2014\/04\/2fggb7bbhlg5t-AtlvA953JIo-original.jpg\"><img loading=\"lazy\" decoding=\"async\" class=\"wp-image-60 aligncenter\" src=\"http:\/\/www.culture-numerique.fr\/wp-content\/uploads\/2014\/04\/2fggb7bbhlg5t-AtlvA953JIo-original-300x225.jpg\" alt=\"2fggb7bbhlg5t-AtlvA953JIo-original\" width=\"835\" height=\"626\" srcset=\"https:\/\/www.culture-numerique.fr\/wp-content\/uploads\/2014\/04\/2fggb7bbhlg5t-AtlvA953JIo-original-300x225.jpg 300w, https:\/\/www.culture-numerique.fr\/wp-content\/uploads\/2014\/04\/2fggb7bbhlg5t-AtlvA953JIo-original-100x75.jpg 100w, https:\/\/www.culture-numerique.fr\/wp-content\/uploads\/2014\/04\/2fggb7bbhlg5t-AtlvA953JIo-original-150x112.jpg 150w, https:\/\/www.culture-numerique.fr\/wp-content\/uploads\/2014\/04\/2fggb7bbhlg5t-AtlvA953JIo-original-200x150.jpg 200w, https:\/\/www.culture-numerique.fr\/wp-content\/uploads\/2014\/04\/2fggb7bbhlg5t-AtlvA953JIo-original-450x337.jpg 450w, https:\/\/www.culture-numerique.fr\/wp-content\/uploads\/2014\/04\/2fggb7bbhlg5t-AtlvA953JIo-original-600x450.jpg 600w, https:\/\/www.culture-numerique.fr\/wp-content\/uploads\/2014\/04\/2fggb7bbhlg5t-AtlvA953JIo-original-900x675.jpg 900w, https:\/\/www.culture-numerique.fr\/wp-content\/uploads\/2014\/04\/2fggb7bbhlg5t-AtlvA953JIo-original.jpg 1000w\" sizes=\"auto, (max-width: 835px) 100vw, 835px\" \/><\/a><\/p>\n<p><strong>Ces deux derniers jours se tenait \u00e0 la BNF<\/strong> la 2e \u00e9dition d\u2019un s\u00e9minaire national du Plan national de formation, intitul\u00e9 \u00ab\u00a0<strong>Les m\u00e9tamorphoses du livre et de la lecture<\/strong>\u00a0\u00bb. Pendant ces 3 jours, il \u00e9tait propos\u00e9 cette ann\u00e9e \u00e0 ses 600 participants de s\u201dinterroger sur le sujet suivant\u00a0: \u00ab\u00a0<strong>Lire-\u00e9crire-publier \u00e0 l\u2019heure du num\u00e9rique<\/strong>\u00a0\u00bb.<\/p>\n<p>Autant le dire tout de suite, j\u2019attends encore de percevoir l\u2019esquisse d\u2019une seule m\u00e9tamorphose et on a, \u00e0 peine \u2014 \u00e0 grand peine, j\u2019y reviens \u2014 \u00e9voqu\u00e9 les enjeux de l\u2019\u00e9mergence du num\u00e9rique.<\/p>\n<p>Se sont succ\u00e9d\u00e9 sur l\u2019estrade les membres d\u2019un ar\u00e9opage fort savant et passionnant d\u2019inspecteurs g\u00e9n\u00e9raux, de chercheurs et d\u2019\u00e9diteurs. Tous faisaient montre \u00e0 la fois d\u2019une grande sagacit\u00e9 et \u00e9rudition dans leurs propos \u2014 je passe sur leur incapacit\u00e9 \u00e0 \u00e9changer avec leur auditoire \u2014 mais aussi d\u2019une profonde et d\u00e9finitive\u00a0<strong>inculture du num\u00e9rique<\/strong>. Incapables d\u2019en percevoir les enjeux, ils n\u2019ont cess\u00e9 de se replier sur des r\u00e9f\u00e9rences qui appartiennent \u00e0 un autre si\u00e8cle et de manifester une anxi\u00e9t\u00e9 chronique \u00e0 l\u2019\u00e9gard d\u2019Internet et de ses suppos\u00e9s travers \u00e9conomiques et soci\u00e9taux. On a atteint un sommet avec cette table ronde d\u2019\u00e9diteurs frigorifi\u00e9s et larmoyants\u2026<\/p>\n<p>Il est une\u00a0<strong>deuxi\u00e8me inculture<\/strong>, parall\u00e8le \u00e0 la premi\u00e8re, dont ont fait preuve \u00e0 l\u2019\u00e9vidence les intervenants de ces deux premi\u00e8res journ\u00e9es\u00a0: ils se sont montr\u00e9s totalement incapables de prendre en compte les modes de pens\u00e9es, les \u00e9volutions, les postures d\u2019une jeunesse qui \u00e9volue pourtant sous leurs yeux. Les pratiques sociales ou soci\u00e9tales des jeunes, souvent ancr\u00e9es dans le num\u00e9rique, leurs sont \u00e9trang\u00e8res. Ils ne les ont jamais \u00e9voqu\u00e9es ou presque.<\/p>\n<p>Exception\u00a0:\u00a0<strong>Catherine Becchetti-Bizot<\/strong>\u00a0a montr\u00e9, elle, par ses prises de parole, une grande ouverture d\u2019esprit et une grande compr\u00e9hension de ce qui agite ce monde en mouvement.<\/p>\n<p>Je ne pourrai demain, \u00e0 mon grand regret, assister et pendre part aux ateliers qui cl\u00f4tureront ce colloque. Je suis persuad\u00e9 que les professeurs de fran\u00e7ais et de lettres qui y prendront part sauront au moins t\u00e9moigner de leur exp\u00e9rience de la classe et du terrain p\u00e9dagogique, des transformations d\u2019une jeunesse qui n\u2019a jamais autant lu ou \u00e9crit qu\u2019aujourd\u2019hui et de la r\u00e9alit\u00e9 de cette culture num\u00e9rique dans laquelle ils baignent.<\/p>\n<p>Michel Guillou\u00a0<a title=\"Twitter\" href=\"https:\/\/twitter.com\/#!\/michelguillou\" target=\"_blank\">@michelguillou<\/a><\/p>\n<p><img loading=\"lazy\" decoding=\"async\" src=\"http:\/\/i.creativecommons.org\/l\/by-nc-sa\/2.0\/fr\/80x15.png\" alt=\"\" width=\"80\" height=\"15\" \/><\/p>\n","protected":false},"excerpt":{"rendered":"<p><a href=\"http:\/\/www.culture-numerique.fr\/wp-content\/uploads\/2014\/04\/2fggb7bbhlg5t-AtlvA953JIo-original.jpg\"><img loading=\"lazy\" decoding=\"async\" class=\"wp-image-60 aligncenter\" src=\"http:\/\/www.culture-numerique.fr\/wp-content\/uploads\/2014\/04\/2fggb7bbhlg5t-AtlvA953JIo-original-300x225.jpg\" alt=\"2fggb7bbhlg5t-AtlvA953JIo-original\" width=\"835\" height=\"626\" srcset=\"https:\/\/www.culture-numerique.fr\/wp-content\/uploads\/2014\/04\/2fggb7bbhlg5t-AtlvA953JIo-original-300x225.jpg 300w, https:\/\/www.culture-numerique.fr\/wp-content\/uploads\/2014\/04\/2fggb7bbhlg5t-AtlvA953JIo-original-100x75.jpg 100w, https:\/\/www.culture-numerique.fr\/wp-content\/uploads\/2014\/04\/2fggb7bbhlg5t-AtlvA953JIo-original-150x112.jpg 150w, https:\/\/www.culture-numerique.fr\/wp-content\/uploads\/2014\/04\/2fggb7bbhlg5t-AtlvA953JIo-original-200x150.jpg 200w, https:\/\/www.culture-numerique.fr\/wp-content\/uploads\/2014\/04\/2fggb7bbhlg5t-AtlvA953JIo-original-450x337.jpg 450w, https:\/\/www.culture-numerique.fr\/wp-content\/uploads\/2014\/04\/2fggb7bbhlg5t-AtlvA953JIo-original-600x450.jpg 600w, https:\/\/www.culture-numerique.fr\/wp-content\/uploads\/2014\/04\/2fggb7bbhlg5t-AtlvA953JIo-original-900x675.jpg 900w, https:\/\/www.culture-numerique.fr\/wp-content\/uploads\/2014\/04\/2fggb7bbhlg5t-AtlvA953JIo-original.jpg 1000w\" sizes=\"auto, (max-width: 835px) 100vw, 835px\" \/><\/a><\/p>\n<p><strong>Ces deux derniers jours se tenait \u00e0 la BNF<\/strong> la 2e \u00e9dition d\u2019un s\u00e9minaire national du Plan national de formation, intitul\u00e9 \u00ab\u00a0<strong>Les m\u00e9tamorphoses du livre et de la lecture<\/strong>\u00a0\u00bb.<\/p>\n<p><span class=\"ellipsis\">&hellip;<\/span><\/p>\n<div class=\"read-more\"><a href=\"https:\/\/www.culture-numerique.fr\/?p=59\">Lire la suite &#8250;<\/a><\/div>\n<p><!-- end of .read-more --><\/p>\n","protected":false},"author":1,"featured_media":60,"comment_status":"open","ping_status":"open","sticky":false,"template":"","format":"standard","meta":{"jetpack_post_was_ever_published":false,"_jetpack_newsletter_access":"","_jetpack_dont_email_post_to_subs":false,"_jetpack_newsletter_tier_id":0,"_jetpack_memberships_contains_paywalled_content":false,"_jetpack_memberships_contains_paid_content":false,"footnotes":""},"categories":[9],"tags":[34,35,2],"class_list":["post-59","post","type-post","status-publish","format-standard","has-post-thumbnail","hentry","category-billets-dhumeur","tag-bnf","tag-lettres","tag-numerique"],"jetpack_featured_media_url":"https:\/\/www.culture-numerique.fr\/wp-content\/uploads\/2014\/04\/2fggb7bbhlg5t-AtlvA953JIo-original.jpg","jetpack_sharing_enabled":true,"_links":{"self":[{"href":"https:\/\/www.culture-numerique.fr\/index.php?rest_route=\/wp\/v2\/posts\/59","targetHints":{"allow":["GET"]}}],"collection":[{"href":"https:\/\/www.culture-numerique.fr\/index.php?rest_route=\/wp\/v2\/posts"}],"about":[{"href":"https:\/\/www.culture-numerique.fr\/index.php?rest_route=\/wp\/v2\/types\/post"}],"author":[{"embeddable":true,"href":"https:\/\/www.culture-numerique.fr\/index.php?rest_route=\/wp\/v2\/users\/1"}],"replies":[{"embeddable":true,"href":"https:\/\/www.culture-numerique.fr\/index.php?rest_route=%2Fwp%2Fv2%2Fcomments&post=59"}],"version-history":[{"count":8,"href":"https:\/\/www.culture-numerique.fr\/index.php?rest_route=\/wp\/v2\/posts\/59\/revisions"}],"predecessor-version":[{"id":3956,"href":"https:\/\/www.culture-numerique.fr\/index.php?rest_route=\/wp\/v2\/posts\/59\/revisions\/3956"}],"wp:featuredmedia":[{"embeddable":true,"href":"https:\/\/www.culture-numerique.fr\/index.php?rest_route=\/wp\/v2\/media\/60"}],"wp:attachment":[{"href":"https:\/\/www.culture-numerique.fr\/index.php?rest_route=%2Fwp%2Fv2%2Fmedia&parent=59"}],"wp:term":[{"taxonomy":"category","embeddable":true,"href":"https:\/\/www.culture-numerique.fr\/index.php?rest_route=%2Fwp%2Fv2%2Fcategories&post=59"},{"taxonomy":"post_tag","embeddable":true,"href":"https:\/\/www.culture-numerique.fr\/index.php?rest_route=%2Fwp%2Fv2%2Ftags&post=59"}],"curies":[{"name":"wp","href":"https:\/\/api.w.org\/{rel}","templated":true}]}}