{"id":5875,"date":"2017-03-03T18:43:43","date_gmt":"2017-03-03T17:43:43","guid":{"rendered":"https:\/\/www.culture-numerique.fr\/?p=5875"},"modified":"2017-03-04T20:19:40","modified_gmt":"2017-03-04T19:19:40","slug":"ecole-numerique-naufrage-a-lhorizon","status":"publish","type":"post","link":"https:\/\/www.culture-numerique.fr\/?p=5875","title":{"rendered":"\u00c9cole num\u00e9rique\u00a0: naufrage \u00e0 l&rsquo;horizon\u2026"},"content":{"rendered":"<p><a href=\"https:\/\/www.culture-numerique.fr\/wp-content\/uploads\/2017\/03\/1200px-JEAN_LOUIS_TH\u00c9ODORE_G\u00c9RICAULT_-_La_Balsa_de_la_Medusa_Museo_del_Louvre_1818-19.jpg\"><img loading=\"lazy\" decoding=\"async\" class=\"aligncenter size-full wp-image-5879\" src=\"https:\/\/www.culture-numerique.fr\/wp-content\/uploads\/2017\/03\/1200px-JEAN_LOUIS_TH\u00c9ODORE_G\u00c9RICAULT_-_La_Balsa_de_la_Medusa_Museo_del_Louvre_1818-19.jpg\" alt=\"\" width=\"1200\" height=\"819\" srcset=\"https:\/\/www.culture-numerique.fr\/wp-content\/uploads\/2017\/03\/1200px-JEAN_LOUIS_TH\u00c9ODORE_G\u00c9RICAULT_-_La_Balsa_de_la_Medusa_Museo_del_Louvre_1818-19.jpg 1200w, https:\/\/www.culture-numerique.fr\/wp-content\/uploads\/2017\/03\/1200px-JEAN_LOUIS_TH\u00c9ODORE_G\u00c9RICAULT_-_La_Balsa_de_la_Medusa_Museo_del_Louvre_1818-19-300x205.jpg 300w, https:\/\/www.culture-numerique.fr\/wp-content\/uploads\/2017\/03\/1200px-JEAN_LOUIS_TH\u00c9ODORE_G\u00c9RICAULT_-_La_Balsa_de_la_Medusa_Museo_del_Louvre_1818-19-1024x699.jpg 1024w, https:\/\/www.culture-numerique.fr\/wp-content\/uploads\/2017\/03\/1200px-JEAN_LOUIS_TH\u00c9ODORE_G\u00c9RICAULT_-_La_Balsa_de_la_Medusa_Museo_del_Louvre_1818-19-100x68.jpg 100w, https:\/\/www.culture-numerique.fr\/wp-content\/uploads\/2017\/03\/1200px-JEAN_LOUIS_TH\u00c9ODORE_G\u00c9RICAULT_-_La_Balsa_de_la_Medusa_Museo_del_Louvre_1818-19-150x102.jpg 150w, https:\/\/www.culture-numerique.fr\/wp-content\/uploads\/2017\/03\/1200px-JEAN_LOUIS_TH\u00c9ODORE_G\u00c9RICAULT_-_La_Balsa_de_la_Medusa_Museo_del_Louvre_1818-19-200x137.jpg 200w, https:\/\/www.culture-numerique.fr\/wp-content\/uploads\/2017\/03\/1200px-JEAN_LOUIS_TH\u00c9ODORE_G\u00c9RICAULT_-_La_Balsa_de_la_Medusa_Museo_del_Louvre_1818-19-450x307.jpg 450w, https:\/\/www.culture-numerique.fr\/wp-content\/uploads\/2017\/03\/1200px-JEAN_LOUIS_TH\u00c9ODORE_G\u00c9RICAULT_-_La_Balsa_de_la_Medusa_Museo_del_Louvre_1818-19-600x410.jpg 600w, https:\/\/www.culture-numerique.fr\/wp-content\/uploads\/2017\/03\/1200px-JEAN_LOUIS_TH\u00c9ODORE_G\u00c9RICAULT_-_La_Balsa_de_la_Medusa_Museo_del_Louvre_1818-19-900x614.jpg 900w\" sizes=\"auto, (max-width: 1200px) 100vw, 1200px\" \/><\/a><\/p>\n<p><strong>Le microcosme politique <\/strong>ne bruisse que de cela.<strong><span style=\"color: #800000;\"> \u00ab\u00a0<\/span><\/strong><span style=\"color: #800000;\"><em>Nous interdirons l\u2019usage des t\u00e9l\u00e9phones<\/em><\/span><span style=\"color: #800000;\"><em> portables dans l\u2019enceinte des \u00e9coles primaires et des coll\u00e8ges<\/em><\/span>\u00a0\u00bb <a href=\"https:\/\/storage.googleapis.com\/en-marche-fr\/COMMUNICATION\/Programme-Emmanuel-Macron.pdf\" target=\"_blank\">annonce<\/a> bravement et r\u00e9cemment un candidat \u00e0 l&rsquo;\u00e9lection pr\u00e9sidentielle, ignorant sans doute\u00a0\u2014\u00a0vous, mes lecteurs que j&rsquo;aime, le savez d\u00e9j\u00e0\u00a0\u2014 que la mesure a d\u00e9j\u00e0 \u00e9t\u00e9 int\u00e9gr\u00e9e au <a href=\"https:\/\/www.legifrance.gouv.fr\/affichCodeArticle.do?cidTexte=LEGITEXT000006071191&amp;idArticle=LEGIARTI000022494861\" target=\"_blank\">Code de l&rsquo;\u00e9ducation<\/a>, \u00e0 l&rsquo;\u00e9t\u00e9 2010, sous la canicule qui frappait alors nos\u00a0braves et fragiles s\u00e9nateurs. Il y a belle lurette que cette interdiction stupide aurait d\u00fb \u00eatre lev\u00e9e mais, grand merci \u00e0 notre valeureux candidat et pr\u00e9sident potentiel, on voit bien qu&rsquo;avec lui, <strong>la civilisation est en marche<\/strong>.<\/p>\n<p>Il existe d&rsquo;autres preuves de cette avanc\u00e9e r\u00e9solue de la civilisation <strong>vers un avenir radieux<\/strong> \u00e0 la lecture des sites officiels de l&rsquo;\u00e9ducation. Ainsi,\u00a0le site consacr\u00e9 \u00e0 l&rsquo;\u00e9cole num\u00e9rique <a href=\"http:\/\/ecolenumerique.education.gouv.fr\/2017\/03\/01\/1975\/\" target=\"_blank\">rapportait r\u00e9cemment<\/a> une communication faite par la ministre en conseil des ministres sur l&rsquo;avancement du plan num\u00e9rique pour l&rsquo;\u00e9ducation. Je passe sur l&rsquo;avalanche de chiffres tous plus faux les uns que les autres, tant pour ce qui int\u00e9resse la formation des professeurs que sur le nombre de coll\u00e8ges ou encore le nombre d&rsquo;\u00e9l\u00e8ves et de classes concern\u00e9s\u2026 Je passe aussi sur la pr\u00e9sentation fallacieuse qui est faite de projets de recherche bricol\u00e9s et pistonn\u00e9s, gouffres \u00e0 argent public, ainsi que sur l&rsquo;efficience et l&rsquo;utilit\u00e9 des services num\u00e9riques propos\u00e9s\u00a0\u2014\u00a0je rappelle qu&rsquo;aujourd&rsquo;hui, en 2017, on a pr\u00e9f\u00e9r\u00e9 en haut lieu mettre en place un r\u00e9seau social communautaire, \u00e0 l&rsquo;\u00e9vidence aujourd&rsquo;hui moribond, faute surtout de l&rsquo;incapacit\u00e9 de ses cr\u00e9ateurs \u00e0 l&rsquo;animer, plut\u00f4t qu&rsquo;une<strong> plateforme d&rsquo;\u00e9change ou de partage<\/strong> du travail des enseignants eux-m\u00eames ou plut\u00f4t encore qu&rsquo;une <strong>plateforme de publication<\/strong> pour les \u00e9l\u00e8ves\u2026<\/p>\n<p>Mais le plus int\u00e9ressant est \u00e0 venir qui m&rsquo;a occasionn\u00e9 un haut-le-c\u0153ur. Au milieu de ce galimatias d&rsquo;auto-promotion, on pouvait lire cela\u00a0:<\/p>\n<p><a href=\"https:\/\/www.culture-numerique.fr\/wp-content\/uploads\/2017\/03\/2017-03-01_175207.png\"><img loading=\"lazy\" decoding=\"async\" class=\"aligncenter size-full wp-image-5888\" src=\"https:\/\/www.culture-numerique.fr\/wp-content\/uploads\/2017\/03\/2017-03-01_175207.png\" alt=\"\" width=\"780\" height=\"129\" srcset=\"https:\/\/www.culture-numerique.fr\/wp-content\/uploads\/2017\/03\/2017-03-01_175207.png 780w, https:\/\/www.culture-numerique.fr\/wp-content\/uploads\/2017\/03\/2017-03-01_175207-300x50.png 300w, https:\/\/www.culture-numerique.fr\/wp-content\/uploads\/2017\/03\/2017-03-01_175207-100x17.png 100w, https:\/\/www.culture-numerique.fr\/wp-content\/uploads\/2017\/03\/2017-03-01_175207-150x25.png 150w, https:\/\/www.culture-numerique.fr\/wp-content\/uploads\/2017\/03\/2017-03-01_175207-200x33.png 200w, https:\/\/www.culture-numerique.fr\/wp-content\/uploads\/2017\/03\/2017-03-01_175207-450x74.png 450w, https:\/\/www.culture-numerique.fr\/wp-content\/uploads\/2017\/03\/2017-03-01_175207-600x99.png 600w\" sizes=\"auto, (max-width: 780px) 100vw, 780px\" \/><\/a><\/p>\n<p><strong>Rappelez-vous, il y a dix ans<\/strong>, il \u00e9tait impossible de faire le point de la mise en \u0153uvre du B2i dans un coll\u00e8ge sans que le chef d&rsquo;\u00e9tablissement et ses coll\u00e8gues ne se retournent vers les profs de technologie\u00a0! C&rsquo;\u00e9tait dramatique, vraiment, une preuve \u00e9clatante de l&rsquo;\u00e9chec en grand de ce machin, le B2i, de l&rsquo;\u00e9chec de l&rsquo;int\u00e9gration des Tice dans les disciplines, toutes les disciplines, car on pensait alors que les technologies changeraient tout, de l&rsquo;\u00e9chec de l&rsquo;accompagnement des corps d&rsquo;inspection, incapables d&rsquo;un discours \u00e9clair\u00e9 et raisonn\u00e9 sur les enjeux.<\/p>\n<p><strong>Aujourd&rsquo;hui encore<\/strong>\u00a0\u2014\u00a0j&rsquo;en fus le t\u00e9moin tout r\u00e9cemment\u00a0\u2014, il n&rsquo;est pas possible d&rsquo;\u00e9voquer l&rsquo;engagement num\u00e9rique en lyc\u00e9e sans que tout le monde se tourne vers le prof qu&rsquo;on a charg\u00e9 de l&rsquo;enseignement facultatif d&rsquo;informatique et de cr\u00e9ation num\u00e9rique\u00a0! Lequel se demande bien pourquoi, par ailleurs. <strong>C&rsquo;est une catastrophe<\/strong>, et je p\u00e8se mes mots.<\/p>\n<p>Passe encore qu&rsquo;on ne comprenne pas, ou qu&rsquo;on oublie parce que c&rsquo;est commode parfois, dans les \u00e9coles ou \u00e9tablissements scolaires, quels sont les enjeux du num\u00e9rique pour ce qui concerne la transmission des connaissances et des savoirs, aujourd&rsquo;hui boulevers\u00e9e,\u00a0<strong>dans toutes les disciplines<\/strong>, pour les apprentissages transversaux, ceux qui permettent d&rsquo;acqu\u00e9rir autonomie et responsabilit\u00e9, pour l&rsquo;\u00e9ducation aux m\u00e9dias et \u00e0 l&rsquo;information, pour devenir citoyen <strong>de ce monde<\/strong>, pas celui d&rsquo;hier\u2026 Oui, passe encore, car j&rsquo;accorderai toujours toutes les excuses du monde \u00e0 des enseignants sous pression et mal form\u00e9s et inform\u00e9s qui peuvent l\u00e9gitimement se tromper.<\/p>\n<p><strong>Mais je n&rsquo;ai pas l&rsquo;intention de passer \u00e0 une ministre (ou \u00e0 ses conseillers) l&rsquo;ineptie affich\u00e9e ci-dessus.<\/strong><\/p>\n<p>Prenons les choses dans l&rsquo;ordre.<\/p>\n<p>Il n&rsquo;y a strictement aucune raison d&rsquo;avancer que l&rsquo;introduction d&rsquo;\u00e9l\u00e9ments d&rsquo;informatique dans les programmes de technologie et d&rsquo;algorithmique dans les programmes de math\u00e9matiques constitue une avanc\u00e9e pour l&rsquo;\u00e9cole num\u00e9rique. Ce n&rsquo;est rien d&rsquo;autre que la mise \u00e0 jour\u00a0de programmes disciplinaires avec l&rsquo;\u00e9tat des sciences et des technologies. Aucune impulsion. C&rsquo;est juste normal.<\/p>\n<p>Il n&rsquo;y a pas non plus lieu de se r\u00e9jouir de la mise en place d&rsquo;un enseignement en classe de seconde, facultatif en l&rsquo;occurrence, dit d&rsquo;informatique et de cr\u00e9ation num\u00e9rique. L\u00e0 encore, c&rsquo;est son absence qui aurait \u00e9tonn\u00e9.\u00a0On peut s&rsquo;\u00e9tonner tout de m\u00eame que l&rsquo;informatique se soit octroy\u00e9e le droit d&rsquo;\u00eatre la seule discipline \u00e0 proposer des activit\u00e9s de cr\u00e9ation num\u00e9rique. Car les informaticiens ne mettent derri\u00e8re cet adjectif qu&rsquo;un antonyme \u00e0 \u00ab\u00a0analogique\u00a0\u00bb et, histoire de confisquer un peu plus la chose et les moyens qui vont avec, lui d\u00e9nient tout autre sens. C&rsquo;est ainsi qu&rsquo;est ni\u00e9e dans les faits <strong>la dimension paradigmatique du fait social et culturel<\/strong> que constitue \u00ab\u00a0<strong>le num\u00e9rique\u00a0<\/strong>\u00bb.<\/p>\n<p>Le num\u00e9rique appartient \u00e0 tous. Et l&rsquo;acception souvent ridiculement \u00e9troite du fait num\u00e9rique passe si bien dans les esprits que les autres enseignants le croient r\u00e9serv\u00e9 aux scientifiques et aux techniciens.<\/p>\n<p><strong>Soyons clair, le num\u00e9rique concerne toutes les disciplines.<\/strong> <strong>Toutes<\/strong>.\u00a0Elles sont toutes impliqu\u00e9es et toutes sont en droit d&rsquo;int\u00e9grer dans leurs programmes la fameuse \u00ab\u00a0cr\u00e9ation num\u00e9rique\u00a0\u00bb que se sont appropri\u00e9e les informaticiens.<\/p>\n<p>Et pr\u00e9tendre que \u00ab<strong> L&rsquo;\u00e9cole change avec le num\u00e9rique<\/strong>\u00a0\u00bb \u2014\u00a0notez le substantif\u00a0\u2014, comme le proclame le superbe slogan de ce chantier, parce qu&rsquo;elle ouvre la porte \u00e0 la science informatique, est au mieux une pr\u00e9sentation \u00e9troitissime et ridicule des enjeux, au pire fait la preuve, par une entourloupe s\u00e9mantique particuli\u00e8rement adroite, en faisant croire qu&rsquo;informatique et num\u00e9rique, c&rsquo;est pareil, que certains lobbys sont \u00e0 l&rsquo;\u0153uvre. Pas de quoi se vanter.<\/p>\n<p><strong>Je vous le dis tout net\u00a0: \u00e7a sent le naufrage.\u00a0<\/strong><\/p>\n<p>Et m\u00eame si c&rsquo;est partiellement faux, j&rsquo;aurais pr\u00e9f\u00e9r\u00e9 qu&rsquo;on argumente sur la r\u00e9ussite du plan num\u00e9rique au fait que tous les programmes de toutes les disciplines ont pris en charge cette dimension, comme sur le fait que la formation des professeurs, l&rsquo;initiale d&rsquo;abord, est aussi concern\u00e9e et a chang\u00e9 pour mieux appr\u00e9hender les profondes modifications de la mani\u00e8re dont se transmettent et se construisent aujourd&rsquo;hui les savoirs. L&rsquo;enjeu est l\u00e0, nulle part ailleurs.<\/p>\n<p>L&rsquo;aurait-on oubli\u00e9\u00a0?<\/p>\n<p>Michel Guillou\u00a0<a href=\"https:\/\/twitter.com\/michelguillou\" target=\"_blank\">@michelguillou<\/a><\/p>\n<p><a href=\"http:\/\/creativecommons.org\/licenses\/by-nc-sa\/2.0\/fr\/\" target=\"_blank\"><img loading=\"lazy\" decoding=\"async\" src=\"https:\/\/i.creativecommons.org\/l\/by-nc-sa\/2.0\/fr\/80x15.png\" alt=\"image\" width=\"80\" height=\"15\" data-pin-nopin=\"true\" \/><\/a><\/p>\n<p>Cr\u00e9dit image\u00a0: <a href=\"https:\/\/commons.wikimedia.org\/w\/index.php?curid=17456087\">Wikim\u00e9dia<\/a><\/p>\n<p>[cite]<\/p>\n","protected":false},"excerpt":{"rendered":"<p><a href=\"https:\/\/www.culture-numerique.fr\/wp-content\/uploads\/2017\/03\/1200px-JEAN_LOUIS_TH\u00c9ODORE_G\u00c9RICAULT_-_La_Balsa_de_la_Medusa_Museo_del_Louvre_1818-19.jpg\"><img loading=\"lazy\" decoding=\"async\" class=\"aligncenter size-full wp-image-5879\" src=\"https:\/\/www.culture-numerique.fr\/wp-content\/uploads\/2017\/03\/1200px-JEAN_LOUIS_TH\u00c9ODORE_G\u00c9RICAULT_-_La_Balsa_de_la_Medusa_Museo_del_Louvre_1818-19.jpg\" alt=\"\" width=\"1200\" height=\"819\" srcset=\"https:\/\/www.culture-numerique.fr\/wp-content\/uploads\/2017\/03\/1200px-JEAN_LOUIS_TH\u00c9ODORE_G\u00c9RICAULT_-_La_Balsa_de_la_Medusa_Museo_del_Louvre_1818-19.jpg 1200w, https:\/\/www.culture-numerique.fr\/wp-content\/uploads\/2017\/03\/1200px-JEAN_LOUIS_TH\u00c9ODORE_G\u00c9RICAULT_-_La_Balsa_de_la_Medusa_Museo_del_Louvre_1818-19-300x205.jpg 300w, https:\/\/www.culture-numerique.fr\/wp-content\/uploads\/2017\/03\/1200px-JEAN_LOUIS_TH\u00c9ODORE_G\u00c9RICAULT_-_La_Balsa_de_la_Medusa_Museo_del_Louvre_1818-19-1024x699.jpg 1024w, https:\/\/www.culture-numerique.fr\/wp-content\/uploads\/2017\/03\/1200px-JEAN_LOUIS_TH\u00c9ODORE_G\u00c9RICAULT_-_La_Balsa_de_la_Medusa_Museo_del_Louvre_1818-19-100x68.jpg 100w, https:\/\/www.culture-numerique.fr\/wp-content\/uploads\/2017\/03\/1200px-JEAN_LOUIS_TH\u00c9ODORE_G\u00c9RICAULT_-_La_Balsa_de_la_Medusa_Museo_del_Louvre_1818-19-150x102.jpg 150w, https:\/\/www.culture-numerique.fr\/wp-content\/uploads\/2017\/03\/1200px-JEAN_LOUIS_TH\u00c9ODORE_G\u00c9RICAULT_-_La_Balsa_de_la_Medusa_Museo_del_Louvre_1818-19-200x137.jpg 200w, https:\/\/www.culture-numerique.fr\/wp-content\/uploads\/2017\/03\/1200px-JEAN_LOUIS_TH\u00c9ODORE_G\u00c9RICAULT_-_La_Balsa_de_la_Medusa_Museo_del_Louvre_1818-19-450x307.jpg 450w, https:\/\/www.culture-numerique.fr\/wp-content\/uploads\/2017\/03\/1200px-JEAN_LOUIS_TH\u00c9ODORE_G\u00c9RICAULT_-_La_Balsa_de_la_Medusa_Museo_del_Louvre_1818-19-600x410.jpg 600w, https:\/\/www.culture-numerique.fr\/wp-content\/uploads\/2017\/03\/1200px-JEAN_LOUIS_TH\u00c9ODORE_G\u00c9RICAULT_-_La_Balsa_de_la_Medusa_Museo_del_Louvre_1818-19-900x614.jpg 900w\" sizes=\"auto, (max-width: 1200px) 100vw, 1200px\" \/><\/a><\/p>\n<p><strong>Le microcosme politique <\/strong>ne bruisse que de cela.<strong><span style=\"color: #800000;\"> \u00ab\u00a0<\/span><\/strong><span style=\"color: #800000;\"><em>Nous interdirons l\u2019usage des t\u00e9l\u00e9phones<\/em><\/span><span style=\"color: #800000;\"><em> portables dans l\u2019enceinte des \u00e9coles primaires et des coll\u00e8ges<\/em><\/span>\u00a0\u00bb <a href=\"https:\/\/storage.googleapis.com\/en-marche-fr\/COMMUNICATION\/Programme-Emmanuel-Macron.pdf\" target=\"_blank\">annonce<\/a> bravement et r\u00e9cemment un candidat \u00e0 l&rsquo;\u00e9lection pr\u00e9sidentielle,<\/p>\n<p><span class=\"ellipsis\">&hellip;<\/span><\/p>\n<div class=\"read-more\"><a href=\"https:\/\/www.culture-numerique.fr\/?p=5875\">Lire la suite &#8250;<\/a><\/div>\n<p><!-- end of .read-more --><\/p>\n","protected":false},"author":1,"featured_media":5879,"comment_status":"open","ping_status":"open","sticky":false,"template":"","format":"standard","meta":{"jetpack_post_was_ever_published":false,"_jetpack_newsletter_access":"","_jetpack_dont_email_post_to_subs":true,"_jetpack_newsletter_tier_id":0,"_jetpack_memberships_contains_paywalled_content":false,"_jetpack_memberships_contains_paid_content":false,"footnotes":""},"categories":[9],"tags":[784,5,2,482,320,89,785],"class_list":["post-5875","post","type-post","status-publish","format-standard","has-post-thumbnail","hentry","category-billets-dhumeur","tag-creation-numerique","tag-informatique","tag-numerique","tag-paradigme","tag-plan-numerique","tag-programmes","tag-smartphones"],"jetpack_featured_media_url":"https:\/\/www.culture-numerique.fr\/wp-content\/uploads\/2017\/03\/1200px-JEAN_LOUIS_TH\u00c9ODORE_G\u00c9RICAULT_-_La_Balsa_de_la_Medusa_Museo_del_Louvre_1818-19.jpg","jetpack_sharing_enabled":true,"_links":{"self":[{"href":"https:\/\/www.culture-numerique.fr\/index.php?rest_route=\/wp\/v2\/posts\/5875","targetHints":{"allow":["GET"]}}],"collection":[{"href":"https:\/\/www.culture-numerique.fr\/index.php?rest_route=\/wp\/v2\/posts"}],"about":[{"href":"https:\/\/www.culture-numerique.fr\/index.php?rest_route=\/wp\/v2\/types\/post"}],"author":[{"embeddable":true,"href":"https:\/\/www.culture-numerique.fr\/index.php?rest_route=\/wp\/v2\/users\/1"}],"replies":[{"embeddable":true,"href":"https:\/\/www.culture-numerique.fr\/index.php?rest_route=%2Fwp%2Fv2%2Fcomments&post=5875"}],"version-history":[{"count":20,"href":"https:\/\/www.culture-numerique.fr\/index.php?rest_route=\/wp\/v2\/posts\/5875\/revisions"}],"predecessor-version":[{"id":5898,"href":"https:\/\/www.culture-numerique.fr\/index.php?rest_route=\/wp\/v2\/posts\/5875\/revisions\/5898"}],"wp:featuredmedia":[{"embeddable":true,"href":"https:\/\/www.culture-numerique.fr\/index.php?rest_route=\/wp\/v2\/media\/5879"}],"wp:attachment":[{"href":"https:\/\/www.culture-numerique.fr\/index.php?rest_route=%2Fwp%2Fv2%2Fmedia&parent=5875"}],"wp:term":[{"taxonomy":"category","embeddable":true,"href":"https:\/\/www.culture-numerique.fr\/index.php?rest_route=%2Fwp%2Fv2%2Fcategories&post=5875"},{"taxonomy":"post_tag","embeddable":true,"href":"https:\/\/www.culture-numerique.fr\/index.php?rest_route=%2Fwp%2Fv2%2Ftags&post=5875"}],"curies":[{"name":"wp","href":"https:\/\/api.w.org\/{rel}","templated":true}]}}