{"id":5832,"date":"2017-02-21T09:17:59","date_gmt":"2017-02-21T08:17:59","guid":{"rendered":"https:\/\/www.culture-numerique.fr\/?p=5832"},"modified":"2017-02-21T20:44:12","modified_gmt":"2017-02-21T19:44:12","slug":"lirresistible-tentation-des-replis-sur-soi-numeriques","status":"publish","type":"post","link":"https:\/\/www.culture-numerique.fr\/?p=5832","title":{"rendered":"L&rsquo;irr\u00e9sistible et frileuse tentation des replis sur soi num\u00e9riques"},"content":{"rendered":"<p><img loading=\"lazy\" decoding=\"async\" class=\"aligncenter size-full wp-image-5836\" src=\"https:\/\/www.culture-numerique.fr\/wp-content\/uploads\/2017\/02\/little-boy-1635065_1280.jpg\" alt=\"\" width=\"1280\" height=\"853\" srcset=\"https:\/\/www.culture-numerique.fr\/wp-content\/uploads\/2017\/02\/little-boy-1635065_1280.jpg 1280w, https:\/\/www.culture-numerique.fr\/wp-content\/uploads\/2017\/02\/little-boy-1635065_1280-300x200.jpg 300w, https:\/\/www.culture-numerique.fr\/wp-content\/uploads\/2017\/02\/little-boy-1635065_1280-1024x682.jpg 1024w, https:\/\/www.culture-numerique.fr\/wp-content\/uploads\/2017\/02\/little-boy-1635065_1280-100x67.jpg 100w, https:\/\/www.culture-numerique.fr\/wp-content\/uploads\/2017\/02\/little-boy-1635065_1280-150x100.jpg 150w, https:\/\/www.culture-numerique.fr\/wp-content\/uploads\/2017\/02\/little-boy-1635065_1280-200x133.jpg 200w, https:\/\/www.culture-numerique.fr\/wp-content\/uploads\/2017\/02\/little-boy-1635065_1280-450x300.jpg 450w, https:\/\/www.culture-numerique.fr\/wp-content\/uploads\/2017\/02\/little-boy-1635065_1280-600x400.jpg 600w, https:\/\/www.culture-numerique.fr\/wp-content\/uploads\/2017\/02\/little-boy-1635065_1280-900x600.jpg 900w\" sizes=\"auto, (max-width: 1280px) 100vw, 1280px\" \/><\/p>\n<p><strong>M\u00eame pas peur\u00a0! Quel beau slogan\u00a0!<\/strong> C&rsquo;est exactement celui\u00a0que l&rsquo;<a href=\"http:\/\/anae.education\/\" target=\"_blank\">An@\u00e9<\/a> a choisi pour mieux faire comprendre pourquoi il faut faire la f\u00eate \u00e0 l&rsquo;Internet et au num\u00e9rique, en organisant l&rsquo;\u00e9v\u00e9nement \u00ab\u00a0<a href=\"http:\/\/carnavalnumerique.fr\/\" target=\"_blank\">Carn@val num\u00e9rique<\/a>\u00a0\u00bb le 18 mars prochain, \u00e0 la Cit\u00e9 des sciences et de l&rsquo;industrie de la Villette. <strong>M\u00eame pas peur<\/strong>, en effet, pour bien montrer qu&rsquo;il convient de tenir aujourd&rsquo;hui une attitude bienveillante et confiante, ce qui n&rsquo;exclut nullement la raison, \u00e0 l&rsquo;\u00e9gard du num\u00e9rique et, pour ce qui concerne l&rsquo;\u00e9cole et les changements induits, \u00e0 l&rsquo;\u00e9gard du num\u00e9rique \u00e9ducatif.<\/p>\n<p><strong><a href=\"https:\/\/carnavalnumerique.fr\/\"><img loading=\"lazy\" decoding=\"async\" class=\"alignright wp-image-5861 size-medium\" src=\"https:\/\/www.culture-numerique.fr\/wp-content\/uploads\/2017\/02\/carnival-411494-recadr\u00e9-300x132.jpg\" width=\"300\" height=\"132\" srcset=\"https:\/\/www.culture-numerique.fr\/wp-content\/uploads\/2017\/02\/carnival-411494-recadr\u00e9-300x132.jpg 300w, https:\/\/www.culture-numerique.fr\/wp-content\/uploads\/2017\/02\/carnival-411494-recadr\u00e9-1024x450.jpg 1024w, https:\/\/www.culture-numerique.fr\/wp-content\/uploads\/2017\/02\/carnival-411494-recadr\u00e9-100x44.jpg 100w, https:\/\/www.culture-numerique.fr\/wp-content\/uploads\/2017\/02\/carnival-411494-recadr\u00e9-150x66.jpg 150w, https:\/\/www.culture-numerique.fr\/wp-content\/uploads\/2017\/02\/carnival-411494-recadr\u00e9-200x88.jpg 200w, https:\/\/www.culture-numerique.fr\/wp-content\/uploads\/2017\/02\/carnival-411494-recadr\u00e9-450x198.jpg 450w, https:\/\/www.culture-numerique.fr\/wp-content\/uploads\/2017\/02\/carnival-411494-recadr\u00e9-600x263.jpg 600w, https:\/\/www.culture-numerique.fr\/wp-content\/uploads\/2017\/02\/carnival-411494-recadr\u00e9-900x395.jpg 900w, https:\/\/www.culture-numerique.fr\/wp-content\/uploads\/2017\/02\/carnival-411494-recadr\u00e9.jpg 2000w\" sizes=\"auto, (max-width: 300px) 100vw, 300px\" \/><\/a>M\u00eame pas peur\u00a0!<\/strong> Je suis fier et heureux de faire partie de cette aventure.<\/p>\n<h3>Pendant ce temps-l\u00e0, la France a peur<\/h3>\n<p>Confront\u00e9e, de mani\u00e8re un peu violente, je le conc\u00e8de, \u00e0 une d\u00e9r\u00e9gulation de l&rsquo;information et \u00e0 la d\u00e9sinterm\u00e9diation g\u00e9n\u00e9rale comme \u00e0 la possibilit\u00e9 de la difficult\u00e9 du doute et de l&rsquo;incertitude, ce dont elle a horreur, l&rsquo;\u00e9cole a peur. Ses ma\u00eetres ont peur, ses cadres ont peur. Du haut en bas de la hi\u00e9rarchie, c&rsquo;est la frousse g\u00e9n\u00e9ralis\u00e9e, la grande panique \u00e0 bord,\u00a0le d\u00e9sarroi profond.<\/p>\n<p>C&rsquo;est assez compr\u00e9hensible finalement. Le num\u00e9rique constitue\u00a0la plus grande entreprise <strong>de remise en cause des \u00e9lites<\/strong> que l&rsquo;histoire ait jamais produit. Les unes apr\u00e8s les autres, ces femmes et hommes d&rsquo;\u00e9lite, auto-d\u00e9sign\u00e9s, \u00e9lus, m\u00e9ritants, peu importe, ont exprim\u00e9 ces derni\u00e8res ann\u00e9es leur d\u00e9sarroi et leur incompr\u00e9hension des changements que le num\u00e9rique met en \u0153uvre.<\/p>\n<p>Les premiers \u00e0 avoir r\u00e9agi, sans doute, sont les journalistes, confront\u00e9s \u00e0 des crises successives, la d\u00e9sinterm\u00e9diation, l&rsquo;\u00e9conomie, celle de l&rsquo;attention d&rsquo;un c\u00f4t\u00e9 comme celle des choix financiers de l&rsquo;autre, la critique s\u00e9v\u00e8re et, aujourd&rsquo;hui, la d\u00e9sinformation et le complotisme. Ce blogue a d\u00e9j\u00e0 recens\u00e9 les grognements outr\u00e9s de journalistes contre ceux qui osaient bloguer ou commenter\u2026 les gueux\u00a0! Nombre de ces journalistes sont aujourd&rsquo;hui les patrons de grands m\u00e9dias num\u00e9riques.<\/p>\n<p>Et puis il y a eu les artistes, emp\u00eacheurs de partager en rond, les \u00e9diteurs, les femmes et hommes politiques\u00a0\u2014\u00a0la crise de la repr\u00e9sentation politique conna\u00eet chaque jour encore de nouveaux soubresauts\u00a0\u2014 puis, plus r\u00e9cemment, l&rsquo;ensemble de la noble corporation des enseignants, cadres et professeurs confondus.<\/p>\n<p>Tous ces gens-l\u00e0 ont eu peur, <strong>continuent d&rsquo;avoir peur<\/strong> et auront peur encore demain. Peur d&rsquo;\u00eatre contredit, d&rsquo;entendre leur parole contest\u00e9e et critiqu\u00e9e, leur autorit\u00e9 remise en cause. Peur de l\u00e2cher prise, de perdre le contr\u00f4le, peur de descendre\u00a0\u2014\u00a0de tomber\u00a0\u2014 de leur estrade, chaire ou autre pi\u00e9destal. <strong>Ils ont peur, vous dis-je<\/strong>. <a href=\"https:\/\/www.culture-numerique.fr\/?p=2250\" target=\"_blank\">Rappelez-vous \u00c9ric Sadin<\/a> qui ne voulait pas que les \u00e9l\u00e8ves aillent v\u00e9rifier ce que leur disait leur professeur\u00a0!<\/p>\n<p>Et le plus incroyable, c&rsquo;est qu&rsquo;ils s&rsquo;en d\u00e9fendent.<\/p>\n<h3><a href=\"https:\/\/www.culture-numerique.fr\/wp-content\/uploads\/2017\/02\/Censeur-4032-e1487517900397.jpg\"><img loading=\"lazy\" decoding=\"async\" class=\"aligncenter size-full wp-image-5853\" src=\"https:\/\/www.culture-numerique.fr\/wp-content\/uploads\/2017\/02\/Censeur-4032-e1487517900397.jpg\" alt=\"\" width=\"912\" height=\"456\" srcset=\"https:\/\/www.culture-numerique.fr\/wp-content\/uploads\/2017\/02\/Censeur-4032-e1487517900397.jpg 912w, https:\/\/www.culture-numerique.fr\/wp-content\/uploads\/2017\/02\/Censeur-4032-e1487517900397-300x150.jpg 300w, https:\/\/www.culture-numerique.fr\/wp-content\/uploads\/2017\/02\/Censeur-4032-e1487517900397-100x50.jpg 100w, https:\/\/www.culture-numerique.fr\/wp-content\/uploads\/2017\/02\/Censeur-4032-e1487517900397-150x75.jpg 150w, https:\/\/www.culture-numerique.fr\/wp-content\/uploads\/2017\/02\/Censeur-4032-e1487517900397-200x100.jpg 200w, https:\/\/www.culture-numerique.fr\/wp-content\/uploads\/2017\/02\/Censeur-4032-e1487517900397-450x225.jpg 450w, https:\/\/www.culture-numerique.fr\/wp-content\/uploads\/2017\/02\/Censeur-4032-e1487517900397-600x300.jpg 600w, https:\/\/www.culture-numerique.fr\/wp-content\/uploads\/2017\/02\/Censeur-4032-e1487517900397-900x450.jpg 900w\" sizes=\"auto, (max-width: 912px) 100vw, 912px\" \/><\/a>La peur \u00e0 l&rsquo;ouvrage<\/h3>\n<p>Les peureux r\u00e9inventent alors le num\u00e9rique \u00e0 grands coups de replis sur soi. C&rsquo;est pratique. Surabondamment, un peureux qui prend conscience du pouvoir qu&rsquo;on acquiert \u00e0 \u00eatre capable de faire peur devient\u00a0alors un censeur. C&rsquo;est un penchant naturel.<\/p>\n<p><a href=\"https:\/\/twitter.com\/numer_hic\" target=\"_blank\">Christian Westphal<\/a>, n&rsquo;est certes pas peureux ni censeur. En effet, il autorise ses \u00e9l\u00e8ves \u00e0 utiliser, dans le cadre du cours de physique-chimie, leurs propres smartphones, en contradiction assum\u00e9e avec la loi \u2014\u00a0il ne prend pas grand risque, semblant b\u00e9n\u00e9ficier de l&rsquo;appui de sa direction et de la DANE de son acad\u00e9mie. Il vient de r\u00e9diger un commentaire \u00e0 un de mes pr\u00e9c\u00e9dents billets, intitul\u00e9 \u00ab\u00a0<a href=\"https:\/\/www.culture-numerique.fr\/?p=3418\" target=\"_blank\">Le r\u00eave fou d\u2019un num\u00e9rique \u00e9ducatif d\u00e9connect\u00e9 d\u2019Internet\u00a0!<\/a>\u00a0\u00bb, et tente d&rsquo;expliquer l&rsquo;inexplicable\u00a0:<\/p>\n<blockquote><p>\u00ab\u00a0Garder le contr\u00f4le, objectif majeur de beaucoup d\u2019enseignants. Vu l\u2019inventivit\u00e9 d\u00e9brid\u00e9e des gamins, c\u2019est compr\u00e9hensible, mais est-ce vraiment une bonne id\u00e9e\u00a0?\u00a0\u00bb<\/p><\/blockquote>\n<p>Comme d&rsquo;autres ailleurs arguent des m\u00e9rites suppos\u00e9s au CDI d&rsquo;une \u00ab bibliobox \u00bb (d\u00e9j\u00e0, le nom\u00a0!), appel\u00e9e aussi parfois \u00ab\u00a0CDIbox\u00a0\u00bb, au motif d&rsquo;\u00e9chapper aux \u00ab\u00a0<strong>inconv\u00e9nients d&rsquo;Internet\u00a0<\/strong>\u00bb (sic, voir ci-dessous). Les inconv\u00e9nients\u00a0! <strong>Si ce n&rsquo;est pas de la peur, \u00e7a y ressemble<\/strong>.<\/p>\n<p>https:\/\/twitter.com\/DANE_acNice\/status\/829703369744859136<\/p>\n<p>Dans cette curieuse vid\u00e9o, un professeur documentaliste explique que sa direction refuse qu&rsquo;on installe des bornes Wi-Fi mais d\u00e9taille le fonctionnement d&rsquo;un petit routeur, transform\u00e9 en serveur de fichiers \u00e0 l&rsquo;aide d&rsquo;une cl\u00e9 USB (!), install\u00e9 au CDI, qui fonctionne en\u2026 Wi-Fi. Attention, nous dit-il, puisque c&rsquo;est un petit routeur, c&rsquo;est un petit signal Wi-Fi ! Au-del\u00e0 de la faiblesse de l&rsquo;argumentation technique, ce vaillant professeur pourrait rappeler \u00e0 sa direction (il suffit de frapper \u00e0 la porte ci-dessus) que des fiches pr\u00e9sentent sur le site du minist\u00e8re un <a href=\"http:\/\/cache.media.eduscol.education.fr\/file\/s2i2e\/96\/6\/WIFI_ref-eple-ecole-RF-sante_v1_425966.pdf\" target=\"_blank\">r\u00e9f\u00e9rentiel<\/a> complet auquel se conformer pour<strong> utiliser le Wi-Fi en \u00e9cole ou en \u00e9tablissement<\/strong>. Il convient de noter que les collectivit\u00e9s locales, en charge de la connectivit\u00e9 et de l&rsquo;\u00e9quipement des \u00e9coles et \u00e9tablissements s&rsquo;y conforment elles aussi.<\/p>\n<p>\u00c0 noter notamment, dans ces fiches, que l&rsquo;Agence nationale de s\u00e9curit\u00e9 sanitaire de l\u2019alimentation, dans un <a href=\"https:\/\/www.anses.fr\/fr\/system\/files\/AP2011sa0150Ra.pdf\" target=\"_blank\">rapport<\/a> rendu \u00e0 ce sujet,\u00a0\u00ab\u00a0<span style=\"color: #800000;\"><em>ne pr\u00e9conise aucune mesure de r\u00e9duction des expositions en mati\u00e8re de Wi-Fi, y compris en ce qui concerne les enfants [\u2026] ne pr\u00e9conise pas non plus d&rsquo;exclure l&rsquo;utilisation des t\u00e9l\u00e9phones mobiles par des enfants<\/em><\/span>\u00a0\u00bb.<\/p>\n<p><strong>Mais la direction a peur donc la direction censure.<\/strong><\/p>\n<p>Continuons \u00e0 \u00e9couter notre prof-doc. Son machin vient de la <a href=\"https:\/\/piratebox.cc\/\" target=\"_blank\">Piratebox<\/a>\u00a0\u2014\u00a0vous ne r\u00eavez pas, le domaine piratebox.cc a un suffixe en CC qui ne signifie pas Creative Commons mais qui utilise celui des\u00a0\u00celes Coco\u00a0\u2014, nous dit-il, dispositif utilis\u00e9 jadis pour lutter contre la surveillance de l&rsquo;Internet, Hadopi et consorts, et permettre de partager sans s&rsquo;identifier des contenus pas toujours tr\u00e8s\u2026 partageables. Notre coll\u00e8gue partage des contenus, dont on va lui faire le cr\u00e9dit qu&rsquo;il va s&rsquo;assurer qu&rsquo;ils sont bien partageables, eux, sans demander d&rsquo;authentifier les utilisateurs, au motif que la loi ne demande pas de le faire puisqu&rsquo;ils ne sont pas sur Internet (sic).<\/p>\n<p>On nous explique enfin que la bo\u00eete en question peut \u00eatre pos\u00e9e dans une salle pour partager des contenus en l&rsquo;absence de connectivit\u00e9 ou d&rsquo;ordinateurs.<\/p>\n<h3>La r\u00e9alit\u00e9 d&rsquo;une soci\u00e9t\u00e9 num\u00e9rique connect\u00e9e<\/h3>\n<p>Soyons s\u00e9rieux un moment. Cette jolie petite bo\u00eete pas ch\u00e8re, celle qu&rsquo;utilise Christian Westphal dans sa classe comme celle qu&rsquo;utilise le professeur documentaliste de l&rsquo;acad\u00e9mie de Nice rend d&rsquo;<strong>inestimables services<\/strong>. J&rsquo;en ai bien conscience. Les deux permettent de pallier momentan\u00e9ment les probl\u00e8mes de retard, de ci de l\u00e0, dans l&rsquo;\u00e9quipement des salles et la connectivit\u00e9 \u00e0 tr\u00e8s haut d\u00e9bit des \u00e9coles et \u00e9tablissements, toutes r\u00e9alit\u00e9s qu&rsquo;il est inutile de nier, voire, dans certains cas, de contourner la censure \u2014\u00a0ou de la mettre en \u0153uvre, la technique restant toujours capable de fournir des r\u00e9ponses inappropri\u00e9es \u00e0 des questions \u00e9ducatives. Mais il s&rsquo;agit de difficult\u00e9s locales et momentan\u00e9es et les solutions trouv\u00e9es par les coll\u00e8gues ne peuvent en aucun cas \u00eatre des solutions durables et \u00e0 g\u00e9n\u00e9raliser parce que\u00a0:<\/p>\n<ul>\n<li>l&rsquo;\u00e9cole se met ainsi en <strong>d\u00e9calage complet avec le r\u00e9el<\/strong> (les \u00e9l\u00e8ves, tr\u00e8s t\u00f4t, sont hyper-connect\u00e9s, la \u00a0r\u00e9alit\u00e9 est celle-l\u00e0, il est vain de s&rsquo;en affranchir)\u00a0;<\/li>\n<li>il est impossible en l&rsquo;absence de l&rsquo;identit\u00e9 des utilisateurs, d&rsquo;<strong>individualiser et diff\u00e9rencier les apprentissages<\/strong>\u00a0;<\/li>\n<li>la classe, le CDI\u2026 l&rsquo;espace autour de la bo\u00eete si cette derni\u00e8re est emport\u00e9e ailleurs deviennent les lieux uniques et exclusifs des apprentissages, excluant ainsi <strong>la possibilit\u00e9 du lien, de la collaboration, des interactions<\/strong> au-del\u00e0 des espaces pr\u00e9cit\u00e9s et des temps d&rsquo;enseignement, au-del\u00e0 des limites du bocal, analogie que j&#8217;emprunte au documentaliste\u00a0;<\/li>\n<li>dans un espace clos et restreint, il est devient totalement impossible de mettre en \u0153uvre <strong>une \u00e9ducation aux m\u00e9dias et \u00e0 l&rsquo;information<\/strong> qui se construit sur le pluralisme, la diversit\u00e9 voire l&rsquo;universalit\u00e9 de cette derni\u00e8re\u00a0;<\/li>\n<li>le tri pr\u00e9alable du professeur super-m\u00e9diateur ne permet pas de mettre en \u0153uvre les comp\u00e9tences li\u00e9es \u00e0 <strong>la recherche active et \u00e0 la v\u00e9rification de l&rsquo;information<\/strong>, y compris le tri de la documentation par licence\u00a0;<\/li>\n<li>il n&rsquo;est pas possible de mettre en \u0153uvre l&rsquo;acquisition d&rsquo;un tr\u00e8s grand nombre de connaissances et surtout de comp\u00e9tences li\u00e9es \u00e0 la pr\u00e9sence en ligne, dont <strong>l&rsquo;acquisition de l&rsquo;autonomie et de la responsabilit\u00e9<\/strong> qu&rsquo;on attend du jeune citoyen num\u00e9rique\u00a0;<\/li>\n<li>l\u00e0 o\u00f9 on s&rsquo;attend \u00e0 apprendre <strong>le vivre ensemble<\/strong> et \u00e0 nouer des liens avec l&rsquo;autre, si lointain soit-il, on apprend au contraire la solitude et le repli sur soi.<\/li>\n<\/ul>\n<p>Enfin, ces d\u00e9marches t\u00e9moignent, en mati\u00e8re d&rsquo;\u00e9quipement, qui ressort en principe de la comp\u00e9tence des collectivit\u00e9s locales, d&rsquo;un amateurisme complet \u2014\u00a0qui va s&rsquo;assurer que la Piratebox, jamais mise \u00e0 jour, n&rsquo;est pas\u2026 piratable\u00a0?\u00a0\u2014 quand, au contraire, l&rsquo;\u00e9cole a plus que jamais besoin de d\u00e9marches professionnelles pour des\u00a0<strong>professionnels de l&rsquo;\u00e9ducation<\/strong>.<\/p>\n<p>Allez, pour terminer, <a href=\"http:\/\/www.cahiers-pedagogiques.com\/Et-demain\" target=\"_blank\">une petite citation<\/a> de mes camarades de Nipedu qui rappellent que <strong>d\u00e9brancher l&rsquo;\u00e9cole est inconcevable<\/strong> et qu&rsquo;il convient, ensemble, de se mettre au boulot et de r\u00e9fl\u00e9chir pour vaincre sa peur\u00a0:<\/p>\n<blockquote><p>\u00ab\u00a0Nous souhaitons, nous aussi, une \u00e9cole qui se soucie de d\u00e9velopper la cr\u00e9ativit\u00e9, l\u2019esprit critique, la capacit\u00e9 \u00e0 collaborer, \u00e0 mener des projets, sans renoncer \u00e0 l\u2019excellence, aux savoirs, au respect de l\u2019autre et de soi-m\u00eame, \u00e0 nos valeurs, \u00e0 notre histoire en construction.<br \/>\nVoil\u00e0 pourquoi, il est effectivement important de d\u00e9mythifier l\u2019inconcevable id\u00e9al d\u2019une \u00e9cole d\u00e9branch\u00e9e qui rel\u00e8ve le plus souvent d\u2019une vision partielle des enjeux de l\u2019\u00e9ducation aux m\u00e9dias et \u00e0 l\u2019information, au fait num\u00e9rique, aux sciences informatiques. Ces derni\u00e8res ann\u00e9es, les nombreuses interventions dans les manifestations d\u00e9di\u00e9es \u00e0 l\u2019\u00e9ducation aux m\u00e9dias ou au num\u00e9rique \u00e0 l\u2019\u00e9cole, les publications, les dispositifs p\u00e9dagogiques ont d\u00e9montr\u00e9 la capacit\u00e9 de la communaut\u00e9 \u00e9ducative \u00e0 mettre en \u0153uvre des r\u00e9ponses p\u00e9dagogiques r\u00e9fl\u00e9chies, ambitieuses et adapt\u00e9es, num\u00e9riquement frugales pour r\u00e9pondre aux besoins de nos \u00e9l\u00e8ves.\u00a0\u00bb<\/p><\/blockquote>\n<p>Un jour, nous reparlerons peut-\u00eatre de <strong>la perte de contr\u00f4le<\/strong> qui n&rsquo;est pas forc\u00e9ment une mauvaise chose et de <strong>la r\u00e9interm\u00e9diation<\/strong> qui n&rsquo;en est pas une non plus.<\/p>\n<p>Michel Guillou\u00a0<a href=\"https:\/\/twitter.com\/michelguillou\" target=\"_blank\">@michelguillou<\/a><\/p>\n<p><a href=\"http:\/\/creativecommons.org\/licenses\/by-nc-sa\/2.0\/fr\/\" target=\"_blank\"><img loading=\"lazy\" decoding=\"async\" src=\"https:\/\/i.creativecommons.org\/l\/by-nc-sa\/2.0\/fr\/80x15.png\" alt=\"image\" width=\"80\" height=\"15\" data-pin-nopin=\"true\" \/><\/a><\/p>\n<p>Cr\u00e9dit photos\u00a0:\u00a0<a href=\"https:\/\/pixabay.com\/en\/little-boy-hiding-sad-child-fear-1635065\/\" target=\"_blank\">Pixabay<\/a> et <a href=\"http:\/\/antoinemoussy.weebly.com\/\" target=\"_blank\">Antoine Moussy<\/a><\/p>\n<p>[cite]<\/p>\n","protected":false},"excerpt":{"rendered":"<p><img loading=\"lazy\" decoding=\"async\" class=\"aligncenter size-full wp-image-5836\" src=\"https:\/\/www.culture-numerique.fr\/wp-content\/uploads\/2017\/02\/little-boy-1635065_1280.jpg\" alt=\"\" width=\"1280\" height=\"853\" srcset=\"https:\/\/www.culture-numerique.fr\/wp-content\/uploads\/2017\/02\/little-boy-1635065_1280.jpg 1280w, https:\/\/www.culture-numerique.fr\/wp-content\/uploads\/2017\/02\/little-boy-1635065_1280-300x200.jpg 300w, https:\/\/www.culture-numerique.fr\/wp-content\/uploads\/2017\/02\/little-boy-1635065_1280-1024x682.jpg 1024w, https:\/\/www.culture-numerique.fr\/wp-content\/uploads\/2017\/02\/little-boy-1635065_1280-100x67.jpg 100w, https:\/\/www.culture-numerique.fr\/wp-content\/uploads\/2017\/02\/little-boy-1635065_1280-150x100.jpg 150w, https:\/\/www.culture-numerique.fr\/wp-content\/uploads\/2017\/02\/little-boy-1635065_1280-200x133.jpg 200w, https:\/\/www.culture-numerique.fr\/wp-content\/uploads\/2017\/02\/little-boy-1635065_1280-450x300.jpg 450w, https:\/\/www.culture-numerique.fr\/wp-content\/uploads\/2017\/02\/little-boy-1635065_1280-600x400.jpg 600w, https:\/\/www.culture-numerique.fr\/wp-content\/uploads\/2017\/02\/little-boy-1635065_1280-900x600.jpg 900w\" sizes=\"auto, (max-width: 1280px) 100vw, 1280px\" \/><\/p>\n<p><strong>M\u00eame pas peur\u00a0! Quel beau slogan\u00a0!<\/strong> C&rsquo;est exactement celui\u00a0que l&rsquo;<a href=\"http:\/\/anae.education\/\" target=\"_blank\">An@\u00e9<\/a> a choisi pour mieux faire comprendre pourquoi il faut faire la f\u00eate \u00e0 l&rsquo;Internet et au num\u00e9rique, en organisant l&rsquo;\u00e9v\u00e9nement \u00ab\u00a0<a href=\"http:\/\/carnavalnumerique.fr\/\" target=\"_blank\">Carn@val num\u00e9rique<\/a>\u00a0\u00bb le 18 mars prochain,<\/p>\n<p><span class=\"ellipsis\">&hellip;<\/span><\/p>\n<div class=\"read-more\"><a href=\"https:\/\/www.culture-numerique.fr\/?p=5832\">Lire la suite &#8250;<\/a><\/div>\n<p><!-- end of .read-more --><\/p>\n","protected":false},"author":1,"featured_media":5836,"comment_status":"open","ping_status":"open","sticky":false,"template":"","format":"standard","meta":{"jetpack_post_was_ever_published":false,"_jetpack_newsletter_access":"","_jetpack_dont_email_post_to_subs":true,"_jetpack_newsletter_tier_id":0,"_jetpack_memberships_contains_paywalled_content":false,"_jetpack_memberships_contains_paid_content":false,"footnotes":""},"categories":[9],"tags":[783,14,611,66,325,10,782,695],"class_list":["post-5832","post","type-post","status-publish","format-standard","has-post-thumbnail","hentry","category-billets-dhumeur","tag-carnval-numerique","tag-censure","tag-deconnexion","tag-ecole-numerique","tag-elites","tag-peur","tag-repli-sur-soi","tag-wi-fi"],"jetpack_featured_media_url":"https:\/\/www.culture-numerique.fr\/wp-content\/uploads\/2017\/02\/little-boy-1635065_1280.jpg","jetpack_sharing_enabled":true,"_links":{"self":[{"href":"https:\/\/www.culture-numerique.fr\/index.php?rest_route=\/wp\/v2\/posts\/5832","targetHints":{"allow":["GET"]}}],"collection":[{"href":"https:\/\/www.culture-numerique.fr\/index.php?rest_route=\/wp\/v2\/posts"}],"about":[{"href":"https:\/\/www.culture-numerique.fr\/index.php?rest_route=\/wp\/v2\/types\/post"}],"author":[{"embeddable":true,"href":"https:\/\/www.culture-numerique.fr\/index.php?rest_route=\/wp\/v2\/users\/1"}],"replies":[{"embeddable":true,"href":"https:\/\/www.culture-numerique.fr\/index.php?rest_route=%2Fwp%2Fv2%2Fcomments&post=5832"}],"version-history":[{"count":34,"href":"https:\/\/www.culture-numerique.fr\/index.php?rest_route=\/wp\/v2\/posts\/5832\/revisions"}],"predecessor-version":[{"id":5872,"href":"https:\/\/www.culture-numerique.fr\/index.php?rest_route=\/wp\/v2\/posts\/5832\/revisions\/5872"}],"wp:featuredmedia":[{"embeddable":true,"href":"https:\/\/www.culture-numerique.fr\/index.php?rest_route=\/wp\/v2\/media\/5836"}],"wp:attachment":[{"href":"https:\/\/www.culture-numerique.fr\/index.php?rest_route=%2Fwp%2Fv2%2Fmedia&parent=5832"}],"wp:term":[{"taxonomy":"category","embeddable":true,"href":"https:\/\/www.culture-numerique.fr\/index.php?rest_route=%2Fwp%2Fv2%2Fcategories&post=5832"},{"taxonomy":"post_tag","embeddable":true,"href":"https:\/\/www.culture-numerique.fr\/index.php?rest_route=%2Fwp%2Fv2%2Ftags&post=5832"}],"curies":[{"name":"wp","href":"https:\/\/api.w.org\/{rel}","templated":true}]}}