{"id":5809,"date":"2017-02-04T17:27:35","date_gmt":"2017-02-04T16:27:35","guid":{"rendered":"https:\/\/www.culture-numerique.fr\/?p=5809"},"modified":"2017-02-05T16:26:13","modified_gmt":"2017-02-05T15:26:13","slug":"sexprimer-une-liberte-qui-cesse-aujourdhui-detre-virtuelle","status":"publish","type":"post","link":"https:\/\/www.culture-numerique.fr\/?p=5809","title":{"rendered":"S&rsquo;exprimer, une libert\u00e9 qui cesse aujourd&rsquo;hui d&rsquo;\u00eatre virtuelle"},"content":{"rendered":"<p><a href=\"https:\/\/www.culture-numerique.fr\/wp-content\/uploads\/2017\/01\/microphone-1007154_1280.jpg\"><img loading=\"lazy\" decoding=\"async\" class=\"aligncenter size-full wp-image-5812\" src=\"https:\/\/www.culture-numerique.fr\/wp-content\/uploads\/2017\/01\/microphone-1007154_1280.jpg\" alt=\"\" width=\"1280\" height=\"720\" srcset=\"https:\/\/www.culture-numerique.fr\/wp-content\/uploads\/2017\/01\/microphone-1007154_1280.jpg 1280w, https:\/\/www.culture-numerique.fr\/wp-content\/uploads\/2017\/01\/microphone-1007154_1280-300x169.jpg 300w, https:\/\/www.culture-numerique.fr\/wp-content\/uploads\/2017\/01\/microphone-1007154_1280-1024x576.jpg 1024w, https:\/\/www.culture-numerique.fr\/wp-content\/uploads\/2017\/01\/microphone-1007154_1280-100x56.jpg 100w, https:\/\/www.culture-numerique.fr\/wp-content\/uploads\/2017\/01\/microphone-1007154_1280-150x84.jpg 150w, https:\/\/www.culture-numerique.fr\/wp-content\/uploads\/2017\/01\/microphone-1007154_1280-200x113.jpg 200w, https:\/\/www.culture-numerique.fr\/wp-content\/uploads\/2017\/01\/microphone-1007154_1280-450x253.jpg 450w, https:\/\/www.culture-numerique.fr\/wp-content\/uploads\/2017\/01\/microphone-1007154_1280-600x338.jpg 600w, https:\/\/www.culture-numerique.fr\/wp-content\/uploads\/2017\/01\/microphone-1007154_1280-900x506.jpg 900w\" sizes=\"auto, (max-width: 1280px) 100vw, 1280px\" \/><\/a><\/p>\n<p><strong>Quand cela s&rsquo;est-il produit\u00a0?<\/strong> Nul le sait. Entre la fin du dernier mill\u00e9naire et le d\u00e9but de celui-ci, sans doute. \u00a0Quel fut le d\u00e9clencheur\u00a0? Wanadoo, Microsoft\u00a0? Non, je rigole. \u00a0Si la deuxi\u00e8me entreprise est pass\u00e9e compl\u00e8tement \u00e0 c\u00f4t\u00e9 du sujet en essayant de promouvoir ses propres protocoles et en se raccrochant piteusement aux branches de l&rsquo;Internet quand celui-ci s&rsquo;est d\u00e9velopp\u00e9, reconnaissons \u00e0 la premi\u00e8re d&rsquo;avoir particip\u00e9, comme d&rsquo;autres, \u00e0 l&rsquo;essor de l&rsquo;Internet domestique en France. En faisant sur le dos des consommateurs des profits scandaleux.<\/p>\n<p>Mais je m&rsquo;\u00e9gare. Revenons \u00e0 cet \u00e9v\u00e9nement. <strong>Pr\u00e8s de la moiti\u00e9 de la population mondiale<\/strong>, nous dit-on, acc\u00e8de aujourd&rsquo;hui \u00e0 Internet, autant aujourd&rsquo;hui sur des terminaux mobiles que sur des postes fixes. De fait, ces citoyens de tous pays engag\u00e9s dans un r\u00e9seau mondial\u00a0\u2014\u00a0ne comptez pas sur moi pour les appeler des usagers\u00a0\u2014 acc\u00e8dent aujourd&rsquo;hui \u00e0 l&rsquo;exercice plein et entier, donc non virtuel, d&rsquo;une libert\u00e9 fondamentale, <strong>la libert\u00e9 d&rsquo;expression<\/strong>. C&rsquo;est aujourd&rsquo;hui que \u00e7a s&rsquo;est pass\u00e9, que \u00e7a se passe et que \u00e7a se passera encore demain. On disait cette r\u00e9volution num\u00e9rique technologique puis sociale puis mobile, elle appara\u00eet aujourd&rsquo;hui d&rsquo;abord, en sublimant la libert\u00e9 d&rsquo;expression, comme le principal levier de <strong>l&rsquo;engagement citoyen<\/strong>, comme le moteur de\u00a0la r\u00e9v\u00e9lation d&rsquo;une nouvelle citoyennet\u00e9.<\/p>\n<p>Il en r\u00e9sulte que chacun, \u00e0 condition d&rsquo;\u00eatre en ligne, peut porter sa parole au-del\u00e0 des vieilles barri\u00e8res (les limites de la place du village, de la propagation du message sonore, du transport du livre ou de la missive) et la confronter au regard et \u00e0 la possible critique d&rsquo;<strong>un auditoire potentiellement universel<\/strong>.<\/p>\n<p>Ainsi, les artistes, les cr\u00e9ateurs, les designers, les architectes, les \u00e9crivains, les journalistes, les photographes, les blogueurs, les vid\u00e9astes\u2026 professionnels ou en herbe, peuvent montrer leur savoir-faire et porter leur \u0153uvre, si modeste soit-elle, jusque dans le flux num\u00e9rique. Ils ouvrent alors, ou non, la possibilit\u00e9 qu&rsquo;elle soit modifi\u00e9e, am\u00e9lior\u00e9e, pour le plus grand profit de tous.<\/p>\n<p>Ainsi les jeunes, les \u00e9l\u00e8ves, les adolescents\u2026 peuvent apprendre \u00e0 s&rsquo;exprimer, avec peut-\u00eatre l&rsquo;aide et l&rsquo;accompagnement de leurs parents, professeurs et \u00e9ducateurs. Ainsi il devrait \u00eatre possible d&rsquo;apprendre la libert\u00e9 d&rsquo;expression, comme on apprend aujourd&rsquo;hui \u00e0 <a href=\"http:\/\/www.ludovia.com\/2017\/01\/apprendre-a-argumenter-en-cours-de-fran\u00e7ais-avec-une-webradio\" target=\"_blank\">argumenter<\/a> <strong>en cours de fran\u00e7ais avec une webradio<\/strong>, comme on apprend aujourd&rsquo;hui \u00e0 <a href=\"https:\/\/www.facebook.com\/lemeilleurdesmondesionesco\/\" target=\"_blank\">d\u00e9battre et r\u00e9fl\u00e9chir<\/a>\u00a0<strong>avec des outils ou dans des espaces num\u00e9riques<\/strong>.<\/p>\n<p>C&rsquo;est le message que nous avons port\u00e9, <a href=\"https:\/\/twitter.com\/barbimathou\" target=\"_blank\">Delphine Barbirati<\/a> et moi, lors d&rsquo;un atelier, le 9 janvier 2017, \u00e0 l&rsquo;occasion du <a href=\"http:\/\/emiconf.ens-lyon.fr\/\" target=\"_blank\">colloque<\/a> \u00ab <strong>Cultures num\u00e9riques, \u00e9ducation aux m\u00e9dias et \u00e0 l&rsquo;information<\/strong> \u00bb \u00e0 l&rsquo;ENS de Lyon. Vous trouverez ci-dessous le diaporama co-construit.<\/p>\n<iframe src='https:\/\/www.slideshare.net\/slideshow\/embed_code\/71520942' width='605' height='496' sandbox=\"allow-popups allow-scripts allow-same-origin allow-presentation\" allowfullscreen webkitallowfullscreen mozallowfullscreen><\/iframe>\n<p>C&rsquo;est aussi le message que nous avons port\u00e9, <a href=\"https:\/\/twitter.com\/2vanssay\" target=\"_blank\">St\u00e9phanie de Vanssay<\/a> et moi, le 25 janvier 2017 \u00e0 l&rsquo;occasion d&rsquo;un atelier lors du colloque <a href=\"http:\/\/eidos64.fr\/\" target=\"_blank\">Eidos64<\/a> sur le joli th\u00e8me, l\u00e9g\u00e8rement diff\u00e9rent\u00a0: \u00ab <strong>L&rsquo;\u00e9l\u00e8ve hacker de son apprentissage : savoir connecter ses neurones<\/strong> \u00bb en B\u00e9arn pr\u00e8s de Pau. Idem, ci-dessous notre pr\u00e9sentation commune.<\/p>\n<iframe src='https:\/\/www.slideshare.net\/slideshow\/embed_code\/71521031' width='605' height='496' sandbox=\"allow-popups allow-scripts allow-same-origin allow-presentation\" allowfullscreen webkitallowfullscreen mozallowfullscreen><\/iframe>\n<p>Michel Guillou\u00a0<a href=\"https:\/\/twitter.com\/michelguillou\" target=\"_blank\">@michelguillou<\/a><\/p>\n<p><a href=\"http:\/\/creativecommons.org\/licenses\/by-nc-sa\/4.0\/\" target=\"_blank\"><img loading=\"lazy\" decoding=\"async\" src=\"https:\/\/i.creativecommons.org\/l\/by-nc-sa\/2.0\/fr\/80x15.png\" alt=\"image\" width=\"80\" height=\"15\" data-pin-nopin=\"true\" \/><\/a><\/p>\n<p>Cr\u00e9dit photo\u00a0:\u00a0<a href=\"https:\/\/pixabay.com\/fr\/microphone-musique-audio-radio-1007154\/\" target=\"_blank\">Pixabay<\/a><\/p>\n<p>[cite]<\/p>\n","protected":false},"excerpt":{"rendered":"<p><a href=\"https:\/\/www.culture-numerique.fr\/wp-content\/uploads\/2017\/01\/microphone-1007154_1280.jpg\"><img loading=\"lazy\" decoding=\"async\" class=\"aligncenter size-full wp-image-5812\" src=\"https:\/\/www.culture-numerique.fr\/wp-content\/uploads\/2017\/01\/microphone-1007154_1280.jpg\" alt=\"\" width=\"1280\" height=\"720\" srcset=\"https:\/\/www.culture-numerique.fr\/wp-content\/uploads\/2017\/01\/microphone-1007154_1280.jpg 1280w, https:\/\/www.culture-numerique.fr\/wp-content\/uploads\/2017\/01\/microphone-1007154_1280-300x169.jpg 300w, https:\/\/www.culture-numerique.fr\/wp-content\/uploads\/2017\/01\/microphone-1007154_1280-1024x576.jpg 1024w, https:\/\/www.culture-numerique.fr\/wp-content\/uploads\/2017\/01\/microphone-1007154_1280-100x56.jpg 100w, https:\/\/www.culture-numerique.fr\/wp-content\/uploads\/2017\/01\/microphone-1007154_1280-150x84.jpg 150w, https:\/\/www.culture-numerique.fr\/wp-content\/uploads\/2017\/01\/microphone-1007154_1280-200x113.jpg 200w, https:\/\/www.culture-numerique.fr\/wp-content\/uploads\/2017\/01\/microphone-1007154_1280-450x253.jpg 450w, https:\/\/www.culture-numerique.fr\/wp-content\/uploads\/2017\/01\/microphone-1007154_1280-600x338.jpg 600w, https:\/\/www.culture-numerique.fr\/wp-content\/uploads\/2017\/01\/microphone-1007154_1280-900x506.jpg 900w\" sizes=\"auto, (max-width: 1280px) 100vw, 1280px\" \/><\/a><\/p>\n<p><strong>Quand cela s&rsquo;est-il produit\u00a0?<\/strong> Nul le sait. Entre la fin du dernier mill\u00e9naire et le d\u00e9but de celui-ci, sans doute. \u00a0Quel fut le d\u00e9clencheur\u00a0? Wanadoo, Microsoft\u00a0? Non, je rigole. \u00a0Si la deuxi\u00e8me entreprise est pass\u00e9e compl\u00e8tement \u00e0 c\u00f4t\u00e9 du sujet en essayant de promouvoir ses propres protocoles et en se raccrochant piteusement aux branches de l&rsquo;Internet quand celui-ci s&rsquo;est d\u00e9velopp\u00e9,<\/p>\n<p><span class=\"ellipsis\">&hellip;<\/span><\/p>\n<div class=\"read-more\"><a href=\"https:\/\/www.culture-numerique.fr\/?p=5809\">Lire la suite &#8250;<\/a><\/div>\n<p><!-- end of .read-more --><\/p>\n","protected":false},"author":1,"featured_media":5812,"comment_status":"open","ping_status":"open","sticky":false,"template":"","format":"standard","meta":{"jetpack_post_was_ever_published":false,"_jetpack_newsletter_access":"","_jetpack_dont_email_post_to_subs":true,"_jetpack_newsletter_tier_id":0,"_jetpack_memberships_contains_paywalled_content":false,"_jetpack_memberships_contains_paid_content":false,"footnotes":""},"categories":[20,36],"tags":[19,46,780,111,39,13,781],"class_list":["post-5809","post","type-post","status-publish","format-standard","has-post-thumbnail","hentry","category-breves","category-ressources","tag-apprentissages","tag-citoyennete","tag-delphine-barbirati","tag-education-aux-medias","tag-engagement","tag-liberte-dexpression","tag-stephanie-de-vanssay"],"jetpack_featured_media_url":"https:\/\/www.culture-numerique.fr\/wp-content\/uploads\/2017\/01\/microphone-1007154_1280.jpg","jetpack_sharing_enabled":true,"_links":{"self":[{"href":"https:\/\/www.culture-numerique.fr\/index.php?rest_route=\/wp\/v2\/posts\/5809","targetHints":{"allow":["GET"]}}],"collection":[{"href":"https:\/\/www.culture-numerique.fr\/index.php?rest_route=\/wp\/v2\/posts"}],"about":[{"href":"https:\/\/www.culture-numerique.fr\/index.php?rest_route=\/wp\/v2\/types\/post"}],"author":[{"embeddable":true,"href":"https:\/\/www.culture-numerique.fr\/index.php?rest_route=\/wp\/v2\/users\/1"}],"replies":[{"embeddable":true,"href":"https:\/\/www.culture-numerique.fr\/index.php?rest_route=%2Fwp%2Fv2%2Fcomments&post=5809"}],"version-history":[{"count":13,"href":"https:\/\/www.culture-numerique.fr\/index.php?rest_route=\/wp\/v2\/posts\/5809\/revisions"}],"predecessor-version":[{"id":5828,"href":"https:\/\/www.culture-numerique.fr\/index.php?rest_route=\/wp\/v2\/posts\/5809\/revisions\/5828"}],"wp:featuredmedia":[{"embeddable":true,"href":"https:\/\/www.culture-numerique.fr\/index.php?rest_route=\/wp\/v2\/media\/5812"}],"wp:attachment":[{"href":"https:\/\/www.culture-numerique.fr\/index.php?rest_route=%2Fwp%2Fv2%2Fmedia&parent=5809"}],"wp:term":[{"taxonomy":"category","embeddable":true,"href":"https:\/\/www.culture-numerique.fr\/index.php?rest_route=%2Fwp%2Fv2%2Fcategories&post=5809"},{"taxonomy":"post_tag","embeddable":true,"href":"https:\/\/www.culture-numerique.fr\/index.php?rest_route=%2Fwp%2Fv2%2Ftags&post=5809"}],"curies":[{"name":"wp","href":"https:\/\/api.w.org\/{rel}","templated":true}]}}