{"id":5785,"date":"2017-01-23T19:12:26","date_gmt":"2017-01-23T18:12:26","guid":{"rendered":"https:\/\/www.culture-numerique.fr\/?p=5785"},"modified":"2017-01-27T18:13:26","modified_gmt":"2017-01-27T17:13:26","slug":"2017-et-toujours-pas-de-plateforme-educative-pour-publier","status":"publish","type":"post","link":"https:\/\/www.culture-numerique.fr\/?p=5785","title":{"rendered":"2017\u2026 et toujours pas de plateforme \u00e9ducative pour publier\u2026"},"content":{"rendered":"<p><a href=\"https:\/\/www.culture-numerique.fr\/wp-content\/uploads\/2017\/01\/microphone-1209816_1280.jpg\"><img loading=\"lazy\" decoding=\"async\" class=\"aligncenter size-full wp-image-5789\" src=\"https:\/\/www.culture-numerique.fr\/wp-content\/uploads\/2017\/01\/microphone-1209816_1280.jpg\" alt=\"\" width=\"1280\" height=\"853\" srcset=\"https:\/\/www.culture-numerique.fr\/wp-content\/uploads\/2017\/01\/microphone-1209816_1280.jpg 1280w, https:\/\/www.culture-numerique.fr\/wp-content\/uploads\/2017\/01\/microphone-1209816_1280-300x200.jpg 300w, https:\/\/www.culture-numerique.fr\/wp-content\/uploads\/2017\/01\/microphone-1209816_1280-1024x682.jpg 1024w, https:\/\/www.culture-numerique.fr\/wp-content\/uploads\/2017\/01\/microphone-1209816_1280-100x67.jpg 100w, https:\/\/www.culture-numerique.fr\/wp-content\/uploads\/2017\/01\/microphone-1209816_1280-150x100.jpg 150w, https:\/\/www.culture-numerique.fr\/wp-content\/uploads\/2017\/01\/microphone-1209816_1280-200x133.jpg 200w, https:\/\/www.culture-numerique.fr\/wp-content\/uploads\/2017\/01\/microphone-1209816_1280-450x300.jpg 450w, https:\/\/www.culture-numerique.fr\/wp-content\/uploads\/2017\/01\/microphone-1209816_1280-600x400.jpg 600w, https:\/\/www.culture-numerique.fr\/wp-content\/uploads\/2017\/01\/microphone-1209816_1280-900x600.jpg 900w\" sizes=\"auto, (max-width: 1280px) 100vw, 1280px\" \/><\/a><\/p>\n<p><strong>Deux occasions m&rsquo;ont \u00e9t\u00e9 donn\u00e9es<\/strong>, ces derniers jours, de rappeler l&rsquo;importance \u00e9tonnamment nouvelle d&rsquo;une comp\u00e9tence qui surgit dans le m\u00eame temps que le num\u00e9rique progresse et diffuse dans les denses tissus de la soci\u00e9t\u00e9 et de la culture. L&rsquo;\u00e9cole n&rsquo;y \u00e9chappe pas, bien s\u00fbr, mais elle a, comme d&rsquo;habitude, plus de mal \u00e0 comprendre ce qui se passe. Je veux parler, bien s\u00fbr, de \u00ab\u00a0<strong>publier<\/strong>\u00a0\u00bb dont j&rsquo;ai rappel\u00e9, ici-m\u00eame, l&rsquo;obligation urgente qui s&rsquo;impose aujourd&rsquo;hui \u00e0 la soci\u00e9t\u00e9 et aux m\u00e9dias traditionnels d&rsquo;en comprendre les potentialit\u00e9s et \u00e0 l&rsquo;\u00e9cole de l&rsquo;enseigner. Cherchez, pour voir, en tapant ce joli verbe dans la case de recherche de ce blogue, l\u00e0, en haut \u00e0 droite. Vous verrez que ce n&rsquo;est pas la premi\u00e8re fois que j&rsquo;en parle\u2026<\/p>\n<p>Mettons-nous d&rsquo;accord car il y a parfois confusion. J&rsquo;entends par \u00ab <strong>publier<\/strong>\u00a0\u00bb l&rsquo;action de porter sa parole, son opinion, son point de vue, sur tel ou tel sujet, sous quelque forme que cette parole s&rsquo;exprime, <strong>face \u00e0 un auditoire universel<\/strong> ou possiblement tel, au seul risque d&rsquo;\u00eatre contredit. Il est n\u00e9cessaire de redire la chance extraordinaire, le luxe inou\u00ef qui sont offerts \u00e0 ceux qui peuvent aujourd&rsquo;hui acc\u00e9der \u00e0 l&rsquo;exercice de cette libert\u00e9 via Internet, pr\u00e8s de trois milliards de personnes, <a href=\"https:\/\/fr.wikipedia.org\/wiki\/Internet\" target=\"_blank\">nous dit Wikip\u00e9dia<\/a>. Comme il est n\u00e9cessaire de prendre conscience de cette universalit\u00e9 et d&rsquo;en mesurer les enjeux humains.<\/p>\n<p>Revenons \u00e0 ces deux occasions. La premi\u00e8re fois, c&rsquo;\u00e9tait \u00e0 l&rsquo;ENS de Lyon, le 9 janvier dernier, dans le cadre de la conf\u00e9rence nationale \u00ab\u00a0<a href=\"http:\/\/emiconf.ens-lyon.fr\/\" target=\"_blank\">Cultures num\u00e9riques, \u00e9ducation aux m\u00e9dias et \u00e0 l&rsquo;information<\/a>\u00a0\u00bb.\u00a0<a href=\"https:\/\/twitter.com\/barbimathou\" target=\"_blank\">Delphine Barbirati<\/a> et moi avons anim\u00e9 un atelier, sur un temps trop court qui n&rsquo;a pas permis d&rsquo;\u00e9changer, sur le th\u00e8me \u00ab\u00a0<strong>Transmettre les valeurs de la R\u00e9publique<\/strong>\u00a0\u00bb, qui avait pour objet de plaider pour l&rsquo;apprentissage raisonn\u00e9 de la libert\u00e9 d&rsquo;expression et pour son exercice qui ouvre la voie \u00e0 la publication responsable, sans parti pris moral, en toute conscience et dans le respect de la loi. La deuxi\u00e8me fois, c&rsquo;est \u00e0 Lescar, pr\u00e8s de Pau, dans le cadre du colloque <a href=\"http:\/\/eidos64.fr\/\" target=\"_blank\">Eidos64<\/a>, le 25 janvier. Dans la continuit\u00e9 d&rsquo;<a href=\"https:\/\/youtu.be\/LFMXOjLMbvI\" target=\"_blank\">un atelier<\/a> que j&rsquo;avais anim\u00e9 \u00e0 Bayonne il y a un an, en proposant de r\u00e9fl\u00e9chir \u00e0 la publication sur les r\u00e9seaux sociaux, \u00e0 travers l&rsquo;exemple d&rsquo;un masque \u00e0 la cannelle\u00a0\u2014\u00a0il faut \u00e9couter pour comprendre, voir ci-dessous \u2014, nous allons, <a href=\"https:\/\/twitter.com\/2vanssay\" target=\"_blank\">St\u00e9phanie de Vanssay<\/a> et moi, \u00a0proposer de r\u00e9fl\u00e9chir \u00e0 ce que signifie \u00ab\u00a0<strong>S\u2019exprimer, prendre la parole, c\u2019est d\u00e9j\u00e0 hacker<\/strong>\u00a0\u00bb \u00e0 l&rsquo;heure du num\u00e9rique.<\/p>\n<p>Vous trouverez ci-dessous l&rsquo;int\u00e9gralit\u00e9 de la captation vid\u00e9o de l&rsquo;atelier bayonnais, en janvier 2016. Attention, \u00e7a dure 47 minutes et les premi\u00e8res sont manquantes\u00a0:<\/p>\n<p><span class=\"embed-youtube\" style=\"text-align:center; display: block;\"><iframe loading=\"lazy\" class=\"youtube-player\" width=\"605\" height=\"341\" src=\"https:\/\/www.youtube.com\/embed\/LFMXOjLMbvI?version=3&#038;rel=1&#038;showsearch=0&#038;showinfo=1&#038;iv_load_policy=1&#038;fs=1&#038;hl=fr-FR&#038;autohide=2&#038;wmode=transparent\" allowfullscreen=\"true\" style=\"border:0;\" sandbox=\"allow-scripts allow-same-origin allow-popups allow-presentation allow-popups-to-escape-sandbox\"><\/iframe><\/span><\/p>\n<p>Voil\u00e0 pourquoi j&rsquo;ai exprim\u00e9 le souhait, dans le cadre g\u00e9n\u00e9ral du th\u00e8me g\u00e9n\u00e9ral du colloque Eidos64 organis\u00e9 cette ann\u00e9e \u00ab <strong>L&rsquo;\u00e9l\u00e8ve, hacker de son apprentissage\u00a0: savoir connecter ses neurones<\/strong>\u00a0\u00bb, de prolonger la r\u00e9flexion sur ce th\u00e8me si important, \u00e0 mon avis, de l&rsquo;exercice de la libert\u00e9 d&rsquo;expression et de son apprentissage et sur l&rsquo;obligation d&rsquo;<strong>apprendre aux \u00e9l\u00e8ves \u00e0 publier<\/strong>.<\/p>\n<h3>Publier o\u00f9\u00a0?<\/h3>\n<p>Je ne vais pas \u00e0 m&rsquo;attarder aujourd&rsquo;hui\u00a0\u2014\u00a0<strong>j&rsquo;y reviendrai sans dout<\/strong>e\u00a0\u2014 sur l&rsquo;apprentissage de cette comp\u00e9tence \u00ab\u00a0publier\u00a0\u00bb aussi fondamentale aujourd&rsquo;hui, me semble-t-il, que lire, \u00e9crire et compter. Je vais juste poser des questions pratiques.<\/p>\n<p>S&rsquo;il est vrai que certaines acad\u00e9mies, plus intr\u00e9pides que d&rsquo;autres, ont pris l&rsquo;initiative d&rsquo;offrir \u00e0 leurs enseignants des plateformes de publication de blogues ou de vid\u00e9os p\u00e9dagogiques, elles restent peu nombreuses. La plupart du temps, les demandes de ce type \u00e9manant des \u00e9quipes de professeurs, sous couvert des chefs d&rsquo;\u00e9tablissement, ou des professeurs eux-m\u00eames restent lettre morte. Les DSI acad\u00e9miques h\u00e9bergent volontiers des sites web d&rsquo;\u00e9tablissement mais rechignent \u00e0 aller plus loin\u00a0: confier des blogues ou une plateforme de publication de vid\u00e9os \u00e0 des professeurs, <strong>c&rsquo;est trop risqu\u00e9<\/strong>, ils \u00ab\u00a0risqueraient de faire n&rsquo;importe quoi\u00a0\u00bb\u00a0!<\/p>\n<p>Que font alors les enseignants\u00a0pour publier et \u00e9changer leurs travaux, leurs s\u00e9quences, leurs bonnes id\u00e9es, leurs points de vue, co-construire la r\u00e9flexion p\u00e9dagogique\u00a0? Que font les enseignants, dans le cadre des groupes classes qu&rsquo;ils ont en responsabilit\u00e9, pour publier les travaux collectifs ? Ils bricolent. Le plus souvent, ils publient leurs vid\u00e9os sur les plateformes commerciales disponibles. De m\u00eame, ils ouvrent des blogues sur les plateformes offertes par les associations de professeurs ou d&rsquo;autres plateformes commerciales\u00a0abondamment pourvues le plus souvent de publicit\u00e9. Chacun se d\u00e9brouille, dans le plus grand d\u00e9sordre, sans aucune coh\u00e9rence. Les excellents documents produits \u00e7\u00e0 et l\u00e0 ne b\u00e9n\u00e9ficient d&rsquo;aucune valorisation puisque dispers\u00e9s sur le web. Impossible non plus d&rsquo;en assurer la circulation et donc la valorisation dans un flux forc\u00e9ment d\u00e9r\u00e9gul\u00e9 !<\/p>\n<p>Mais il ne s&rsquo;agit pas l\u00e0 de libert\u00e9 d&rsquo;expression, juste de ce que doit un minist\u00e8re qui veut changer avec le num\u00e9rique \u00e0 ses fonctionnaires, juste de quoi leur permettre de travailler.<\/p>\n<h3>Publier o\u00f9 pour exercer sa libert\u00e9 d&rsquo;expression\u00a0?<\/h3>\n<p>Au-del\u00e0 de ce qui est \u00e9voqu\u00e9 ci-dessus, la vraie question est pos\u00e9e au minist\u00e8re de l&rsquo;\u00c9ducation nationale et \u00e0 ses acad\u00e9mies, de mani\u00e8re d\u00e9concentr\u00e9e\u00a0: que fait-elle pour permettre aux \u00e9l\u00e8ves qu&rsquo;elle est cens\u00e9e accompagner et former d&rsquo;<strong>exercer leur libert\u00e9 d&rsquo;expression<\/strong>. Ce droit fondamental est donn\u00e9 \u00e0 tous les lyc\u00e9ens par la loi et l&rsquo;importance de son exercice est rappel\u00e9e dans tous les textes r\u00e9cents relatifs \u00e0 l&rsquo;\u00e9ducation \u00e0 la citoyennet\u00e9 et \u00e0 l&rsquo;\u00e9ducation aux m\u00e9dias et \u00e0 l&rsquo;information. En revanche, si \u00ab publier \u00bb est une comp\u00e9tence parfois rappel\u00e9e dans les programmes, ne cherchez pas <a href=\"http:\/\/eduscol.education.fr\/cid103803\/evaluer-la-maitrise-du-socle-commun-du-cycle-2-au-cycle-4.html\" target=\"_blank\">dans les r\u00e9f\u00e9rentiels<\/a> du socle commun de comp\u00e9tences, de connaissances et de culture, le mot n&rsquo;y est pas. Bon, il y a d&rsquo;autres mots et phrases qui signifient la m\u00eame chose mais c&rsquo;est tr\u00e8s dommage que leurs concepteurs, entrav\u00e9s par leur vision utilitaire du num\u00e9rique, <strong>n&rsquo;aient pas pris la mesure des enjeux<\/strong> \u00e0 ce sujet.<\/p>\n<p>Car les jeunes, les \u00e9l\u00e8ves, n&rsquo;ont pas attendu qu&rsquo;on leur demande de le faire pour commencer \u00e0 mettre en ligne articles, commentaires, po\u00e8mes, tweets, photos, vid\u00e9os, dessins, animations\u2026 de mani\u00e8re massive et ce depuis longtemps. Une certitude pour qui s&rsquo;y int\u00e9resse un peu, ces publications, si elles t\u00e9moignent parfois d&rsquo;une grande m\u00e9diocrit\u00e9 de r\u00e9flexion et d&rsquo;une grande irresponsabilit\u00e9\u00a0\u2014\u00a0les exemples d&rsquo;abus de la libert\u00e9 \u00e0 s&rsquo;exprimer ne manquent pas\u00a0\u2014, sont aussi parfois d&rsquo;une grande qualit\u00e9 et font la preuve tous les jours que nombre des jeunes auteurs s&rsquo;expriment en toute autonomie, conscience et responsabilit\u00e9. Les adultes n&rsquo;ont gu\u00e8re de le\u00e7on \u00e0 donner \u00e0 ce sujet.<\/p>\n<p>Et pourtant, <strong>aucune mesure n&rsquo;a jamais \u00e9t\u00e9 prise nulle part <\/strong>(\u00e0 l&rsquo;exception peut-\u00eatre de mesures r\u00e9pressives), \u00e0 aucun moment, pour que chaque \u00e9l\u00e8ve, chaque jeune, en toute responsabilit\u00e9 s&rsquo;il est majeur ou m\u00eame seulement lyc\u00e9en, avec l&rsquo;aide et l&rsquo;accompagnement des \u00e9ducateurs, parents, professeurs s&rsquo;il ne l&rsquo;est pas, puisse enfin exercer cette libert\u00e9 fondamentale et en d\u00e9chiffrer les codes, si complexes parfois.<\/p>\n<p><strong>C&rsquo;est urgent.<\/strong><\/p>\n<p>Je fais donc trois propositions\u00a0:<\/p>\n<ol>\n<li>la cr\u00e9ation d&rsquo;une <strong>plateforme de publication de vid\u00e9os<\/strong> ou de s\u00e9quences audios, une sorte d&rsquo;<strong>\u00c9dutube<\/strong> \u00e0 la disposition de la communaut\u00e9 \u00e9ducative, professeurs mais aussi \u00e9l\u00e8ves\u00a0;<\/li>\n<li>la cr\u00e9ation d&rsquo;une <strong>plateforme de blogues<\/strong>, une sorte d&rsquo;<strong>\u00c9dublog<\/strong> \u00e0 la disposition des projets d&rsquo;\u00e9tablissement, de classe ou individuels des professeurs et des \u00e9l\u00e8ves mettant \u00e0 disposition un ou des <a title=\"Syst\u00e8me de gestion de contenu\" href=\"https:\/\/fr.wikipedia.org\/wiki\/Syst%C3%A8me_de_gestion_de_contenu\">syst\u00e8mes de gestion de contenu<\/a> libres (WordPress,\u00a0par exemple, \u00e0 cause du nombre de contributeurs et d&rsquo;auteurs)\u00a0;<\/li>\n<li>la cr\u00e9ation d&rsquo;une <strong>plateforme de m\u00e9dias photographiques<\/strong>, une sorte d&rsquo;<strong>\u00c9duphoto<\/strong>, qui pourrait s&rsquo;inspirer de Wikim\u00e9dia.<\/li>\n<\/ol>\n<p>Ne me dites pas que cette libert\u00e9 ouverte \u00e0 tous va occasionner, t\u00f4t ou tard,\u00a0des probl\u00e8mes. C&rsquo;est \u00e9vident. Il est donc de n\u00e9cessaire de proposer la r\u00e9daction de <strong>chartes de publication<\/strong>, un dispositif r\u00e9glementaire qui pourrait \u00eatre construit avec l&rsquo;aide des \u00e9lus coll\u00e9giens et lyc\u00e9ens, pr\u00e9cisant les droits mais aussi les devoirs de chacun. Au-del\u00e0 du dispositif r\u00e9glementaire donc, il s&rsquo;agit l\u00e0 donc d&rsquo;un outil magnifique \u00e0 la disposition de tous pour apprendre \u00e0 s&rsquo;exprimer\u00a0! Sans doute conviendra-t-il de faire appel aussi \u00e0 des mod\u00e9rateurs \u00e0 m\u00eame de v\u00e9rifier que les chartes sont bien comprises et respect\u00e9es. Sans doute enfin conviendra-t-il de proposer, selon la qualit\u00e9 et l&rsquo;\u00e2ge des participants et des contributeurs et auteurs, des dispositifs de droits diff\u00e9rents\u2026 Bref, <strong>rien l\u00e0 d&rsquo;impossible<\/strong>, il suffit de le vouloir et de se frotter aux difficult\u00e9s pour les r\u00e9soudre.<\/p>\n<p>Sur ces plateformes, naturellement d\u00e9pourvues de toute publicit\u00e9, les chartes seraient mises \u00e0 la disposition de tous, bien s\u00fbr, et propos\u00e9es pour \u00eatre enrichies et amend\u00e9es. De plus, des tutoriels et des fiches pratiques pourraient \u00eatre propos\u00e9s aux contributeurs dans un premier temps, enrichis par ces derniers ensuite.<\/p>\n<p>Enfin, au-del\u00e0 des objectifs strictement p\u00e9dagogiques, je ne vois pour ma part que des avantages \u00e0 <strong>promouvoir les logiciels libres<\/strong> et <strong>les licences libres<\/strong> qui seront privil\u00e9gi\u00e9es, la connaissance et <strong>la culture des Communs<\/strong>, le partage, les \u00e9changes, la coop\u00e9ration, la collaboration\u2026 Et tout cela ne devrait pas co\u00fbter grand chose, en tout cas beaucoup moins que l&rsquo;argent d\u00e9pens\u00e9 depuis des ann\u00e9es pour soutenir des industriels frileux.<\/p>\n<p>C&rsquo;est bien le moins que doit un minist\u00e8re \u00e0 ses professeurs et \u00e0 ses \u00e9l\u00e8ves.<\/p>\n<p>[<strong>Mise \u00e0 jour<\/strong> du 27 janvier 2017\u00a0: on me signale que l&rsquo;acad\u00e9mie de Montpellier a pris l&rsquo;initiative, pour accompagner l&rsquo;expression des \u00e9l\u00e8ves et d\u00e9velopper l&rsquo;\u00e9ducation aux m\u00e9dias, de mettre en place une plateforme de publication. Plus de d\u00e9tails sur <a href=\"http:\/\/www.environnementnumeriquedetravail.fr\/mahara\/view\/view.php?t=42IbBHWXEJMK6zlFG8sY\" target=\"_blank\">cette page<\/a>. Une initiative \u00e0 suivre de pr\u00e8s, \u00e0 encourager et, surtout, \u00e0 \u00e9largir \u00e0 toute la France.]<\/p>\n<p>Michel Guillou\u00a0<a href=\"https:\/\/twitter.com\/michelguillou\" target=\"_blank\">@michelguillou<\/a><\/p>\n<p><a href=\"http:\/\/creativecommons.org\/licenses\/by-nc-sa\/4.0\/\" target=\"_blank\"><img loading=\"lazy\" decoding=\"async\" src=\"https:\/\/i.creativecommons.org\/l\/by-nc-sa\/2.0\/fr\/80x15.png\" alt=\"image\" width=\"80\" height=\"15\" data-pin-nopin=\"true\" \/><\/a><\/p>\n<p>Cr\u00e9dit photo\u00a0:\u00a0<a href=\"https:\/\/pixabay.com\/fr\/microphone-gar%C3%A7on-studio-cri-crier-1209816\/\" target=\"_blank\">Pixabay<\/a><\/p>\n<p>[cite]<\/p>\n","protected":false},"excerpt":{"rendered":"<p><a href=\"https:\/\/www.culture-numerique.fr\/wp-content\/uploads\/2017\/01\/microphone-1209816_1280.jpg\"><img loading=\"lazy\" decoding=\"async\" class=\"aligncenter size-full wp-image-5789\" src=\"https:\/\/www.culture-numerique.fr\/wp-content\/uploads\/2017\/01\/microphone-1209816_1280.jpg\" alt=\"\" width=\"1280\" height=\"853\" srcset=\"https:\/\/www.culture-numerique.fr\/wp-content\/uploads\/2017\/01\/microphone-1209816_1280.jpg 1280w, https:\/\/www.culture-numerique.fr\/wp-content\/uploads\/2017\/01\/microphone-1209816_1280-300x200.jpg 300w, https:\/\/www.culture-numerique.fr\/wp-content\/uploads\/2017\/01\/microphone-1209816_1280-1024x682.jpg 1024w, https:\/\/www.culture-numerique.fr\/wp-content\/uploads\/2017\/01\/microphone-1209816_1280-100x67.jpg 100w, https:\/\/www.culture-numerique.fr\/wp-content\/uploads\/2017\/01\/microphone-1209816_1280-150x100.jpg 150w, https:\/\/www.culture-numerique.fr\/wp-content\/uploads\/2017\/01\/microphone-1209816_1280-200x133.jpg 200w, https:\/\/www.culture-numerique.fr\/wp-content\/uploads\/2017\/01\/microphone-1209816_1280-450x300.jpg 450w, https:\/\/www.culture-numerique.fr\/wp-content\/uploads\/2017\/01\/microphone-1209816_1280-600x400.jpg 600w, https:\/\/www.culture-numerique.fr\/wp-content\/uploads\/2017\/01\/microphone-1209816_1280-900x600.jpg 900w\" sizes=\"auto, (max-width: 1280px) 100vw, 1280px\" \/><\/a><\/p>\n<p><strong>Deux occasions m&rsquo;ont \u00e9t\u00e9 donn\u00e9es<\/strong>, ces derniers jours, de rappeler l&rsquo;importance \u00e9tonnamment nouvelle d&rsquo;une comp\u00e9tence qui surgit dans le m\u00eame temps que le num\u00e9rique progresse et diffuse dans les denses tissus de la soci\u00e9t\u00e9 et de la culture.<\/p>\n<p><span class=\"ellipsis\">&hellip;<\/span><\/p>\n<div class=\"read-more\"><a href=\"https:\/\/www.culture-numerique.fr\/?p=5785\">Lire la suite &#8250;<\/a><\/div>\n<p><!-- end of .read-more --><\/p>\n","protected":false},"author":1,"featured_media":5789,"comment_status":"open","ping_status":"open","sticky":false,"template":"","format":"standard","meta":{"jetpack_post_was_ever_published":false,"_jetpack_newsletter_access":"","_jetpack_dont_email_post_to_subs":true,"_jetpack_newsletter_tier_id":0,"_jetpack_memberships_contains_paywalled_content":false,"_jetpack_memberships_contains_paid_content":false,"footnotes":""},"categories":[9],"tags":[776,52,779,530,13,778,777,207,18,17],"class_list":["post-5785","post","type-post","status-publish","format-standard","has-post-thumbnail","hentry","category-billets-dhumeur","tag-communs","tag-culture-numerique","tag-education-a-la-citoyennete","tag-education-aux-medias-et-a-linformation","tag-liberte-dexpression","tag-licences-libres","tag-logiciels-libres","tag-medias","tag-publication","tag-publier"],"jetpack_featured_media_url":"https:\/\/www.culture-numerique.fr\/wp-content\/uploads\/2017\/01\/microphone-1209816_1280.jpg","jetpack_sharing_enabled":true,"_links":{"self":[{"href":"https:\/\/www.culture-numerique.fr\/index.php?rest_route=\/wp\/v2\/posts\/5785","targetHints":{"allow":["GET"]}}],"collection":[{"href":"https:\/\/www.culture-numerique.fr\/index.php?rest_route=\/wp\/v2\/posts"}],"about":[{"href":"https:\/\/www.culture-numerique.fr\/index.php?rest_route=\/wp\/v2\/types\/post"}],"author":[{"embeddable":true,"href":"https:\/\/www.culture-numerique.fr\/index.php?rest_route=\/wp\/v2\/users\/1"}],"replies":[{"embeddable":true,"href":"https:\/\/www.culture-numerique.fr\/index.php?rest_route=%2Fwp%2Fv2%2Fcomments&post=5785"}],"version-history":[{"count":19,"href":"https:\/\/www.culture-numerique.fr\/index.php?rest_route=\/wp\/v2\/posts\/5785\/revisions"}],"predecessor-version":[{"id":5806,"href":"https:\/\/www.culture-numerique.fr\/index.php?rest_route=\/wp\/v2\/posts\/5785\/revisions\/5806"}],"wp:featuredmedia":[{"embeddable":true,"href":"https:\/\/www.culture-numerique.fr\/index.php?rest_route=\/wp\/v2\/media\/5789"}],"wp:attachment":[{"href":"https:\/\/www.culture-numerique.fr\/index.php?rest_route=%2Fwp%2Fv2%2Fmedia&parent=5785"}],"wp:term":[{"taxonomy":"category","embeddable":true,"href":"https:\/\/www.culture-numerique.fr\/index.php?rest_route=%2Fwp%2Fv2%2Fcategories&post=5785"},{"taxonomy":"post_tag","embeddable":true,"href":"https:\/\/www.culture-numerique.fr\/index.php?rest_route=%2Fwp%2Fv2%2Ftags&post=5785"}],"curies":[{"name":"wp","href":"https:\/\/api.w.org\/{rel}","templated":true}]}}