{"id":5721,"date":"2016-12-22T17:44:44","date_gmt":"2016-12-22T16:44:44","guid":{"rendered":"https:\/\/www.culture-numerique.fr\/?p=5721"},"modified":"2016-12-23T11:53:30","modified_gmt":"2016-12-23T10:53:30","slug":"et-si-chaque-journee-de-classe-commencait-par-1-heure-de-revue-de-presse","status":"publish","type":"post","link":"https:\/\/www.culture-numerique.fr\/?p=5721","title":{"rendered":"Et si chaque journ\u00e9e de classe commen\u00e7ait par 1\u00a0heure de revue de presse\u00a0?"},"content":{"rendered":"<p><a href=\"https:\/\/www.culture-numerique.fr\/wp-content\/uploads\/2016\/12\/tree-200795_1280.jpg\"><img loading=\"lazy\" decoding=\"async\" class=\"aligncenter size-full wp-image-5752\" src=\"https:\/\/www.culture-numerique.fr\/wp-content\/uploads\/2016\/12\/tree-200795_1280.jpg\" alt=\"\" width=\"1280\" height=\"905\" srcset=\"https:\/\/www.culture-numerique.fr\/wp-content\/uploads\/2016\/12\/tree-200795_1280.jpg 1280w, https:\/\/www.culture-numerique.fr\/wp-content\/uploads\/2016\/12\/tree-200795_1280-300x212.jpg 300w, https:\/\/www.culture-numerique.fr\/wp-content\/uploads\/2016\/12\/tree-200795_1280-1024x724.jpg 1024w, https:\/\/www.culture-numerique.fr\/wp-content\/uploads\/2016\/12\/tree-200795_1280-100x71.jpg 100w, https:\/\/www.culture-numerique.fr\/wp-content\/uploads\/2016\/12\/tree-200795_1280-150x106.jpg 150w, https:\/\/www.culture-numerique.fr\/wp-content\/uploads\/2016\/12\/tree-200795_1280-200x141.jpg 200w, https:\/\/www.culture-numerique.fr\/wp-content\/uploads\/2016\/12\/tree-200795_1280-450x318.jpg 450w, https:\/\/www.culture-numerique.fr\/wp-content\/uploads\/2016\/12\/tree-200795_1280-600x424.jpg 600w, https:\/\/www.culture-numerique.fr\/wp-content\/uploads\/2016\/12\/tree-200795_1280-900x636.jpg 900w\" sizes=\"auto, (max-width: 1280px) 100vw, 1280px\" \/><\/a><\/p>\n<p><strong>Le succ\u00e8s des sites de v\u00e9rification<\/strong> des faits d&rsquo;actualit\u00e9 ou \u00ab\u00a0<em>fast-checking<\/em>\u00a0\u00bb ne se d\u00e9ment pas. <a href=\"http:\/\/www.lemonde.fr\/\" target=\"_blank\"><em>Le Monde<\/em><\/a> s&rsquo;y est mis lui aussi avec sa rubrique d\u00e9di\u00e9e \u00ab\u00a0<a href=\"http:\/\/www.lemonde.fr\/les-decodeurs\/\" target=\"_blank\">Les d\u00e9codeurs<\/a>\u00a0\u00bb qui, jour apr\u00e8s jour, tente de d\u00e9m\u00ealer le vrai du faux, \u00ab\u00a0son\u00a0\u00bb vrai de \u00ab\u00a0son\u00a0\u00bb faux, m\u00eame si le d\u00e9codage est plus ais\u00e9 \u00e0 faire quand il s&rsquo;agit de donn\u00e9es factuelles non contestables.<\/p>\n<blockquote><p>\u00ab\u00a0Les d\u00e9codeurs du Monde.fr v\u00e9rifient d\u00e9clarations, assertions et rumeurs en tous genres ; ils mettent l\u2019information en forme et la remettent dans son contexte; ils r\u00e9pondent \u00e0 vos questions.\u00a0\u00bb<\/p><\/blockquote>\n<p>On pourrait s&rsquo;interroger, \u00e0 la lecture des derniers mots ci-dessus, sur la conception verticale et un peu d\u00e9su\u00e8te, il faut bien le dire, de la conception par \u00ab\u00a0les d\u00e9codeurs\u00a0\u00bb de leur m\u00e9tier de journaliste qui sait et informe un lecteur qui ne sait pas et est inform\u00e9, <strong>comme si, aujourd&rsquo;hui, cela avait encore un sens<\/strong>. Mais l\u00e0 n&rsquo;est pas mon propos. J&rsquo;y reviendrai, promis\u00a0!<\/p>\n<p>On pourrait s&rsquo;interroger aussi sur la mission que s&rsquo;assignent ces d\u00e9codeurs. Si je comprends l&rsquo;id\u00e9e de v\u00e9rifier des d\u00e9clarations ou des assertions, j&rsquo;ai du mal \u00e0 comprendre comment on peut \u00ab\u00a0<strong>v\u00e9rifier une rumeur<\/strong>\u00a0\u00bb. Par d\u00e9finition, une rumeur, qualifi\u00e9e, selon les dictionnaires de \u00ab\u00a0<span style=\"color: #800000;\"><em>nouvelle sans certitude qui se r\u00e9pand de bouche \u00e0 oreille, bruit inqui\u00e9tant qui court<\/em><\/span>\u00a0\u00bb ou encore d&rsquo;\u00ab\u00a0<span style=\"color: #800000;\"><em>information diffus\u00e9e dont la v\u00e9racit\u00e9 est douteuse<\/em><\/span>\u00a0\u00bb, ne peut se v\u00e9rifier. En revanche, l&rsquo;information qu&rsquo;elle contient ne peut se v\u00e9rifier, elle, que si la rumeur est fausse\u2026<\/p>\n<p>Bon, la \u00ab\u00a0<a href=\"http:\/\/www.lemonde.fr\/les-decodeurs\/article\/2014\/03\/10\/la-charte-des-decodeurs_4365106_4355770.html\" target=\"_blank\">Charte des d\u00e9codeurs<\/a>\u00a0\u00bb est un peu plus explicite, fort heureusement.<\/p>\n<p>Le magnifique et d\u00e9j\u00e0 ancien site <a href=\"http:\/\/www.hoaxbuster.com\/\" target=\"_blank\">Hoaxbuster<\/a> n&rsquo;a pas cette pr\u00e9tention, lui, et fait une chasse presque exhaustive \u00e0 tous les canulars qui circulent tant sur le web encore, comme s&rsquo;il s&rsquo;agissait d&rsquo;informations, que\u00a0dans les messageries.<\/p>\n<p>Il en existe d&rsquo;autres et la volont\u00e9 du citoyen num\u00e9rique de tenter d&rsquo;y voir plus clair se renforce de jour en jour, notamment \u00e0 propos des faits d&rsquo;actualit\u00e9 les plus douloureux. Ainsi, certaines\u00a0des phrases les plus tap\u00e9es sur Google sont aujourd&rsquo;hui \u00ab\u00a0<em><a href=\"https:\/\/www.google.fr\/search?q=%22ce+que+l%27on+sait%22&amp;safe=off&amp;client=safari&amp;hl=fr-fr&amp;prmd=niv&amp;source=lnms&amp;tbm=nws&amp;sa=X&amp;ved=0ahUKEwie5rCEu4bRAhWL1hoKHTBNAhgQ_AUIBygB&amp;biw=414&amp;bih=628\" target=\"_blank\">ce que l&rsquo;on sait<\/a><\/em>\u00a0\u00bb et \u00ab\u00a0<em><a href=\"https:\/\/www.google.fr\/search?q=%22ce+que+l%27on+sait%22&amp;safe=off&amp;client=safari&amp;hl=fr-fr&amp;prmd=niv&amp;source=lnms&amp;tbm=nws&amp;sa=X&amp;ved=0ahUKEwie5rCEu4bRAhWL1hoKHTBNAhgQ_AUIBygB&amp;biw=414&amp;bih=628#safe=off&amp;hl=fr-fr&amp;tbm=nws&amp;q=%22ce+que+l%27on+ignore%22\" target=\"_blank\">ce que l&rsquo;on ignore<\/a><\/em>\u00a0\u00bb. <strong>Comment ne pas s&rsquo;en r\u00e9jouir\u00a0?<\/strong><\/p>\n<h3>Comment faire sans attention ni confiance\u00a0?<\/h3>\n<p>Cette derni\u00e8re, la confiance, est ce qui manque le plus aux jeunes. <em>Le Monde<\/em> nous apprend r\u00e9cemment, ce qui n&rsquo;\u00e9tait gu\u00e8re difficile \u00e0 deviner pour qui s&rsquo;int\u00e9resse un peu \u00e0 elle, que \u00ab\u00a0<a href=\"http:\/\/www.lemonde.fr\/societe\/article\/2016\/12\/15\/le-pessimisme-et-la-defiance-de-la-jeunesse-atteignent-des-records_5049316_3224.html\" target=\"_blank\">le pessimisme et la d\u00e9fiance de la jeunesse atteignent des records<\/a>\u00a0\u00bb. Cette d\u00e9fiance s&rsquo;exerce \u00e0 l&rsquo;encontre de tous les corps constitu\u00e9s, la gent politique, la finance, l&rsquo;\u00e9cole\u2026 <strong>et, bien s\u00fbr, les m\u00e9dias<\/strong>, \u00e0 commencer par les plus traditionnels d&rsquo;entre eux. La presse \u00e9crite, cens\u00e9e pouvoir \u00e9clairer et donner du sens \u00e0 l&rsquo;information, n&rsquo;est g\u00e9n\u00e9ralement pas lue par les jeunes qui s&rsquo;informent, avec leurs parents, un peu via la t\u00e9l\u00e9vision ou la radio, et beaucoup, seuls ou sur les r\u00e9seaux sociaux, sur Internet.<\/p>\n<p>Pour quiconque a un peu fr\u00e9quent\u00e9 ces derniers, il n&rsquo;est pas rare d&rsquo;y trouver, m\u00eame publi\u00e9 ou republi\u00e9 par des amis \u00ab\u00a0de confiance\u00a0\u00bb, des informations pour le moins douteuses, non dat\u00e9es, non sourc\u00e9es, con\u00e7ues non pour informer mais pour faire le \u00ab\u00a0buzz\u00a0\u00bb. \u00a0Par ailleurs, si on veut \u00e9viter de se faire pi\u00e9ger \u00e0 ce sujet, on n&rsquo;a bien souvent d&rsquo;autre choix que de mener l&rsquo;enqu\u00eate soi-m\u00eame de mani\u00e8re, m\u00e9thodique, patiente et approfondie, de faire ce n\u00e9cessaire travail de journaliste professionnel qui consiste \u00e0 v\u00e9rifier l&rsquo;information. Et, pour qui l&rsquo;a vraiment fait, ce n&rsquo;est pas toujours chose ais\u00e9e. Et c&rsquo;est long.<\/p>\n<p>Google soi-m\u00eame, nous apprend <a href=\"http:\/\/www.zdnet.fr\/actualites\/negationnisme-google-va-faire-le-menage-dans-son-algorithme-39846242.htm\" target=\"_blank\">Zdnet<\/a>, \u00a0s&rsquo;aper\u00e7oit aujourd&rsquo;hui, sans doute sous la pression de ses utilisateurs, qu&rsquo;il doit <strong>modifier son algorithme<\/strong> pour \u00e9viter de pr\u00e9senter, dans les premi\u00e8res occurrences, des sites n\u00e9gationnistes, r\u00e9visionnistes, sp\u00e9cialistes de la d\u00e9sinformation. Il y a du travail sur la planche. La question \u00ab\u00a0<a href=\"https:\/\/www.google.fr\/search?hl=fr&amp;source=hp&amp;q=L%27Holocauste+a-t-il+eu+lieu%3F&amp;btnG=Recherche+Google&amp;meta=&amp;aq=f&amp;oq=&amp;gws_rd=ssl\" target=\"_blank\">L&rsquo;Holocauste a-t-il eu lieu\u00a0?<\/a>\u00a0\u00bb pos\u00e9e \u00e0 Google me pr\u00e9sente aujourd&rsquo;hui m\u00eame en premier l&rsquo;article de <a href=\"https:\/\/fr.wikipedia.org\/\" target=\"_blank\">Wikipedia<\/a> sur la Shoah, en deuxi\u00e8me l&rsquo;article de Wikipedia sur la n\u00e9gation de la Shoah, puis, en troisi\u00e8me occurrence, le site d&rsquo;un c\u00e9l\u00e8bre n\u00e9gationniste fran\u00e7ais\u00a0!<\/p>\n<p>Google va-t-il \u00eatre <a href=\"http:\/\/an-2000.blogs.liberation.fr\/2016\/12\/22\/lere-de-la-post-verite-google-est-somme-de-dire-la-verite\/\" target=\"_blank\">somm\u00e9 de dire la v\u00e9rit\u00e9<\/a>\u00a0? Et si oui, quelle v\u00e9rit\u00e9\u00a0? Celle que nous donnons \u00e0 nos choix\u00a0?<\/p>\n<p><a href=\"https:\/\/twitter.com\/nico_vanderb?lang=fr\" target=\"_blank\">Nicolas Vanderbiest<\/a> a <a href=\"http:\/\/www.reputatiolab.com\/2016\/07\/mecanisme-rumeurs-durant-attentats-cas-de-nice\/\" target=\"_blank\">bien montr\u00e9<\/a>, \u00e0 propos notamment de\u00a0l&rsquo;attentat \u00e0 Nice, comment se propageaient les rumeurs les plus folles qui prennent, en l&rsquo;occurrence, la forme d&rsquo;informations vraisemblables \u00e0 d\u00e9faut d&rsquo;\u00eatre v\u00e9rifi\u00e9es. Comment y r\u00e9sister, quand on a 14 ans et qu&rsquo;on est seul, sur Twitter ou sur Facebook, \u00e0 l&rsquo;envie de croire et surtout de partager, ce qui repr\u00e9sente alors <strong>un suppl\u00e9ment de valorisation de soi<\/strong>, toujours bon \u00e0 prendre ? Comment faire si on manque cruellement de l&rsquo;attention n\u00e9cessaire et de la disponibilit\u00e9 temporelle qui permettraient, l&rsquo;une et l&rsquo;autre, d&rsquo;<strong>exercer son sens critique<\/strong> \u00e0 l&rsquo;encontre des th\u00e9ories n\u00e9gationnistes, des rumeurs, de la d\u00e9sinformation, de tous ceux qui th\u00e9orisent le complot ou les complots permanents\u00a0? Comment faire quand on n&rsquo;a plus personne autour de soi \u00e0 qui l&rsquo;on peut faire vraiment confiance\u00a0?<\/p>\n<p>Comment faire quand la justice elle-m\u00eame s&rsquo;av\u00e8re incapable de r\u00e9guler en les sanctionnant comme il convient, les abus de la libert\u00e9 d&rsquo;expression en ligne\u00a0? Comment faire quand tout le monde semble se r\u00e9jouir, \u00e0 ce sujet, des initiatives prises par les entreprises de l&rsquo;Internet\u00a0<a href=\"https:\/\/francais.rt.com\/opinions\/30738-chasse-fake-news-si-probleme-venait-facebook-algorithmes\" target=\"_blank\">pour changer leurs algorithmes<\/a> et proc\u00e9der \u00e0 un tri des informations qu&rsquo;elles nous pr\u00e9sentent, selon des crit\u00e8res qu&rsquo;elles ont elles-m\u00eames choisis\u00a0? Quand on sait que Facebook, par exemple, est devenu en quelques ann\u00e9es la page d&rsquo;accueil unique sur l&rsquo;Internet et le point d&rsquo;entr\u00e9e \u00e0 l&rsquo;information (44 % des Am\u00e9ricains s&rsquo;informent sur Facebook, nous dit <a href=\"http:\/\/www.cnetfrance.fr\/news\/avec-son-algorithme-facebook-devient-la-boite-noire-des-medias-39846052.htm\" target=\"_blank\">Pew Research\u00a0<\/a>!), il y a de quoi s\u00e9rieusement s&rsquo;inqui\u00e9ter !<\/p>\n<p><a href=\"https:\/\/www.culture-numerique.fr\/wp-content\/uploads\/2016\/12\/magazines-609359_1280.jpg\"><img loading=\"lazy\" decoding=\"async\" class=\"aligncenter size-full wp-image-5755\" src=\"https:\/\/www.culture-numerique.fr\/wp-content\/uploads\/2016\/12\/magazines-609359_1280.jpg\" alt=\"\" width=\"1280\" height=\"930\" srcset=\"https:\/\/www.culture-numerique.fr\/wp-content\/uploads\/2016\/12\/magazines-609359_1280.jpg 1280w, https:\/\/www.culture-numerique.fr\/wp-content\/uploads\/2016\/12\/magazines-609359_1280-300x218.jpg 300w, https:\/\/www.culture-numerique.fr\/wp-content\/uploads\/2016\/12\/magazines-609359_1280-1024x744.jpg 1024w, https:\/\/www.culture-numerique.fr\/wp-content\/uploads\/2016\/12\/magazines-609359_1280-100x73.jpg 100w, https:\/\/www.culture-numerique.fr\/wp-content\/uploads\/2016\/12\/magazines-609359_1280-150x109.jpg 150w, https:\/\/www.culture-numerique.fr\/wp-content\/uploads\/2016\/12\/magazines-609359_1280-200x145.jpg 200w, https:\/\/www.culture-numerique.fr\/wp-content\/uploads\/2016\/12\/magazines-609359_1280-450x327.jpg 450w, https:\/\/www.culture-numerique.fr\/wp-content\/uploads\/2016\/12\/magazines-609359_1280-600x436.jpg 600w, https:\/\/www.culture-numerique.fr\/wp-content\/uploads\/2016\/12\/magazines-609359_1280-900x654.jpg 900w\" sizes=\"auto, (max-width: 1280px) 100vw, 1280px\" \/><\/a><\/p>\n<blockquote><p>\u00ab\u00a0Il est de mani\u00e8re g\u00e9n\u00e9rale dangereux pour la d\u00e9mocratie qu&rsquo;un \u00c9tat ou qu&rsquo;une grande entreprise priv\u00e9e se mette \u00e0 d\u00e9cider, en dehors des cas pr\u00e9vus par la loi, de quelles informations peuvent \u00eatre partag\u00e9es\u00a0\u00bb<\/p><\/blockquote>\n<p>Ce que nous dit l\u00e0 <a href=\"https:\/\/twitter.com\/gchampeau?lang=fr\" target=\"_blank\">Guillaume Champeau<\/a> sur <em><a href=\"https:\/\/francais.rt.com\/\" target=\"_blank\">RT<\/a><\/em> est essentiel. En France, c&rsquo;est le juge judiciaire qui d\u00e9cide de ce qui n&rsquo;est pas conforme au droit en mati\u00e8re de publications\u2026 Comme il ne peut pas tout faire, ce sont les h\u00e9bergeurs de contenus qui\u00a0ont obligation de retirer sans tarder les contenus illicites qui leur auront \u00e9t\u00e9 signal\u00e9s selon les formes pr\u00e9vues par la loi, ce qui n&rsquo;est pas sans poser de nombreux probl\u00e8mes, car les abus, pourtant r\u00e9prim\u00e9s eux aussi par la loi, sont nombreux. Tout r\u00e9cemment, le S\u00e9nat s&rsquo;est aussi pench\u00e9 sur la question de savoir si l&rsquo;on ne devait pas nommer <a href=\"http:\/\/www.numerama.com\/politique\/218027-le-senat-etudie-un-defenseur-des-droits-pour-juger-la-legalite-des-contenus-web.html\" target=\"_blank\">un d\u00e9fenseur des droits<\/a>, \u00e0 la CNIL, pour juger de la l\u00e9galit\u00e9 des contenus.<\/p>\n<p><strong>Le danger est donc doublement grand<\/strong> de substituer, d&rsquo;une part, des proc\u00e9dures administratives \u00e0 l&rsquo;autorit\u00e9 judiciaire, d&rsquo;autre part d&rsquo;attendre des op\u00e9rateurs ou des plateformes qu&rsquo;ils fassent le m\u00e9nage eux-m\u00eames. Selon quels crit\u00e8res de morale ou selon quelle l\u00e9gislation, concernant des entreprises \u00e9trang\u00e8res qui n&rsquo;ont d&rsquo;autre int\u00e9r\u00eat que le profit\u00a0?<\/p>\n<h3>Enseigner l&rsquo;actualit\u00e9<\/h3>\n<p>Les jeunes, d\u00e9sarm\u00e9s, sans attention disponible et sans confiance envers quiconque, sans culture ou m\u00e9thode pour d\u00e9jouer les pi\u00e8ges qui leur sont tendus, sont au premier rang du peloton des proies des manipulateurs, des pros\u00e9lytes, des marchands, des influenceurs, des complotistes\u2026<\/p>\n<p><a href=\"http:\/\/www.meta-media.fr\/2016\/12\/20\/meta-media-decrypte-10-bouleversements-du-numerique.html\" target=\"_blank\">On n&rsquo;en a encore rien vu<\/a>, d\u00e9crypte <em><a href=\"http:\/\/www.meta-media.fr\/\" target=\"_blank\">M\u00e9ta-m\u00e9dia<\/a><\/em>\u00a0:<\/p>\n<blockquote><p>\u00ab Le num\u00e9rique transforme [&#8230;] nos soci\u00e9t\u00e9s, \u00e0 un rythme effr\u00e9n\u00e9 et sans pr\u00e9c\u00e9dent. La vitesse actuelle des changements et leur complexit\u00e9 imposent une adaptation qui passe par l&rsquo;innovation et la transformation organisationnelle des acteurs concern\u00e9s \u00bb<\/p><\/blockquote>\n<p><strong><a href=\"https:\/\/www.culture-numerique.fr\/wp-content\/uploads\/2016\/12\/6256983683_8c1b5e51e4_o.jpg\"><img loading=\"lazy\" decoding=\"async\" class=\"wp-image-5730 size-medium alignleft\" src=\"https:\/\/www.culture-numerique.fr\/wp-content\/uploads\/2016\/12\/6256983683_8c1b5e51e4_o-300x158.jpg\" width=\"300\" height=\"158\" srcset=\"https:\/\/www.culture-numerique.fr\/wp-content\/uploads\/2016\/12\/6256983683_8c1b5e51e4_o-300x158.jpg 300w, https:\/\/www.culture-numerique.fr\/wp-content\/uploads\/2016\/12\/6256983683_8c1b5e51e4_o-100x53.jpg 100w, https:\/\/www.culture-numerique.fr\/wp-content\/uploads\/2016\/12\/6256983683_8c1b5e51e4_o-150x79.jpg 150w, https:\/\/www.culture-numerique.fr\/wp-content\/uploads\/2016\/12\/6256983683_8c1b5e51e4_o-200x105.jpg 200w, https:\/\/www.culture-numerique.fr\/wp-content\/uploads\/2016\/12\/6256983683_8c1b5e51e4_o-450x236.jpg 450w, https:\/\/www.culture-numerique.fr\/wp-content\/uploads\/2016\/12\/6256983683_8c1b5e51e4_o-600x315.jpg 600w, https:\/\/www.culture-numerique.fr\/wp-content\/uploads\/2016\/12\/6256983683_8c1b5e51e4_o.jpg 640w\" sizes=\"auto, (max-width: 300px) 100vw, 300px\" \/><\/a>Il est donc n\u00e9cessaire \u00e0 l&rsquo;\u00c9cole de s&rsquo;adapter et de prendre en charge ces contraintes nouvelles et hautement \u00e9ducatives.\u00a0<\/strong><\/p>\n<p>D&rsquo;abord doit-elle pendre conscience qu&rsquo;elle ne peut continuer \u00e0 s&rsquo;en d\u00e9charger en d\u00e9cr\u00e9tant que \u00e7a concerne d&rsquo;abord les parents, car c&rsquo;est un discours tr\u00e8s entendu en son sein.<\/p>\n<p>Ensuite, sans doute, doit-elle prendre la mesure des priorit\u00e9s et de l&rsquo;urgence, avant qu&rsquo;on la mette en examen pour non-assistance \u00e0 \u00e9l\u00e8ves en danger. <strong>Pourquoi alors ne pas commencer la journ\u00e9e par une heure de revue de presse\u00a0?<\/strong> Bien s\u00fbr, j&rsquo;entends par \u00ab\u00a0revue de presse\u00a0\u00bb toute activit\u00e9 qui consiste \u00e0 prendre connaissance de l&rsquo;actualit\u00e9 disponible dans toutes sortes de m\u00e9dias, tous supports, tous formats, de mani\u00e8re neutre et pluraliste, sans se limiter \u00e0 l&rsquo;offre commerciale disponible.<\/p>\n<p>Ensuite, et c&rsquo;est l\u00e0 que \u00e7a devient compliqu\u00e9, il faut <strong>croiser les regards sur l&rsquo;actualit\u00e9<\/strong>, mettre en perspective, retrouver et identifier les sources, s&rsquo;approprier les codes, lire et comprendre l&rsquo;iconographie\u2026 un travail collectif long et complexe, l&rsquo;occasion de construire une ou des d\u00e9marches d&rsquo;investigation, d&rsquo;exercer en permanence son sens critique, de commencer \u00e0 d\u00e9gager quelques parcelles, indicibles sans doute au d\u00e9but, de v\u00e9rit\u00e9. N&rsquo;importe quel professeur de n&rsquo;importe quelle discipline doit \u00eatre capable, \u00e0 condition d&rsquo;exercer sa raison et de mobiliser des comp\u00e9tences usuelles, de mettre en \u0153uvre ce travail, seul ou en partageant cette activit\u00e9 avec un coll\u00e8gue. Sans doute alors, <strong>les comp\u00e9tences toutes particuli\u00e8res du professeur documentaliste<\/strong> en mati\u00e8re d&rsquo;\u00e9ducation aux m\u00e9dias et de sciences de l&rsquo;information peuvent-elles \u00eatre mobilis\u00e9es pour accompagner ce projet.<\/p>\n<p>\u00ab\u00a0<span style=\"color: #800000;\"><em>La vraie vie, ce sont des gens qui ont des opinions diverses, qui d\u00e9battent, et qui se mettent en garde les uns les autres<\/em><\/span>\u00a0\u00bb disait encore Guillaume Champeau. Car oui, il faudra d\u00e9battre de l&rsquo;actualit\u00e9, confronter ses opinions, ses lectures et sans doute<strong> construire des rep\u00e8res communs et des valeurs \u00e0 partager<\/strong>.\u00a0Il y aura sans doute des matins o\u00f9 ce sera plus difficile que d&rsquo;autres, des sujets plus compliqu\u00e9s \u00e0 appr\u00e9hender ensemble, des images ou des vid\u00e9os \u00e0 regarder avec pr\u00e9caution\u2026 Sans doute aussi parfois le groupe sera-t-il gagn\u00e9 par l&rsquo;\u00e9motion, par la tristesse ou par le rire\u2026 Comment faire autrement\u00a0?<\/p>\n<p>Une telle revue de presse sera aussi l&rsquo;occasion de lire, d&rsquo;\u00e9crire, de co-construire, de compter, de d\u00e9chiffrer des donn\u00e9es \u00e9conomiques, d\u00e9mographiques, historiques, scientifiques\u2026 l&rsquo;argument ultime pour ceux qui pensent que de telles activit\u00e9s ne seraient pas capables de mobiliser des comp\u00e9tences disciplinaires.<\/p>\n<p>Voil\u00e0, il ne reste plus qu&rsquo;\u00e0 changer, de la maternelle \u00e0 la terminale, les emplois du temps pour l&rsquo;an prochain\u00a0! <strong>Le d\u00e9but de <a href=\"https:\/\/fr.wikipedia.org\/wiki\/L'An_01\" target=\"_blank\">l&rsquo;an 01<\/a> pour l&rsquo;\u00e9cole\u00a0?<\/strong>\u00a0On arr\u00eate tout, on r\u00e9fl\u00e9chit, et c&rsquo;est pas triste\u00a0!<\/p>\n<p>Michel Guillou\u00a0<a href=\"https:\/\/twitter.com\/michelguillou\" target=\"_blank\">@michelguillou<\/a><\/p>\n<p><a href=\"http:\/\/creativecommons.org\/licenses\/by-nc-sa\/4.0\/\" target=\"_blank\"><img loading=\"lazy\" decoding=\"async\" src=\"https:\/\/i.creativecommons.org\/l\/by-nc-sa\/2.0\/fr\/80x15.png\" alt=\"image\" width=\"80\" height=\"15\" data-pin-nopin=\"true\" \/><\/a><\/p>\n<p>Cr\u00e9dit photo\u00a0: <a href=\"https:\/\/pixabay.com\/fr\/arbre-structure-r%C3%A9seaux-internet-200795\/\" target=\"_blank\">Pixabay<\/a>, <a href=\"https:\/\/pixabay.com\/fr\/magazines-kiosque-presse-609359\/\" target=\"_blank\">Pixabay<\/a>\u00a0et <a href=\"https:\/\/www.flickr.com\/photos\/68800167@N07\/6256983683\" target=\"_blank\">Flickr<\/a><\/p>\n<p>PS : Merci \u00e0 ceux qui ont d\u00e9j\u00e0 mis en \u0153uvre ce travail hautement profitable dans les classes m\u00e9dias.<\/p>\n<p>[cite]<\/p>\n","protected":false},"excerpt":{"rendered":"<p><a href=\"https:\/\/www.culture-numerique.fr\/wp-content\/uploads\/2016\/12\/tree-200795_1280.jpg\"><img loading=\"lazy\" decoding=\"async\" class=\"aligncenter size-full wp-image-5752\" src=\"https:\/\/www.culture-numerique.fr\/wp-content\/uploads\/2016\/12\/tree-200795_1280.jpg\" alt=\"\" width=\"1280\" height=\"905\" srcset=\"https:\/\/www.culture-numerique.fr\/wp-content\/uploads\/2016\/12\/tree-200795_1280.jpg 1280w, https:\/\/www.culture-numerique.fr\/wp-content\/uploads\/2016\/12\/tree-200795_1280-300x212.jpg 300w, https:\/\/www.culture-numerique.fr\/wp-content\/uploads\/2016\/12\/tree-200795_1280-1024x724.jpg 1024w, https:\/\/www.culture-numerique.fr\/wp-content\/uploads\/2016\/12\/tree-200795_1280-100x71.jpg 100w, https:\/\/www.culture-numerique.fr\/wp-content\/uploads\/2016\/12\/tree-200795_1280-150x106.jpg 150w, https:\/\/www.culture-numerique.fr\/wp-content\/uploads\/2016\/12\/tree-200795_1280-200x141.jpg 200w, https:\/\/www.culture-numerique.fr\/wp-content\/uploads\/2016\/12\/tree-200795_1280-450x318.jpg 450w, https:\/\/www.culture-numerique.fr\/wp-content\/uploads\/2016\/12\/tree-200795_1280-600x424.jpg 600w, https:\/\/www.culture-numerique.fr\/wp-content\/uploads\/2016\/12\/tree-200795_1280-900x636.jpg 900w\" sizes=\"auto, (max-width: 1280px) 100vw, 1280px\" \/><\/a><\/p>\n<p><strong>Le succ\u00e8s des sites de v\u00e9rification<\/strong> des faits d&rsquo;actualit\u00e9 ou \u00ab\u00a0<em>fast-checking<\/em>\u00a0\u00bb ne se d\u00e9ment pas. <a href=\"http:\/\/www.lemonde.fr\/\" target=\"_blank\"><em>Le Monde<\/em><\/a> s&rsquo;y est mis lui aussi avec sa rubrique d\u00e9di\u00e9e \u00ab\u00a0<a href=\"http:\/\/www.lemonde.fr\/les-decodeurs\/\" target=\"_blank\">Les d\u00e9codeurs<\/a>\u00a0\u00bb qui,<\/p>\n<p><span class=\"ellipsis\">&hellip;<\/span><\/p>\n<div class=\"read-more\"><a href=\"https:\/\/www.culture-numerique.fr\/?p=5721\">Lire la suite &#8250;<\/a><\/div>\n<p><!-- end of .read-more --><\/p>\n","protected":false},"author":1,"featured_media":5752,"comment_status":"open","ping_status":"open","sticky":false,"template":"","format":"standard","meta":{"jetpack_post_was_ever_published":false,"_jetpack_newsletter_access":"","_jetpack_dont_email_post_to_subs":true,"_jetpack_newsletter_tier_id":0,"_jetpack_memberships_contains_paywalled_content":false,"_jetpack_memberships_contains_paid_content":false,"footnotes":""},"categories":[9,36],"tags":[515,149,547,111,530,773,209,13,207,615,604,774,268],"class_list":["post-5721","post","type-post","status-publish","format-standard","has-post-thumbnail","hentry","category-billets-dhumeur","category-ressources","tag-actualite","tag-attention","tag-confiance","tag-education-aux-medias","tag-education-aux-medias-et-a-linformation","tag-fast-checking","tag-information","tag-liberte-dexpression","tag-medias","tag-revue-de-presse","tag-rumeur","tag-sens-critique","tag-wikipedia"],"jetpack_featured_media_url":"https:\/\/www.culture-numerique.fr\/wp-content\/uploads\/2016\/12\/tree-200795_1280.jpg","jetpack_sharing_enabled":true,"_links":{"self":[{"href":"https:\/\/www.culture-numerique.fr\/index.php?rest_route=\/wp\/v2\/posts\/5721","targetHints":{"allow":["GET"]}}],"collection":[{"href":"https:\/\/www.culture-numerique.fr\/index.php?rest_route=\/wp\/v2\/posts"}],"about":[{"href":"https:\/\/www.culture-numerique.fr\/index.php?rest_route=\/wp\/v2\/types\/post"}],"author":[{"embeddable":true,"href":"https:\/\/www.culture-numerique.fr\/index.php?rest_route=\/wp\/v2\/users\/1"}],"replies":[{"embeddable":true,"href":"https:\/\/www.culture-numerique.fr\/index.php?rest_route=%2Fwp%2Fv2%2Fcomments&post=5721"}],"version-history":[{"count":25,"href":"https:\/\/www.culture-numerique.fr\/index.php?rest_route=\/wp\/v2\/posts\/5721\/revisions"}],"predecessor-version":[{"id":5766,"href":"https:\/\/www.culture-numerique.fr\/index.php?rest_route=\/wp\/v2\/posts\/5721\/revisions\/5766"}],"wp:featuredmedia":[{"embeddable":true,"href":"https:\/\/www.culture-numerique.fr\/index.php?rest_route=\/wp\/v2\/media\/5752"}],"wp:attachment":[{"href":"https:\/\/www.culture-numerique.fr\/index.php?rest_route=%2Fwp%2Fv2%2Fmedia&parent=5721"}],"wp:term":[{"taxonomy":"category","embeddable":true,"href":"https:\/\/www.culture-numerique.fr\/index.php?rest_route=%2Fwp%2Fv2%2Fcategories&post=5721"},{"taxonomy":"post_tag","embeddable":true,"href":"https:\/\/www.culture-numerique.fr\/index.php?rest_route=%2Fwp%2Fv2%2Ftags&post=5721"}],"curies":[{"name":"wp","href":"https:\/\/api.w.org\/{rel}","templated":true}]}}