{"id":5705,"date":"2016-12-19T19:18:01","date_gmt":"2016-12-19T18:18:01","guid":{"rendered":"https:\/\/www.culture-numerique.fr\/?p=5705"},"modified":"2017-11-26T13:15:40","modified_gmt":"2017-11-26T12:15:40","slug":"petit-glossaire-raisonne-a-lusage-des-cadres-et-des-elus-qui-osent-causer-du-numerique","status":"publish","type":"post","link":"https:\/\/www.culture-numerique.fr\/?p=5705","title":{"rendered":"Petit glossaire raisonn\u00e9 \u00e0 l&rsquo;usage des cadres et des \u00e9lus qui osent causer du num\u00e9rique"},"content":{"rendered":"<p><a href=\"https:\/\/www.culture-numerique.fr\/wp-content\/uploads\/2016\/12\/Encyclopedie_de_DAlembert_et_Diderot_-_Premiere_Page_-_ENC_1-NA5-e1482065832765.jpg\"><img loading=\"lazy\" decoding=\"async\" class=\"aligncenter wp-image-5706 size-full\" src=\"https:\/\/www.culture-numerique.fr\/wp-content\/uploads\/2016\/12\/Encyclopedie_de_DAlembert_et_Diderot_-_Premiere_Page_-_ENC_1-NA5-e1482065832765.jpg\" width=\"1280\" height=\"855\" \/><\/a><\/p>\n<p><strong>De colloque en colloque<\/strong>, de rencontre en rencontre, l&rsquo;occasion m&rsquo;est souvent donn\u00e9e, comme \u00e0 d&rsquo;autres qui s&rsquo;en font parfois l&rsquo;\u00e9cho, d&rsquo;entendre, sur le sujet de la transformation num\u00e9rique de l&rsquo;\u00e9cole, les discours des \u00e9lus locaux, des communes au conseil r\u00e9gional, sans compter ceux qui si\u00e8gent au Parlement ou s&rsquo;expriment au nom du gouvernement quand il ne s&rsquo;agit pas de la ministre elle-m\u00eame ou du pr\u00e9sident de la R\u00e9publique. Ils font g\u00e9n\u00e9ralement l&rsquo;ouverture ou la cl\u00f4ture des ces \u00e9v\u00e9nements, introduisant et pr\u00e9cisant le cadre des d\u00e9bats ou des ateliers dans le premiers cas, tentant quelques \u00e9l\u00e9ments de synth\u00e8se, g\u00e9n\u00e9ralement rapport\u00e9e par d&rsquo;autres, de ce qui s&rsquo;est dit quand ils s&rsquo;expriment les derniers.<\/p>\n<p>Sont aussi convi\u00e9s dans ces rencontres des cadres p\u00e9dagogiques du premier ou du second degr\u00e9 ainsi que des cadres administratifs, des chefs d&rsquo;\u00e9tablissements, des directeurs acad\u00e9miques ou leurs adjoints, des recteurs ou leurs conseillers.<\/p>\n<h3><strong>Que dire\u00a0?<\/strong><\/h3>\n<p>D&rsquo;abord bien s\u00fbr qu&rsquo;il est impossible de g\u00e9n\u00e9raliser\u2026 J&rsquo;ai entendu de fortes paroles, bien senties et engag\u00e9es, de certains de ces \u00e9lus et cadres, bien s\u00fbr. J&rsquo;ai \u00e9cout\u00e9 avec plaisir les propos liminaires de certains recteurs ou les conclusions fort pertinentes de certains maires ou conseillers d\u00e9partementaux qui avaient compris l&rsquo;essentiel. Et je m&rsquo;en r\u00e9jouis.<\/p>\n<p>Parfois, l&rsquo;impression est plus mitig\u00e9e. La ministre de l&rsquo;\u00c9ducation nationale Najat Vallaud-Belkacem est capable, par exemple, je l&rsquo;ai montr\u00e9 dans mon dernier billet <a href=\"#note1\">(1)<\/a> ou dans d&rsquo;autres <a href=\"#note2\">(2)<\/a>, de tenir des propos de haute vol\u00e9e comme, en d\u2019autres circonstances, de s&rsquo;av\u00e9rer incapable <a href=\"#note1\">(1)<\/a> de r\u00e9pondre aux questions pourtant simples d&rsquo;un journaliste. De m\u00eame pour le pr\u00e9sident de la R\u00e9publique. Sans doute s&rsquo;agit-il l\u00e0 du travail obscur et plus ou moins \u00e9clair\u00e9 de scribes conseillers\u2026 Parfois, il n&rsquo;y a aucun doute sur la sinc\u00e9rit\u00e9 et l&rsquo;authenticit\u00e9 des propos tenus, rappelez-vous les discours enflamm\u00e9s de\u00a0Vincent Peillon <a href=\"#note3\">(3)<\/a> qui \u00e9taient, pour l&rsquo;essentiel, de sa plume.<\/p>\n<p>Mais, le plus souvent, <strong>\u00e9couter les \u00e9lus et les cadres s&rsquo;exprimer sur le num\u00e9rique \u00e9ducatif est un pensum<\/strong>. Incapables de comprendre les enjeux de cette transformation num\u00e9rique comme de s&rsquo;informer sur\u00a0la politique nationale en la mati\u00e8re qui \u00e9nonce que \u00ab\u00a0<strong>L&rsquo;\u00c9cole change avec le num\u00e9rique<\/strong>\u00a0\u00bb, ils ass\u00e8nent d&rsquo;un ton sentencieux leurs certitudes sur les \u00ab\u00a0usages\u00a0\u00bb r\u00e9dempteurs, accumulant les lieux communs les plus \u00e9cul\u00e9s, les consid\u00e9rations vaseuses fa\u00e7on zinc de bistrot voire les sophismes qui leur ont \u00e9t\u00e9 souffl\u00e9s par des lobbys \u00e9conomiques et id\u00e9ologiques toujours tr\u00e8s pr\u00e9sents dans ces ar\u00e9opages.<\/p>\n<p>J&rsquo;ai entendu un conseiller g\u00e9n\u00e9ral, en charge pourtant des affaires scolaires, incapable d&rsquo;avoir une autre analyse sur la p\u00e9dagogie et ses mutations que ce que lui en disaient ses enfants, tous les deux au coll\u00e8ge. J&rsquo;ai entendu un proviseur, pourtant soigneusement choisi par sa hi\u00e9rarchie,\u00a0n&rsquo;avoir du num\u00e9rique dans son lyc\u00e9e que la vision \u00e9troite et partielle du site web de son \u00e9tablissement, ce qui lui permettait de \u00ab\u00a0communiquer\u00a0\u00bb plus facilement avec les parents, disait-il. Le m\u00eame, bien \u00e9clair\u00e9, trouvait d&rsquo;ailleurs intol\u00e9rable que ses professeurs lui \u00e9crivent via la messagerie acad\u00e9mique. J&rsquo;ai entendu un doyen de l&rsquo;inspection g\u00e9n\u00e9rale, ouvrant un colloque sur l&rsquo;\u00e9ducation aux m\u00e9dias, dire sans vergogne les horreurs les plus inou\u00efes sur le num\u00e9rique.<\/p>\n<p>Je m&rsquo;arr\u00eate l\u00e0, <strong>les exemples sont pl\u00e9thore<\/strong>. Je vous en ai parl\u00e9 parfois mais je renonce \u00e0 vous les rapporter la plupart du temps, me contentant de retweeter ces morceaux d&rsquo;anthologie et d&rsquo;inculture \u00e0 la fois. Tout cela figure donc dans les archives storifi\u00e9es (n\u00e9ologisme pour dire qu&rsquo;elles sont con\u00e7ues avec <a href=\"https:\/\/storify.com\/\" target=\"_blank\" rel=\"noopener\">Storify<\/a>) de certains de ces \u00e9v\u00e9nements.<\/p>\n<p>D&rsquo;o\u00f9 l&rsquo;id\u00e9e, tr\u00e8s immodeste en effet, je le conc\u00e8de, de conseiller les \u00e9lus et cadres pour qu&rsquo;ils \u00e9vitent, dans leurs discours, certaines formulations disons\u2026 maladroites qui pourraient les discr\u00e9diter tout \u00e0 fait de leur auditoire. \u00c0 cet usage, j&rsquo;ai tent\u00e9, \u00e0 l&rsquo;exemple de tr\u00e8s grands humanistes bien avant moi, d&rsquo;exercer ma raison et de construire, \u00e0 l&rsquo;attention et l&rsquo;usage de ceux qui s&rsquo;en empareront, un petit glossaire raisonn\u00e9 sur le sujet du num\u00e9rique \u00e9ducatif.<\/p>\n<h3>Les Tice, TUIC, etc. (variante\u00a0: le digital)<\/h3>\n<p>Ces acronymes, tr\u00e8s en vogue au d\u00e9but de ce si\u00e8cle, ont beaucoup servi \u00e0\u00a0mettre de la distance entre ceux qui font partie de la caste des \u00e9lus et en comprennent donc le sens et ceux qui n&rsquo;y comprennent goutte. Le probl\u00e8me est que les utiliser aujourd&rsquo;hui vous fait passer pour un ringard de premi\u00e8re classe. Le deuxi\u00e8me, en particulier, tr\u00e8s usit\u00e9 des cadres p\u00e9dagogiques du premier degr\u00e9, doit \u00eatre d\u00e9finitivement rejet\u00e9. Peu importe aujourd&rsquo;hui leur sens. Ils ont le grand d\u00e9savantage de commencer, l&rsquo;un et l&rsquo;autre par <strong>ce \u00ab\u00a0T\u00a0\u00bb r\u00e9ducteur, initiale de \u00ab\u00a0technologie\u00a0\u00bb<\/strong>, qui contribue \u00e0 r\u00e9duire l&rsquo;engagement num\u00e9rique de l&rsquo;\u00e9cole \u00e0 sa seule dimension technique ou technologique, \u00e9loignant ainsi du sujet tous ceux que la technologie rebute ou effraie <a href=\"#note4\">(4)<\/a>.<\/p>\n<p>Fort heureusement, ces deux acronymes ont disparu du vocabulaire institutionnel, lequel lui pr\u00e9f\u00e8re <strong>le joli mot de \u00ab\u00a0num\u00e9rique\u00a0\u00bb<\/strong> qui s&rsquo;est impos\u00e9, de m\u00eame, au-del\u00e0 de l&rsquo;\u00e9ducation, dans tous les secteurs de la soci\u00e9t\u00e9. Il recouvre <strong>une r\u00e9alit\u00e9 beaucoup plus culturelle et sociale<\/strong> qui correspond mieux \u00e0 la mani\u00e8re de s&rsquo;en emparer pour faire vivre un enseignement r\u00e9nov\u00e9.<\/p>\n<p>Il y aura bien, dans vos relations, un ou deux anglol\u00e2tres, venus de ces entre-soi que sont le marketing\u00a0ou la publicit\u00e9, qui tenteront de vous expliquer que \u00ab\u00a0digital\u00a0\u00bb est le mot qu&rsquo;il vous faut. Ne les croyez pas\u00a0! Il ne s&rsquo;agit rien d&rsquo;autre que d&rsquo;un anglicisme abscons. R\u00e9servez ce mot aux empreintes et, pour le reste, utilisez \u00ab\u00a0num\u00e9rique\u00a0\u00bb qui convient tr\u00e8s bien.<\/p>\n<h3>L&rsquo;outil num\u00e9rique (variante\u00a0: le num\u00e9rique est un outil\u2026)<\/h3>\n<p>Alors \u00e7a, c&rsquo;est \u00e0 \u00e9viter absolument\u00a0! Il s&rsquo;agit l\u00e0 d&rsquo;un <strong>barbarisme<\/strong> et commencer votre propos ainsi \u00e9loignera de vous tout votre auditoire et vous condamnera \u00e0 l&rsquo;opprobre g\u00e9n\u00e9ral. Ce n&rsquo;est pas ce que vous voulez\u00a0?<\/p>\n<p>S&rsquo;il est possible de parler d&rsquo;<strong>outils num\u00e9riques<\/strong>\u00a0\u2014\u00a0l&rsquo;ordinateur, la tablette, l&rsquo;appareil photo\u2026 sont des outils num\u00e9riques, comme beaucoup d&rsquo;autres\u00a0\u2014, l&rsquo;expression au singulier n&rsquo;a pas le moindre sens. Non, <strong>le num\u00e9rique n&rsquo;est pas un outil<\/strong>, il faut se le r\u00e9p\u00e9ter cent et encore cent fois pour s&rsquo;en convaincre. Le num\u00e9rique, en m\u00eame temps d&rsquo;ailleurs que le mot s&rsquo;est substantiv\u00e9, ce que d&rsquo;aucuns ont du mal \u00e0 entendre, est devenu un fait, une r\u00e9alit\u00e9, <strong>un paradigme social et culturel<\/strong>, ou culturel et social comme vous voulez qui ne peut en aucun cas \u00eatre r\u00e9duit \u00e0 sa seule dimension utilitaire.<\/p>\n<p>Remarquons au passage que cela vaut pour nombre d&rsquo;autres expressions tout aussi idiotes. Si, par exemple, on qualifie habituellement et \u00e0 juste titre l&rsquo;informatique de science, la science informatique, et s&rsquo;il existe des outils informatiques, \u00e0 n&rsquo;en pas douter, \u00ab\u00a0l&rsquo;outil informatique\u00a0\u00bb\u00a0est une expression bien vide de sens qui ne correspond \u00e0 rien, la plupart du temps.<\/p>\n<h3>Le num\u00e9rique au service de (l\u2019apprentissage, la p\u00e9dagogie, l&rsquo;\u00e9cole\u2026)<\/h3>\n<p>\u00c7a aussi est \u00e0 \u00e9viter. Oh\u00a0! l&rsquo;intention est bonne, bien s\u00fbr. Ceux qui \u00e9noncent ces mots sont g\u00e9n\u00e9ralement persuad\u00e9s que le num\u00e9rique ne peut avoir que d&rsquo;heureuses cons\u00e9quences, quand il p\u00e9n\u00e8tre l&rsquo;\u00e9cole, sur\u00a0une\u00a0p\u00e9dagogie, un enseignement consid\u00e9r\u00e9s l&rsquo;une et l&rsquo;autre comme quasi intangibles ou immuables. <strong>Ce n&rsquo;est pas ainsi que cela fonctionne<\/strong>.<\/p>\n<p>Il y a, derri\u00e8re cette d\u00e9claration d&rsquo;un num\u00e9rique au service des apprentissages, l&rsquo;id\u00e9e qu&rsquo;on va utiliser le num\u00e9rique, qu&rsquo;on ne va donc se servir que de ses outils, de son attirail technologique. Mais le num\u00e9rique transforme profond\u00e9ment la relation du ma\u00eetre \u00e0 l&rsquo;\u00e9l\u00e8ve, modifiant ainsi radicalement l&rsquo;acc\u00e8s aux informations, l&rsquo;acquisition des connaissances et la construction des savoirs. De m\u00eame, la posture classique du ma\u00eetre, sur son pi\u00e9destal ou son estrade, omniscient et seul possesseur\/instructeur\/transmetteur des connaissances et des savoirs,\u00a0est aujourd&rsquo;hui, avec le num\u00e9rique, n&rsquo;en d\u00e9plaise \u00e0 d&rsquo;aucuns, un mod\u00e8le obsol\u00e8te. Il va de soi que la posture de l&rsquo;\u00e9l\u00e8ve qui baigne en permanence, au-del\u00e0 des murs de l&rsquo;\u00e9cole, dans un bain informationnel d\u00e9sinterm\u00e9di\u00e9, subit elle aussi des modifications profondes.<\/p>\n<p>Comme je l&rsquo;ai donc d\u00e9j\u00e0 dit <a href=\"#note5\">(5)<\/a>, <strong>le num\u00e9rique n&rsquo;est au service de rien ni de personne<\/strong>, il est l\u00e0. C&rsquo;est tout. Et, parce qu&rsquo;il s&rsquo;impose et bouscule les immuables mod\u00e8les sociaux de l&rsquo;\u00e9cole, il peut constituer un fort levier pour faire avancer la p\u00e9dagogie ou les apprentissages, ainsi qu&rsquo;on peut le lire <a href=\"http:\/\/ecolebranchee.com\/2016\/12\/19\/numerique-levier-lapprentissage-sciences-technologies\/\" target=\"_blank\" rel=\"noopener\">dans cet article<\/a>.<\/p>\n<h3>Faire le choix du num\u00e9rique (variante\u00a0: l&rsquo;int\u00e9r\u00eat du num\u00e9rique pour les \u00e9l\u00e8ves, les ma\u00eetres)<\/h3>\n<p><a href=\"https:\/\/www.culture-numerique.fr\/wp-content\/uploads\/2016\/10\/2016-10-30_221051.png\"><img loading=\"lazy\" decoding=\"async\" class=\"aligncenter size-medium wp-image-5515\" src=\"https:\/\/www.culture-numerique.fr\/wp-content\/uploads\/2016\/10\/2016-10-30_221051-300x30.png\" alt=\"\" width=\"300\" height=\"30\" srcset=\"https:\/\/www.culture-numerique.fr\/wp-content\/uploads\/2016\/10\/2016-10-30_221051-300x30.png 300w, https:\/\/www.culture-numerique.fr\/wp-content\/uploads\/2016\/10\/2016-10-30_221051-100x10.png 100w, https:\/\/www.culture-numerique.fr\/wp-content\/uploads\/2016\/10\/2016-10-30_221051-150x15.png 150w, https:\/\/www.culture-numerique.fr\/wp-content\/uploads\/2016\/10\/2016-10-30_221051-200x20.png 200w, https:\/\/www.culture-numerique.fr\/wp-content\/uploads\/2016\/10\/2016-10-30_221051-450x45.png 450w, https:\/\/www.culture-numerique.fr\/wp-content\/uploads\/2016\/10\/2016-10-30_221051-600x60.png 600w, https:\/\/www.culture-numerique.fr\/wp-content\/uploads\/2016\/10\/2016-10-30_221051.png 826w\" sizes=\"auto, (max-width: 300px) 100vw, 300px\" \/><\/a><\/p>\n<p>Cette phrase probl\u00e9matique est apparue il y a peu dans le vocabulaire des cadres de l&rsquo;institution. \u00c0 Montpellier, il faut faire <a href=\"http:\/\/disciplines.ac-montpellier.fr\/lp-anglais\/faire-le-choix-du-numerique\" target=\"_blank\" rel=\"noopener\">le choix du num\u00e9rique en anglais<\/a>, et, sur le site de l&rsquo;\u00c9cole num\u00e9rique, <a href=\"http:\/\/ecolenumerique.education.gouv.fr\/pourquoi-faire-le-choix-du-numerique\/\" target=\"_blank\" rel=\"noopener\">de longs paragraphes<\/a> sont destin\u00e9s \u00e0 convaincre les r\u00e9ticents qu&rsquo;il faut \u00ab\u00a0faire le choix du num\u00e9rique\u00a0\u00bb et pourquoi. J&rsquo;ai d\u00e9j\u00e0 montr\u00e9 <a href=\"#note6\">(6)<\/a> en quoi ce raisonnement me paraissait autant fallacieux que particuli\u00e8rement d\u00e9cal\u00e9.<\/p>\n<p>En effet, faut-il le r\u00e9p\u00e9ter, la soci\u00e9t\u00e9 est num\u00e9rique, les jeunes ont des pratiques num\u00e9riques massives, l&rsquo;entreprise est num\u00e9rique, les services sont num\u00e9riques\u2026 <strong>L&rsquo;\u00e9cole n&rsquo;a donc pas le choix<\/strong>. En aucun cas. Et poser la question n&rsquo;a d&rsquo;autre sens que d&rsquo;affirmer la faiblesse et l&rsquo;incertitude de l&rsquo;institution\u00a0: \u00ab <em><span style=\"color: #800000;\">Le num\u00e9rique, en fait, on n\u2019est pas certain que \u00e7a marche<\/span><\/em> \u00bb.<\/p>\n<p>Tout r\u00e9cemment, \u00e0 l&rsquo;occasion d&rsquo;un raout \u00e9lys\u00e9en pour c\u00e9l\u00e9brer l&rsquo;\u00e9cole num\u00e9rique, auquel on n&rsquo;avait d&rsquo;ailleurs pas daign\u00e9 m&rsquo;inviter, la directrice de l&rsquo;enseignement scolaire qui tweete s&rsquo;est laiss\u00e9e aller \u00e0 un commentaire qui\u00a0t\u00e9moigne des m\u00eames incertitudes et pr\u00e9cautions\u00a0:<\/p>\n<blockquote class=\"twitter-tweet\" data-width=\"550\" data-dnt=\"true\">\n<p lang=\"fr\" dir=\"ltr\"><a href=\"https:\/\/twitter.com\/hashtag\/EcoleNumerique?src=hash&amp;ref_src=twsrc%5Etfw\">#EcoleNumerique<\/a> belles interventions concr\u00e8tes qui montrent l&#39;int\u00e9r\u00eat du num\u00e9rique pr les \u00e9l\u00e8ves et les enseignants <a href=\"https:\/\/t.co\/6ud1A8XeNx\">pic.twitter.com\/6ud1A8XeNx<\/a><\/p>\n<p>&mdash; Florence Robine (@frobine) <a href=\"https:\/\/twitter.com\/frobine\/status\/809768399647703040?ref_src=twsrc%5Etfw\">December 16, 2016<\/a><\/p><\/blockquote>\n<p><script async src=\"https:\/\/platform.twitter.com\/widgets.js\" charset=\"utf-8\"><\/script><\/p>\n<p>Pour elle, en effet, il est n\u00e9cessaire de montrer, comme si cela n&rsquo;allait pas de soi encore, l&rsquo;int\u00e9r\u00eat du num\u00e9rique, de telle mani\u00e8re sans doute que chacun puisse, en conscience, en faire le choix ou pas. Et pourtant, le slogan officiel ne pose pas la question de savoir si l&rsquo;\u00e9cole change avec le num\u00e9rique, <strong>il l&rsquo;affiche haut et fort, il le proclame<\/strong>, il le pr\u00e9tend et l&rsquo;affirme. De telle mani\u00e8re que chacun s&rsquo;y conforme, les directrices de services comme les autres.<\/p>\n<h3>Les usages du num\u00e9rique<\/h3>\n<p>J&rsquo;ai d\u00e9j\u00e0 eu l&rsquo;occasion de d\u00e9noncer souvent cette phrase particuli\u00e8rement insipide et indigeste. Je r\u00e9p\u00e8te qu&rsquo;elle ne signifie rien ou presque alors que c&rsquo;est sans doute le vocable le plus usit\u00e9 des \u00e9lus et des cadres, unis et d&rsquo;accord en l&rsquo;occurrence, pour c\u00e9l\u00e9brer ces fameux \u00ab\u00a0usages\u00a0\u00bb <strong>qui signifient des choses bien diff\u00e9rentes<\/strong> selon qui parle ou le lieu d&rsquo;o\u00f9 on s&rsquo;exprime. S&rsquo;agit-il de pratiques professionnelles\u00a0? S&rsquo;agit-il de d\u00e9marches p\u00e9dagogiques\u00a0? S&rsquo;agit-il d&rsquo;engagements citoyens\u00a0? S&rsquo;agit-il de statistiques\u00a0? Nul ne le sait mais, une certitude, personne ne parle de la m\u00eame chose.<\/p>\n<p>\u00c9coutons la ministre <a href=\"#note2\">(2)<\/a>, bien conseill\u00e9e pour une fois\u00a0qui exhorte les \u00e9l\u00e8ves \u00e0 \u00ab\u00a0<span style=\"color: #800000;\"><em>sortir de cette logique d\u2019usage<\/em><\/span>\u00a0\u00bb <strong>qui consiste \u00e0 former des usagers<\/strong>, consommateurs dociles, et engage les jeunes \u00e0 \u00eatre des acteurs\u2026<\/p>\n<p>Bref, laissez tomber le mot \u00ab\u00a0usages\u00a0\u00bb et, pour une fois, d\u00e9crivez-les. Vous y gagnerez en cr\u00e9dibilit\u00e9.<\/p>\n<h3>Informatique et num\u00e9rique<\/h3>\n<p>Pendant tr\u00e8s longtemps, ces deux mots ont \u00e9t\u00e9 mis l&rsquo;un pour l&rsquo;autre dans la bouche de ceux qui ne sont pas tomb\u00e9s dans la marmite et qui sont tr\u00e8s nombreux dans la corporation de nos \u00e9lites d\u00e9connect\u00e9es. Et puis, pour tout vous dire, certains, militants actifs de lobbys id\u00e9ologiques, ont compris tout l&rsquo;int\u00e9r\u00eat qu&rsquo;il y a \u00e0 les confondre, voulant ainsi surfer sur la vague du num\u00e9rique pour promouvoir l&rsquo;informatique et son enseignement.<\/p>\n<p><strong>Non, on ne peut pas les confondre<\/strong>. On n&rsquo;a pas le droit d&rsquo;utiliser ces deux mots l&rsquo;un pour l&rsquo;autre ou m\u00eame, comme s&rsquo;y laisse aller parfois <a href=\"https:\/\/fr.wikipedia.org\/wiki\/Milad_Doueihi\" target=\"_blank\" rel=\"noopener\">Milad Doueihi<\/a>, m\u00eame si au moins lui sait de quoi il parle, \u00e0 les prononcer juxtapos\u00e9s\u00a0dans la m\u00eame phrase. C&rsquo;est \u00e0 la fois une erreur factuelle et, pour qui veut faire preuve d&rsquo;un peu de p\u00e9dagogie, une source de confusions.<\/p>\n<p>L&rsquo;informatique est une science, un champ scientifique tr\u00e8s vaste dont l&rsquo;\u00e9mergence et le consid\u00e9rable d\u00e9veloppement ont contribu\u00e9, notamment au d\u00e9but, au d\u00e9veloppement du num\u00e9rique. Mais ce dernier est devenu aujourd&rsquo;hui, je le r\u00e9p\u00e8te, un domaine de r\u00e9flexions culturelles et sociales <strong>qui impr\u00e8gne la soci\u00e9t\u00e9 et diffuse dans tous les champs de la connaissanc<\/strong>e.<\/p>\n<p>Soyez vigilants donc. Ne me remerciez pas\u2026<\/p>\n<p>Merci \u00e0 <a href=\"https:\/\/fr.wikipedia.org\/wiki\/Denis_Diderot\" target=\"_blank\" rel=\"noopener\">Denis Diderot<\/a>. Et \u00e0\u00a0<a href=\"https:\/\/fr.wikipedia.org\/wiki\/Pierre_Desproges\" target=\"_blank\" rel=\"noopener\">Pierre Desproges<\/a>.<\/p>\n<p>Michel Guillou\u00a0<a href=\"https:\/\/twitter.com\/michelguillou\" target=\"_blank\" rel=\"noopener\">@michelguillou<\/a><\/p>\n<p><a href=\"http:\/\/creativecommons.org\/licenses\/by-nc-sa\/4.0\/\" target=\"_blank\" rel=\"noopener\"><img loading=\"lazy\" decoding=\"async\" src=\"https:\/\/i.creativecommons.org\/l\/by-nc-sa\/2.0\/fr\/80x15.png\" alt=\"image\" width=\"80\" height=\"15\" data-pin-nopin=\"true\" \/><\/a><\/p>\n<p>Cr\u00e9dit image\u00a0: <a href=\"https:\/\/commons.wikimedia.org\/wiki\/File:Encyclopedie_de_D%27Alembert_et_Diderot_-_Premiere_Page_-_ENC_1-NA5.jpg\" target=\"_blank\" rel=\"noopener\">Wikim\u00e9dia<\/a><\/p>\n<ol>\n<li><a id=\"note1\"><\/a>Le num\u00e9rique \u00e9ducatif entre ombre et lumi\u00e8re <a href=\"https:\/\/www.culture-numerique.fr\/?p=5453\">https:\/\/www.culture-numerique.fr\/?p=5433<\/a><\/li>\n<li><a id=\"note2\"><\/a>\u00ab\u00a0Sortir de cette logique d\u2019usage et engager les jeunes \u00e0 \u00eatre des acteurs d\u2019Internet\u00a0\u00bb <a href=\"https:\/\/www.culture-numerique.fr\/?p=5019\" target=\"_blank\" rel=\"noopener\">https:\/\/www.culture-numerique.fr\/?p=5019<\/a><\/li>\n<li><a id=\"note3\"><\/a>La fracture num\u00e9rique est au minist\u00e8re\u00a0! <a href=\"https:\/\/www.culture-numerique.fr\/?p=270\" target=\"_blank\" rel=\"noopener\">https:\/\/www.culture-numerique.fr\/?p=270<\/a><\/li>\n<li><a id=\"note4\"><\/a>Ce que les Tice ont fait de mal au num\u00e9rique <a href=\"https:\/\/www.culture-numerique.fr\/?p=4037\" target=\"_blank\" rel=\"noopener\">https:\/\/www.culture-numerique.fr\/?p=127<\/a><\/li>\n<li><a id=\"note5\"><\/a>Le num\u00e9rique au service de la p\u00e9dagogie, une affirmation tr\u00e8s maladroite <a href=\"https:\/\/www.culture-numerique.fr\/?p=2188\" target=\"_blank\" rel=\"noopener\">https:\/\/www.culture-numerique.fr\/?p=2188<\/a><\/li>\n<li><a id=\"note6\"><\/a>Quand le minist\u00e8re vous explique sans rire qu\u2019il est possible de faire le choix du num\u00e9rique\u2026 <a href=\"https:\/\/www.culture-numerique.fr\/?p=5513\" target=\"_blank\" rel=\"noopener\">https:\/\/www.culture-numerique.fr\/?p=5513<\/a><\/li>\n<\/ol>\n<p>[cite]<\/p>\n","protected":false},"excerpt":{"rendered":"<p><a href=\"https:\/\/www.culture-numerique.fr\/wp-content\/uploads\/2016\/12\/Encyclopedie_de_DAlembert_et_Diderot_-_Premiere_Page_-_ENC_1-NA5-e1482065832765.jpg\"><img loading=\"lazy\" decoding=\"async\" class=\"aligncenter wp-image-5706 size-full\" src=\"https:\/\/www.culture-numerique.fr\/wp-content\/uploads\/2016\/12\/Encyclopedie_de_DAlembert_et_Diderot_-_Premiere_Page_-_ENC_1-NA5-e1482065832765.jpg\" width=\"1280\" height=\"855\" \/><\/a><\/p>\n<p><strong>De colloque en colloque<\/strong>, de rencontre en rencontre, l&rsquo;occasion m&rsquo;est souvent donn\u00e9e, comme \u00e0 d&rsquo;autres qui s&rsquo;en font parfois l&rsquo;\u00e9cho, d&rsquo;entendre, sur le sujet de la transformation num\u00e9rique de l&rsquo;\u00e9cole, les discours des \u00e9lus locaux,<\/p>\n<p><span class=\"ellipsis\">&hellip;<\/span><\/p>\n<div class=\"read-more\"><a href=\"https:\/\/www.culture-numerique.fr\/?p=5705\">Lire la suite &#8250;<\/a><\/div>\n<p><!-- end of .read-more --><\/p>\n","protected":false},"author":1,"featured_media":5706,"comment_status":"open","ping_status":"open","sticky":false,"template":"","format":"standard","meta":{"jetpack_post_was_ever_published":false,"_jetpack_newsletter_access":"","_jetpack_dont_email_post_to_subs":true,"_jetpack_newsletter_tier_id":0,"_jetpack_memberships_contains_paywalled_content":false,"_jetpack_memberships_contains_paid_content":false,"footnotes":""},"categories":[9,36],"tags":[326,771,772,770,5,2,3,482],"class_list":["post-5705","post","type-post","status-publish","format-standard","has-post-thumbnail","hentry","category-billets-dhumeur","category-ressources","tag-cadres","tag-denis-diderot","tag-elus","tag-glossaire","tag-informatique","tag-numerique","tag-outillage","tag-paradigme"],"jetpack_featured_media_url":"https:\/\/www.culture-numerique.fr\/wp-content\/uploads\/2016\/12\/Encyclopedie_de_DAlembert_et_Diderot_-_Premiere_Page_-_ENC_1-NA5-e1482065832765.jpg","jetpack_sharing_enabled":true,"_links":{"self":[{"href":"https:\/\/www.culture-numerique.fr\/index.php?rest_route=\/wp\/v2\/posts\/5705","targetHints":{"allow":["GET"]}}],"collection":[{"href":"https:\/\/www.culture-numerique.fr\/index.php?rest_route=\/wp\/v2\/posts"}],"about":[{"href":"https:\/\/www.culture-numerique.fr\/index.php?rest_route=\/wp\/v2\/types\/post"}],"author":[{"embeddable":true,"href":"https:\/\/www.culture-numerique.fr\/index.php?rest_route=\/wp\/v2\/users\/1"}],"replies":[{"embeddable":true,"href":"https:\/\/www.culture-numerique.fr\/index.php?rest_route=%2Fwp%2Fv2%2Fcomments&post=5705"}],"version-history":[{"count":23,"href":"https:\/\/www.culture-numerique.fr\/index.php?rest_route=\/wp\/v2\/posts\/5705\/revisions"}],"predecessor-version":[{"id":7228,"href":"https:\/\/www.culture-numerique.fr\/index.php?rest_route=\/wp\/v2\/posts\/5705\/revisions\/7228"}],"wp:featuredmedia":[{"embeddable":true,"href":"https:\/\/www.culture-numerique.fr\/index.php?rest_route=\/wp\/v2\/media\/5706"}],"wp:attachment":[{"href":"https:\/\/www.culture-numerique.fr\/index.php?rest_route=%2Fwp%2Fv2%2Fmedia&parent=5705"}],"wp:term":[{"taxonomy":"category","embeddable":true,"href":"https:\/\/www.culture-numerique.fr\/index.php?rest_route=%2Fwp%2Fv2%2Fcategories&post=5705"},{"taxonomy":"post_tag","embeddable":true,"href":"https:\/\/www.culture-numerique.fr\/index.php?rest_route=%2Fwp%2Fv2%2Ftags&post=5705"}],"curies":[{"name":"wp","href":"https:\/\/api.w.org\/{rel}","templated":true}]}}