{"id":5598,"date":"2016-11-16T10:04:48","date_gmt":"2016-11-16T09:04:48","guid":{"rendered":"https:\/\/www.culture-numerique.fr\/?p=5598"},"modified":"2016-11-21T13:48:43","modified_gmt":"2016-11-21T12:48:43","slug":"ecole-et-numerique-mais-a-quoi-peuvent-donc-bien-servir-les-inspecteurs","status":"publish","type":"post","link":"https:\/\/www.culture-numerique.fr\/?p=5598","title":{"rendered":"\u00c9cole et num\u00e9rique\u00a0: mais\u2026 \u00e0 quoi peuvent donc bien servir les inspecteurs\u00a0?"},"content":{"rendered":"<p><img loading=\"lazy\" decoding=\"async\" class=\"aligncenter size-full wp-image-5599\" src=\"https:\/\/www.culture-numerique.fr\/wp-content\/uploads\/2016\/11\/1200px-Maazel_08.jpg\" alt=\"Chef d'orchestre\" width=\"1200\" height=\"799\" srcset=\"https:\/\/www.culture-numerique.fr\/wp-content\/uploads\/2016\/11\/1200px-Maazel_08.jpg 1200w, https:\/\/www.culture-numerique.fr\/wp-content\/uploads\/2016\/11\/1200px-Maazel_08-300x200.jpg 300w, https:\/\/www.culture-numerique.fr\/wp-content\/uploads\/2016\/11\/1200px-Maazel_08-1024x682.jpg 1024w, https:\/\/www.culture-numerique.fr\/wp-content\/uploads\/2016\/11\/1200px-Maazel_08-100x67.jpg 100w, https:\/\/www.culture-numerique.fr\/wp-content\/uploads\/2016\/11\/1200px-Maazel_08-150x100.jpg 150w, https:\/\/www.culture-numerique.fr\/wp-content\/uploads\/2016\/11\/1200px-Maazel_08-200x133.jpg 200w, https:\/\/www.culture-numerique.fr\/wp-content\/uploads\/2016\/11\/1200px-Maazel_08-450x300.jpg 450w, https:\/\/www.culture-numerique.fr\/wp-content\/uploads\/2016\/11\/1200px-Maazel_08-600x400.jpg 600w, https:\/\/www.culture-numerique.fr\/wp-content\/uploads\/2016\/11\/1200px-Maazel_08-900x599.jpg 900w\" sizes=\"auto, (max-width: 1200px) 100vw, 1200px\" \/><\/p>\n<p><strong>Deux ans apr\u00e8s le dernier rapport<\/strong>, le portail <a href=\"http:\/\/eduscol.education.fr\/\" target=\"_blank\">Eduscol<\/a> publie les r\u00e9sultats de <a href=\"http:\/\/eduscol.education.fr\/cid107958\/profetic-2016.html\" target=\"_blank\">la nouvelle enqu\u00eate Profetic<\/a>\u00a0qui r\u00e9sulte des sondages r\u00e9alis\u00e9s aupr\u00e8s des enseignants du second degr\u00e9 quant \u00e0 leurs pratiques num\u00e9riques. Ceux du premier degr\u00e9 ont \u00e9t\u00e9 interrog\u00e9s l&rsquo;an dernier et le seront l&rsquo;an prochain. En 2016, donc, ce sont 5 000 enseignants qui ont \u00e9t\u00e9 sond\u00e9s par courriel dans leur bo\u00eete acad\u00e9mique mais le message n&rsquo;a atteint r\u00e9ellement que 4 885 personnes. Parmi ces derni\u00e8res, <strong>seules 1 775 ont r\u00e9pondu<\/strong>, ce qui repr\u00e9sente un taux de retour particuli\u00e8rement bas de 36,3 %. Ce taux est largement inf\u00e9rieur \u00e0 ceux observ\u00e9s\u00a0lors des deux enqu\u00eates pr\u00e9c\u00e9dentes.<\/p>\n<table style=\"width: 381px; height: 122px;\">\n<tbody>\n<tr>\n<td style=\"width: 35px;\">Ann\u00e9e<\/td>\n<td style=\"width: 6px;\">Taux de retour<\/td>\n<\/tr>\n<tr>\n<td style=\"width: 35px;\">2012<\/td>\n<td style=\"width: 6px;\">58 %<\/td>\n<\/tr>\n<tr>\n<td style=\"width: 35px;\">2014<\/td>\n<td style=\"width: 6px;\">58 %<\/td>\n<\/tr>\n<tr>\n<td style=\"width: 35px;\">2016<\/td>\n<td style=\"width: 6px;\">36 %<\/td>\n<\/tr>\n<\/tbody>\n<\/table>\n<p>Il est donc n\u00e9cessaire de prendre conscience que des r\u00e9ponses n&rsquo;ont \u00e9t\u00e9 recueillies que provenant d&rsquo;un peu plus d&rsquo;un tiers des personnels sond\u00e9s et qu&rsquo;il para\u00eet donc impossible d&rsquo;en tirer des le\u00e7ons d\u00e9finitives. Il y a fort \u00e0 parier, en effet, que les deux tiers restants ne constituent pas, c&rsquo;est un truisme, <strong>le bataillon des plus\u00a0enthousiastes<\/strong> \u00e0 l&rsquo;observation du changement de l&rsquo;\u00e9cole avec le num\u00e9rique.<\/p>\n<p><a href=\"https:\/\/www.culture-numerique.fr\/wp-content\/uploads\/2016\/11\/profetic2016_v2.jpg\"><img loading=\"lazy\" decoding=\"async\" class=\"alignright wp-image-5607 size-medium\" src=\"https:\/\/www.culture-numerique.fr\/wp-content\/uploads\/2016\/11\/profetic2016_v2-198x300.jpg\" alt=\"profetic2016_v2\" width=\"198\" height=\"300\" srcset=\"https:\/\/www.culture-numerique.fr\/wp-content\/uploads\/2016\/11\/profetic2016_v2-198x300.jpg 198w, https:\/\/www.culture-numerique.fr\/wp-content\/uploads\/2016\/11\/profetic2016_v2-677x1024.jpg 677w, https:\/\/www.culture-numerique.fr\/wp-content\/uploads\/2016\/11\/profetic2016_v2-100x151.jpg 100w, https:\/\/www.culture-numerique.fr\/wp-content\/uploads\/2016\/11\/profetic2016_v2-150x227.jpg 150w, https:\/\/www.culture-numerique.fr\/wp-content\/uploads\/2016\/11\/profetic2016_v2-200x302.jpg 200w, https:\/\/www.culture-numerique.fr\/wp-content\/uploads\/2016\/11\/profetic2016_v2-300x454.jpg 300w, https:\/\/www.culture-numerique.fr\/wp-content\/uploads\/2016\/11\/profetic2016_v2-450x680.jpg 450w, https:\/\/www.culture-numerique.fr\/wp-content\/uploads\/2016\/11\/profetic2016_v2-600x907.jpg 600w, https:\/\/www.culture-numerique.fr\/wp-content\/uploads\/2016\/11\/profetic2016_v2-900x1361.jpg 900w, https:\/\/www.culture-numerique.fr\/wp-content\/uploads\/2016\/11\/profetic2016_v2.jpg 1770w\" sizes=\"auto, (max-width: 198px) 100vw, 198px\" \/><\/a>Comme en 2014, le minist\u00e8re met en avant les statistiques valorisantes, celles qui vont dans le sens de l&rsquo;action publique. Une iconographie nous pr\u00e9sente tout cela, voir ci-contre, qui ne met en avant que des consid\u00e9rations assez vagues et \u00e9videntes \u2014\u00a070\u00a0% des sond\u00e9s constatent (sic) par exemple que le num\u00e9rique permet une meilleure scolarisation des \u00e9l\u00e8ves malades ou handicap\u00e9s. De m\u00eame, nous indique-t-on, 70\u00a0% (en fait, 69\u00a0%) des sond\u00e9s sont d&rsquo;accord avec le fait que le num\u00e9rique dans les pratiques p\u00e9dagogiques induit des changements dans la mani\u00e8re d&rsquo;interagir avec les \u00e9l\u00e8ves.<\/p>\n<p><strong>Il aurait \u00e9t\u00e9 int\u00e9ressant de savoir quels sont ces changements<\/strong>, on ne le saura pas. D\u00e9j\u00e0, en 2014, j&rsquo;avais not\u00e9\u00a0:<\/p>\n<blockquote><p>\u00ab\u00a0On peut s\u2019\u00e9tonner que les ma\u00eetres volontaires pour r\u00e9pondre ne soient pas questionn\u00e9s, ou alors de mani\u00e8re tr\u00e8s indirecte, sur les modifications posturales qui peuvent na\u00eetre du choix d\u2019une p\u00e9dagogie num\u00e9rique et de nouvelles modalit\u00e9s pour enseigner.\u00a0\u00bb<\/p><\/blockquote>\n<p>Je m&rsquo;arr\u00eaterai l\u00e0 pour revenir plus loin sur une observation d\u00e9j\u00e0 not\u00e9e il y a deux ans en rapport avec le titre de ce billet. Soyez patients.<\/p>\n<h3>Le toujours curieux vocabulaire<\/h3>\n<p>Une curiosit\u00e9 bienvenue peut \u00eatre not\u00e9e\u00a0: les enqu\u00eateurs, bien conseill\u00e9s, ont enfin\u00a0r\u00e9ussi \u00e0 se d\u00e9barrasser des acronymes abscons Tic et Tice (\u00e0 la notable exception du dispositif PrimTice et du nom m\u00eame de l&rsquo;enqu\u00eate Profetic). Il n&rsquo;\u00e9tait pas trop t\u00f4t, r\u00e9jouissons-nous\u00a0!<\/p>\n<p>Pour le reste, j&rsquo;ai not\u00e9 qu&rsquo;on s&rsquo;essayait enfin \u00e0 modifier sensiblement le vocabulaire convenu et <strong>\u00e0 parler de pratiques<\/strong> (de classe, p\u00e9dagogiques, du num\u00e9rique, avec les \u00e9l\u00e8ves\u2026) \u00e0 la place de l&rsquo;insignifiant \u00ab\u00a0usages\u00a0\u00bb mis parfois \u00e0 toutes les sauces. Mais les corsets ne sont pas ais\u00e9s \u00e0 d\u00e9lacer et on peut encore lire\u00a0les habituels clich\u00e9s du discours institutionnel sur le num\u00e9rique. Ce dernier est d&#8217;embl\u00e9e compris comme mat\u00e9riel, outillage, informatique (!), \u00e9quipements qualifi\u00e9s d&rsquo;usuels\u2026 On interroge pour savoir si on utilise ou pas, si les \u00e9l\u00e8ves utilisent ou pas\u2026 Le num\u00e9rique n&rsquo;est jamais l\u00e0, pr\u00e9sent, il reste \u00e0 distance, comme quelque chose d&rsquo;\u00e9trange ou d&rsquo;\u00e9tranger \u00e0 l&rsquo;\u00e9cole, on l&rsquo;int\u00e8gre ou pas, on l&rsquo;introduit (!), on en fait usage (ne jamais oublier, c&rsquo;est une base\u00a0!), on en tire des b\u00e9n\u00e9fices <strong>mais jamais on ne se l&rsquo;approprie<\/strong>. Dommage\u00a0!<\/p>\n<h3>Le recours \u00e0 autrui<\/h3>\n<p>La question qui est pos\u00e9e ci-dessous est bien celle du recours \u00e0 autrui pour ce qui concerne la p\u00e9dagogie. Les aspects techniques\u00a0\u2014\u00a0je ne suis pas certain qu&rsquo;il faille les s\u00e9parer des aspects p\u00e9dagogiques, mais bon\u2026\u00a0\u2014 ont fait l&rsquo;objet d&rsquo;une question pr\u00e9alable.<\/p>\n<p><a href=\"https:\/\/www.culture-numerique.fr\/wp-content\/uploads\/2016\/11\/2016-11-15_191520.png\"><img loading=\"lazy\" decoding=\"async\" class=\"aligncenter size-full wp-image-5611\" src=\"https:\/\/www.culture-numerique.fr\/wp-content\/uploads\/2016\/11\/2016-11-15_191520.png\" alt=\"Recours\" width=\"1030\" height=\"606\" srcset=\"https:\/\/www.culture-numerique.fr\/wp-content\/uploads\/2016\/11\/2016-11-15_191520.png 1030w, https:\/\/www.culture-numerique.fr\/wp-content\/uploads\/2016\/11\/2016-11-15_191520-300x177.png 300w, https:\/\/www.culture-numerique.fr\/wp-content\/uploads\/2016\/11\/2016-11-15_191520-1024x602.png 1024w, https:\/\/www.culture-numerique.fr\/wp-content\/uploads\/2016\/11\/2016-11-15_191520-100x59.png 100w, https:\/\/www.culture-numerique.fr\/wp-content\/uploads\/2016\/11\/2016-11-15_191520-150x88.png 150w, https:\/\/www.culture-numerique.fr\/wp-content\/uploads\/2016\/11\/2016-11-15_191520-200x118.png 200w, https:\/\/www.culture-numerique.fr\/wp-content\/uploads\/2016\/11\/2016-11-15_191520-450x265.png 450w, https:\/\/www.culture-numerique.fr\/wp-content\/uploads\/2016\/11\/2016-11-15_191520-600x353.png 600w, https:\/\/www.culture-numerique.fr\/wp-content\/uploads\/2016\/11\/2016-11-15_191520-900x530.png 900w\" sizes=\"auto, (max-width: 1030px) 100vw, 1030px\" \/><\/a><\/p>\n<p>Les chiffres ci-dessus ne sont gu\u00e8re diff\u00e9rents de ceux observ\u00e9s il y a deux ans. Deux nouveaut\u00e9s cependant\u00a0: <strong>les sites ou blogs personnels ou associatifs<\/strong> (soudain, le minist\u00e8re s&rsquo;aper\u00e7oit qu&rsquo;ils existent alors que \u00e7a fait presque vingt ans qu&rsquo;ils rendent d&rsquo;inestimables services) avec un score tr\u00e8s honorable, d&rsquo;une part, le r\u00e9seau <a href=\"http:\/\/www.viaeduc.fr\/\" target=\"_blank\">Via\u00e9duc<\/a> d&rsquo;autre part. Que dire \u00e0 propos de ce dernier sinon que, plus de deux ans apr\u00e8s sa cr\u00e9ation, on n&rsquo;est pas tr\u00e8s loin du formidable et retentissant \u00e9chec\u00a0? Sans professionnel capable de prendre en charge l&rsquo;animation des communaut\u00e9s d&rsquo;enseignants pionniers, sans aucune r\u00e9activit\u00e9 lors des grands \u00e9v\u00e9nements d&rsquo;actualit\u00e9, sans la capacit\u00e9 \u00e0 valoriser les contenus qui y sont produits, pouvait-on attendre mieux\u00a0?<\/p>\n<p><strong>Mais le pire est juste au-dessus<\/strong>, la deuxi\u00e8me ligne \u00e0 partir du bas. J&rsquo;avais d\u00e9j\u00e0 not\u00e9 cela il y a deux ans <a href=\"#note1\">(1)<\/a> en parlant des inspecteurs et rien n&rsquo;a chang\u00e9 depuis :<\/p>\n<blockquote><p>\u00ab\u00a0Seuls 2 % des professeurs interrog\u00e9s font appel \u00e0 leurs corps d\u2019inspection pour des probl\u00e8mes p\u00e9dagogiques ! C\u2019est dire le peu de confiance dont ils b\u00e9n\u00e9ficient\u2026\u00a0\u00bb<\/p><\/blockquote>\n<p><a href=\"https:\/\/www.culture-numerique.fr\/wp-content\/uploads\/2016\/11\/15056395_1240476122694536_6516893891315487059_n.jpg\"><img loading=\"lazy\" decoding=\"async\" class=\"alignleft size-full wp-image-5631\" src=\"https:\/\/www.culture-numerique.fr\/wp-content\/uploads\/2016\/11\/15056395_1240476122694536_6516893891315487059_n.jpg\" alt=\"IPR\" width=\"229\" height=\"205\" srcset=\"https:\/\/www.culture-numerique.fr\/wp-content\/uploads\/2016\/11\/15056395_1240476122694536_6516893891315487059_n.jpg 229w, https:\/\/www.culture-numerique.fr\/wp-content\/uploads\/2016\/11\/15056395_1240476122694536_6516893891315487059_n-100x90.jpg 100w, https:\/\/www.culture-numerique.fr\/wp-content\/uploads\/2016\/11\/15056395_1240476122694536_6516893891315487059_n-150x134.jpg 150w, https:\/\/www.culture-numerique.fr\/wp-content\/uploads\/2016\/11\/15056395_1240476122694536_6516893891315487059_n-200x179.jpg 200w\" sizes=\"auto, (max-width: 229px) 100vw, 229px\" \/><\/a>C&rsquo;est tout de m\u00eame la le\u00e7on principale de l&rsquo;ensemble de cette enqu\u00eate\u00a0: on y apprend tout de go que, concernant la mani\u00e8re dont \u00ab\u00a0l&rsquo;\u00e9cole change avec le num\u00e9rique\u00a0\u00bb, les corps d&rsquo;inspection du second degr\u00e9, en charge de mettre en \u0153uvre la politique \u00e9ducative du pays, d&rsquo;\u00e9valuer les personnels et la mani\u00e8re dont cette politique change le syst\u00e8me \u00e9ducatif, <strong>ne servent strictement \u00e0 rien<\/strong>. Ou presque\u00a0!<\/p>\n<p>Ce n&rsquo;est pas compliqu\u00e9, les personnels, concernant la mise en \u0153uvre de la p\u00e9dagogie, la mani\u00e8re dont cette derni\u00e8re peut s&rsquo;impr\u00e9gner du num\u00e9rique, les modifications substantielles des postures et des apprentissages, <strong>ne font rigoureusement aucune confiance<\/strong> \u00e0 leurs inspecteurs, ne leur accordent aucun cr\u00e9dit et pr\u00e9f\u00e8rent s&rsquo;adresser \u00e0 leurs pairs ou m\u00eame au r\u00e9seau <a href=\"https:\/\/www.reseau-canope.fr\/\" target=\"_blank\">Canop\u00e9<\/a>, dont l&rsquo;influence grandit, \u00e0 n&rsquo;en pas douter. Quelle gifle\u00a0! <strong>Incapables de se transformer<\/strong>,\u00a0\u00e0 l&rsquo;heure du num\u00e9rique, en animateurs de communaut\u00e9s d&rsquo;enseignants en ligne <a href=\"#note2\">(2)<\/a>, incapables, tels des chefs d&rsquo;orchestre, d&rsquo;animer la r\u00e9flexion p\u00e9dagogique autour des pratiques professionnelles nouvelles induites par le num\u00e9rique, incapables donc d&rsquo;appara\u00eetre comme d&rsquo;utiles et pertinents conseils ou recours, ils continuent \u00e0 travailler comme au mill\u00e9naire dernier, distillant \u00e0 l&rsquo;occasion de trop rares rencontres ou r\u00e9unions un discours vertical et institutionnel d\u00e9cal\u00e9, \u00e0 des ann\u00e9es-lumi\u00e8re des pr\u00e9occupations du terrain.<\/p>\n<p>J&rsquo;avais tent\u00e9, dans le billet d\u00e9j\u00e0 cit\u00e9 en r\u00e9f\u00e9rence, de lister les raisons qui peuvent expliquer un tel dysfonctionnement du syst\u00e8me. Je ne souhaite rappeler que ce qui me semble \u00eatre la raison principale de ce manque absolu de confiance\u00a0:<\/p>\n<blockquote><p>\u00ab\u00a0[Pour un professeur]\u00a0demander des conseils \u00e0 son inspecteur, c\u2019est \u00e0 la fois se placer dans une posture difficile\u00a0et, quand il s\u2019agit du num\u00e9rique, porteur d\u2019innovation, c\u2019est <strong>prendre un risque consid\u00e9rable<\/strong> \u00e0 la fois pour la mise en \u0153uvre de son projet comme pour la poursuite de sa carri\u00e8re.\u00a0\u00bb<\/p><\/blockquote>\n<p>On leur avait pourtant dit, aux cadres p\u00e9dagogiques, que <strong>l&rsquo;\u00e9cole changeait avec le num\u00e9rique<\/strong>. S&rsquo;en sont-ils aper\u00e7us\u00a0? L&rsquo;ont-ils vu\u00a0? On peut s\u00e9rieusement en douter.<\/p>\n<h3>Les enjeux sont absents<\/h3>\n<p>Il convient, pour terminer, de faire rapidement un point sur la formation. On n&rsquo;apprend pas grand chose qu&rsquo;on ne savait d\u00e9j\u00e0\u00a0:<\/p>\n<ul>\n<li>l&rsquo;auto-formation est la r\u00e8gle\u00a0;<\/li>\n<li>la formation initiale est\u2026 affligeante\u00a0;<\/li>\n<li><strong>la r\u00e9flexion sur les enjeux, pourtant centrale, est absente<\/strong>.<\/li>\n<\/ul>\n<p>Pour l&rsquo;essentiel, en effet, ces formations, qu&rsquo;elles se d\u00e9roulent en \u00e9tablissement ou dans des stages dits acad\u00e9miques, consistent \u00e0 apprendre \u00e0 ma\u00eetriser les techniques, les outils ou les ressources qui sont pr\u00e9sent\u00e9s. C&rsquo;est bien mais tr\u00e8s largement insuffisant, tant en volume qu&rsquo;en qualit\u00e9. Sans doute, l\u00e0 encore, l&rsquo;absence d&rsquo;impulsion de la part des corps d&rsquo;inspection y est-elle pour quelque chose, ces derniers concentrant g\u00e9n\u00e9ralement leur action sur des formations strictement disciplinaires dont le num\u00e9rique est d\u00e9lib\u00e9r\u00e9ment exclu.<\/p>\n<p>Bien entendu, cette enqu\u00eate, si elle aborde les probl\u00e8mes de certification, ce dont tout le monde se fiche un peu, ne pose aucune question sur la mani\u00e8re dont sont recrut\u00e9s ou form\u00e9s les formateurs ou r\u00e9f\u00e9rents num\u00e9riques <a href=\"#note3\">(3)<\/a>.<\/p>\n<p>Rendez-vous en 2018. Ou en 2017 pour parler premier degr\u00e9.<\/p>\n<p>Michel Guillou\u00a0<a href=\"https:\/\/twitter.com\/michelguillou\" target=\"_blank\">@michelguillou<\/a><\/p>\n<p><a href=\"http:\/\/creativecommons.org\/licenses\/by-nc-sa\/2.0\/fr\/\" target=\"_blank\"><img loading=\"lazy\" decoding=\"async\" src=\"https:\/\/i.creativecommons.org\/l\/by-nc-sa\/2.0\/fr\/80x15.png\" alt=\"image\" width=\"80\" height=\"15\" data-pin-nopin=\"true\" \/><\/a><\/p>\n<p>Cr\u00e9dit photo\u00a0: par <a class=\"extiw\" title=\"wikipedia:User:Barbara Haws\" href=\"https:\/\/en.wikipedia.org\/wiki\/User:Barbara_Haws\">Barbara Haws<\/a> at <a class=\"extiw\" title=\"wikipedia:\" href=\"https:\/\/en.wikipedia.org\/wiki\/\">English Wikipedia<\/a> (Uploader claims to be &lsquo;Chris Lee&rsquo;.) &#8211; Transferred from\u00a0<span class=\"plainlinks\"><a class=\"external text\" href=\"\/\/en.wikipedia.org\">en.wikipedia<\/a><\/span>\u00a0to Commons., <a title=\"Creative Commons Attribution 2.5\" href=\"http:\/\/creativecommons.org\/licenses\/by\/2.5\">CC BY 2.5<\/a>, <a href=\"https:\/\/commons.wikimedia.org\/w\/index.php?curid=1863717\">Link<\/a>, et <a href=\"http:\/\/www.cahiers-pedagogiques.com\/\" target=\"_blank\">Cahiers p\u00e9dagogiques<\/a><\/p>\n<ol>\n<li><a id=\"note1\"><\/a>Num\u00e9rique \u00e9ducatif\u00a0: plus d\u20191 prof sur 2 n\u2019est pas convaincu\u00a0!\u00a0<a href=\"https:\/\/www.culture-numerique.fr\/?p=1428\" target=\"_blank\">https:\/\/www.culture-numerique.fr\/?p=1428<\/a><\/li>\n<li><a id=\"note2\"><\/a>Inspection p\u00e9dagogique\u00a0: vers l\u2019animation de communaut\u00e9s en ligne\u00a0?\u00a0<a href=\"https:\/\/www.culture-numerique.fr\/?p=1749\" target=\"_blank\">https:\/\/www.culture-numerique.fr\/?p=1749<\/a><\/li>\n<li><a id=\"note3\"><\/a>Formation\u00a0: du solutionnisme simpliste des \u00e9lites suppos\u00e9es au d\u00e9sarroi des pionniers\u00a0<a href=\"https:\/\/www.culture-numerique.fr\/?p=5488\" target=\"_blank\">https:\/\/www.culture-numerique.fr\/?p=5488<\/a><\/li>\n<\/ol>\n<p>[cite]<\/p>\n","protected":false},"excerpt":{"rendered":"<p><img loading=\"lazy\" decoding=\"async\" class=\"aligncenter size-full wp-image-5599\" src=\"https:\/\/www.culture-numerique.fr\/wp-content\/uploads\/2016\/11\/1200px-Maazel_08.jpg\" alt=\"Chef d'orchestre\" width=\"1200\" height=\"799\" srcset=\"https:\/\/www.culture-numerique.fr\/wp-content\/uploads\/2016\/11\/1200px-Maazel_08.jpg 1200w, https:\/\/www.culture-numerique.fr\/wp-content\/uploads\/2016\/11\/1200px-Maazel_08-300x200.jpg 300w, https:\/\/www.culture-numerique.fr\/wp-content\/uploads\/2016\/11\/1200px-Maazel_08-1024x682.jpg 1024w, https:\/\/www.culture-numerique.fr\/wp-content\/uploads\/2016\/11\/1200px-Maazel_08-100x67.jpg 100w, https:\/\/www.culture-numerique.fr\/wp-content\/uploads\/2016\/11\/1200px-Maazel_08-150x100.jpg 150w, https:\/\/www.culture-numerique.fr\/wp-content\/uploads\/2016\/11\/1200px-Maazel_08-200x133.jpg 200w, https:\/\/www.culture-numerique.fr\/wp-content\/uploads\/2016\/11\/1200px-Maazel_08-450x300.jpg 450w, https:\/\/www.culture-numerique.fr\/wp-content\/uploads\/2016\/11\/1200px-Maazel_08-600x400.jpg 600w, https:\/\/www.culture-numerique.fr\/wp-content\/uploads\/2016\/11\/1200px-Maazel_08-900x599.jpg 900w\" sizes=\"auto, (max-width: 1200px) 100vw, 1200px\" \/><\/p>\n<p><strong>Deux ans apr\u00e8s le dernier rapport<\/strong>, le portail <a href=\"http:\/\/eduscol.education.fr\/\" target=\"_blank\">Eduscol<\/a> publie les r\u00e9sultats de <a href=\"http:\/\/eduscol.education.fr\/cid107958\/profetic-2016.html\" target=\"_blank\">la nouvelle enqu\u00eate Profetic<\/a>\u00a0qui r\u00e9sulte des sondages r\u00e9alis\u00e9s aupr\u00e8s des enseignants du second degr\u00e9 quant \u00e0 leurs pratiques num\u00e9riques.<\/p>\n<p><span class=\"ellipsis\">&hellip;<\/span><\/p>\n<div class=\"read-more\"><a href=\"https:\/\/www.culture-numerique.fr\/?p=5598\">Lire la suite &#8250;<\/a><\/div>\n<p><!-- end of .read-more --><\/p>\n","protected":false},"author":1,"featured_media":5599,"comment_status":"open","ping_status":"open","sticky":false,"template":"","format":"standard","meta":{"jetpack_post_was_ever_published":false,"_jetpack_newsletter_access":"","_jetpack_dont_email_post_to_subs":true,"_jetpack_newsletter_tier_id":0,"_jetpack_memberships_contains_paywalled_content":false,"_jetpack_memberships_contains_paid_content":false,"footnotes":""},"categories":[9],"tags":[637,444,443,400,442,40,762,4,413,441,685,761],"class_list":["post-5598","post","type-post","status-publish","format-standard","has-post-thumbnail","hentry","category-billets-dhumeur","tag-appropriation","tag-corps-dinspection","tag-eduscol","tag-enjeux-du-numerique","tag-enquete","tag-formation","tag-inspecteurs-pedagogiques","tag-numerique-educatif","tag-pratiques-professionnelles","tag-profetic","tag-viaeduc","tag-vocabulaire"],"jetpack_featured_media_url":"https:\/\/www.culture-numerique.fr\/wp-content\/uploads\/2016\/11\/1200px-Maazel_08.jpg","jetpack_sharing_enabled":true,"_links":{"self":[{"href":"https:\/\/www.culture-numerique.fr\/index.php?rest_route=\/wp\/v2\/posts\/5598","targetHints":{"allow":["GET"]}}],"collection":[{"href":"https:\/\/www.culture-numerique.fr\/index.php?rest_route=\/wp\/v2\/posts"}],"about":[{"href":"https:\/\/www.culture-numerique.fr\/index.php?rest_route=\/wp\/v2\/types\/post"}],"author":[{"embeddable":true,"href":"https:\/\/www.culture-numerique.fr\/index.php?rest_route=\/wp\/v2\/users\/1"}],"replies":[{"embeddable":true,"href":"https:\/\/www.culture-numerique.fr\/index.php?rest_route=%2Fwp%2Fv2%2Fcomments&post=5598"}],"version-history":[{"count":27,"href":"https:\/\/www.culture-numerique.fr\/index.php?rest_route=\/wp\/v2\/posts\/5598\/revisions"}],"predecessor-version":[{"id":5633,"href":"https:\/\/www.culture-numerique.fr\/index.php?rest_route=\/wp\/v2\/posts\/5598\/revisions\/5633"}],"wp:featuredmedia":[{"embeddable":true,"href":"https:\/\/www.culture-numerique.fr\/index.php?rest_route=\/wp\/v2\/media\/5599"}],"wp:attachment":[{"href":"https:\/\/www.culture-numerique.fr\/index.php?rest_route=%2Fwp%2Fv2%2Fmedia&parent=5598"}],"wp:term":[{"taxonomy":"category","embeddable":true,"href":"https:\/\/www.culture-numerique.fr\/index.php?rest_route=%2Fwp%2Fv2%2Fcategories&post=5598"},{"taxonomy":"post_tag","embeddable":true,"href":"https:\/\/www.culture-numerique.fr\/index.php?rest_route=%2Fwp%2Fv2%2Ftags&post=5598"}],"curies":[{"name":"wp","href":"https:\/\/api.w.org\/{rel}","templated":true}]}}