{"id":557,"date":"2012-05-07T00:25:22","date_gmt":"2012-05-06T22:25:22","guid":{"rendered":"http:\/\/www.culture-numerique.fr\/?p=557"},"modified":"2016-12-22T00:47:50","modified_gmt":"2016-12-21T23:47:50","slug":"contenants-et-contenus-numeriques-le-faux-debat","status":"publish","type":"post","link":"https:\/\/www.culture-numerique.fr\/?p=557","title":{"rendered":"Contenants et contenus num\u00e9riques\u00a0: le faux d\u00e9bat"},"content":{"rendered":"<p><a href=\"http:\/\/www.culture-numerique.fr\/wp-content\/uploads\/2014\/04\/medium_4907858056.jpg\"><img loading=\"lazy\" decoding=\"async\" class=\"wp-image-558 aligncenter\" src=\"http:\/\/www.culture-numerique.fr\/wp-content\/uploads\/2014\/04\/medium_4907858056.jpg\" alt=\"Cases\" width=\"838\" height=\"627\" srcset=\"https:\/\/www.culture-numerique.fr\/wp-content\/uploads\/2014\/04\/medium_4907858056.jpg 640w, https:\/\/www.culture-numerique.fr\/wp-content\/uploads\/2014\/04\/medium_4907858056-300x224.jpg 300w, https:\/\/www.culture-numerique.fr\/wp-content\/uploads\/2014\/04\/medium_4907858056-100x74.jpg 100w, https:\/\/www.culture-numerique.fr\/wp-content\/uploads\/2014\/04\/medium_4907858056-150x112.jpg 150w, https:\/\/www.culture-numerique.fr\/wp-content\/uploads\/2014\/04\/medium_4907858056-200x149.jpg 200w, https:\/\/www.culture-numerique.fr\/wp-content\/uploads\/2014\/04\/medium_4907858056-450x336.jpg 450w, https:\/\/www.culture-numerique.fr\/wp-content\/uploads\/2014\/04\/medium_4907858056-600x449.jpg 600w\" sizes=\"auto, (max-width: 838px) 100vw, 838px\" \/><\/a><\/p>\n<p><strong>Il est un d\u00e9bat qui fait fureur en ce moment<\/strong>, malgr\u00e9 l\u2019agitation \u00e9lectorale ou post-\u00e9lectorale, dans les ar\u00e9opages de l\u2019\u00c9tat, des collectivit\u00e9s territoriales, des associations scolaires ou p\u00e9riscolaires qui se pr\u00e9occupent d\u2019\u00e9ducation num\u00e9rique ou par le num\u00e9rique, c\u2019est celui des contenants et des contenus.<\/p>\n<p>Malgr\u00e9 les d\u00e9clarations optimistes des repr\u00e9sentants des collectivit\u00e9s, en charge du chantier des \u00e9quipements, malgr\u00e9 les in\u00e9galit\u00e9s qui font ressortir l\u2019existence de territoires particuli\u00e8rement g\u00e2t\u00e9s dans ce domaine, la France se situe tr\u00e8s tr\u00e8s loin dans les classements europ\u00e9ens \u2014 voir mon\u00a0<a href=\"http:\/\/gingko.neottia.net\/post\/21294120314\/comprehension-surannee\" target=\"_blank\">dernier billet<\/a>. Bien des observateurs, donc, n\u2019examinent l\u2019ambition num\u00e9rique pour l\u2019\u00e9cole que sous l\u2019angle des contenants, des mat\u00e9riels, des \u00e9quipements qui manquent \u00e0 nos \u00e9coles, coll\u00e8ges et lyc\u00e9es. Pour eux, donc, il faut d\u00e9velopper les politiques volontaristes dans ce domaine, connecter les \u00e9tablissements \u00e0 l\u2019Internet \u00e0 tr\u00e8s haut d\u00e9bit, d\u00e9ployer des r\u00e9seaux, inonder les salles de classes d\u2019ordinateurs, de tablettes num\u00e9riques, de tableaux num\u00e9riques interactifs, de vid\u00e9o-projecteurs,\u00a0<em>ad lib<\/em>. Et tout ira mieux\u2026<\/p>\n<p>D\u2019autres, au contraire, pr\u00e9tendent maintenant que les \u00e9quipements sont bien suffisants et qu\u2019il manque surtout les contenus dont les professeurs ont besoin pour enseigner. Ils militent, comme on l\u2019a lu dans les programmes pour l\u2019\u00e9lection pr\u00e9sidentielle ou dans certains rapports, celui du d\u00e9put\u00e9 Fourgous comme les propositions du Conseil national du num\u00e9rique, par exemple, pour la cr\u00e9ation de plateformes collaboratives de r\u00e9f\u00e9rencement en ligne, sous la houlette du CNDP ou du minist\u00e8re, avec ou non validation par l\u2019inspection g\u00e9n\u00e9rale. Ils militent encore pour un soutien actif \u00e0 l\u2019\u00e9dition num\u00e9rique et l\u2019\u00e9laboration, sous leur responsabilit\u00e9, de kiosques num\u00e9riques de contenus en ligne, manuels, logiciels, ressources\u2026<\/p>\n<p>Une pr\u00e9occupation compl\u00e9mentaire permet \u00e0 ces deux clans de se retrouver\u00a0: rien ne se fera sans une solide, pertinente et efficace politique de formation des professeurs leur permettant de s\u2019approprier ces mat\u00e9riels ou contenus.<\/p>\n<h3><strong>Que privil\u00e9gier, les contenants ou les contenus\u00a0? <\/strong><\/h3>\n<p><strong>Cette alternative n\u2019est pas, \u00e0 mon avis, une question pertinente et l\u2019\u00e9voquer en ces termes constitue un faux d\u00e9bat.<\/strong><\/p>\n<p>J\u2019ai d\u00e9j\u00e0 dit, dans de pr\u00e9c\u00e9dents billets, combien j\u2019\u00e9tais navr\u00e9 d\u2019une politique en mati\u00e8re d\u2019\u00e9quipement tr\u00e8s in\u00e9galitaire. Comment comparer l\u2019\u00e9quipement d\u2019un lyc\u00e9e dans le Limousin avec celui d\u2019un lyc\u00e9e francilien\u00a0? Comment comparer l\u2019\u00e9quipement d\u2019un coll\u00e8ge corse avec celui d\u2019un coll\u00e8ge des Hauts-de-Seine, un d\u00e9partement aussi riche qu\u2019un pays europ\u00e9en de taille moyenne\u00a0? Pire\u00a0!, comment comparer l\u2019\u00e9quipement d\u2019une petite \u00e9cole rurale avec celui d\u2019une \u00e9cole d\u2019une grande cit\u00e9 de province\u00a0? L\u2019\u00c9tat avait le devoir de pallier les tr\u00e8s fortes in\u00e9galit\u00e9s engendr\u00e9es par la d\u00e9centralisation et ce ne fut pas le cas, loin de l\u00e0, malgr\u00e9 quelques op\u00e9rations (<a href=\"http:\/\/eduscol.education.fr\/cid56257\/ecole-numerique-rurale.html\" target=\"_blank\">ENR<\/a>, par exemple) insuffisantes et \u00e0 la port\u00e9e tr\u00e8s limit\u00e9e. Par ailleurs, l\u2019impr\u00e9cision des lois de d\u00e9centralisation a laiss\u00e9 en jach\u00e8re le chantier si important de la maintenance de ces mat\u00e9riels, l\u2019\u00c9tat et les collectivit\u00e9s locales se rejetant r\u00e9ciproquement la responsabilit\u00e9 de sa prise en charge. Aucune entreprise ne survivrait si son parc informatique n\u2019\u00e9tait pas maintenu\u00a0! Pourtant, dans l\u2019\u00e9ducation nationale, les mat\u00e9riels continuent de fonctionner le plus souvent, bon an mal an, gr\u00e2ce \u00e0 la seule bonne volont\u00e9 ou comp\u00e9tence de quelques personnels d\u2019entretien ou de quelques professeurs volontaires bricoleurs, gr\u00e2ce aussi au volontarisme de quelques rares collectivit\u00e9s.<\/p>\n<p>J\u2019ai dit aussi\u00a0<a href=\"http:\/\/gingko.neottia.net\/post\/13305437801\/sans-ressources-quest-ce-quil-reste-du-numerique\" target=\"_blank\">dans ce billet<\/a>\u00a0combien j\u2019\u00e9tais perplexe \u00e0 propos des contenus que nous proposent les \u00e9diteurs, combien je doutais de leur qualit\u00e9. La plupart des \u00e9diteurs, tenus en vie \u00e0 bout de bras par les nombreuses et successives mannes vers\u00e9es par l\u2019\u00c9tat, repli\u00e9s sur eux-m\u00eames et sur un autre temps, incapables d\u2019investir le num\u00e9rique tant ils ont encore le regard tourn\u00e9 vers le papier, incapables aussi d\u2019imaginer un mod\u00e8le \u00e9conomique plus respectueux du confort des usagers et de la juste r\u00e9mun\u00e9ration des auteurs que des droits des producteurs et des distributeurs, ont produit ces derni\u00e8res ann\u00e9es, \u00e0 de rares exceptions pr\u00e8s, des ressources d\u2019une rare indigence. Ce n\u2019est qu\u2019\u00e0 coup de ventes forc\u00e9es de ressources usag\u00e9es recycl\u00e9es dans des bouquets num\u00e9riques indignes que les professeurs ont pu parfois en faire usage devant les \u00e9l\u00e8ves. Cette situation n\u2019a que peu \u00e9volu\u00e9, \u00e0 l\u2019exception notable de manuels num\u00e9riques r\u00e9cents qui proposent, enfin, des ressources granulaires de bonne qualit\u00e9. A contrario, ce sont le plus souvent les professeurs eux-m\u00eames, parfois \u00e0 titre individuel ou regroup\u00e9s le plus souvent en associations, qui ont produit les meilleures ressources, le plus souvent gratuites et parfois libres. L\u2019\u00c9tat, sous la pression des marchands, n\u2019a que tr\u00e8s peu valoris\u00e9 ces productions sauvages \u2014 non valid\u00e9es, disent aussi ceux qui n\u2019en veulent pas\u00a0! \u2014 et soutenu ces initiatives marginales \u00e9chappant aux logiques habituelles d\u2019une \u00e9conomie de profit. Les exemples sont nombreux. Je vous recommande encore une fois de vous reporter au billet mentionn\u00e9\u00a0<em>supra<\/em>.<\/p>\n<p>\u00c0 noter, sur ce sujet, l\u2019excellente question pos\u00e9e dans\u00a0<a href=\"http:\/\/eprofsdocs.crdp-aix-marseille.fr\/IMG\/pdf\/RNEL_-_alphaomega.pdf\" target=\"_blank\">ce document<\/a>\u00a0: \u00ab\u00a0Ressources \u00e9ducatives, alpha et om\u00e9ga du num\u00e9rique \u00e0 l\u2019\u00e9cole\u00a0?\u00a0\u00bb.<\/p>\n<h3><strong>Alors comment faire avancer le num\u00e9rique \u00e0 l\u2019\u00e9cole si le probl\u00e8me n\u2019est ni celui des \u00e9quipements, ni celui des ressources\u00a0?<\/strong><\/h3>\n<p>J\u2019ai d\u00e9j\u00e0 aussi \u00e9voqu\u00e9 cette question\u00a0<a href=\"http:\/\/gingko.neottia.net\/post\/13943936249\/engagez-vous-rengagez-vous-quils-disaient\" target=\"_blank\">dans ce billet<\/a>, par exemple, et dans les billets suivants. Pourtant, je souhaite revenir sur les propositions que j\u2019y faisais afin de mieux les articuler avec l\u2019actualit\u00e9 et, notamment, ce faux d\u00e9bat des mat\u00e9riels et des ressources.<\/p>\n<p>Je crois, pour ma part, qu\u2019il ne suffit pas\u00a0:<\/p>\n<ul>\n<li>d\u2019\u00e9quiper en masse nos \u00e9coles, \u00e9tablissements et salles de classe de mat\u00e9riels num\u00e9riques de qualit\u00e9\u00a0;<\/li>\n<li>de fournir des ressources num\u00e9riques valid\u00e9es par le plus grand nombre plus que par la hi\u00e9rarchie\u00a0;<\/li>\n<li>de former les professeurs aux usages de ces mat\u00e9riels et ressources.<\/li>\n<\/ul>\n<p>En effet, rien ne changera si, du haut en bas de la hi\u00e9rarchie du syst\u00e8me \u00e9ducatif, l\u2019ensemble des personnels ne prend pas conscience\u00a0<strong>de la n\u00e9cessit\u00e9 d\u2019un engagement personnel et surtout collectif dans le num\u00e9rique.<\/strong><\/p>\n<p>J\u2019avais montr\u00e9 comment\u00a0<strong>cet engagement num\u00e9rique<\/strong>\u00a0semblait manquer et \u00eatre particuli\u00e8rement absent de l\u2019affichage et des circulaires institutionnels mais aussi des pr\u00e9occupations de l\u2019encadrement, souvent r\u00e9tif ou indiff\u00e9rent. La soci\u00e9t\u00e9 est num\u00e9rique, les pratiques num\u00e9riques des jeunes sont massives, il s\u2019agit maintenant de changer de braquet et d\u2019acc\u00e9l\u00e9rer\u00a0:<\/p>\n<ul>\n<li>chacun doit prendre conscience que chacun de ses gestes, chacune de ses d\u00e9cisions, de ses activit\u00e9s d\u2019enseignement, doit \u00eatre r\u00e9fl\u00e9chi\u00a0<strong>\u00e0 l\u2019aune du num\u00e9rique<\/strong>\u00a0et de ce qu\u2019il peut apporter de plus et de diff\u00e9rent\u00a0;<\/li>\n<li>chacun doit r\u00e9solument s\u2019adapter \u00e0 de\u00a0<strong>nouvelles d\u00e9marches collaboratives<\/strong>\u00a0o\u00f9 l\u2019habitude est, en dehors des moments du r\u00e9el que l\u2019on partage, de construire une r\u00e9flexion et une intelligence collectives\u00a0;<\/li>\n<li>chacun doit inscrire aussi ses actions dans des\u00a0<strong>d\u00e9marches r\u00e9solument innovantes<\/strong>.<\/li>\n<\/ul>\n<p>L\u2019innovation num\u00e9rique, en particulier, doit donc \u00eatre la pr\u00e9occupation majeure des d\u00e9marches \u00e9ducatives de chacun, \u00e0 tous moments, \u00e0 tous les niveaux. Il faut aussi prendre conscience que, bien souvent, ces avanc\u00e9es innovantes sont construites en opposition aux consensus et aux r\u00e8gles. La d\u00e9sob\u00e9issance se rencontre parfois sur ces chemins-l\u00e0. Peu importe\u00a0!, il faut \u00eatre capable, non de la r\u00e9primer, mais de la comprendre et de l\u2019int\u00e9grer, voire de la valoriser, en exer\u00e7ant sa raison, en faisant d\u2019abord confiance et en convainquant les plus rebelles.<\/p>\n<p>De mani\u00e8re plus pr\u00e9cise, il est urgent pour l\u2019\u00e9cole d\u2019innover, par exemple, dans les domaines suivants\u00a0:<\/p>\n<ul>\n<li><strong>l\u2019usage de tous les terminaux num\u00e9riques<\/strong>\u00a0en classe, y compris les ordiphones ou \u00ab\u00a0smartphones\u00a0\u00bb\u00a0;<\/li>\n<li><strong>l\u2019usage du num\u00e9rique et de l\u2019Internet \u00e0 l\u2019occasion de tous les contr\u00f4les<\/strong>, examens ou dipl\u00f4mes\u00a0;<\/li>\n<li>l<strong>a red\u00e9finition des normes d\u2019architecture<\/strong>\u00a0pour construire des espaces de vie scolaire et d\u2019enseignement adapt\u00e9s au num\u00e9rique\u00a0;<\/li>\n<li><strong>l\u2019\u00e9volution des programmes et contenus disciplinaires<\/strong>\u00a0pour faire \u00e9voluer les pratiques des enseignants \u2014 moins d\u2019instruction, plus d\u2019accompagnement\u00a0;<\/li>\n<li><strong>la red\u00e9finition des services<\/strong>\u00a0des enseignants,\u00a0des groupes classe et des emplois du temps\u00a0pour les adapter au num\u00e9rique (modulation, souplesse, adaptation)\u00a0;<\/li>\n<li><strong>la valorisation du travail collectif<\/strong>, en compl\u00e9ment du travail individuel.<\/li>\n<\/ul>\n<p>De l\u2019ensemble du syst\u00e8me \u00e9ducatif, on attend aussi, bien s\u00fbr, moins de frilosit\u00e9 et d\u2019attentisme, moins de repli sur soi, mais surtout un changement radical des attitudes, des postures, des comportements, des regards comme un souci constant de compr\u00e9hension et d\u2019\u00e9coute des \u00e9volutions de la soci\u00e9t\u00e9 et de sa jeunesse.<\/p>\n<p>C\u2019est \u00e0 ce prix-l\u00e0, au-del\u00e0 du vieux et d\u00e9solant d\u00e9bat des contenus et des contenants, que l\u2019\u00e9cole pourra gagner le d\u00e9fi du num\u00e9rique.<\/p>\n<p>R\u00e9fl\u00e9chissons-y.<\/p>\n<p>Michel Guillou\u00a0<a style=\"color: #2c32f6;\" title=\"Twitter\" href=\"https:\/\/twitter.com\/#!\/michelguillou\" target=\"_blank\">@michelguillou<\/a><\/p>\n<p><a style=\"color: #2c32f6;\" href=\"http:\/\/creativecommons.org\/licenses\/by-nc-sa\/2.0\/fr\/\" target=\"_blank\" rel=\"license\"><img decoding=\"async\" src=\"http:\/\/i.creativecommons.org\/l\/by-nc-sa\/2.0\/fr\/80x15.png\" alt=\"Licence Creative Commons\" \/><\/a><\/p>\n<p>Cr\u00e9dit photo\u00a0:\u00a0<a style=\"color: #2c32f6;\" href=\"http:\/\/www.flickr.com\/photos\/ecstaticist\/4907858056\/\" target=\"_blank\">ecstaticist<\/a>\u00a0via\u00a0<a style=\"color: #2c32f6;\" href=\"http:\/\/photopin.com\/\" target=\"_blank\">photo pin<\/a>\u00a0<a style=\"color: #2c32f6;\" href=\"http:\/\/creativecommons.org\/licenses\/by-nc-sa\/2.0\/\" target=\"_blank\">cc<\/a><\/p>\n<p>[cite]<\/p>\n","protected":false},"excerpt":{"rendered":"<p><a href=\"http:\/\/www.culture-numerique.fr\/wp-content\/uploads\/2014\/04\/medium_4907858056.jpg\"><img loading=\"lazy\" decoding=\"async\" class=\"wp-image-558 aligncenter\" src=\"http:\/\/www.culture-numerique.fr\/wp-content\/uploads\/2014\/04\/medium_4907858056.jpg\" alt=\"Cases\" width=\"838\" height=\"627\" srcset=\"https:\/\/www.culture-numerique.fr\/wp-content\/uploads\/2014\/04\/medium_4907858056.jpg 640w, https:\/\/www.culture-numerique.fr\/wp-content\/uploads\/2014\/04\/medium_4907858056-300x224.jpg 300w, https:\/\/www.culture-numerique.fr\/wp-content\/uploads\/2014\/04\/medium_4907858056-100x74.jpg 100w, https:\/\/www.culture-numerique.fr\/wp-content\/uploads\/2014\/04\/medium_4907858056-150x112.jpg 150w, https:\/\/www.culture-numerique.fr\/wp-content\/uploads\/2014\/04\/medium_4907858056-200x149.jpg 200w, https:\/\/www.culture-numerique.fr\/wp-content\/uploads\/2014\/04\/medium_4907858056-450x336.jpg 450w, https:\/\/www.culture-numerique.fr\/wp-content\/uploads\/2014\/04\/medium_4907858056-600x449.jpg 600w\" sizes=\"auto, (max-width: 838px) 100vw, 838px\" \/><\/a><\/p>\n<p><strong>Il est un d\u00e9bat qui fait fureur en ce moment<\/strong>, malgr\u00e9 l\u2019agitation \u00e9lectorale ou post-\u00e9lectorale, dans les ar\u00e9opages de l\u2019\u00c9tat, des collectivit\u00e9s territoriales, des associations scolaires ou p\u00e9riscolaires qui se pr\u00e9occupent d\u2019\u00e9ducation num\u00e9rique ou par le num\u00e9rique,<\/p>\n<p><span class=\"ellipsis\">&hellip;<\/span><\/p>\n<div class=\"read-more\"><a href=\"https:\/\/www.culture-numerique.fr\/?p=557\">Lire la suite &#8250;<\/a><\/div>\n<p><!-- end of .read-more --><\/p>\n","protected":false},"author":1,"featured_media":558,"comment_status":"open","ping_status":"open","sticky":false,"template":"","format":"standard","meta":{"jetpack_post_was_ever_published":false,"_jetpack_newsletter_access":"","_jetpack_dont_email_post_to_subs":true,"_jetpack_newsletter_tier_id":0,"_jetpack_memberships_contains_paywalled_content":false,"_jetpack_memberships_contains_paid_content":false,"footnotes":""},"categories":[9],"tags":[80,284,59,364,2,640],"class_list":["post-557","post","type-post","status-publish","format-standard","has-post-thumbnail","hentry","category-billets-dhumeur","tag-engagement-numerique","tag-equipements","tag-innovation","tag-intelligence-collective","tag-numerique","tag-ressources"],"jetpack_featured_media_url":"https:\/\/www.culture-numerique.fr\/wp-content\/uploads\/2014\/04\/medium_4907858056.jpg","jetpack_sharing_enabled":true,"_links":{"self":[{"href":"https:\/\/www.culture-numerique.fr\/index.php?rest_route=\/wp\/v2\/posts\/557","targetHints":{"allow":["GET"]}}],"collection":[{"href":"https:\/\/www.culture-numerique.fr\/index.php?rest_route=\/wp\/v2\/posts"}],"about":[{"href":"https:\/\/www.culture-numerique.fr\/index.php?rest_route=\/wp\/v2\/types\/post"}],"author":[{"embeddable":true,"href":"https:\/\/www.culture-numerique.fr\/index.php?rest_route=\/wp\/v2\/users\/1"}],"replies":[{"embeddable":true,"href":"https:\/\/www.culture-numerique.fr\/index.php?rest_route=%2Fwp%2Fv2%2Fcomments&post=557"}],"version-history":[{"count":7,"href":"https:\/\/www.culture-numerique.fr\/index.php?rest_route=\/wp\/v2\/posts\/557\/revisions"}],"predecessor-version":[{"id":5742,"href":"https:\/\/www.culture-numerique.fr\/index.php?rest_route=\/wp\/v2\/posts\/557\/revisions\/5742"}],"wp:featuredmedia":[{"embeddable":true,"href":"https:\/\/www.culture-numerique.fr\/index.php?rest_route=\/wp\/v2\/media\/558"}],"wp:attachment":[{"href":"https:\/\/www.culture-numerique.fr\/index.php?rest_route=%2Fwp%2Fv2%2Fmedia&parent=557"}],"wp:term":[{"taxonomy":"category","embeddable":true,"href":"https:\/\/www.culture-numerique.fr\/index.php?rest_route=%2Fwp%2Fv2%2Fcategories&post=557"},{"taxonomy":"post_tag","embeddable":true,"href":"https:\/\/www.culture-numerique.fr\/index.php?rest_route=%2Fwp%2Fv2%2Ftags&post=557"}],"curies":[{"name":"wp","href":"https:\/\/api.w.org\/{rel}","templated":true}]}}