{"id":5488,"date":"2016-11-07T08:31:29","date_gmt":"2016-11-07T07:31:29","guid":{"rendered":"https:\/\/www.culture-numerique.fr\/?p=5488"},"modified":"2016-11-10T01:57:32","modified_gmt":"2016-11-10T00:57:32","slug":"formation-du-solutionnisme-simpliste-des-elites-supposees-au-desarroi-des-pionniers","status":"publish","type":"post","link":"https:\/\/www.culture-numerique.fr\/?p=5488","title":{"rendered":"Formation\u00a0: du solutionnisme simpliste des \u00e9lites suppos\u00e9es au d\u00e9sarroi des pionniers"},"content":{"rendered":"<p><img loading=\"lazy\" decoding=\"async\" class=\"aligncenter size-full wp-image-5492\" src=\"https:\/\/www.culture-numerique.fr\/wp-content\/uploads\/2016\/10\/tools-1209764_1280.jpg\" alt=\"Atelier\" width=\"1280\" height=\"853\" srcset=\"https:\/\/www.culture-numerique.fr\/wp-content\/uploads\/2016\/10\/tools-1209764_1280.jpg 1280w, https:\/\/www.culture-numerique.fr\/wp-content\/uploads\/2016\/10\/tools-1209764_1280-300x200.jpg 300w, https:\/\/www.culture-numerique.fr\/wp-content\/uploads\/2016\/10\/tools-1209764_1280-1024x682.jpg 1024w, https:\/\/www.culture-numerique.fr\/wp-content\/uploads\/2016\/10\/tools-1209764_1280-100x67.jpg 100w, https:\/\/www.culture-numerique.fr\/wp-content\/uploads\/2016\/10\/tools-1209764_1280-150x100.jpg 150w, https:\/\/www.culture-numerique.fr\/wp-content\/uploads\/2016\/10\/tools-1209764_1280-200x133.jpg 200w, https:\/\/www.culture-numerique.fr\/wp-content\/uploads\/2016\/10\/tools-1209764_1280-450x300.jpg 450w, https:\/\/www.culture-numerique.fr\/wp-content\/uploads\/2016\/10\/tools-1209764_1280-600x400.jpg 600w, https:\/\/www.culture-numerique.fr\/wp-content\/uploads\/2016\/10\/tools-1209764_1280-900x600.jpg 900w\" sizes=\"auto, (max-width: 1280px) 100vw, 1280px\" \/><\/p>\n<p><strong>L&rsquo;actualit\u00e9 est ainsi faite <\/strong>que des \u00e9v\u00e9nements sans gu\u00e8re de rapport entre eux viennent s&rsquo;entrechoquer et donner un curieux \u00e9clairage \u00e0 la mani\u00e8re dont l&rsquo;\u00e9cole op\u00e8re sa transformation num\u00e9rique. C&rsquo;est ainsi que le titre d&rsquo;un article du magazine <em><a href=\"http:\/\/www.challenges.fr\/\" target=\"_blank\">Challenges<\/a><\/em> a titill\u00e9 ma curiosit\u00e9 \u00ab\u00a0<a href=\"http:\/\/www.challenges.fr\/election-presidentielle-2017\/le-defi-numerique\/former-les-enseignants-et-les-eleves-au-numerique-une-priorite_435557\" target=\"_blank\">Former les enseignants et les \u00e9l\u00e8ves au num\u00e9rique: une priorit\u00e9<\/a>\u00a0\u00bb. Prometteur, n&rsquo;est-ce pas\u00a0? Il s&rsquo;agissait, dans un cahier pr\u00e9paratoire aux pr\u00e9sidentielles, d&rsquo;interroger des d\u00e9cideurs sur les grands sujets du moment. On allait avoir l&rsquo;avis autoris\u00e9, pouvait-on le supputer, du directeur de <a href=\"https:\/\/www.telecom-paristech.fr\/\" target=\"_blank\">T\u00e9l\u00e9com ParisTech<\/a> et on se pourl\u00e9chait les babines \u00e0 l&rsquo;avance\u2026<\/p>\n<p>Las\u00a0! En guise de vision, on a droit, dans un article particuli\u00e8rement opaque et mal \u00e9crit, \u00e0 un joli floril\u00e8ge de <strong>r\u00e9flexions de comptoir<\/strong>, celles de quelqu&rsquo;un qui s&rsquo;autorise \u00e0 donner son avis sur un sujet qu&rsquo;il ne ma\u00eetrise pas juste parce qu&rsquo;on lui pose la question, juste parce qu&rsquo;il est l\u00e0 o\u00f9 il est\u2026 juste parce qu&rsquo;il fait partie d&rsquo;une \u00e9lite qui doit savoir.<\/p>\n<p>C&rsquo;est consternant. Un floril\u00e8ge vous dis-je. Tout y passe, des questions stupides, des statistiques sorties d&rsquo;on ne sait o\u00f9, des syllogismes, de l&rsquo;all\u00e9geance aux doxas du moment \u00e0 la confusion permanente et entretenue entre informatique et num\u00e9rique\u2026 Un repr\u00e9sentant magnifique de ces \u00e9lites d\u00e9branch\u00e9es qui s&rsquo;autorisent \u00e0 penser et \u00e0 dire des trucs\u00a0!<\/p>\n<p>Pour terminer sur ce triste billet, on peut noter que les propos qui y sont tenus sont \u00e0 rapprocher du <strong>solutionnisme digital ambiant<\/strong> \u2014\u00a0j&#8217;emploie \u00e0 dessein le barbarisme pr\u00e9f\u00e9r\u00e9 des startoupeurs qui ont des solutions pour tout et un avis \u00e0 des lustres des v\u00e9ritables probl\u00e8mes, surtout en mati\u00e8re d&rsquo;\u00e9ducation.<\/p>\n<h3>La formation des enseignants, o\u00f9 en est-on\u00a0?<\/h3>\n<p>Parce que, autant vous le dire, je suis comme notre aristocrate pr\u00e9c\u00e9dent, tr\u00e8s favorable \u00e0 ce qu&rsquo;on forme les enseignants au num\u00e9rique. Si si. Je l&rsquo;ai d\u00e9j\u00e0 dit, voir ci-dessous, m\u00eame si, aujourd&rsquo;hui, je ne dirais pas tout \u00e0 fait les choses de la m\u00eame mani\u00e8re\u2026<\/p>\n<blockquote class=\"wp-embedded-content\" data-secret=\"BhCRagvk1F\"><p><a href=\"https:\/\/www.culture-numerique.fr\/?p=367\">Un chantier prioritaire : former au num\u00e9rique<\/a><\/p><\/blockquote>\n<p><iframe loading=\"lazy\" class=\"wp-embedded-content\" sandbox=\"allow-scripts\" security=\"restricted\" style=\"position: absolute; clip: rect(1px, 1px, 1px, 1px);\" title=\"\u00ab\u00a0Un chantier prioritaire : former au num\u00e9rique\u00a0\u00bb &#8212; Culture num\u00e9rique\" src=\"https:\/\/www.culture-numerique.fr\/?p=367&#038;embed=true#?secret=JMCk3dcj6P#?secret=BhCRagvk1F\" data-secret=\"BhCRagvk1F\" width=\"600\" height=\"338\" frameborder=\"0\" marginwidth=\"0\" marginheight=\"0\" scrolling=\"no\"><\/iframe><\/p>\n<p>Que faut-il retenir pourtant de ce premier jet de 2013\u00a0? Quelles sont les constantes, trois apr\u00e8s\u00a0? <strong>Quelques constats<\/strong>\u00a0:<\/p>\n<ul>\n<li>l\u2019\u00e9cole, les enseignements, les apprentissages, les programmes, les disciplines, les professeurs sont, en mati\u00e8re de num\u00e9rique, d\u00e9j\u00e0 largement \u00e0 la tra\u00eene de la soci\u00e9t\u00e9, <strong>\u00e0 la remorque<\/strong> aussi des pratiques personnelles des jeunes\u00a0;<\/li>\n<li>les professeurs constituent sans doute un des groupes socio-professionnels les plus outill\u00e9s, \u00e0 domicile, en mat\u00e9riel num\u00e9rique et les plus avertis\u00a0; leurs <strong>pratiques personnelles<\/strong> sont vari\u00e9es et souvent excellentes\u00a0;<\/li>\n<li><strong>la formation initiale<\/strong> qui a \u00e9t\u00e9 dispens\u00e9e, depuis des ann\u00e9es, aux jeunes professeurs est tr\u00e8s insuffisante, en mati\u00e8re de num\u00e9rique\u00a0; c&rsquo;est un euph\u00e9misme\u00a0;<\/li>\n<li>la formation acad\u00e9mique continue qui a \u00e9t\u00e9 propos\u00e9e ensuite aux professeurs <strong>manque \u00e0 la fois de bras, de moyens financiers et d\u2019ad\u00e9quation aux besoins<\/strong>\u00a0; cette formation reste tr\u00e8s majoritairement technophile voire technol\u00e2tre, m\u00eame et y compris dans les formations strictement disciplinaires\u00a0;<\/li>\n<li>la formation massive et syst\u00e9matique de <strong>l\u2019encadrement aux enjeux du num\u00e9rique<\/strong> n&rsquo;a toujours pas \u00e9t\u00e9 mise en \u0153uvre\u00a0;<\/li>\n<li><strong>l&rsquo;engagement<\/strong> dans la formation ou l&rsquo;innovation n&rsquo;est pas valoris\u00e9.<\/li>\n<\/ul>\n<p>Depuis que s&rsquo;est-il pass\u00e9\u00a0?<\/p>\n<p>On a d\u00e9bloqu\u00e9 des fonds, depuis deux ans, sous l&rsquo;impulsion des directeurs successifs de la DNE, pour offrir trois jours par an de formation aux professeurs du second degr\u00e9. Fort bien. Mais des contraintes tr\u00e8s nombreuses emp\u00eachent la participation des professeurs\u00a0:<\/p>\n<ul>\n<li><strong>les r\u00e9ticences<\/strong> \u00e0 l&rsquo;\u00e9gard \u00ab\u00a0du num\u00e9rique\u00a0\u00bb restent fortes dans les salles de professeurs et les corps d&rsquo;encadrement et d&rsquo;inspection, quand ce n&rsquo;est pas dans les organismes acad\u00e9miques en charge de la formation\u00a0;<\/li>\n<li>ces formations au num\u00e9rique sont entr\u00e9es en concurrence temporelle et financi\u00e8re avec les formations pr\u00e9vues pour promouvoir, \u00e0 marche forc\u00e9e parfois, <strong>la r\u00e9forme du coll\u00e8ge<\/strong>\u00a0;<\/li>\n<li>les formations ne sont en aucun cas <strong>obligatoires<\/strong>\u00a0;<\/li>\n<li>quoique programm\u00e9es, de nombreuses sessions de formations n&rsquo;ont pu avoir lieu, <strong>faute\u2026 de formateurs<\/strong> en assez grand nombre\u00a0;<\/li>\n<li>de nombreux chefs d&rsquo;\u00e9tablissement n&rsquo;ont pas relay\u00e9 l&rsquo;information ou n&rsquo;ont pas accept\u00e9 le d\u00e9part de certains professeurs en formation pour ne pas rompre <strong>la continuit\u00e9 du service \u00e9ducatif<\/strong>\u00a0;<\/li>\n<li>la culture de la <strong>formation en ligne<\/strong> n&rsquo;est pas du tout commune et partag\u00e9e\u00a0;<\/li>\n<li>le paysage est diff\u00e9rent d&rsquo;une acad\u00e9mie \u00e0 l&rsquo;autre mais, dans de nombreux cas, <strong>les frais de d\u00e9placement<\/strong> ne sont pas rembours\u00e9s.<\/li>\n<\/ul>\n<p>Voil\u00e0 pour les questions pratiques.<\/p>\n<h3>Des formateurs de formateurs, o\u00f9 \u00e7a ? Pour quoi faire\u00a0?<\/h3>\n<p>C&rsquo;est la question essentielle qui est pos\u00e9e \u00e0 ceux qui, en acad\u00e9mie ou au minist\u00e8re, mettent en \u0153uvre la formation des enseignants. Qui sont les formateurs\u00a0? Et, surtout, \u00e0 supposer qu&rsquo;on ait trouv\u00e9 une r\u00e9ponse \u00e0 la question pr\u00e9c\u00e9dente, <strong>qui les a form\u00e9s\u00a0?<\/strong> Qui sont les formateurs capables de prendre en charge la formation des formateurs\u00a0? Et qui a form\u00e9 ces formateurs-l\u00e0\u00a0?<\/p>\n<p>La tr\u00e8s grande majorit\u00e9 de ceux que je connais sont professeurs ou l&rsquo;ont \u00e9t\u00e9 r\u00e9cemment et sont donc <strong>des pairs de leur public<\/strong>. On les a choisis pour leurs comp\u00e9tences, celles qu&rsquo;ils ont acquises en formation avec d&rsquo;autres formateurs ou qu&rsquo;ils ont d\u00e9velopp\u00e9es par eux-m\u00eames. Ces comp\u00e9tences sont, pour l&rsquo;essentiel, techniques. Sous mon clavier, ce n&rsquo;est pas un reproche\u00a0: ces formations techniques trouvent leur utilit\u00e9 et leur justification dans le fait qu&rsquo;elles sont g\u00e9n\u00e9ralement tr\u00e8s ad\u00e9quates \u00e0 une demande d&rsquo;\u00eatre op\u00e9rationnel \u00e0 court terme avec les outils disponibles. On le voit bien avec l&rsquo;arriv\u00e9e perturbante de nouveaux logiciels ou mat\u00e9riels. Par ailleurs, les \u00a0formateurs aiment se rassurer \u00e0 prendre en charge ces formations qui ressemblent \u00e0 celles qu&rsquo;ils ont eux-m\u00eames re\u00e7ues de ceux qui les ont form\u00e9s.<\/p>\n<p>C&rsquo;est donc int\u00e9ressant, gratifiant, ad\u00e9quat <strong>mais c&rsquo;est tr\u00e8s insuffisant<\/strong>. L&rsquo;acculturation num\u00e9rique, l&rsquo;acquisition d&rsquo;une culture num\u00e9rique globale n\u00e9cessaire aujourd&rsquo;hui \u00e0 la compr\u00e9hension des enjeux, dont l&rsquo;\u00e9mergence de nouvelles modalit\u00e9s d&rsquo;enseigner et de nouvelles mani\u00e8res d&rsquo;\u00eatre et d&rsquo;exercer, ne peuvent se satisfaire de la simple ma\u00eetrise technique de l&rsquo;outillage, ni m\u00eame de sa mise en \u0153uvre dans une s\u00e9quence p\u00e9dagogique. Il est n\u00e9cessaire aujourd&rsquo;hui <strong>de prendre du recul, d&rsquo;ouvrir davantage les yeux<\/strong>, de croiser les regards, de partager les doutes, de susciter l&rsquo;enthousiasme, d&rsquo;exercer sa raison et de d\u00e9jouer les peurs.<\/p>\n<p><img loading=\"lazy\" decoding=\"async\" class=\"aligncenter wp-image-5576 size-full\" src=\"https:\/\/www.culture-numerique.fr\/wp-content\/uploads\/2016\/11\/dumbbell-940375_640.jpg\" alt=\"Halt\u00e8res\" width=\"640\" height=\"426\" srcset=\"https:\/\/www.culture-numerique.fr\/wp-content\/uploads\/2016\/11\/dumbbell-940375_640.jpg 640w, https:\/\/www.culture-numerique.fr\/wp-content\/uploads\/2016\/11\/dumbbell-940375_640-300x200.jpg 300w, https:\/\/www.culture-numerique.fr\/wp-content\/uploads\/2016\/11\/dumbbell-940375_640-100x67.jpg 100w, https:\/\/www.culture-numerique.fr\/wp-content\/uploads\/2016\/11\/dumbbell-940375_640-150x100.jpg 150w, https:\/\/www.culture-numerique.fr\/wp-content\/uploads\/2016\/11\/dumbbell-940375_640-200x133.jpg 200w, https:\/\/www.culture-numerique.fr\/wp-content\/uploads\/2016\/11\/dumbbell-940375_640-450x300.jpg 450w, https:\/\/www.culture-numerique.fr\/wp-content\/uploads\/2016\/11\/dumbbell-940375_640-600x399.jpg 600w\" sizes=\"auto, (max-width: 640px) 100vw, 640px\" \/>C&rsquo;est d&rsquo;abord n\u00e9cessaire avant tout pour celles et ceux qui forment les formateurs, en formation initiale comme continue. Et c&rsquo;est aussi indispensable pour les formations elles-m\u00eames. Il suffit de parcourir les catalogues de formations au num\u00e9rique dans les volets d\u00e9di\u00e9s des plans de formation des ESPE, dans les catalogues des acad\u00e9mies comme dans celui de <a href=\"https:\/\/magistere.education.fr\/\" target=\"_blank\">M@gist\u00e8re<\/a> pour se convaincre que, de ce point de vue, on est tr\u00e8s loin du compte. Mais alors tr\u00e8s loin.<\/p>\n<p>Tr\u00e8s peu d&rsquo;entre les formateurs proviennent d&rsquo;autres corps ou de l&rsquo;encadrement administratif ou p\u00e9dagogique. Ce dernier, fortement et presque exclusivement mobilis\u00e9 depuis toujours au\u00a0pilotage des \u00e9tablissements ou \u00e0 l&rsquo;animation disciplinaire, manque beaucoup\u00a0du recul n\u00e9cessaire qui seul autorise\u00a0la vision globale qui traverse le paysage des m\u00e9tiers, des missions et des enseignements disciplinaires. Bien s\u00fbr, cette observation souffre de notables et heureuses exceptions mais, d&rsquo;une mani\u00e8re g\u00e9n\u00e9rale, les cadres, s&rsquo;ils sont nombreux \u00e0 faire montre de grandes comp\u00e9tences professionnelles, celles qu&rsquo;ils ont acquises en formation, font de pi\u00e8tres formateurs de la culture num\u00e9rique.<\/p>\n<p><strong>La question de savoir qui forme les formateurs reste donc ouverte.<\/strong> Et ce n&rsquo;est pas l&rsquo;acc\u00e9l\u00e9ration impressionnante des transformations num\u00e9riques de la soci\u00e9t\u00e9, qui touche aussi l&rsquo;\u00e9cole et ses acteurs, qui risque d&rsquo;arranger les choses\u00a0: trouver et mobiliser de bons formateurs, capables, comme je le disais, d&rsquo;ouvrir les yeux, va s&rsquo;av\u00e9rer de plus en plus difficile. Et trouver ceux qui sont capables de les former quasi impossible.<\/p>\n<h3>Changer la formation, une obligation<\/h3>\n<p>C&rsquo;est un tweet de mon camarade qu\u00e9b\u00e9cois <a href=\"https:\/\/twitter.com\/FrancoisGuite\" target=\"_blank\">Fran\u00e7ois Guite<\/a> qui m&rsquo;a mis la puce \u00e0 l&rsquo;oreille\u00a0:<\/p>\n<blockquote class=\"twitter-tweet\" data-width=\"550\" data-dnt=\"true\">\n<p lang=\"fr\" dir=\"ltr\">Ceux qui attendent que l\u2019institution s\u2019occupe de leur formation s\u2019exposent \u00e0 la robotisation.<\/p>\n<p>&mdash; Francois Guite (@FrancoisGuite) <a href=\"https:\/\/twitter.com\/FrancoisGuite\/status\/791830783514316804?ref_src=twsrc%5Etfw\">October 28, 2016<\/a><\/p><\/blockquote>\n<p><script async src=\"https:\/\/platform.twitter.com\/widgets.js\" charset=\"utf-8\"><\/script><\/p>\n<p>\u00c0 quoi bon, en effet, massifier la formation, mobiliser des \u00e9quipes, inscrire des professeurs sur des plateformes de formation en ligne, si <strong>l&rsquo;engagement personnel<\/strong> des apprenants est absent\u00a0? C&rsquo;est vrai aussi que cet engagement n&rsquo;est pas sp\u00e9cialement valoris\u00e9, mais aujourd&rsquo;hui, en 2016, il n&rsquo;est d\u00e9cid\u00e9ment plus possible d&rsquo;attendre quoi que ce soit de qui que ce soit, l&rsquo;institution la premi\u00e8re. Chacun doit se prendre en main et produire les efforts n\u00e9cessaires pour acqu\u00e9rir la culture num\u00e9rique de ce temps, histoire de partager un peu des valeurs de cette derni\u00e8re avec ceux avec lesquels on travaille, les \u00e9l\u00e8ves les premiers\u00a0\u2014\u00a0l\u00e0 je pressens que je f\u00e2che certains lecteurs, tant pis\u00a0!<\/p>\n<p><strong>Comment prendre en main sa propre formation\u00a0?<\/strong><\/p>\n<p>Au-del\u00e0 des catalogues acad\u00e9miques habituels, il existe des plateformes de formation en ligne, \u00e0 commencer par <a href=\"https:\/\/magistere.education.fr\/\" target=\"_blank\">M@gist\u00e8re<\/a> et tous les MOOC \u00a0propos\u00e9s sur la plateforme nationale <a href=\"https:\/\/www.fun-mooc.fr\/\" target=\"_blank\">FUN<\/a>. Un professeur qui s&rsquo;engage dans sa propre formation et acculturation doit aussi exercer <strong>une veille m\u00e9thodique<\/strong> en ligne, sur les r\u00e9seaux sociaux, dans les associations disciplinaires ou p\u00e9dagogiques, dans les m\u00e9dias sp\u00e9cialis\u00e9s, sur les blogues qui s&rsquo;int\u00e9ressent au sujet\u2026 C&rsquo;est la moindre des choses.<\/p>\n<p>Mais se former, ce n&rsquo;est pas seulement veiller, c&rsquo;est aussi <strong>partager sa veille<\/strong> et se constituer un microcosme de coll\u00e8gues qui produisent et \u00e9changent des informations diverses. Se former, c&rsquo;est aussi participer, quand c&rsquo;est possible, \u00e0 des rassemblements, des rencontres, des colloques, des ateliers collaboratifs, des s\u00e9minaires\u2026<\/p>\n<p>Et puis, il y a <strong>les apprentissages informels<\/strong> mis en \u0153uvre dans des formations informelles, dans la famille, avec les amis, les coll\u00e8gues ou m\u00eame les \u00e9l\u00e8ves\u2026<\/p>\n<p>La question de la formation telle qu&rsquo;elle est mise en \u0153uvre depuis des d\u00e9cennies est donc clairement pos\u00e9e\u00a0: aujourd&rsquo;hui, plus que jamais, on ne peut plus faire comme avant. Il devient n\u00e9cessaire d&rsquo;innover, dans ce domaine comme dans d&rsquo;autres, et de trouver les modalit\u00e9s ad\u00e9quates aux besoins r\u00e9els des enseignants, qui se rapprochent plus d&rsquo;une mise en ad\u00e9quation avec leur temps et de la compr\u00e9hension des enjeux que de la simple ma\u00eetrise suppos\u00e9e de quelques outils.<\/p>\n<p>Ce constat de <strong>l&rsquo;obligation \u00e0 changer<\/strong>, \u00e0 ne plus faire comme avant, parce que non, ce n&rsquo;\u00e9tait pas mieux avant, celle que nous impose le paradigme num\u00e9rique, est partag\u00e9 par un des pionniers du num\u00e9rique, un professeur qui a aussi go\u00fbt\u00e9 \u00e0 la formation et qui a depuis repris ses \u00e9l\u00e8ves et qui m&rsquo;\u00e9crivait r\u00e9cemment\u00a0:<\/p>\n<blockquote><p>\u00ab\u00a0\u00c7a fait plus de trente ans maintenant que j&rsquo;ai les doigts dans le num\u00e9rique que je crois avoir conjugu\u00e9 \u00e0 peu pr\u00e8s \u00e0 toutes les sauces dans la classe ou hors de la classe. Mais dans les structures actuelles (la classe et ses murs + 55 minutes + programmes + interdiction d&rsquo;utiliser les t\u00e9l\u00e9phones mobiles au coll\u00e8ge + r\u00e9seaux pourris + pas de wifi + plein de TNI\/TBI partout mais pour quoi faire +++ &#8230;), je ne vois d\u00e9cid\u00e9ment plus trop bien en quoi le num\u00e9rique pourrait transcender ma pratique p\u00e9dagogique.<\/p>\n<p>C&rsquo;est toutes les modalit\u00e9s qu&rsquo;il faudrait pouvoir faire bouger \u00e0 la fois pour qu&rsquo;on puisse modifier substantiellement les formes de l&rsquo;enseignement dans lesquelles le num\u00e9rique trouverait sa place et son utilit\u00e9 tout naturellement. Avec un \u00e9l\u00e8ve moins asservi, avec des libres parcours, des unit\u00e9s de valeur, que sais-je encore. Mais il y a d\u00e9cid\u00e9ment trop de corsets mat\u00e9riels et psychologiques&#8230;\u00a0\u00bb<\/p><\/blockquote>\n<p>Oh la belle col\u00e8re\u00a0!<\/p>\n<p><strong>Trop de corsets\u00a0?<\/strong> Tout faire bouger \u00e0 la fois\u00a0? Moins asservir les \u00e9l\u00e8ves\u00a0? J&rsquo;ai la curieuse impression d&rsquo;avoir d\u00e9j\u00e0 lu tout \u00e7a ailleurs\u2026 Mais o\u00f9\u00a0?<\/p>\n<p>Michel Guillou\u00a0<a href=\"https:\/\/twitter.com\/michelguillou\" target=\"_blank\">@michelguillou<\/a><\/p>\n<p><a href=\"http:\/\/creativecommons.org\/licenses\/by-nc-sa\/2.0\/fr\/\" target=\"_blank\"><img loading=\"lazy\" decoding=\"async\" src=\"https:\/\/i.creativecommons.org\/l\/by-nc-sa\/2.0\/fr\/80x15.png\" alt=\"image\" width=\"80\" height=\"15\" data-pin-nopin=\"true\" \/><\/a><\/p>\n<p>Cr\u00e9dit photo\u00a0: via <a href=\"https:\/\/pixabay.com\/fr\/outils-vintage-travail-du-bois-vu-1209764\/\" target=\"_blank\">Pixabay<\/a>\u00a0et <a href=\"https:\/\/pixabay.com\/fr\/halt%C3%A8re-formation-salle-de-fitness-940375\/\" target=\"_blank\">Pixabay<\/a>\u00a0<a href=\"https:\/\/creativecommons.org\/publicdomain\/zero\/1.0\/deed.fr\" target=\"_blank\">Creative Commons CC0<\/a><\/p>\n<p>[cite]<\/p>\n","protected":false},"excerpt":{"rendered":"<p><img loading=\"lazy\" decoding=\"async\" class=\"aligncenter size-full wp-image-5492\" src=\"https:\/\/www.culture-numerique.fr\/wp-content\/uploads\/2016\/10\/tools-1209764_1280.jpg\" alt=\"Atelier\" width=\"1280\" height=\"853\" srcset=\"https:\/\/www.culture-numerique.fr\/wp-content\/uploads\/2016\/10\/tools-1209764_1280.jpg 1280w, https:\/\/www.culture-numerique.fr\/wp-content\/uploads\/2016\/10\/tools-1209764_1280-300x200.jpg 300w, https:\/\/www.culture-numerique.fr\/wp-content\/uploads\/2016\/10\/tools-1209764_1280-1024x682.jpg 1024w, https:\/\/www.culture-numerique.fr\/wp-content\/uploads\/2016\/10\/tools-1209764_1280-100x67.jpg 100w, https:\/\/www.culture-numerique.fr\/wp-content\/uploads\/2016\/10\/tools-1209764_1280-150x100.jpg 150w, https:\/\/www.culture-numerique.fr\/wp-content\/uploads\/2016\/10\/tools-1209764_1280-200x133.jpg 200w, https:\/\/www.culture-numerique.fr\/wp-content\/uploads\/2016\/10\/tools-1209764_1280-450x300.jpg 450w, https:\/\/www.culture-numerique.fr\/wp-content\/uploads\/2016\/10\/tools-1209764_1280-600x400.jpg 600w, https:\/\/www.culture-numerique.fr\/wp-content\/uploads\/2016\/10\/tools-1209764_1280-900x600.jpg 900w\" sizes=\"auto, (max-width: 1280px) 100vw, 1280px\" \/><\/p>\n<p><strong>L&rsquo;actualit\u00e9 est ainsi faite <\/strong>que des \u00e9v\u00e9nements sans gu\u00e8re de rapport entre eux viennent s&rsquo;entrechoquer et donner un curieux \u00e9clairage \u00e0 la mani\u00e8re dont l&rsquo;\u00e9cole op\u00e8re sa transformation num\u00e9rique. C&rsquo;est ainsi que le titre d&rsquo;un article du magazine <em><a href=\"http:\/\/www.challenges.fr\/\" target=\"_blank\">Challenges<\/a><\/em> a titill\u00e9 ma curiosit\u00e9 \u00ab\u00a0<a href=\"http:\/\/www.challenges.fr\/election-presidentielle-2017\/le-defi-numerique\/former-les-enseignants-et-les-eleves-au-numerique-une-priorite_435557\" target=\"_blank\">Former les enseignants et les \u00e9l\u00e8ves au num\u00e9rique: une priorit\u00e9<\/a>\u00a0\u00bb.<\/p>\n<p><span class=\"ellipsis\">&hellip;<\/span><\/p>\n<div class=\"read-more\"><a href=\"https:\/\/www.culture-numerique.fr\/?p=5488\">Lire la suite &#8250;<\/a><\/div>\n<p><!-- end of .read-more --><\/p>\n","protected":false},"author":1,"featured_media":5492,"comment_status":"open","ping_status":"open","sticky":false,"template":"","format":"standard","meta":{"jetpack_post_was_ever_published":false,"_jetpack_newsletter_access":"","_jetpack_dont_email_post_to_subs":true,"_jetpack_newsletter_tier_id":0,"_jetpack_memberships_contains_paywalled_content":false,"_jetpack_memberships_contains_paid_content":false,"footnotes":""},"categories":[9],"tags":[594,760,52,729,759,40,649,485,757,625,131,758],"class_list":["post-5488","post","type-post","status-publish","format-standard","has-post-thumbnail","hentry","category-billets-dhumeur","tag-acculturation","tag-ateliers","tag-culture-numerique","tag-formateurs","tag-formateurs-de-formateurs","tag-formation","tag-formation-au-numerique","tag-formation-en-ligne","tag-maitrise-des-outils","tag-microcosmes","tag-partage","tag-veille"],"jetpack_featured_media_url":"https:\/\/www.culture-numerique.fr\/wp-content\/uploads\/2016\/10\/tools-1209764_1280.jpg","jetpack_sharing_enabled":true,"_links":{"self":[{"href":"https:\/\/www.culture-numerique.fr\/index.php?rest_route=\/wp\/v2\/posts\/5488","targetHints":{"allow":["GET"]}}],"collection":[{"href":"https:\/\/www.culture-numerique.fr\/index.php?rest_route=\/wp\/v2\/posts"}],"about":[{"href":"https:\/\/www.culture-numerique.fr\/index.php?rest_route=\/wp\/v2\/types\/post"}],"author":[{"embeddable":true,"href":"https:\/\/www.culture-numerique.fr\/index.php?rest_route=\/wp\/v2\/users\/1"}],"replies":[{"embeddable":true,"href":"https:\/\/www.culture-numerique.fr\/index.php?rest_route=%2Fwp%2Fv2%2Fcomments&post=5488"}],"version-history":[{"count":36,"href":"https:\/\/www.culture-numerique.fr\/index.php?rest_route=\/wp\/v2\/posts\/5488\/revisions"}],"predecessor-version":[{"id":5595,"href":"https:\/\/www.culture-numerique.fr\/index.php?rest_route=\/wp\/v2\/posts\/5488\/revisions\/5595"}],"wp:featuredmedia":[{"embeddable":true,"href":"https:\/\/www.culture-numerique.fr\/index.php?rest_route=\/wp\/v2\/media\/5492"}],"wp:attachment":[{"href":"https:\/\/www.culture-numerique.fr\/index.php?rest_route=%2Fwp%2Fv2%2Fmedia&parent=5488"}],"wp:term":[{"taxonomy":"category","embeddable":true,"href":"https:\/\/www.culture-numerique.fr\/index.php?rest_route=%2Fwp%2Fv2%2Fcategories&post=5488"},{"taxonomy":"post_tag","embeddable":true,"href":"https:\/\/www.culture-numerique.fr\/index.php?rest_route=%2Fwp%2Fv2%2Ftags&post=5488"}],"curies":[{"name":"wp","href":"https:\/\/api.w.org\/{rel}","templated":true}]}}