{"id":548,"date":"2012-05-21T18:26:45","date_gmt":"2012-05-21T16:26:45","guid":{"rendered":"http:\/\/www.culture-numerique.fr\/?p=548"},"modified":"2016-12-23T00:36:12","modified_gmt":"2016-12-22T23:36:12","slug":"ouvrir-les-yeux-sur-la-censure-ordinaire","status":"publish","type":"post","link":"https:\/\/www.culture-numerique.fr\/?p=548","title":{"rendered":"Ouvrir les yeux sur la censure ordinaire"},"content":{"rendered":"<p><a href=\"http:\/\/www.culture-numerique.fr\/wp-content\/uploads\/2014\/04\/medium_3237164755.jpg\"><img loading=\"lazy\" decoding=\"async\" class=\"wp-image-549 aligncenter\" src=\"http:\/\/www.culture-numerique.fr\/wp-content\/uploads\/2014\/04\/medium_3237164755.jpg\" alt=\"Huis\" width=\"842\" height=\"705\" srcset=\"https:\/\/www.culture-numerique.fr\/wp-content\/uploads\/2014\/04\/medium_3237164755.jpg 640w, https:\/\/www.culture-numerique.fr\/wp-content\/uploads\/2014\/04\/medium_3237164755-300x251.jpg 300w, https:\/\/www.culture-numerique.fr\/wp-content\/uploads\/2014\/04\/medium_3237164755-100x83.jpg 100w, https:\/\/www.culture-numerique.fr\/wp-content\/uploads\/2014\/04\/medium_3237164755-150x125.jpg 150w, https:\/\/www.culture-numerique.fr\/wp-content\/uploads\/2014\/04\/medium_3237164755-200x167.jpg 200w, https:\/\/www.culture-numerique.fr\/wp-content\/uploads\/2014\/04\/medium_3237164755-450x376.jpg 450w, https:\/\/www.culture-numerique.fr\/wp-content\/uploads\/2014\/04\/medium_3237164755-600x502.jpg 600w\" sizes=\"auto, (max-width: 842px) 100vw, 842px\" \/><\/a><\/p>\n<p><strong>Le Caf\u00e9 p\u00e9dagogique ouvre les yeux sur la vie<\/strong>. Son domaine sans doute fortuitement tomb\u00e9 dans une\u00a0<a href=\"http:\/\/fr.wikipedia.org\/wiki\/Lutte_anti-spam\" target=\"_blank\">RBL<\/a>\u00a0quelconque (\u00e0 v\u00e9rifier), il semble impossible de lui envoyer quelque courriel que ce soit\u2026<\/p>\n<p>Du coup, son \u00e9ditorialiste, ce matin,\u00a0<a href=\"http:\/\/www.cafepedagogique.net\/lexpresso\/Pages\/2012\/05\/21052012Article634731617449358425.aspx\" target=\"_blank\">s\u2019indigne<\/a>\u00a0contre une impitoyable censure et lance une p\u00e9tition.<\/p>\n<blockquote><p>\u00ab\u00a0<em>Est-il tol\u00e9rable de donner des pouvoirs de censure \u00e0 des groupes priv\u00e9s sans aucun contr\u00f4le d\u00e9mocratique\u00a0? Est-il acceptable qu\u2019un m\u00e9dia soit censur\u00e9 par eux\u00a0? Avons-nous encore le droit de parler dans des messages priv\u00e9s de ce que nous voulons\u00a0?<\/em>\u00a0\u00bb<\/p><\/blockquote>\n<p>Il va de soi que c\u2019est tr\u00e8s emb\u00eatant et qu\u2019il y a lieu, comme rappel\u00e9 dans cet \u00e9dito, que les FAI utilisent des technologies de guerre contre le fl\u00e9au du spam et ne s\u2019embarrassent gu\u00e8re des pr\u00e9cautions \u00e9l\u00e9mentaires et des explications dues aux usagers. Il y aurait tant \u00e0 dire sur la lutte antispam et ces choix, toujours un peu obscurs et d\u00e9l\u00e9gu\u00e9s \u00e0 des officines douteuses. Mais bon, peut-on rappeler qu\u2019on n\u2019est pas oblig\u00e9 d\u2019utiliser les services approximatifs des FAI grand public pour envoyer ou recevoir son courriel\u00a0? Il existe des FSI (fournisseurs de service) tr\u00e8s s\u00e9rieux et respectueux de leurs usagers qui font \u00e7a tr\u00e8s bien\u2026 Par ailleurs, pour ma part, je m\u2019en occupe tout seul et ne demande rien \u00e0 personne et surtout rien d\u2019autre \u00e0 mon FAI que de me fournir une IP.<\/p>\n<p>Enfin, sur le point qui nous occupe ce matin, j\u2019aimerais rappeler que la situation que d\u00e9crit le Caf\u00e9 p\u00e9dagogique est exactement celle que vivent chaque jour des millions de professeurs et d\u2019\u00e9l\u00e8ves qui, dans nos \u00e9coles, coll\u00e8ges et lyc\u00e9es, veulent acc\u00e9der \u00e0 des ressources en ligne\u00a0!\u00a0<strong>De mani\u00e8re autoritaire, sans explication, c\u2019est Twitter, Youtube, Dailymotion, Wikipedia (oui, oui\u00a0!), Facebook, mais aussi les sites de m\u00e9dias d\u2019information qui sont censur\u00e9s sur les r\u00e9seaux p\u00e9dagogiques, dans les salles de classe ou les CDI de nos \u00e9tablissements scolaires.<\/strong><\/p>\n<p>Sauf erreur de ma part, depuis que cette censure unilat\u00e9rale, violente, stupide existe, je n\u2019ai pas lu sur le Caf\u00e9 p\u00e9dagogique quelque indignation que ce soit ou quelque p\u00e9tition pour s\u2019en plaindre et soutenir les coll\u00e8gues.<\/p>\n<p>\u00c0 bon entendeur\u2026<\/p>\n<p>Michel Guillou\u00a0<a style=\"color: #2c32f6;\" title=\"Twitter\" href=\"https:\/\/twitter.com\/#!\/michelguillou\" target=\"_blank\">@michelguillou\u00a0<\/a><\/p>\n<p><a style=\"color: #2c32f6;\" href=\"http:\/\/creativecommons.org\/licenses\/by-nc-sa\/2.0\/fr\/\" target=\"_blank\" rel=\"license\"><img decoding=\"async\" src=\"http:\/\/i.creativecommons.org\/l\/by-nc-sa\/2.0\/fr\/80x15.png\" alt=\"Licence Creative Commons\" \/><\/a><\/p>\n<p>Cr\u00e9dit photo\u00a0:\u00a0<a href=\"http:\/\/www.flickr.com\/photos\/maistora\/3237164755\/\" target=\"_blank\">maistora<\/a>\u00a0via\u00a0<a href=\"http:\/\/photopin.com\/\" target=\"_blank\">photo pin<\/a>\u00a0<a href=\"http:\/\/creativecommons.org\/licenses\/by-nc-nd\/2.0\/\" target=\"_blank\">cc<\/a><\/p>\n<p>[cite]<\/p>\n","protected":false},"excerpt":{"rendered":"<p><a href=\"http:\/\/www.culture-numerique.fr\/wp-content\/uploads\/2014\/04\/medium_3237164755.jpg\"><img loading=\"lazy\" decoding=\"async\" class=\"wp-image-549 aligncenter\" src=\"http:\/\/www.culture-numerique.fr\/wp-content\/uploads\/2014\/04\/medium_3237164755.jpg\" alt=\"Huis\" width=\"842\" height=\"705\" srcset=\"https:\/\/www.culture-numerique.fr\/wp-content\/uploads\/2014\/04\/medium_3237164755.jpg 640w, https:\/\/www.culture-numerique.fr\/wp-content\/uploads\/2014\/04\/medium_3237164755-300x251.jpg 300w, https:\/\/www.culture-numerique.fr\/wp-content\/uploads\/2014\/04\/medium_3237164755-100x83.jpg 100w, https:\/\/www.culture-numerique.fr\/wp-content\/uploads\/2014\/04\/medium_3237164755-150x125.jpg 150w, https:\/\/www.culture-numerique.fr\/wp-content\/uploads\/2014\/04\/medium_3237164755-200x167.jpg 200w, https:\/\/www.culture-numerique.fr\/wp-content\/uploads\/2014\/04\/medium_3237164755-450x376.jpg 450w, https:\/\/www.culture-numerique.fr\/wp-content\/uploads\/2014\/04\/medium_3237164755-600x502.jpg 600w\" sizes=\"auto, (max-width: 842px) 100vw, 842px\" \/><\/a><\/p>\n<p><strong>Le Caf\u00e9 p\u00e9dagogique ouvre les yeux sur la vie<\/strong>. Son domaine sans doute fortuitement tomb\u00e9 dans une\u00a0<a href=\"http:\/\/fr.wikipedia.org\/wiki\/Lutte_anti-spam\" target=\"_blank\">RBL<\/a>\u00a0quelconque (\u00e0 v\u00e9rifier), il semble impossible de lui envoyer quelque courriel que ce soit\u2026<\/p>\n<p>Du coup,<\/p>\n<p><span class=\"ellipsis\">&hellip;<\/span><\/p>\n<div class=\"read-more\"><a href=\"https:\/\/www.culture-numerique.fr\/?p=548\">Lire la suite &#8250;<\/a><\/div>\n<p><!-- end of .read-more --><\/p>\n","protected":false},"author":1,"featured_media":549,"comment_status":"open","ping_status":"open","sticky":false,"template":"","format":"standard","meta":{"jetpack_post_was_ever_published":false,"_jetpack_newsletter_access":"","_jetpack_dont_email_post_to_subs":true,"_jetpack_newsletter_tier_id":0,"_jetpack_memberships_contains_paywalled_content":false,"_jetpack_memberships_contains_paid_content":false,"footnotes":""},"categories":[9],"tags":[14,21],"class_list":["post-548","post","type-post","status-publish","format-standard","has-post-thumbnail","hentry","category-billets-dhumeur","tag-censure","tag-filtrage"],"jetpack_featured_media_url":"https:\/\/www.culture-numerique.fr\/wp-content\/uploads\/2014\/04\/medium_3237164755.jpg","jetpack_sharing_enabled":true,"_links":{"self":[{"href":"https:\/\/www.culture-numerique.fr\/index.php?rest_route=\/wp\/v2\/posts\/548","targetHints":{"allow":["GET"]}}],"collection":[{"href":"https:\/\/www.culture-numerique.fr\/index.php?rest_route=\/wp\/v2\/posts"}],"about":[{"href":"https:\/\/www.culture-numerique.fr\/index.php?rest_route=\/wp\/v2\/types\/post"}],"author":[{"embeddable":true,"href":"https:\/\/www.culture-numerique.fr\/index.php?rest_route=\/wp\/v2\/users\/1"}],"replies":[{"embeddable":true,"href":"https:\/\/www.culture-numerique.fr\/index.php?rest_route=%2Fwp%2Fv2%2Fcomments&post=548"}],"version-history":[{"count":5,"href":"https:\/\/www.culture-numerique.fr\/index.php?rest_route=\/wp\/v2\/posts\/548\/revisions"}],"predecessor-version":[{"id":5765,"href":"https:\/\/www.culture-numerique.fr\/index.php?rest_route=\/wp\/v2\/posts\/548\/revisions\/5765"}],"wp:featuredmedia":[{"embeddable":true,"href":"https:\/\/www.culture-numerique.fr\/index.php?rest_route=\/wp\/v2\/media\/549"}],"wp:attachment":[{"href":"https:\/\/www.culture-numerique.fr\/index.php?rest_route=%2Fwp%2Fv2%2Fmedia&parent=548"}],"wp:term":[{"taxonomy":"category","embeddable":true,"href":"https:\/\/www.culture-numerique.fr\/index.php?rest_route=%2Fwp%2Fv2%2Fcategories&post=548"},{"taxonomy":"post_tag","embeddable":true,"href":"https:\/\/www.culture-numerique.fr\/index.php?rest_route=%2Fwp%2Fv2%2Ftags&post=548"}],"curies":[{"name":"wp","href":"https:\/\/api.w.org\/{rel}","templated":true}]}}