{"id":546,"date":"2012-05-30T18:22:14","date_gmt":"2012-05-30T16:22:14","guid":{"rendered":"http:\/\/www.culture-numerique.fr\/?p=546"},"modified":"2016-08-17T17:16:26","modified_gmt":"2016-08-17T15:16:26","slug":"une-culture-numerique-pour-leducation-aux-medias","status":"publish","type":"post","link":"https:\/\/www.culture-numerique.fr\/?p=546","title":{"rendered":"Une culture num\u00e9rique pour l\u2019\u00e9ducation aux m\u00e9dias\u2026"},"content":{"rendered":"<p><a href=\"http:\/\/www.culture-numerique.fr\/wp-content\/uploads\/2012\/05\/tumblr_m3wfqv5F8W1r0uc0h.jpg\"><img loading=\"lazy\" decoding=\"async\" class=\"wp-image-1722 aligncenter\" src=\"http:\/\/www.culture-numerique.fr\/wp-content\/uploads\/2012\/05\/tumblr_m3wfqv5F8W1r0uc0h-300x200.jpg\" alt=\"Cit\u00e9\" width=\"1024\" height=\"684\" srcset=\"https:\/\/www.culture-numerique.fr\/wp-content\/uploads\/2012\/05\/tumblr_m3wfqv5F8W1r0uc0h-300x200.jpg 300w, https:\/\/www.culture-numerique.fr\/wp-content\/uploads\/2012\/05\/tumblr_m3wfqv5F8W1r0uc0h-100x66.jpg 100w, https:\/\/www.culture-numerique.fr\/wp-content\/uploads\/2012\/05\/tumblr_m3wfqv5F8W1r0uc0h-150x100.jpg 150w, https:\/\/www.culture-numerique.fr\/wp-content\/uploads\/2012\/05\/tumblr_m3wfqv5F8W1r0uc0h-200x133.jpg 200w, https:\/\/www.culture-numerique.fr\/wp-content\/uploads\/2012\/05\/tumblr_m3wfqv5F8W1r0uc0h-450x300.jpg 450w, https:\/\/www.culture-numerique.fr\/wp-content\/uploads\/2012\/05\/tumblr_m3wfqv5F8W1r0uc0h.jpg 500w\" sizes=\"auto, (max-width: 1024px) 100vw, 1024px\" \/><\/a><\/p>\n<p><strong>Stage d\u2019int\u00e9gration\u00a0<\/strong><strong>\u2014 Clemi\u00a0<\/strong><strong>\u2014\u00a0<\/strong><strong>Formation des nouveaux formateurs<br \/>\n<\/strong><strong>Cit\u00e9 des Sciences et de l\u2019Industrie \u2014 Jeudi 24 mai 2012<\/strong><\/p>\n<p>Ce stage s\u2019est d\u00e9roul\u00e9 \u00e0 Paris entre le 21 et le 25 mai 2012. Vous trouverez ci-dessous le contenu de la journ\u00e9e du 24 mai qui a eu pour objectif de faire acqu\u00e9rir aux nouveaux formateurs des acad\u00e9mies \u00ab\u00a0Une culture num\u00e9rique pour l\u2019\u00e9ducation aux m\u00e9dias\u2026\u00a0\u00bb.<\/p>\n<p>D\u00e9roul\u00e9\u00a0:<\/p>\n<p>10 h &#8211; 10 h 10\u00a0:\u00a0<strong>Pr\u00e9sentation de la journ\u00e9e et des intervenants<\/strong><\/p>\n<p>10 h 10 &#8211; 11 h 30\u00a0:\u00a0<strong>Les\u00a0<\/strong><strong>pratiques num\u00e9riques m\u00e9diatiques des jeunes<\/strong><a style=\"color: #2c32f6;\" href=\"http:\/\/gingko.neottia.net\/post\/19392800449\/les-pratiques-numeriques-mediatiques-des-jeunes\" target=\"_blank\"><br \/>\n<\/a>Michel Guillou<\/p>\n<div id=\"__ss_13065910\"><a title=\"Pratiques num\u00e9riques m\u00e9diatiques des jeunes v2.2\" href=\"http:\/\/www.slideshare.net\/mguillou\/pratiques-numriques-mdiatiques-des-jeunes-v22\" target=\"_blank\">Pratiques num\u00e9riques m\u00e9diatiques des jeunes v2.2<\/a><\/div>\n<div>\n<p><iframe loading=\"lazy\" src=\"http:\/\/www.slideshare.net\/slideshow\/embed_code\/13065910\" width=\"425\" height=\"355\" frameborder=\"0\" marginwidth=\"0\" marginheight=\"0\" scrolling=\"no\"><\/iframe><\/p>\n<div>View more\u00a0<a href=\"http:\/\/www.slideshare.net\/\" target=\"_blank\">presentations<\/a>\u00a0from\u00a0<a href=\"http:\/\/www.slideshare.net\/mguillou\" target=\"_blank\">mguillou<\/a><\/div>\n<\/div>\n<ul>\n<li>Pr\u00e9sentation<\/li>\n<li>\u00c9changes<\/li>\n<\/ul>\n<p>11 h 30 &#8211; 12 h 45\u00a0:\u00a0<strong>\u00c9duquer aux m\u00e9dias num\u00e9riques, les Twittclasses<\/strong><br \/>\nBertrand Formet<\/p>\n<div id=\"__ss_13109625\"><a title=\"\u00c9duquer aux m\u00e9dias num\u00e9riques : les Twittclasses\" href=\"http:\/\/www.slideshare.net\/TiceChampagnole\/duquer-aux-mdias-numriques-les-twittclasses-13109625\" target=\"_blank\">\u00c9duquer aux m\u00e9dias num\u00e9riques\u00a0: les Twittclasses<\/a><\/div>\n<div>\n<p><iframe loading=\"lazy\" src=\"http:\/\/www.slideshare.net\/slideshow\/embed_code\/13109625?startSlide=2\" width=\"425\" height=\"355\" frameborder=\"0\" marginwidth=\"0\" marginheight=\"0\" scrolling=\"no\"><\/iframe><\/p>\n<div>View more\u00a0<a href=\"http:\/\/www.slideshare.net\/\" target=\"_blank\">presentations<\/a>\u00a0from\u00a0<a href=\"http:\/\/www.slideshare.net\/TiceChampagnole\" target=\"_blank\">B. Formet<\/a><\/div>\n<\/div>\n<ul>\n<li>Hiistorique<\/li>\n<li>Mise en avant de quelques classes et de projets particuliers de la maternelle \u00e0 l\u2019universit\u00e9<\/li>\n<li>Zoom sur\u00a0<a href=\"https:\/\/twitter.com\/#!\/crotenaycycle3\" target=\"_blank\">@crotenaycycle3<\/a>\u00a0et le projet en cours (#140etplus notamment)<\/li>\n<li>Zoom sur le\u00a0<a href=\"http:\/\/amandineter.free.fr\/Journal_Twitter_Cycle_3\/Journal\/Entrees\/2012\/3\/27_Semaine_de_la_presse_et_des_medias_dans_lecole___Twitter_et_medias.html\" target=\"_blank\">projet SPME 2012<\/a>, toujours \u00e0 Crotenay, sur les m\u00e9dias num\u00e9riques<\/li>\n<li>\u00c9changes<\/li>\n<\/ul>\n<div>Sitographie\u00a0:<\/div>\n<div>\n<div>\n<ul>\n<li>Site des Twittclasses\u00a0:\u00a0<a href=\"http:\/\/twittclasses.posterous.com\/\" target=\"_blank\">http:\/\/twittclasses.posterous.com<\/a><\/li>\n<li>Twitter, un outil au service de la p\u00e9dagogie\u2026 comme les autres\u00a0?, Savoirs CDI, janvier 2012<br \/>\n<a href=\"http:\/\/www.cndp.fr\/savoirscdi\/cdi-outil-pedagogique\/reflexion\/twitter-un-outil-au-service-de-la-pedagogie-comme-les-autres.html\" target=\"_blank\">http:\/\/www.cndp.fr\/savoirscdi\/cdi-outil-pedagogique\/reflexion\/twitter-un-outil-au-service-de-la-pedagogie-comme-les-autres.html<\/a><\/li>\n<li>Blog d\u00e9di\u00e9 au projet @crotenaycycle3\u00a0:\u00a0<a href=\"http:\/\/amandineter.free.fr\/\" target=\"_blank\">http:\/\/amandineter.free.fr<\/a><\/li>\n<li>Blog d\u00e9di\u00e9 au projet #140etplus\u00a0:\u00a0<a href=\"http:\/\/140etplus.tumblr.com\/\" target=\"_blank\">http:\/\/140etplus.tumblr.com<\/a><\/li>\n<li>Usages p\u00e9dagogiques de Twitter\u00a0:<a href=\"http:\/\/www.eduscol.education.fr\/numerique\/actualites\/veille-education-numerique\/mai-2012\/usages-pedagogiques-twitter\" target=\"_blank\">http:\/\/www.eduscol.education.fr\/numerique\/actualites\/veille-education-numerique\/mai-2012\/usages-pedagogiques-twitter<\/a><\/li>\n<\/ul>\n<\/div>\n<\/div>\n<p>12 h 45 &#8211; 14 h<\/p>\n<ul>\n<li>Pause repas<\/li>\n<\/ul>\n<p>14 h &#8211; 15 h\u00a0:\u00a0<strong>Les r\u00e9seaux sociaux et m\u00e9dias num\u00e9riques, un point sur Twitter<\/strong><br \/>\nMichel Guillou<\/p>\n<ul>\n<li>Twitter, outil de veille (le journaliste, le formateur, le professeur, les \u00e9l\u00e8ves)<\/li>\n<li>Le partage, l\u2019\u00e9change, l\u2019interactivit\u00e9, la validation de l\u2019info<\/li>\n<li>Vers la curation<\/li>\n<li>\u00c9changes<\/li>\n<\/ul>\n<p>15 h &#8211; 16 h\u00a0:\u00a0<strong>Les services et outils pour la curation<\/strong><br \/>\nPauline Mercury<\/p>\n<div id=\"__ss_13180443\"><a title=\"Curation et curateurs en vogue sur le web\" href=\"http:\/\/www.slideshare.net\/paolinem\/curation-et-curateurs-en-vogue-sur-le-web\" target=\"_blank\">Curation et curateurs en vogue sur le web<\/a><\/div>\n<div>\n<p><iframe loading=\"lazy\" src=\"http:\/\/www.slideshare.net\/slideshow\/embed_code\/13180443\" width=\"425\" height=\"355\" frameborder=\"0\" marginwidth=\"0\" marginheight=\"0\" scrolling=\"no\"><\/iframe><\/p>\n<div>View more\u00a0<a href=\"http:\/\/www.slideshare.net\/\" target=\"_blank\">presentations<\/a>\u00a0from\u00a0<a href=\"http:\/\/www.slideshare.net\/paolinem\" target=\"_blank\">paolinem<\/a><\/div>\n<\/div>\n<ul>\n<li>Curation et curateurs<\/li>\n<li>La curation, des pratiques, des d\u00e9finitions<\/li>\n<li>Le curateur, nouvel acteur dans l\u2019\u00e9cosyst\u00e8me informationnel<\/li>\n<li>Visite de quelques plates-formes sophistiqu\u00e9es, point sur Scoop-it et Pearltrees<\/li>\n<li>\u00c9changes<\/li>\n<\/ul>\n<p>Sitographie :<br \/>\n<a href=\"http:\/\/www.pearltrees.com\/paolinem\/ressources-presentation\/id5039168\" target=\"_blank\">http:\/\/www.pearltrees.com\/paolinem\/ressources-presentation\/id5039168<\/a><\/p>\n<p>&#8211; 16 h &#8211; 16 h 30 :\u00a0<strong>Bilan et \u00e9changes en commun<\/strong><\/p>\n<p>Ce billet s\u2019enrichira d\u2019\u00e9l\u00e9ments de sitographie.<\/p>\n<p>Michel Guillou\u00a0<a title=\"Twitter\" href=\"https:\/\/twitter.com\/#!\/michelguillou\" target=\"_blank\">@michelguillou<br \/>\n<\/a>Bertrand Formet\u00a0<a href=\"https:\/\/twitter.com\/#!\/@TiceChampagnole\" target=\"_blank\">@ticechampagnole<\/a><br \/>\nPauline Mercury \u00a0<a href=\"https:\/\/twitter.com\/#!\/@paolinem\" target=\"_blank\">@paolinem\u00a0<\/a><\/p>\n<p><a style=\"color: #2c32f6;\" href=\"http:\/\/creativecommons.org\/licenses\/by-nc-sa\/2.0\/fr\/\" target=\"_blank\" rel=\"license\"><img decoding=\"async\" src=\"http:\/\/i.creativecommons.org\/l\/by-nc-sa\/2.0\/fr\/80x15.png\" alt=\"Licence Creative Commons\" \/><\/a><\/p>\n<p>Cr\u00e9dit photo\u00a0:\u00a0<a style=\"color: #2c32f6;\" href=\"http:\/\/www.flickr.com\/photos\/katchooo\/4530707280\/\" target=\"_blank\">Katchooo<\/a>\u00a0via\u00a0<a style=\"color: #2c32f6;\" href=\"http:\/\/photopin.com\/\" target=\"_blank\">photo pin<\/a>\u00a0<a style=\"color: #2c32f6;\" href=\"http:\/\/creativecommons.org\/licenses\/by-nc-nd\/2.0\/\" target=\"_blank\">cc<\/a><\/p>\n<p>[cite]<\/p>\n","protected":false},"excerpt":{"rendered":"<p><a href=\"http:\/\/www.culture-numerique.fr\/wp-content\/uploads\/2012\/05\/tumblr_m3wfqv5F8W1r0uc0h.jpg\"><img loading=\"lazy\" decoding=\"async\" class=\"wp-image-1722 aligncenter\" src=\"http:\/\/www.culture-numerique.fr\/wp-content\/uploads\/2012\/05\/tumblr_m3wfqv5F8W1r0uc0h-300x200.jpg\" alt=\"Cit\u00e9\" width=\"1024\" height=\"684\" srcset=\"https:\/\/www.culture-numerique.fr\/wp-content\/uploads\/2012\/05\/tumblr_m3wfqv5F8W1r0uc0h-300x200.jpg 300w, https:\/\/www.culture-numerique.fr\/wp-content\/uploads\/2012\/05\/tumblr_m3wfqv5F8W1r0uc0h-100x66.jpg 100w, https:\/\/www.culture-numerique.fr\/wp-content\/uploads\/2012\/05\/tumblr_m3wfqv5F8W1r0uc0h-150x100.jpg 150w, https:\/\/www.culture-numerique.fr\/wp-content\/uploads\/2012\/05\/tumblr_m3wfqv5F8W1r0uc0h-200x133.jpg 200w, https:\/\/www.culture-numerique.fr\/wp-content\/uploads\/2012\/05\/tumblr_m3wfqv5F8W1r0uc0h-450x300.jpg 450w, https:\/\/www.culture-numerique.fr\/wp-content\/uploads\/2012\/05\/tumblr_m3wfqv5F8W1r0uc0h.jpg 500w\" sizes=\"auto, (max-width: 1024px) 100vw, 1024px\" \/><\/a><\/p>\n<p><strong>Stage d\u2019int\u00e9gration\u00a0<\/strong><strong>\u2014 Clemi\u00a0<\/strong><strong>\u2014\u00a0<\/strong><strong>Formation des nouveaux formateurs<br \/>\n<\/strong><strong>Cit\u00e9 des Sciences et de l\u2019Industrie \u2014 Jeudi 24 mai 2012<\/strong><\/p>\n<p>Ce stage s\u2019est d\u00e9roul\u00e9 \u00e0 Paris entre le 21 et le 25 mai 2012.<\/p>\n<p><span class=\"ellipsis\">&hellip;<\/span><\/p>\n<div class=\"read-more\"><a href=\"https:\/\/www.culture-numerique.fr\/?p=546\">Lire la suite &#8250;<\/a><\/div>\n<p><!-- end of .read-more --><\/p>\n","protected":false},"author":1,"featured_media":1722,"comment_status":"open","ping_status":"open","sticky":false,"template":"","format":"standard","meta":{"jetpack_post_was_ever_published":false,"_jetpack_newsletter_access":"","_jetpack_dont_email_post_to_subs":false,"_jetpack_newsletter_tier_id":0,"_jetpack_memberships_contains_paywalled_content":false,"_jetpack_memberships_contains_paid_content":false,"footnotes":""},"categories":[36],"tags":[111,2,31,244],"class_list":["post-546","post","type-post","status-publish","format-standard","has-post-thumbnail","hentry","category-ressources","tag-education-aux-medias","tag-numerique","tag-pratiques-des-jeunes","tag-twitter"],"jetpack_featured_media_url":"https:\/\/www.culture-numerique.fr\/wp-content\/uploads\/2012\/05\/tumblr_m3wfqv5F8W1r0uc0h.jpg","jetpack_sharing_enabled":true,"_links":{"self":[{"href":"https:\/\/www.culture-numerique.fr\/index.php?rest_route=\/wp\/v2\/posts\/546","targetHints":{"allow":["GET"]}}],"collection":[{"href":"https:\/\/www.culture-numerique.fr\/index.php?rest_route=\/wp\/v2\/posts"}],"about":[{"href":"https:\/\/www.culture-numerique.fr\/index.php?rest_route=\/wp\/v2\/types\/post"}],"author":[{"embeddable":true,"href":"https:\/\/www.culture-numerique.fr\/index.php?rest_route=\/wp\/v2\/users\/1"}],"replies":[{"embeddable":true,"href":"https:\/\/www.culture-numerique.fr\/index.php?rest_route=%2Fwp%2Fv2%2Fcomments&post=546"}],"version-history":[{"count":4,"href":"https:\/\/www.culture-numerique.fr\/index.php?rest_route=\/wp\/v2\/posts\/546\/revisions"}],"predecessor-version":[{"id":5228,"href":"https:\/\/www.culture-numerique.fr\/index.php?rest_route=\/wp\/v2\/posts\/546\/revisions\/5228"}],"wp:featuredmedia":[{"embeddable":true,"href":"https:\/\/www.culture-numerique.fr\/index.php?rest_route=\/wp\/v2\/media\/1722"}],"wp:attachment":[{"href":"https:\/\/www.culture-numerique.fr\/index.php?rest_route=%2Fwp%2Fv2%2Fmedia&parent=546"}],"wp:term":[{"taxonomy":"category","embeddable":true,"href":"https:\/\/www.culture-numerique.fr\/index.php?rest_route=%2Fwp%2Fv2%2Fcategories&post=546"},{"taxonomy":"post_tag","embeddable":true,"href":"https:\/\/www.culture-numerique.fr\/index.php?rest_route=%2Fwp%2Fv2%2Ftags&post=546"}],"curies":[{"name":"wp","href":"https:\/\/api.w.org\/{rel}","templated":true}]}}