{"id":5453,"date":"2016-12-16T17:42:33","date_gmt":"2016-12-16T16:42:33","guid":{"rendered":"http:\/\/www.culture-numerique.fr\/?p=5453"},"modified":"2016-12-16T17:44:31","modified_gmt":"2016-12-16T16:44:31","slug":"le-numerique-educatif-entre-ombre-et-lumiere","status":"publish","type":"post","link":"https:\/\/www.culture-numerique.fr\/?p=5453","title":{"rendered":"Le num\u00e9rique \u00e9ducatif entre ombre et lumi\u00e8re"},"content":{"rendered":"<p><img loading=\"lazy\" decoding=\"async\" class=\"aligncenter size-full wp-image-5470\" src=\"https:\/\/www.culture-numerique.fr\/wp-content\/uploads\/2016\/10\/9434755558_aafe3bfff1_b.jpg\" alt=\"Microphone\" width=\"1024\" height=\"640\" srcset=\"https:\/\/www.culture-numerique.fr\/wp-content\/uploads\/2016\/10\/9434755558_aafe3bfff1_b.jpg 1024w, https:\/\/www.culture-numerique.fr\/wp-content\/uploads\/2016\/10\/9434755558_aafe3bfff1_b-300x188.jpg 300w, https:\/\/www.culture-numerique.fr\/wp-content\/uploads\/2016\/10\/9434755558_aafe3bfff1_b-100x63.jpg 100w, https:\/\/www.culture-numerique.fr\/wp-content\/uploads\/2016\/10\/9434755558_aafe3bfff1_b-150x94.jpg 150w, https:\/\/www.culture-numerique.fr\/wp-content\/uploads\/2016\/10\/9434755558_aafe3bfff1_b-200x125.jpg 200w, https:\/\/www.culture-numerique.fr\/wp-content\/uploads\/2016\/10\/9434755558_aafe3bfff1_b-450x281.jpg 450w, https:\/\/www.culture-numerique.fr\/wp-content\/uploads\/2016\/10\/9434755558_aafe3bfff1_b-600x375.jpg 600w, https:\/\/www.culture-numerique.fr\/wp-content\/uploads\/2016\/10\/9434755558_aafe3bfff1_b-900x563.jpg 900w\" sizes=\"auto, (max-width: 1024px) 100vw, 1024px\" \/><\/p>\n<p><strong>C&rsquo;\u00e9tait il y a moins d&rsquo;un an<\/strong>, fin 2015 \u00e0 la veille du nouvel an, j&rsquo;osais\u00a0faire l&rsquo;annonce <a href=\"https:\/\/www.culture-numerique.fr\/?p=4227\" target=\"_blank\">de cinq d\u00e9cisions<\/a>, pourtant fort raisonnables et que tout le monde attend, dont je savais que le minist\u00e8re ne piperait mot en 2016. Eh bien, s&rsquo;il reste encore quelques petites semaines pour me contredire, je crains bien que notre ministre pr\u00e9f\u00e9r\u00e9e ne r\u00e9ussira pas le petit challenge que je m&rsquo;\u00e9tais permis de lui lancer.<\/p>\n<h3>L&rsquo;obscurantisme a encore de beaux jours devant lui<\/h3>\n<p><strong>Faisons le point<\/strong>. J&rsquo;avais propos\u00e9\u00a0:<\/p>\n<ol>\n<li>L\u2019article <a href=\"https:\/\/www.legifrance.gouv.fr\/affichCodeArticle.do?cidTexte=LEGITEXT000006071191&amp;idArticle=LEGIARTI000022494861\" target=\"_blank\">L511-5<\/a> du Code de l\u2019\u00e9ducation sera supprim\u00e9<\/li>\n<li>Une plateforme nationale de blogues sera mise \u00e0 disposition des \u00e9l\u00e8ves<\/li>\n<li>Une plateforme nationale de d\u00e9p\u00f4t de documents sera propos\u00e9e aux professeurs pour des \u00e9changes pair \u00e0 pair<\/li>\n<li>Un r\u00e9f\u00e9rentiel d\u2019interop\u00e9rabilit\u00e9 sera d\u00e9fini et respect\u00e9, la loi encouragera \u00e0 se servir de ressources libres et prot\u00e9gera les biens communs<\/li>\n<li>Une large concertation sera lanc\u00e9e avec les professeurs et leurs syndicats pour refonder leurs missions<\/li>\n<\/ol>\n<p><strong>Rien de tout cela n&rsquo;a vu le d\u00e9but d&rsquo;un commencement de prol\u00e9gom\u00e8nes<\/strong>. J&rsquo;avais cru comprendre, par exemple, que la plateforme <a href=\"http:\/\/www.myriae.education.fr\/\" target=\"_blank\">Myria\u00e9<\/a> promue par <a href=\"http:\/\/www.reseau-canope.fr\/\" target=\"_blank\">Canop\u00e9<\/a>, qui vient d&rsquo;ouvrir et est particuli\u00e8rement vide pour l&rsquo;instant, pouvait devenir cette plateforme d&rsquo;\u00e9change de cours, de s\u00e9quences, de progressions, de documents de toutes sortes produits par les professeurs des \u00e9coles, des coll\u00e8ges et des lyc\u00e9es qui auraient eu envie de partager leurs travaux, leurs id\u00e9es\u2026 Pour tous ceux-l\u00e0, aucun espoir d&rsquo;y trouver d&rsquo;autre avantage que le plaisir du partage, de la mise \u00e0 disposition d\u00e9sint\u00e9ress\u00e9e de son travail vers\u00e9 au pot commun\u2026 Avec l&rsquo;espoir aussi du probable enrichissement qu&rsquo;apporte le flux num\u00e9rique.<\/p>\n<p>On aurait pu imaginer qu&rsquo;un op\u00e9rateur public, avec une mission de service public, non asservi aux seuls int\u00e9r\u00eats de l&rsquo;\u00e9dition priv\u00e9e, puisse se saisir de cette indispensable et noble mission. En vain, semble-t-il, m\u00eame s&rsquo;il est peut-\u00eatre encore trop t\u00f4t pour le dire. Mais de toute \u00e9vidence, on s&rsquo;oriente en haut lieu vers la mise \u00e0 disposition verticale de ressources valid\u00e9es, qualifi\u00e9es par des experts tri\u00e9s sur le volet. Histoire de bien marcher \u00e0 l&rsquo;envers de l&rsquo;histoire\u00a0!<\/p>\n<p><strong>Pour le reste, c&rsquo;est le n\u00e9ant vous dis-je<\/strong>. M\u00eame si certains, \u00e7\u00e0 ou l\u00e0, plus ou moins \u00e9paul\u00e9s par une administration discr\u00e8tement complaisante, prennent des risques avec le <a href=\"https:\/\/fr.wikipedia.org\/wiki\/Bring_your_own_device\" target=\"_blank\">BYOD<\/a>, on est encore tr\u00e8s tr\u00e8s loin de convaincre nos \u00e9lus, que la mention m\u00eame du mot \u00ab\u00a0num\u00e9rique\u00a0\u00bb perturbe et affole au plus haut point, que cet article du Code de l&rsquo;\u00e9ducation est stupide et inique\u00a0\u2014\u00a0j&rsquo;avais d&rsquo;autres mots plus incisifs en t\u00eate mais c&rsquo;est mon jour de bont\u00e9.<\/p>\n<p><strong>Le n\u00e9ant<\/strong>. Les \u00e9l\u00e8ves peuvent se d\u00e9brouiller tout seuls sur des plateformes commerciales bourr\u00e9es de publicit\u00e9 pour exercer leur libert\u00e9 \u00e0 s&rsquo;exprimer, l&rsquo;\u00c9tat s&rsquo;en contrefiche. Comme il se contrefiche des principes d&rsquo;ind\u00e9pendance, de la\u00efcit\u00e9 et de loyaut\u00e9 en faisant semblant de croire que l&rsquo;interop\u00e9rabilit\u00e9, le logiciel libre et les communs sont des principes \u00e0 d\u00e9fendre et \u00e0 promouvoir. Comme enfin, il, l&rsquo;\u00c9tat, s&rsquo;av\u00e8re si peu respectueux de ses personnels qu&rsquo;il va les laisser se d\u00e9brouiller avec la surrection (l&rsquo;insurrection ?) num\u00e9rique sans se pencher sur l&rsquo;\u00e9volution de leurs services et de leurs missions. Pire, \u00e0 lire les propositions de certains candidats \u00e0 la prochaine pr\u00e9sidentielle, on se dit que l&rsquo;obscurantisme a encore de beaux jours devant lui\u00a0!<\/p>\n<h3>Et pourtant cet automne semble bien ensoleill\u00e9<\/h3>\n<p>La ministre renouvelait, dans un coll\u00e8ge du Val-de-Marne, le 13 octobre dernier, son discours sur le Plan num\u00e9rique, \u00e0 l&rsquo;occasion d&rsquo;une dotation de mat\u00e9riels. Je vous recommande chaudement d&rsquo;\u00e9couter les trois premi\u00e8res minutes de son discours. Impossible de savoir si ces premi\u00e8res paroles sont de sa plume ou de celle d&rsquo;un de ses conseillers mais, dans ce dernier cas, je recommande qu&rsquo;on promeuve le quidam au plus vite. Je vous retranscris tout cela ci-dessous :<\/p>\n<p><iframe loading=\"lazy\" src=\"\/\/www.dailymotion.com\/embed\/video\/x4x9irh\" width=\"560\" height=\"315\" frameborder=\"0\" allowfullscreen=\"allowfullscreen\"><\/iframe><\/p>\n<blockquote><p>\u00ab En fait, il y a une r\u00e9volution qui est en cours, cette r\u00e9volution, c&rsquo;est celle du num\u00e9rique. Prendre la mesure de cette r\u00e9volution, \u00e7a suppose de revenir parfois, dans l&rsquo;histoire qui est la n\u00f4tre, \u00e0 des bouleversements consid\u00e9rables qui se sont d\u00e9j\u00e0 produits par le pass\u00e9. Je pense en particulier \u00e0 l&rsquo;invention de l&rsquo;imprimerie, \u00e0 la Renaissance.Une invention qui fut \u00e0 l&rsquo;\u00e9poque pour bien des enseignants, pour bien des savants, pour bien des humanistes, une source d&rsquo;interrogation. Devant la multiplication des ouvrages, quel devait \u00eatre le r\u00f4le des professeurs\u00a0? Comment tenir compte de ce changement sans remettre en cause les fondements de leur enseignement\u00a0? Comment int\u00e9grer cette invention qu&rsquo;\u00e9tait l&rsquo;imprimerie \u00a0dans leurs pratiques\u00a0? Ces interrogations ont parcouru bien des \u00e9crits. On conna\u00eet ceux, c\u00e9l\u00e8bres, d&rsquo;\u00c9rasme, on conna\u00eet moins ceux d&rsquo;un Jean-Louis Viv\u00e8s, qui d\u00e9plorait, en 1520, je cite, que la quantit\u00e9 de livres soit d\u00e9sormais si immense que nombre d&rsquo;\u00e9tudiants sont pris de terreur et de haine de l&rsquo;\u00e9tude quand ils sont confront\u00e9s dans chaque discipline \u00e0 tous ces volumes dont la lecture exige un travail infini. Ce type de r\u00e9flexion nous para\u00eet sans doute famili\u00e8re, les interrogations de ces humanistes pass\u00e9s font \u00e9cho \u00e0 celles de bien des professeurs aujourd&rsquo;hui devant la situation qui est la n\u00f4tre face au num\u00e9rique. Chacun sent bien que l&rsquo;\u00e9cole ne peut pas rester \u00e0 l&rsquo;\u00e9cart du num\u00e9rique mais chacun sait bien aussi que le num\u00e9rique \u00e0 l&rsquo;\u00e9cole, \u00e7a ne se r\u00e9sume \u00e9videmment pas \u00e0 brancher un ordinateur dans une salle de classe. L&rsquo;\u00e9cole, c&rsquo;est un lieu de connaissances, et si le num\u00e9rique doit y trouver toute sa place, il doit surtout y trouver un sens\u2026\u00a0\u00bb<\/p><\/blockquote>\n<p>Pour ma part, je n&rsquo;avais jamais entendu un tel discours, aussi \u00e9clair\u00e9, dans la bouche d&rsquo;un ministre depuis\u2026 Vincent Peillon, premi\u00e8re p\u00e9riode. <strong>Tout est l\u00e0, tout est dit<\/strong>, des peurs et des fantasmes de l&rsquo;\u00e9cole aux enjeux auxquels elle et ses enseignants sont d\u00e9sormais confront\u00e9s, les d\u00e9fis de la transmission des connaissances et de la construction des savoirs dans un \u00e9cosyst\u00e8me ou la surinformation r\u00e8gne et o\u00f9 la d\u00e9sinformation menace. Comment est-il possible de s&rsquo;exprimer ainsi et que puisse se mettre en \u0153uvre un peu partout en France une politique si d\u00e9cal\u00e9e, si peu ambitieuse\u00a0?<\/p>\n<p>Il est absolument n\u00e9cessaire d&rsquo;imprimer les quelques lignes ci-dessus et d&rsquo;en faire lecture et commentaires au Conseil sup\u00e9rieur des programmes, qui a b\u00e2cl\u00e9 pour l&rsquo;essentiel le devoir qu&rsquo;on lui avait confi\u00e9, aux recteurs, aux autres cadres administratifs et p\u00e9dagogiques, aux \u00e9lus qui r\u00e9p\u00e8tent un peu partout (sic) que \u00ab\u00a0<span style=\"color: #800000;\"><em>l&rsquo;outil num\u00e9rique est au service de la p\u00e9dagogie<\/em><\/span>\u00a0\u00bb, aux enseignants qui continuent \u00e0 enseigner comme leurs ma\u00eetres l&rsquo;avaient fait plusieurs d\u00e9cennies auparavant\u2026<\/p>\n<p>Comment tenir un tel discours et retarder davantage les \u00e9l\u00e9mentaires r\u00e9formettes propos\u00e9es en premi\u00e8re partie de ce billet\u00a0?<\/p>\n<h3>Apr\u00e8s l&rsquo;automne, vient un hiver aust\u00e8re et rigoureux<\/h3>\n<p>Car les choses ne sont pas si simples que \u00e7a. Il y a ce discours magnifique, ces envol\u00e9es lucides, d&rsquo;une part et la r\u00e9alit\u00e9 de l&rsquo;action publique d&rsquo;autre part. En r\u00e9ponse \u00e0 <a href=\"https:\/\/twitter.com\/Xberne\" target=\"_blank\">Xavier Berne<\/a>, sur <a href=\"https:\/\/www.nextinpact.com\/\" target=\"_blank\">Nextinpact<\/a>, qui l&rsquo;interroge le 13 octobre dernier sur le Plan num\u00e9rique, la ministre bafouille, \u00e2nonne, r\u00e9cite sa le\u00e7on durement apprise. <a href=\"https:\/\/www.nextinpact.com\/news\/101737-ecole-et-numerique-interview-ministre-najat-vallaud-belkacem.htm\" target=\"_blank\">Ses r\u00e9ponses<\/a>, loin des propos lumineux pr\u00e9c\u00e9dents, sentent bon l&rsquo;all\u00e9geance aux lobbys, l&rsquo;utilitarisme num\u00e9rique de circonstance et la langue de bois.<\/p>\n<p>Je vous laisse d\u00e9guster. Je vous \u00e9pargne les citations car on tombe de tr\u00e8s haut.<\/p>\n<p>Du coup, je renonce \u00e0 formuler cinq nouveaux d\u00e9fis car, d\u00e9cid\u00e9ment, les cinq d\u00e9j\u00e0 nomm\u00e9s me semblent prioritaires. Rendez-vous en d\u00e9cembre 2017.<\/p>\n<p>Michel Guillou\u00a0<a href=\"https:\/\/twitter.com\/michelguillou\" target=\"_blank\">@michelguillou<\/a><\/p>\n<p><a href=\"http:\/\/creativecommons.org\/licenses\/by-nc-sa\/4.0\/\" target=\"_blank\"><img loading=\"lazy\" decoding=\"async\" src=\"https:\/\/i.creativecommons.org\/l\/by-nc-sa\/2.0\/fr\/80x15.png\" alt=\"image\" width=\"80\" height=\"15\" data-pin-nopin=\"true\" \/><\/a><\/p>\n<p>Photo :\u00a0<a title=\"Attribution License\" href=\"https:\/\/creativecommons.org\/licenses\/by\/2.0\/\">certains droits r\u00e9serv\u00e9s<\/a> par <a href=\"https:\/\/www.flickr.com\/photos\/99173313@N07\/\">drestwn<\/a><\/p>\n<p>[cite]<\/p>\n","protected":false},"excerpt":{"rendered":"<p><img loading=\"lazy\" decoding=\"async\" class=\"aligncenter size-full wp-image-5470\" src=\"https:\/\/www.culture-numerique.fr\/wp-content\/uploads\/2016\/10\/9434755558_aafe3bfff1_b.jpg\" alt=\"Microphone\" width=\"1024\" height=\"640\" srcset=\"https:\/\/www.culture-numerique.fr\/wp-content\/uploads\/2016\/10\/9434755558_aafe3bfff1_b.jpg 1024w, https:\/\/www.culture-numerique.fr\/wp-content\/uploads\/2016\/10\/9434755558_aafe3bfff1_b-300x188.jpg 300w, https:\/\/www.culture-numerique.fr\/wp-content\/uploads\/2016\/10\/9434755558_aafe3bfff1_b-100x63.jpg 100w, https:\/\/www.culture-numerique.fr\/wp-content\/uploads\/2016\/10\/9434755558_aafe3bfff1_b-150x94.jpg 150w, https:\/\/www.culture-numerique.fr\/wp-content\/uploads\/2016\/10\/9434755558_aafe3bfff1_b-200x125.jpg 200w, https:\/\/www.culture-numerique.fr\/wp-content\/uploads\/2016\/10\/9434755558_aafe3bfff1_b-450x281.jpg 450w, https:\/\/www.culture-numerique.fr\/wp-content\/uploads\/2016\/10\/9434755558_aafe3bfff1_b-600x375.jpg 600w, https:\/\/www.culture-numerique.fr\/wp-content\/uploads\/2016\/10\/9434755558_aafe3bfff1_b-900x563.jpg 900w\" sizes=\"auto, (max-width: 1024px) 100vw, 1024px\" \/><\/p>\n<p><strong>C&rsquo;\u00e9tait il y a moins d&rsquo;un an<\/strong>, fin 2015 \u00e0 la veille du nouvel an, j&rsquo;osais\u00a0faire l&rsquo;annonce <a href=\"https:\/\/www.culture-numerique.fr\/?p=4227\" target=\"_blank\">de cinq d\u00e9cisions<\/a>, pourtant fort raisonnables et que tout le monde attend, dont je savais que le minist\u00e8re ne piperait mot en 2016.<\/p>\n<p><span class=\"ellipsis\">&hellip;<\/span><\/p>\n<div class=\"read-more\"><a href=\"https:\/\/www.culture-numerique.fr\/?p=5453\">Lire la suite &#8250;<\/a><\/div>\n<p><!-- end of .read-more --><\/p>\n","protected":false},"author":1,"featured_media":5470,"comment_status":"open","ping_status":"open","sticky":false,"template":"","format":"standard","meta":{"jetpack_post_was_ever_published":false,"_jetpack_newsletter_access":"","_jetpack_dont_email_post_to_subs":true,"_jetpack_newsletter_tier_id":0,"_jetpack_memberships_contains_paywalled_content":false,"_jetpack_memberships_contains_paid_content":false,"footnotes":""},"categories":[9],"tags":[696,57,66,219,165,769,189,768,2,4,767,152],"class_list":["post-5453","post","type-post","status-publish","format-standard","has-post-thumbnail","hentry","category-billets-dhumeur","tag-byod","tag-connaissances","tag-ecole-numerique","tag-flux","tag-interoperabilite","tag-langue-de-bois","tag-logiciel-libre","tag-lyrisme-numerique","tag-numerique","tag-numerique-educatif","tag-peurs","tag-savoirs"],"jetpack_featured_media_url":"https:\/\/www.culture-numerique.fr\/wp-content\/uploads\/2016\/10\/9434755558_aafe3bfff1_b.jpg","jetpack_sharing_enabled":true,"_links":{"self":[{"href":"https:\/\/www.culture-numerique.fr\/index.php?rest_route=\/wp\/v2\/posts\/5453","targetHints":{"allow":["GET"]}}],"collection":[{"href":"https:\/\/www.culture-numerique.fr\/index.php?rest_route=\/wp\/v2\/posts"}],"about":[{"href":"https:\/\/www.culture-numerique.fr\/index.php?rest_route=\/wp\/v2\/types\/post"}],"author":[{"embeddable":true,"href":"https:\/\/www.culture-numerique.fr\/index.php?rest_route=\/wp\/v2\/users\/1"}],"replies":[{"embeddable":true,"href":"https:\/\/www.culture-numerique.fr\/index.php?rest_route=%2Fwp%2Fv2%2Fcomments&post=5453"}],"version-history":[{"count":18,"href":"https:\/\/www.culture-numerique.fr\/index.php?rest_route=\/wp\/v2\/posts\/5453\/revisions"}],"predecessor-version":[{"id":5702,"href":"https:\/\/www.culture-numerique.fr\/index.php?rest_route=\/wp\/v2\/posts\/5453\/revisions\/5702"}],"wp:featuredmedia":[{"embeddable":true,"href":"https:\/\/www.culture-numerique.fr\/index.php?rest_route=\/wp\/v2\/media\/5470"}],"wp:attachment":[{"href":"https:\/\/www.culture-numerique.fr\/index.php?rest_route=%2Fwp%2Fv2%2Fmedia&parent=5453"}],"wp:term":[{"taxonomy":"category","embeddable":true,"href":"https:\/\/www.culture-numerique.fr\/index.php?rest_route=%2Fwp%2Fv2%2Fcategories&post=5453"},{"taxonomy":"post_tag","embeddable":true,"href":"https:\/\/www.culture-numerique.fr\/index.php?rest_route=%2Fwp%2Fv2%2Ftags&post=5453"}],"curies":[{"name":"wp","href":"https:\/\/api.w.org\/{rel}","templated":true}]}}