{"id":5369,"date":"2016-12-12T18:22:12","date_gmt":"2016-12-12T17:22:12","guid":{"rendered":"http:\/\/www.culture-numerique.fr\/?p=5369"},"modified":"2016-12-12T19:27:14","modified_gmt":"2016-12-12T18:27:14","slug":"la-democratie-scolaire-entre-archaismes-et-avancees","status":"publish","type":"post","link":"https:\/\/www.culture-numerique.fr\/?p=5369","title":{"rendered":"La d\u00e9mocratie scolaire entre archa\u00efsmes et avanc\u00e9es\u2026"},"content":{"rendered":"<p><a href=\"https:\/\/www.culture-numerique.fr\/wp-content\/uploads\/2016\/12\/Microfilles.jpg\"><img loading=\"lazy\" decoding=\"async\" class=\"aligncenter size-full wp-image-5663\" src=\"https:\/\/www.culture-numerique.fr\/wp-content\/uploads\/2016\/12\/Microfilles.jpg\" alt=\"\" width=\"1024\" height=\"681\" srcset=\"https:\/\/www.culture-numerique.fr\/wp-content\/uploads\/2016\/12\/Microfilles.jpg 1024w, https:\/\/www.culture-numerique.fr\/wp-content\/uploads\/2016\/12\/Microfilles-300x200.jpg 300w, https:\/\/www.culture-numerique.fr\/wp-content\/uploads\/2016\/12\/Microfilles-100x67.jpg 100w, https:\/\/www.culture-numerique.fr\/wp-content\/uploads\/2016\/12\/Microfilles-150x100.jpg 150w, https:\/\/www.culture-numerique.fr\/wp-content\/uploads\/2016\/12\/Microfilles-200x133.jpg 200w, https:\/\/www.culture-numerique.fr\/wp-content\/uploads\/2016\/12\/Microfilles-450x299.jpg 450w, https:\/\/www.culture-numerique.fr\/wp-content\/uploads\/2016\/12\/Microfilles-600x399.jpg 600w, https:\/\/www.culture-numerique.fr\/wp-content\/uploads\/2016\/12\/Microfilles-900x599.jpg 900w\" sizes=\"auto, (max-width: 1024px) 100vw, 1024px\" \/><\/a><\/p>\n<p><strong>D&rsquo;un bulletin officiel <\/strong>de l&rsquo;\u00e9ducation nationale\u00a0\u00e0 l&rsquo;autre, on a parfois des surprises\u2026 Ainsi paraissait \u00e0 la derni\u00e8re rentr\u00e9e, le 9 septembre pour \u00eatre pr\u00e9cis, la circulaire\u00a0n\u00b0 2016-132, adress\u00e9e aux recteurs, intitul\u00e9e \u00ab\u00a0<a href=\"http:\/\/www.education.gouv.fr\/pid285\/bulletin_officiel.html?cid_bo=106229\" target=\"_blank\"><strong>Pour un acte II de la vie lyc\u00e9enne<\/strong><\/a>\u00a0\u00bb, en forme de nouvelle tentative pour redonner un peu d&rsquo;espoir\u00a0\u00e0 cette instance de la d\u00e9mocratie scolaire. La vie lyc\u00e9enne fut tellement d\u00e9laiss\u00e9e ces derni\u00e8res ann\u00e9es, voire parfois m\u00e9pris\u00e9e en certains lieux, que bien des \u00e9l\u00e8ves que l&rsquo;exercice de la d\u00e9mocratie \u00e0 l&rsquo;\u00e9cole enthousiasmait, s&rsquo;\u00e9taient peu \u00e0 peu d\u00e9sint\u00e9ress\u00e9s de l&rsquo;affaire.<\/p>\n<blockquote><p>\u00ab\u00a0Les rapports de l&rsquo;inspection g\u00e9n\u00e9rale de l&rsquo;\u00e9ducation nationale [&#8230;]\u00a0r\u00e9v\u00e8lent en revanche une r\u00e9alit\u00e9 contrast\u00e9e sur le terrain.\u00a0\u00bb<\/p><\/blockquote>\n<p><strong>Oh le bel euph\u00e9misme\u00a0!<\/strong><\/p>\n<p>Oublions le pass\u00e9. Cet acte II est cens\u00e9 remettre du baume au c\u0153ur de celles et ceux qui se battent pour l&rsquo;exercice de la d\u00e9mocratie lyc\u00e9enne. Rien de tr\u00e8s nouveau mais la r\u00e9affirmation des principes et des incitations \u00e0 la pelle pour les chefs d&rsquo;\u00e9tablissement\u00a0dont il est facile d&rsquo;imaginer que certaines n&rsquo;auront strictement aucun effet, \u00e0 commencer par l&rsquo;id\u00e9e improbable de d\u00e9gager deux heures dans <a href=\"http:\/\/cache.media.education.gouv.fr\/file\/33\/60\/8\/ensel031annexe_628608.pdf\"><img loading=\"lazy\" decoding=\"async\" class=\"alignleft wp-image-5670 size-medium\" src=\"https:\/\/www.culture-numerique.fr\/wp-content\/uploads\/2016\/12\/2016-12-11_165144-209x300.png\" width=\"209\" height=\"300\" srcset=\"https:\/\/www.culture-numerique.fr\/wp-content\/uploads\/2016\/12\/2016-12-11_165144-209x300.png 209w, https:\/\/www.culture-numerique.fr\/wp-content\/uploads\/2016\/12\/2016-12-11_165144-100x143.png 100w, https:\/\/www.culture-numerique.fr\/wp-content\/uploads\/2016\/12\/2016-12-11_165144-150x215.png 150w, https:\/\/www.culture-numerique.fr\/wp-content\/uploads\/2016\/12\/2016-12-11_165144-200x286.png 200w, https:\/\/www.culture-numerique.fr\/wp-content\/uploads\/2016\/12\/2016-12-11_165144-300x430.png 300w, https:\/\/www.culture-numerique.fr\/wp-content\/uploads\/2016\/12\/2016-12-11_165144-450x645.png 450w, https:\/\/www.culture-numerique.fr\/wp-content\/uploads\/2016\/12\/2016-12-11_165144.png 585w\" sizes=\"auto, (max-width: 209px) 100vw, 209px\" \/><\/a>l&#8217;emploi du temps pour l&rsquo;exercice effectif du mandat des \u00e9lus. De m\u00eame, cette circulaire rappelle l&rsquo;aide indispensable que ceux d&rsquo;entre les \u00e9lus de la vie lyc\u00e9enne\u00a0qui ont la chance d&rsquo;\u00eatre repr\u00e9sentants de leurs camarades aux niveaux acad\u00e9mique et national, aide financi\u00e8re pour leurs d\u00e9placements mais aussi aide pour rattraper les cours auxquels ils n&rsquo;ont pu assister.<\/p>\n<p>La circulaire \u00ab\u00a0acte II\u00a0\u00bb mentionne aussi l&rsquo;obligation \u00e0 cr\u00e9er partout une <strong>Maison des lyc\u00e9ens<\/strong> cens\u00e9e se substituer au\u00a0foyer socio\u00e9ducatif. Enfin, il est rappel\u00e9 que doit \u00eatre r\u00e9dig\u00e9e <strong>une charte des droits des lyc\u00e9ens<\/strong>, cens\u00e9e, elle aussi, \u00eatre annex\u00e9e au r\u00e8glement int\u00e9rieur qui est remis \u00e0 la rentr\u00e9e \u00e0 chaque \u00e9l\u00e8ve du lyc\u00e9e. Il s&rsquo;agit en fait, selon le mod\u00e8le pr\u00e9sent\u00e9 ci-contre, d&rsquo;une compilation des droits d\u00e9j\u00e0 inscrits dans le code de l&rsquo;\u00e9ducation. Rien de tr\u00e8s nouveau ni n\u00e9goci\u00e9 donc, comme d&rsquo;habitude\u2026<\/p>\n<p>\u00c0 noter, sur ce point des droits, l&rsquo;utile travail de l&rsquo;association <a href=\"http:\/\/www.droitsdeslyceens.com\/\" target=\"_blank\">Droit des lyc\u00e9ens<\/a>.<\/p>\n<h3>Un m\u00e9dia dans chaque lyc\u00e9e<\/h3>\n<p>Cet acte II, vous l&rsquo;avez compris, au-del\u00e0 du rappel essentiel des principes qui fondent la vie lyc\u00e9enne, est plut\u00f4t d\u00e9cevant et n&rsquo;apporte rien de vraiment nouveau. Pire, il se termine par un paragraphe invraisemblable qui t\u00e9moigne de l&rsquo;incapacit\u00e9 de ses r\u00e9dacteurs \u00e0 prendre en compte <strong>les pratiques num\u00e9riques et donc m\u00e9diatiques<\/strong> des jeunes, en l&rsquo;occurrence des lyc\u00e9ens.<\/p>\n<blockquote><p>\u00ab\u00a0Les acteurs de la vie lyc\u00e9enne sont en premi\u00e8re ligne pour permettre la r\u00e9alisation de l&rsquo;objectif de doter chaque \u00e9tablissement d&rsquo;au moins un m\u00e9dia lyc\u00e9en (journal, radio, Web TV&#8230;)\u00a0\u00bb<\/p><\/blockquote>\n<p>Un m\u00e9dia par \u00e9tablissement\u00a0? <strong>Quelle dr\u00f4le d&rsquo;id\u00e9e\u00a0!<\/strong> Ce n&rsquo;est pas nouveau. D\u00e9j\u00e0, en mars dernier, \u00e0 propos de l&rsquo;\u00e9ducation aux m\u00e9dias qui trouve place maintenant dans tous les enseignements, de l&rsquo;\u00e9cole au lyc\u00e9e, <a href=\"http:\/\/assises.journalisme.epjt.fr\/entretien-education-aux-medias-cela-ne-dependra-pas-du-bon-vouloir-des-etablissements\" target=\"_blank\">la ministre r\u00e9pond<\/a> aux journalistes qui l&rsquo;interrogent\u00a0:<\/p>\n<blockquote><p>\u00ab\u00a0J\u2019ai voulu que cet enseignement s\u2019appuie sur la cr\u00e9ation de m\u00e9dias par les \u00e9l\u00e8ves eux-m\u00eames : radio, blog ou journal. Ces m\u00e9dias sont tenus par les \u00e9l\u00e8ves eux-m\u00eames car, pour comprendre le fonctionnement des m\u00e9dias, rien de mieux que d\u2019en fabriquer soi-m\u00eame. Je souhaite donc que soit d\u00e9velopp\u00e9 au moins un m\u00e9dia par coll\u00e8ge et par lyc\u00e9e. De plus en plus de blogs et de journaux sont cr\u00e9\u00e9s, de m\u00eame que des t\u00e9l\u00e9s et des radios, dont le nombre a doubl\u00e9 depuis janvier 2015.\u00a0\u00bb<\/p><\/blockquote>\n<p>C&rsquo;est en effet une dr\u00f4le d&rsquo;id\u00e9e que la cr\u00e9ation de ce journal d&rsquo;\u00e9tablissement\u00a0\u2014\u00a0on notera que les \u00e9coles en sont exempt\u00e9es, allez savoir pourquoi\u00a0!\u00a0\u2014 car il y a belle lurette que les coll\u00e9giens et les lyc\u00e9ens n&rsquo;ont pas attendu les injonctions minist\u00e9rielles pour s&rsquo;improviser <strong>multiproducteurs d&rsquo;information<\/strong> sur tous les supports num\u00e9riques disponibles. Depuis quinze ans, personne ou presque ne s&rsquo;est pr\u00e9occup\u00e9 d&rsquo;accompagner ces jeunes journalistes, seuls ou organis\u00e9s, en travaillant \u00e0 leur apprentissage de l&rsquo;autonomie et de la responsabilit\u00e9, voire \u00e0 l&rsquo;acquisition de quelques r\u00e8gles de la d\u00e9ontologie du journaliste.<\/p>\n<p>Cette franche et anarchique d\u00e9r\u00e9gulation ne plait pas \u00e0 tout le monde, c&rsquo;est un truisme.\u00a0Comme disait <a href=\"https:\/\/fr.wikipedia.org\/wiki\/Pierre_Arditi\" target=\"_blank\">Pierre Arditi<\/a>, qui est l&rsquo;acteur que je cite le plus souvent\u00a0: \u00ab <span style=\"color: #800000;\"><em>C\u2019est formidable que les gens s\u2019expriment\u2026 apr\u00e8s tout pourquoi pas\u2026<\/em><\/span> \u00bb. Non, pour la ministre et ses conseillers, pour le <a href=\"http:\/\/www.clemi.fr\/\" target=\"_blank\">Clemi<\/a>, pour l&rsquo;association <a href=\"http:\/\/www.jetsdencre.asso.fr\/\" target=\"_blank\">Jets d&rsquo;encre<\/a> qui d\u00e9livre une carte de presse jeune, un bon journal est quelque chose d&rsquo;organis\u00e9, doit s&rsquo;appeler journal du coll\u00e8ge ou du lyc\u00e9e, avec un r\u00e9dacteur en chef et une \u00e9quipe avec lui (elle). Tout cela doit faire l&rsquo;objet de pr\u00e9f\u00e9rence d&rsquo;un d\u00e9p\u00f4t p\u00e9dagogique et, pour bien faire, cela doit \u00eatre du bon et franc papier qu&rsquo;on peut aussi distribuer \u00e0 la famille \u2014 bien s\u00fbr, il existe de belles exceptions, \u00e0 commencer par ce qu&rsquo;on peut lire sur<a href=\"http:\/\/www.clemi.fr\/fileadmin\/user_upload\/revue-de-presse-2016-lycees-num.pdf\" target=\"_blank\"> les revues de presse<\/a> compil\u00e9es par le Clemi.<\/p>\n<p>Vous comprenez, un vrai journal comme avant, \u00e7a fait tellement plaisir aux professeurs\u00a0!<\/p>\n<p><a href=\"https:\/\/www.culture-numerique.fr\/wp-content\/uploads\/2016\/12\/Young_people_texting_on_smartphones.jpg\"><img loading=\"lazy\" decoding=\"async\" class=\"aligncenter size-full wp-image-5682\" src=\"https:\/\/www.culture-numerique.fr\/wp-content\/uploads\/2016\/12\/Young_people_texting_on_smartphones.jpg\" alt=\"\" width=\"1024\" height=\"768\" srcset=\"https:\/\/www.culture-numerique.fr\/wp-content\/uploads\/2016\/12\/Young_people_texting_on_smartphones.jpg 1024w, https:\/\/www.culture-numerique.fr\/wp-content\/uploads\/2016\/12\/Young_people_texting_on_smartphones-300x225.jpg 300w, https:\/\/www.culture-numerique.fr\/wp-content\/uploads\/2016\/12\/Young_people_texting_on_smartphones-100x75.jpg 100w, https:\/\/www.culture-numerique.fr\/wp-content\/uploads\/2016\/12\/Young_people_texting_on_smartphones-150x113.jpg 150w, https:\/\/www.culture-numerique.fr\/wp-content\/uploads\/2016\/12\/Young_people_texting_on_smartphones-200x150.jpg 200w, https:\/\/www.culture-numerique.fr\/wp-content\/uploads\/2016\/12\/Young_people_texting_on_smartphones-450x338.jpg 450w, https:\/\/www.culture-numerique.fr\/wp-content\/uploads\/2016\/12\/Young_people_texting_on_smartphones-600x450.jpg 600w, https:\/\/www.culture-numerique.fr\/wp-content\/uploads\/2016\/12\/Young_people_texting_on_smartphones-900x675.jpg 900w\" sizes=\"auto, (max-width: 1024px) 100vw, 1024px\" \/><\/a>Mais \u00e7a ne fonctionne pas comme \u00e7a\u00a0! D&rsquo;abord parce que ces coll\u00e9giens et lyc\u00e9ens, plus les deuxi\u00e8mes que les premiers, font ce qu&rsquo;ils veulent, o\u00f9 ils veulent. C&rsquo;est d\u2019ailleurs ce que r\u00e9pond la ministre elle-m\u00eame \u00ab\u00a0<span style=\"color: #800000;\"><em>Ces m\u00e9dias sont tenus par les \u00e9l\u00e8ves eux-m\u00eames<\/em><\/span>\u00a0\u00bb au contraire de la tonalit\u00e9 g\u00e9n\u00e9rale du Bulletin officiel. Oui, les \u00e9l\u00e8ves font ce qu&rsquo;ils veulent, usent de leur libert\u00e9 \u00e0 s&rsquo;exprimer et publient textes, dessins, photos et vid\u00e9os. <strong>Comme des m\u00e9diateurs<\/strong>, ils r\u00e9\u00e9crivent et commentent l&rsquo;actualit\u00e9, sur Snapchat, sur Instagram, dans des groupes Facebook, sur Twitter, sur des blogues coop\u00e9ratifs\u2026 d\u00e9laissant de fait\u00a0le papier qui leur est devenu compl\u00e8tement \u00e9tranger. Ils\u00a0s&rsquo;exposent bien souvent au double risque de l&rsquo;abus de cette libert\u00e9 et de la censure institutionnelle. Les exemples \u00e0 ces deux derniers sujets sont pl\u00e9thore et ont \u00e9t\u00e9 longuement \u00e9voqu\u00e9s sur ce blogue-m\u00eame.<\/p>\n<p>Et si on voulait vraiment raccrocher \u00e0 ces d\u00e9marches des objectifs disciplinaires, on peut faire comme <a href=\"https:\/\/twitter.com\/jourde\" target=\"_blank\">Fran\u00e7ois Jourde<\/a> avec <a href=\"https:\/\/profjourde.wordpress.com\/2016\/07\/25\/exploration-blogue-eleves\/\" target=\"_blank\">ses \u00e9l\u00e8ves qui philosophent<\/a>\u2026<\/p>\n<p>Pourquoi ne pas les accompagner dans ces nouvelles pratiques\u00a0? Pourquoi ne pas les encourager, puisque tous nos \u00e9l\u00e8ves sont devenus eux-m\u00eames des m\u00e9dias\u00a0? Pourquoi un texte refondateur de la vie lyc\u00e9enne ne ferait-il pas le pari d&rsquo;<strong>\u00e9duquer \u00e0 tous les m\u00e9dias\u00a0et \u00e0 l&rsquo;information<\/strong>, de mani\u00e8re un peu plus confiante, bienveillante et prospective plut\u00f4t que de se laisser aller aux vieux sch\u00e9mas du pr\u00e9c\u00e9dent mill\u00e9naire\u00a0?<\/p>\n<blockquote><p>\u00ab Je vous invite \u00e0 r\u00e9pondre favorablement aux besoins ou demandes d\u2019expression qui pourraient avoir lieu dans les classes\u2026 \u00bb<\/p><\/blockquote>\n<p><a href=\"http:\/\/www.education.gouv.fr\/cid85278\/lettre-a-la-suite-de-l-attentat-contre-l-hebdomadaire-charlie-hebdo.html\" target=\"_blank\">C&rsquo;est ainsi que s&rsquo;exprimait<\/a> la ministre apr\u00e8s Charlie.<strong> Et si c&rsquo;\u00e9tait la bonne m\u00e9thode\u00a0?<\/strong> Comment a-t-on pu passer, en quelques mois, de cette attitude d&rsquo;\u00e9coute et d&rsquo;accompagnement aux injonctions de l&rsquo;acte II de la vie lyc\u00e9enne ? Un effet du d\u00e9tour par la <a href=\"http:\/\/www.education.gouv.fr\/cid978\/la-direction-generale-de-l-enseignement-scolaire.html\" target=\"_blank\">Dgesco<\/a>\u00a0qui signe la circulaire\u00a0?<\/p>\n<p>J&rsquo;en profite pour renouveler ma proposition \u00e0 la ministre de prendre l&rsquo;initiative d&rsquo;offrit un blogue \u00e0 chaque \u00e9l\u00e8ve <a href=\"#note1\">(1)<\/a>.<\/p>\n<blockquote><p>\u00ab\u00a0Plus de 12 millions de blogueuses et de blogueurs \u00e0 l\u2019\u00e9cole, ce serait un dr\u00f4le de challenge pour demain !\u00a0\u00bb<\/p><\/blockquote>\n<h3><a href=\"http:\/\/www.education.gouv.fr\/pid285\/bulletin_officiel.html?cid_bo=110229\"><img loading=\"lazy\" decoding=\"async\" class=\"alignright size-full wp-image-5684\" src=\"https:\/\/www.culture-numerique.fr\/wp-content\/uploads\/2016\/12\/2016-12-12_174012.png\" alt=\"\" width=\"291\" height=\"119\" srcset=\"https:\/\/www.culture-numerique.fr\/wp-content\/uploads\/2016\/12\/2016-12-12_174012.png 291w, https:\/\/www.culture-numerique.fr\/wp-content\/uploads\/2016\/12\/2016-12-12_174012-100x41.png 100w, https:\/\/www.culture-numerique.fr\/wp-content\/uploads\/2016\/12\/2016-12-12_174012-150x61.png 150w, https:\/\/www.culture-numerique.fr\/wp-content\/uploads\/2016\/12\/2016-12-12_174012-200x82.png 200w\" sizes=\"auto, (max-width: 291px) 100vw, 291px\" \/><\/a>La bonne surprise de la vie coll\u00e9gienne<\/h3>\n<p><a href=\"http:\/\/www.education.gouv.fr\/pid285\/bulletin_officiel.html?cid_bo=110229\" target=\"_blank\">Le bulletin officiel du premier d\u00e9cembre dernier<\/a>, voir ci-contre, nous ass\u00e8ne une nouvelle d&rsquo;une belle importance\u00a0: la cr\u00e9ation imm\u00e9diate de <strong>conseils de la vie coll\u00e9gienne<\/strong>. Pour ma part, pour tout vous dire, je ne m&rsquo;y attendais pas. C&rsquo;est une belle surprise, un joli cadeau pour les f\u00eates.<\/p>\n<p>Le site <a href=\"https:\/\/www.legifrance.gouv.fr\/affichTexte.do?cidTexte=JORFTEXT000033507415&amp;dateTexte&amp;categorieLien=id\" target=\"_blank\">Legifrance<\/a> propose la lecture du d\u00e9cret qui date, lui, du 29 novembre. Les chefs d&rsquo;\u00e9tablissement et les conseillers d&rsquo;\u00e9ducation des coll\u00e8ges vont pouvoir s&#8217;emparer de ces nouveaux outils pour donner, de mani\u00e8re formelle, la parole aux \u00e9l\u00e8ves sur les sujets qui concernent la vie du coll\u00e8ge. Il s&rsquo;agit d&rsquo;un grand pas pour <strong>faire vivre la d\u00e9mocratie scolaire<\/strong> et lui donner un nouveau souffle. J&rsquo;exprime un regret, pour ma part\u00a0: si le d\u00e9cret pr\u00e9voit de donner la pr\u00e9sidence du CVC au chef d\u2019\u00e9tablissement, il ne pr\u00e9voit pas la vice-pr\u00e9sidence d&rsquo;un \u00e9l\u00e8ve \u00e9lu, contrairement \u00e0 ce qui se passe en lyc\u00e9e.<\/p>\n<p>C&rsquo;est dommage, mais c&rsquo;est quand m\u00eame une bonne nouvelle. On n&rsquo;a pas tous les jours l&rsquo;occasion d&rsquo;en annoncer. Profitons\u2026<\/p>\n<p>Michel Guillou\u00a0<a href=\"https:\/\/twitter.com\/michelguillou\" target=\"_blank\">@michelguillou<\/a><\/p>\n<p><a href=\"http:\/\/creativecommons.org\/licenses\/by-nc-sa\/2.0\/fr\/\" target=\"_blank\"><img loading=\"lazy\" decoding=\"async\" src=\"https:\/\/i.creativecommons.org\/l\/by-nc-sa\/2.0\/fr\/80x15.png\" alt=\"image\" width=\"80\" height=\"15\" data-pin-nopin=\"true\" \/><\/a><\/p>\n<p>Cr\u00e9dit photo : <a href=\"https:\/\/upload.wikimedia.org\/wikipedia\/commons\/0\/0b\/Microfilles.jpg\" target=\"_blank\">Wikim\u00e9dia<\/a>\u00a0et <a href=\"https:\/\/commons.wikimedia.org\/wiki\/File:Young_people_texting_on_smartphones.jpg\" target=\"_blank\">Wikim\u00e9dia<\/a><\/p>\n<ol>\n<li><a id=\"note1\"><\/a>Pour lib\u00e9rer la parole des \u00e9l\u00e8ves, offrons-leur un blogue \u00e0 chacun\u00a0!\u00a0<a href=\"https:\/\/www.culture-numerique.fr\/?p=2995\" target=\"_blank\">https:\/\/www.culture-numerique.fr\/?p=2995<\/a><\/li>\n<\/ol>\n<p>[cite]<\/p>\n","protected":false},"excerpt":{"rendered":"<p><a href=\"https:\/\/www.culture-numerique.fr\/wp-content\/uploads\/2016\/12\/Microfilles.jpg\"><img loading=\"lazy\" decoding=\"async\" class=\"aligncenter size-full wp-image-5663\" src=\"https:\/\/www.culture-numerique.fr\/wp-content\/uploads\/2016\/12\/Microfilles.jpg\" alt=\"\" width=\"1024\" height=\"681\" srcset=\"https:\/\/www.culture-numerique.fr\/wp-content\/uploads\/2016\/12\/Microfilles.jpg 1024w, https:\/\/www.culture-numerique.fr\/wp-content\/uploads\/2016\/12\/Microfilles-300x200.jpg 300w, https:\/\/www.culture-numerique.fr\/wp-content\/uploads\/2016\/12\/Microfilles-100x67.jpg 100w, https:\/\/www.culture-numerique.fr\/wp-content\/uploads\/2016\/12\/Microfilles-150x100.jpg 150w, https:\/\/www.culture-numerique.fr\/wp-content\/uploads\/2016\/12\/Microfilles-200x133.jpg 200w, https:\/\/www.culture-numerique.fr\/wp-content\/uploads\/2016\/12\/Microfilles-450x299.jpg 450w, https:\/\/www.culture-numerique.fr\/wp-content\/uploads\/2016\/12\/Microfilles-600x399.jpg 600w, https:\/\/www.culture-numerique.fr\/wp-content\/uploads\/2016\/12\/Microfilles-900x599.jpg 900w\" sizes=\"auto, (max-width: 1024px) 100vw, 1024px\" \/><\/a><\/p>\n<p><strong>D&rsquo;un bulletin officiel <\/strong>de l&rsquo;\u00e9ducation nationale\u00a0\u00e0 l&rsquo;autre, on a parfois des surprises\u2026 Ainsi paraissait \u00e0 la derni\u00e8re rentr\u00e9e, le 9 septembre pour \u00eatre pr\u00e9cis, la circulaire\u00a0n\u00b0 2016-132, adress\u00e9e aux recteurs, intitul\u00e9e \u00ab\u00a0<a href=\"http:\/\/www.education.gouv.fr\/pid285\/bulletin_officiel.html?cid_bo=106229\" target=\"_blank\"><strong>Pour un acte II de la vie lyc\u00e9enne<\/strong><\/a>\u00a0\u00bb,<\/p>\n<p><span class=\"ellipsis\">&hellip;<\/span><\/p>\n<div class=\"read-more\"><a href=\"https:\/\/www.culture-numerique.fr\/?p=5369\">Lire la suite &#8250;<\/a><\/div>\n<p><!-- end of .read-more --><\/p>\n","protected":false},"author":1,"featured_media":5663,"comment_status":"open","ping_status":"open","sticky":false,"template":"","format":"standard","meta":{"jetpack_post_was_ever_published":false,"_jetpack_newsletter_access":"","_jetpack_dont_email_post_to_subs":true,"_jetpack_newsletter_tier_id":0,"_jetpack_memberships_contains_paywalled_content":false,"_jetpack_memberships_contains_paid_content":false,"footnotes":""},"categories":[9,36],"tags":[130,763,764,425,530,538,765,13,88,540,766,255,158],"class_list":["post-5369","post","type-post","status-publish","format-standard","has-post-thumbnail","hentry","category-billets-dhumeur","category-ressources","tag-clemi","tag-cvc","tag-cvl","tag-democratie-scolaire","tag-education-aux-medias-et-a-linformation","tag-expression-des-jeunes","tag-journalisme-jeune","tag-liberte-dexpression","tag-liberte-dopinion","tag-medias-scolaires","tag-presse-jeune","tag-vie-collegienne","tag-vie-lyceenne"],"jetpack_featured_media_url":"https:\/\/www.culture-numerique.fr\/wp-content\/uploads\/2016\/12\/Microfilles.jpg","jetpack_sharing_enabled":true,"_links":{"self":[{"href":"https:\/\/www.culture-numerique.fr\/index.php?rest_route=\/wp\/v2\/posts\/5369","targetHints":{"allow":["GET"]}}],"collection":[{"href":"https:\/\/www.culture-numerique.fr\/index.php?rest_route=\/wp\/v2\/posts"}],"about":[{"href":"https:\/\/www.culture-numerique.fr\/index.php?rest_route=\/wp\/v2\/types\/post"}],"author":[{"embeddable":true,"href":"https:\/\/www.culture-numerique.fr\/index.php?rest_route=\/wp\/v2\/users\/1"}],"replies":[{"embeddable":true,"href":"https:\/\/www.culture-numerique.fr\/index.php?rest_route=%2Fwp%2Fv2%2Fcomments&post=5369"}],"version-history":[{"count":27,"href":"https:\/\/www.culture-numerique.fr\/index.php?rest_route=\/wp\/v2\/posts\/5369\/revisions"}],"predecessor-version":[{"id":5691,"href":"https:\/\/www.culture-numerique.fr\/index.php?rest_route=\/wp\/v2\/posts\/5369\/revisions\/5691"}],"wp:featuredmedia":[{"embeddable":true,"href":"https:\/\/www.culture-numerique.fr\/index.php?rest_route=\/wp\/v2\/media\/5663"}],"wp:attachment":[{"href":"https:\/\/www.culture-numerique.fr\/index.php?rest_route=%2Fwp%2Fv2%2Fmedia&parent=5369"}],"wp:term":[{"taxonomy":"category","embeddable":true,"href":"https:\/\/www.culture-numerique.fr\/index.php?rest_route=%2Fwp%2Fv2%2Fcategories&post=5369"},{"taxonomy":"post_tag","embeddable":true,"href":"https:\/\/www.culture-numerique.fr\/index.php?rest_route=%2Fwp%2Fv2%2Ftags&post=5369"}],"curies":[{"name":"wp","href":"https:\/\/api.w.org\/{rel}","templated":true}]}}