{"id":5146,"date":"2016-07-11T19:15:11","date_gmt":"2016-07-11T17:15:11","guid":{"rendered":"http:\/\/www.culture-numerique.fr\/?p=5146"},"modified":"2022-12-17T11:24:24","modified_gmt":"2022-12-17T10:24:24","slug":"vers-un-label-pour-une-information-detat","status":"publish","type":"post","link":"https:\/\/www.culture-numerique.fr\/?p=5146","title":{"rendered":"Vers un label pour une information d&rsquo;\u00c9tat\u00a0?"},"content":{"rendered":"<p><img loading=\"lazy\" decoding=\"async\" class=\"aligncenter wp-image-5150\" src=\"http:\/\/www.culture-numerique.fr\/wp-content\/uploads\/2016\/07\/Approuv\u00e9.jpg\" alt=\"Approuv\u00e9\" width=\"1280\" height=\"787\" srcset=\"https:\/\/www.culture-numerique.fr\/wp-content\/uploads\/2016\/07\/Approuv\u00e9.jpg 2560w, https:\/\/www.culture-numerique.fr\/wp-content\/uploads\/2016\/07\/Approuv\u00e9-300x184.jpg 300w, https:\/\/www.culture-numerique.fr\/wp-content\/uploads\/2016\/07\/Approuv\u00e9-1024x630.jpg 1024w, https:\/\/www.culture-numerique.fr\/wp-content\/uploads\/2016\/07\/Approuv\u00e9-100x61.jpg 100w, https:\/\/www.culture-numerique.fr\/wp-content\/uploads\/2016\/07\/Approuv\u00e9-150x92.jpg 150w, https:\/\/www.culture-numerique.fr\/wp-content\/uploads\/2016\/07\/Approuv\u00e9-200x123.jpg 200w, https:\/\/www.culture-numerique.fr\/wp-content\/uploads\/2016\/07\/Approuv\u00e9-450x277.jpg 450w, https:\/\/www.culture-numerique.fr\/wp-content\/uploads\/2016\/07\/Approuv\u00e9-600x369.jpg 600w, https:\/\/www.culture-numerique.fr\/wp-content\/uploads\/2016\/07\/Approuv\u00e9-900x553.jpg 900w\" sizes=\"auto, (max-width: 1280px) 100vw, 1280px\" \/><\/p>\n<p><strong>C&rsquo;est l&rsquo;algorithme myst\u00e9rieux<\/strong> du r\u00e9seau social dont le nom commence par un F et se termine par un K qui m&rsquo;a pr\u00e9sent\u00e9, ce matin, au hasard, <a href=\"http:\/\/www.education-aux-medias.ac-versailles.fr\/grosses-chaleurs-cet-ete\" target=\"_blank\" rel=\"noopener noreferrer\">un petit \u00e9dito<\/a>\u00a0que j&rsquo;avais \u00e9crit ailleurs il y a six ans d\u00e9j\u00e0. Aujourd&rsquo;hui encore, je n&rsquo;en retirerais pas une ligne. Les \u00e9lites nous expliquaient alors doctement qu&rsquo;il existait, d&rsquo;un c\u00f4t\u00e9, <strong>une bonne presse<\/strong>, celle des \u00ab\u00a0grands\u00a0\u00bb m\u00e9dias, presse \u00e9crite, t\u00e9l\u00e9vision, radio, dispensant une information de qualit\u00e9, et, par ailleurs, <strong>une mauvaise presse<\/strong>, celle de l&rsquo;Internet dans sa globalit\u00e9, support d&rsquo;une profonde m\u00e9diocrit\u00e9. Et que cela \u00e9tait l&rsquo;ordre des choses et ne changerait jamais. Pour ma part, je concluais en rappelant\u00a0:<\/p>\n<blockquote><p>\u00ab\u00a0Il n\u2019y a pas de mauvaise presse. Il n\u2019y a en d\u00e9mocratie qu\u2019une seule presse, une presse libre et pluraliste. Et c\u2019est le [citoyen]\u00a0qui fait le tri.\u00a0\u00bb<\/p><\/blockquote>\n<p>Cette opinion d&rsquo;une bonne et d&rsquo;une mauvaise presse est encore aujourd&rsquo;hui largement majoritaire dans les \u00e9lites politiques.<\/p>\n<h3>Au nom de la libert\u00e9 d&rsquo;expression<\/h3>\n<p>Elle a bon dos, cette libert\u00e9 fondamentale si mise \u00e0 mal ces derniers temps. Voil\u00e0 que nos vaillants et visionnaires s\u00e9nateurs se m\u00ealent de vouloir r\u00e9primer ses abus\u00a0! Qui l&rsquo;aurait cru\u00a0? On sait de quelle mani\u00e8re on a r\u00e9pondu, ces derniers temps, en haut lieu, \u00e0 ces probl\u00e8mes\u00a0: il n&rsquo;a jamais \u00e9t\u00e9 question de <strong>renforcer les moyens donn\u00e9s au juge judiciaire<\/strong> pour qu&rsquo;il puisse faire son travail, vite et bien. Non, on a pr\u00e9f\u00e9r\u00e9 confier les cl\u00e9s de la justice aux milices priv\u00e9es diligent\u00e9es par les r\u00e9seaux sociaux. Ainsi, on a d\u00e9l\u00e9gu\u00e9 \u00e0 je ne sais qui le droit de dire ce qui est licite ou ce qui ne l&rsquo;est pas et fourni\u00a0les ciseaux d&rsquo;Anastasie \u00e0 des employ\u00e9s nourris \u00e0 la morale am\u00e9ricaine, insensibles aux abus du droit en mati\u00e8re de racisme ou d&rsquo;homophobie mais particuli\u00e8rement sensibles d\u00e8s qu&rsquo;appara\u00eet un bout de fesse ou un t\u00e9ton.<\/p>\n<p>Bon, j&rsquo;y reviendrai sans doute dans un autre billet.<\/p>\n<p>Donc nos s\u00e9nateurs inventifs, <a href=\"https:\/\/m.nextinpact.com\/news\/100570-au-senat-pistes-pour-prevenir-abus-liberte-d-expression-sur-internet.htm\" target=\"_blank\" rel=\"noopener noreferrer\">rapporte <em>Nextinpact<\/em><\/a>,\u00a0ont d&rsquo;abord fait l&rsquo;\u00e9poustouflant constat suivant\u00a0:<\/p>\n<blockquote><p>\u00ab\u00a0L\u2019autre probl\u00e8me sur Internet est qu\u2019il n\u2019y a pas que des professionnels\u00a0\u00bb<\/p><\/blockquote>\n<p>Et d&rsquo;en tirer une r\u00e9solution, celle de pourfendre\u00a0:<\/p>\n<blockquote><p>\u00ab\u00a0\u2026\u00a0ceux qui se prennent pour les d\u00e9tenteurs de la v\u00e9rit\u00e9, ceux qui peuvent \u00eatre des ing\u00e9nieurs autoproclam\u00e9s, ceux qui n\u2019ont jamais eu les capacit\u00e9s de devenir journaliste et qui n\u00e9anmoins interviennent sur Internet. \u00bb<\/p><\/blockquote>\n<p>Quelle outrecuidance, ces gens qui donnent leur avis sans qu&rsquo;on le leur demande\u00a0! Comme disait Pierre Arditi \u00ab\u00a0<em><span style=\"color: #800000;\">C\u2019est formidable que les gens s\u2019expriment\u2026 apr\u00e8s tout pourquoi pas\u2026<\/span>\u00a0<\/em>\u00bb<em>.<\/em><\/p>\n<p>Apr\u00e8s les divagations du rapport Pietrasanta (1), il y a tout juste un an, qui voulait instaurer \u00ab\u00a0<span style=\"color: #800000;\"><em>le d\u00e9r\u00e9f\u00e9rencement des sites suppos\u00e9s pros\u00e9lytes et, a contrario, le surr\u00e9f\u00e9rencement des sites v\u00e9hiculant la contre-propagande d\u2019\u00c9tat<\/em><\/span>\u00a0\u00bb, ces subtiles remarques sont la manifestation d&rsquo;un d\u00e9sarroi profond. Il est temps d&rsquo;y voir clair et de <strong>s\u00e9parer le bon grain de l&rsquo;ivraie<\/strong>.<\/p>\n<h3>La bonne presse valid\u00e9e par l&rsquo;\u00c9tat<\/h3>\n<p>Je vous ai longuement parl\u00e9 d\u00e9j\u00e0 (2) de cette triste initiative qui transpire le repli sur soi \u2014\u00a0c&rsquo;est tr\u00e8s couru, en ce moment\u00a0\u2014 et\u00a0la suffisance de ses journalistes promoteurs, qui s&rsquo;appelle\u00a0<a href=\"http:\/\/lirelactu.fr\/\" target=\"_blank\" rel=\"noopener noreferrer\">Lirelactu.fr<\/a>\u00a0et dont l&rsquo;objectif, clairement affich\u00e9,\u00a0\u00ab\u00a0<em><span style=\"color: #800000;\">est d&rsquo;offrir aux jeunes une plateforme pour les aider \u00e0 d\u00e9crypter l&rsquo;information gr\u00e2ce \u00e0 une presse qualifi\u00e9e<\/span><\/em>\u00a0\u00bb (sic).<\/p>\n<p>Je n&rsquo;en suis toujours pas revenu. Il y aurait donc des fonctionnaires, aid\u00e9s de journalistes\u00a0\u2014\u00a0j&rsquo;ose \u00e0 peine prononcer ce mot tant il correspond peu \u00e0 l&rsquo;id\u00e9al initial\u00a0\u2014, qui s&rsquo;autoriseraient \u00e0 qualifier la presse, \u00e0 la frapper ou non du <strong>tampon institutionnel<\/strong>, le reste \u00e9tant ainsi d\u00e9qualifi\u00e9 donc suppos\u00e9 ne pas \u00eatre soumis au regard hagard d&rsquo;une jeunesse suppos\u00e9e ignare et en plein d\u00e9sarroi. Aujourd&rsquo;hui, ce portail, qui n&rsquo;est d&rsquo;ailleurs toujours pas ouvert, est cens\u00e9 proposer un acc\u00e8s \u00e0 une quinzaine de titres valid\u00e9s, dits qualifi\u00e9s, et s&rsquo;ouvrir \u00e0\u00a0\u00ab\u00a0<em><span style=\"color: #800000;\">d\u2019autres titres de presse \u00e9crite d\u2019information g\u00e9n\u00e9rale, en particulier \u00e0 la presse quotidienne r\u00e9gionale et aux hebdomadaires<\/span><\/em>\u00a0\u00bb. Ces derniers, pour faire partie du panel, devront-ils montrer patte blanche, faire all\u00e9geance aux grands patrons de presse, voir ci-dessous, passer sous le joug, promettre on ne sait quoi\u00a0? De rester \u00ab\u00a0une presse de qualit\u00e9\u00a0\u00bb\u00a0?<\/p>\n<p>[<strong>Mise \u00e0 jour du 17 d\u00e9cembre 2022<\/strong>\u00a0: le magnifique sch\u00e9ma ci-dessous est mis \u00e0 jour avec les donn\u00e9es les plus r\u00e9centes]<\/p>\n<p><a href=\"https:\/\/www.culture-numerique.fr\/?attachment_id=8245\" rel=\"attachment wp-att-8245\"><img loading=\"lazy\" decoding=\"async\" class=\"aligncenter size-full wp-image-8245\" src=\"https:\/\/www.culture-numerique.fr\/wp-content\/uploads\/2022\/12\/poster_medias_francais_8060-v18-7099c.png\" alt=\"\" width=\"890\" height=\"668\" srcset=\"https:\/\/www.culture-numerique.fr\/wp-content\/uploads\/2022\/12\/poster_medias_francais_8060-v18-7099c.png 890w, https:\/\/www.culture-numerique.fr\/wp-content\/uploads\/2022\/12\/poster_medias_francais_8060-v18-7099c-300x225.png 300w, https:\/\/www.culture-numerique.fr\/wp-content\/uploads\/2022\/12\/poster_medias_francais_8060-v18-7099c-100x75.png 100w, https:\/\/www.culture-numerique.fr\/wp-content\/uploads\/2022\/12\/poster_medias_francais_8060-v18-7099c-150x113.png 150w, https:\/\/www.culture-numerique.fr\/wp-content\/uploads\/2022\/12\/poster_medias_francais_8060-v18-7099c-200x150.png 200w, https:\/\/www.culture-numerique.fr\/wp-content\/uploads\/2022\/12\/poster_medias_francais_8060-v18-7099c-450x338.png 450w, https:\/\/www.culture-numerique.fr\/wp-content\/uploads\/2022\/12\/poster_medias_francais_8060-v18-7099c-600x450.png 600w\" sizes=\"auto, (max-width: 890px) 100vw, 890px\" \/><\/a><\/p>\n<p>[<strong>Mise \u00e0 jour du 27 octobre 2016<\/strong>\u00a0: le site est maintenant ouvert et, curieusement, <a href=\"http:\/\/ecolenumerique.education.gouv.fr\/2016\/10\/27\/lirelactu-plateforme-numerique-medias-gratuite-college-lycee\/\" target=\"_blank\" rel=\"noopener noreferrer\">la pr\u00e9sentation<\/a> qui en est faite sur le site du minist\u00e8re s&rsquo;affranchit de toute \u00e9ventuelle validation ou qualification pr\u00e9alable de la presse s\u00e9lectionn\u00e9e. Esp\u00e9rons que le pluralisme sera bien gagnant. Je le v\u00e9rifierai.]<\/p>\n<h3>La presse de qualit\u00e9 vue par RSF<\/h3>\n<p>Non, vous ne r\u00eavez pas. L&rsquo;association \u00ab\u00a0Reporters sans fronti\u00e8res\u00a0\u00bb se m\u00eale \u00e0 la f\u00eate. <a href=\"http:\/\/www.numerama.com\/politique\/180831-reporters-frontieres-sinquiete-nouveaux-algos-de-facebook.html\" target=\"_blank\" rel=\"noopener noreferrer\"><em>Numerama<\/em> nous apprend<\/a> que son secr\u00e9taire g\u00e9n\u00e9ral signe <a href=\"https:\/\/rsf.org\/fr\/actualites\/rsf-deplore-que-facebook-modifie-son-algorithme-au-detriment-des-informations-journalistiques\" target=\"_blank\" rel=\"noopener noreferrer\">un \u00e9dito r\u00e9cent<\/a> o\u00f9 RSF s&rsquo;inqui\u00e8te de la modification de l&rsquo;algorithme selon lequel Facebook propose les articles \u00e0 ses lecteurs. Ainsi, selon RSF\u00a0:<\/p>\n<blockquote><p>\u00ab Il est essentiel que l\u2019information journalistique, celle qui repose sur des m\u00e9thodes, des r\u00e8gles d\u2019honn\u00eatet\u00e9 et le principe d\u2019ind\u00e9pendance, ne disparaisse pas au profit de la subjectivit\u00e9 et de l\u2019opinion pure\u00a0\u00bb<\/p><\/blockquote>\n<p>Nous voil\u00e0 maintenant \u00e9clair\u00e9s par RSF\u00a0: <strong>une presse de qualit\u00e9<\/strong>, celle qui vaut d&rsquo;\u00eatre pr\u00e9sent\u00e9e en t\u00eate du fil de lecture des abonn\u00e9s \u00e0 ce r\u00e9seau social, au d\u00e9triment des photos de chatons ou d&rsquo;un article de blogue, est une presse, je cite, <strong>honn\u00eate, ind\u00e9pendante, objective et qui ne d\u00e9livre jamais d&rsquo;opinion<\/strong>. Ce qui, chacun le sait bien, caract\u00e9rise l&rsquo;essentiel de la grande presse nationale ou des grands m\u00e9dias, en France ou \u00e0 l&rsquo;\u00e9tranger, ceux qui ont justement \u00e9t\u00e9 qualifi\u00e9s par le minist\u00e8re de l&rsquo;\u00e9ducation nationale.<\/p>\n<p>RSF n&rsquo;est pas trop s\u00e9rieux. <em>Numerama<\/em> rel\u00e8ve \u00e0 juste titre <strong>l&rsquo;incongruit\u00e9 et le paradoxe<\/strong> de sa d\u00e9marche\u00a0:<\/p>\n<blockquote><p>\u00ab\u00a0Il serait paradoxal qu\u2019en cherchant \u00e0 prot\u00e9ger sa profession, RSF privil\u00e9gie la diffusion des informations sourc\u00e9es aupr\u00e8s d\u2019une presse professionnelle, lorsque son propre rapport mondial sur la libert\u00e9 de la presse d\u00e9nonce chaque ann\u00e9e le manque d\u2019ind\u00e9pendance de nombreux organes de presse, y compris en France.\u00a0\u00bb<\/p><\/blockquote>\n<p>Et <em>Numerama<\/em> commente, \u00e0 juste titre\u00a0:<\/p>\n<blockquote><p>\u00ab\u00a0Ce n\u2019est donc pas en soi une mauvaise nouvelle que l\u2019information ne passe plus de fa\u00e7on privil\u00e9gi\u00e9e par le truchement de ces m\u00e9dias hyper-concentr\u00e9s et sous emprise politique et industrielle, mais qu\u2019elle puisse \u00eatre lib\u00e9r\u00e9e par la communication directe entre les citoyens, qui s\u2019informent eux-m\u00eames.\u00a0\u00bb<\/p><\/blockquote>\n<h3>Et si on se pr\u00e9occupait d&rsquo;\u00e9ducation\u00a0?<\/h3>\n<p>Le probl\u00e8me est donc ailleurs, comme le rel\u00e8ve encore <em>Numerama<\/em>. Il n&rsquo;est plus temps de valider, de qualifier, de tamponner, de s\u00e9lectionner, il est urgent de commencer \u00e0 donner aux citoyens, \u00e0 commencer par les plus jeunes d&rsquo;entre eux, \u00e0 l&rsquo;\u00e9cole, les moyens d&rsquo;<strong>exercer leur sens critique \u00e0 l&rsquo;\u00e9gard de l&rsquo;information<\/strong>, d&rsquo;o\u00f9 qu&rsquo;elle provienne, quelle qu&rsquo;elle soit.<\/p>\n<p><strong>Il s&rsquo;agit donc d&rsquo;\u00e9ducation et de rien d&rsquo;autre<\/strong>. Plut\u00f4t que de promouvoir, sous la pression des lobbys de la presse \u00e9crite, un pseudo-portail inutile dont il ne reste plus qu&rsquo;\u00e0 esp\u00e9rer sa prochaine disparition, plut\u00f4t que de chercher \u00e0 valider une information suppos\u00e9e \u00ab\u00a0de qualit\u00e9\u00a0\u00bb, \u00a0il est plus que temps, comme le dit <a href=\"http:\/\/www.humanite.fr\/divina-frau-meigs-leducation-aux-medias-ne-simprovise-pas-611304\" target=\"_blank\" rel=\"noopener noreferrer\">Divina Frau-Meigs dans <em>L&rsquo;Humanit\u00e9<\/em><\/a>, de dire haut et fort que \u00ab\u00a0<span style=\"color: #800000;\"><em>l\u2019\u00e9ducation aux m\u00e9dias est une question de politique publique<\/em><\/span>\u00a0\u00bb, de promouvoir une vision positive, ouverte et responsable de la citoyennet\u00e9. Chaque citoyen doit pouvoir s&rsquo;informer o\u00f9 il le souhaite, comme il l&rsquo;entend, et \u00eatre capable de d\u00e9crypter l&rsquo;information pluraliste dont il dispose, qu&rsquo;elle soit ou non pr\u00e9sent\u00e9e par un algorithme, de la recouper d&rsquo;autres sources, d&rsquo;entendre et de lire l&rsquo;opinion des journalistes, dont la parole reste pr\u00e9cieuse, et celle d&rsquo;autres citoyens, ses pairs.<\/p>\n<p>Et l&rsquo;enjeu est de taille. <a href=\"http:\/\/meta-media.fr\/2016\/07\/08\/mobile-et-reseaux-sociaux-portes-dentree-desormais-de-linfo.html\" target=\"_blank\" rel=\"noopener noreferrer\"><em>M\u00e9ta-Media<\/em> nous rappelle<\/a>, il y a quelques jours, en se r\u00e9f\u00e9rant \u00e0 une enqu\u00eate am\u00e9ricaine de <a href=\"http:\/\/www.pewresearch.org\/\" target=\"_blank\" rel=\"noopener noreferrer\">Pew Research<\/a>, que les m\u00e9dias connaissent <strong>une crise de confiance<\/strong> sans pr\u00e9c\u00e9dent\u00a0:<\/p>\n<blockquote><p>\u00ab\u00a0Avec les r\u00e9seaux sociaux, le partage d\u2019informations se fait de plus en plus rapidement. Qu\u2019on le veuille ou non, les amis et la famille constituent \u00e0 pr\u00e9sent une importante source d\u2019information.\u00a0\u00bb<\/p><\/blockquote>\n<p><em>M\u00e9ta-Media<\/em> rapporte notamment que seulement 10\u00a0% d\u2019entre les jeunes\u00a0se fient aux informations, et que seuls 12\u00a0% estiment que les m\u00e9dias nationaux font un tr\u00e8s bon travail pour les tenir inform\u00e9s. Par ailleurs, en-dessous de 50 ans\u00a0\u2014\u00a0la tendance ne concerne donc pas que les jeunes populations\u00a0\u2014, on s&rsquo;informe essentiellement en ligne, sur son mobile, sur les r\u00e9seaux sociaux, un peu aussi encore \u00e0 la t\u00e9l\u00e9vision mais le \u00ab\u00a0<em>print<\/em>\u00a0\u00bb, la presse \u00e9crite, ne constitue plus qu&rsquo;une fraction tr\u00e8s marginale des sources d&rsquo;information (5\u00a0% chez les 18-29 ans).<\/p>\n<p><img loading=\"lazy\" decoding=\"async\" class=\"aligncenter size-full wp-image-5165\" src=\"http:\/\/www.culture-numerique.fr\/wp-content\/uploads\/2016\/07\/PEW-600x594.jpg\" alt=\"Pew Research\" width=\"600\" height=\"594\" srcset=\"https:\/\/www.culture-numerique.fr\/wp-content\/uploads\/2016\/07\/PEW-600x594.jpg 600w, https:\/\/www.culture-numerique.fr\/wp-content\/uploads\/2016\/07\/PEW-600x594-150x149.jpg 150w, https:\/\/www.culture-numerique.fr\/wp-content\/uploads\/2016\/07\/PEW-600x594-300x297.jpg 300w, https:\/\/www.culture-numerique.fr\/wp-content\/uploads\/2016\/07\/PEW-600x594-100x99.jpg 100w, https:\/\/www.culture-numerique.fr\/wp-content\/uploads\/2016\/07\/PEW-600x594-200x198.jpg 200w, https:\/\/www.culture-numerique.fr\/wp-content\/uploads\/2016\/07\/PEW-600x594-450x446.jpg 450w, https:\/\/www.culture-numerique.fr\/wp-content\/uploads\/2016\/07\/PEW-600x594-50x50.jpg 50w\" sizes=\"auto, (max-width: 600px) 100vw, 600px\" \/><\/p>\n<p>La d\u00e9fiance est \u00e0 ce point g\u00e9n\u00e9rale que personne, non, personne n&rsquo;attend quoi que ce soit d&rsquo;une suppos\u00e9e autorit\u00e9 de validation ou de certification de l&rsquo;information, comme au bon temps, en France, du minist\u00e8re du m\u00eame nom. La tendance se renforce, en revanche, de <strong>faire confiance \u00e0 ses proches<\/strong>, \u00e0 ses amis, \u00e0 ses pairs.<\/p>\n<p>Convient-il alors de donner plus de poids aux\u00a0dispositifs d&rsquo;\u00e9valuation en ligne, non exempts par ailleurs de d\u00e9tournements ou de critiques\u00a0? Ou les microcosmes sont-ils capables, \u00e0 eux seuls, de faire na\u00eetre la n\u00e9cessaire intelligence collective qui permet \u00e0 chaque citoyen de se construire une opinion \u00e9clair\u00e9e de l&rsquo;observation des faits\u00a0? C&rsquo;est l\u00e0 l&rsquo;enjeu pour demain, <strong>un enjeu duquel l&rsquo;\u00e9ducation ne peut en aucun cas \u00eatre exclue<\/strong>.<\/p>\n<p>Encore convient-il de sortir des d\u00e9clarations convenues et opportunistes pour passer enfin aux actes, ceux de faire de l&rsquo;\u00e9ducation aux m\u00e9dias, qui s&rsquo;inscrit naturellement dans une \u00e9ducation au num\u00e9rique, le fil rouge de tous les apprentissages disciplinaires.<\/p>\n<p>Michel Guillou\u00a0<a href=\"https:\/\/twitter.com\/michelguillou\" target=\"_blank\" rel=\"noopener noreferrer\">@michelguillou<\/a><\/p>\n<p><a href=\"http:\/\/creativecommons.org\/licenses\/by-nc-sa\/2.0\/fr\/\" target=\"_blank\" rel=\"noopener noreferrer\"><img loading=\"lazy\" decoding=\"async\" src=\"http:\/\/i.creativecommons.org\/l\/by-nc-sa\/2.0\/fr\/80x15.png\" alt=\"image\" width=\"80\" height=\"15\" data-pin-nopin=\"true\" \/><\/a><\/p>\n<ol>\n<li>Selon une \u00e9tude tr\u00e8s inqui\u00e9tante, le niveau baisse (au parlement)\u00a0<a href=\"http:\/\/www.culture-numerique.fr\/?p=3491\" target=\"_blank\" rel=\"noopener noreferrer\">http:\/\/www.culture-numerique.fr\/?p=3491<\/a><\/li>\n<li>\u00c9duquer aux m\u00e9dias, certes, mais aux seuls m\u00e9dias valid\u00e9s par l\u2019institution\u00a0<a href=\"http:\/\/www.culture-numerique.fr\/?p=4804\" target=\"_blank\" rel=\"noopener noreferrer\">http:\/\/www.culture-numerique.fr\/?p=4804<\/a><\/li>\n<\/ol>\n<p>[cite]<\/p>\n","protected":false},"excerpt":{"rendered":"<p><img loading=\"lazy\" decoding=\"async\" class=\"aligncenter wp-image-5150\" src=\"http:\/\/www.culture-numerique.fr\/wp-content\/uploads\/2016\/07\/Approuv\u00e9.jpg\" alt=\"Approuv\u00e9\" width=\"1280\" height=\"787\" srcset=\"https:\/\/www.culture-numerique.fr\/wp-content\/uploads\/2016\/07\/Approuv\u00e9.jpg 2560w, https:\/\/www.culture-numerique.fr\/wp-content\/uploads\/2016\/07\/Approuv\u00e9-300x184.jpg 300w, https:\/\/www.culture-numerique.fr\/wp-content\/uploads\/2016\/07\/Approuv\u00e9-1024x630.jpg 1024w, https:\/\/www.culture-numerique.fr\/wp-content\/uploads\/2016\/07\/Approuv\u00e9-100x61.jpg 100w, https:\/\/www.culture-numerique.fr\/wp-content\/uploads\/2016\/07\/Approuv\u00e9-150x92.jpg 150w, https:\/\/www.culture-numerique.fr\/wp-content\/uploads\/2016\/07\/Approuv\u00e9-200x123.jpg 200w, https:\/\/www.culture-numerique.fr\/wp-content\/uploads\/2016\/07\/Approuv\u00e9-450x277.jpg 450w, https:\/\/www.culture-numerique.fr\/wp-content\/uploads\/2016\/07\/Approuv\u00e9-600x369.jpg 600w, https:\/\/www.culture-numerique.fr\/wp-content\/uploads\/2016\/07\/Approuv\u00e9-900x553.jpg 900w\" sizes=\"auto, (max-width: 1280px) 100vw, 1280px\" \/><\/p>\n<p><strong>C&rsquo;est l&rsquo;algorithme myst\u00e9rieux<\/strong> du r\u00e9seau social dont le nom commence par un F et se termine par un K qui m&rsquo;a pr\u00e9sent\u00e9, ce matin, au hasard, <a href=\"http:\/\/www.education-aux-medias.ac-versailles.fr\/grosses-chaleurs-cet-ete\" target=\"_blank\" rel=\"noopener noreferrer\">un petit \u00e9dito<\/a>\u00a0que j&rsquo;avais \u00e9crit ailleurs il y a six ans d\u00e9j\u00e0.<\/p>\n<p><span class=\"ellipsis\">&hellip;<\/span><\/p>\n<div class=\"read-more\"><a href=\"https:\/\/www.culture-numerique.fr\/?p=5146\">Lire la suite &#8250;<\/a><\/div>\n<p><!-- end of .read-more --><\/p>\n","protected":false},"author":1,"featured_media":5150,"comment_status":"open","ping_status":"open","sticky":false,"template":"","format":"standard","meta":{"jetpack_post_was_ever_published":false,"_jetpack_newsletter_access":"","_jetpack_dont_email_post_to_subs":true,"_jetpack_newsletter_tier_id":0,"_jetpack_memberships_contains_paywalled_content":false,"_jetpack_memberships_contains_paid_content":false,"footnotes":""},"categories":[9],"tags":[742,46,547,386,111,437,13,207,721,743,744,363],"class_list":["post-5146","post","type-post","status-publish","format-standard","has-post-thumbnail","hentry","category-billets-dhumeur","tag-algorithmes","tag-citoyennete","tag-confiance","tag-education-a-linformation","tag-education-aux-medias","tag-education-aux-medias-numeriques","tag-liberte-dexpression","tag-medias","tag-presse","tag-qualification","tag-tampon-institutionnel","tag-validation"],"jetpack_featured_media_url":"https:\/\/www.culture-numerique.fr\/wp-content\/uploads\/2016\/07\/Approuv\u00e9.jpg","jetpack_sharing_enabled":true,"_links":{"self":[{"href":"https:\/\/www.culture-numerique.fr\/index.php?rest_route=\/wp\/v2\/posts\/5146","targetHints":{"allow":["GET"]}}],"collection":[{"href":"https:\/\/www.culture-numerique.fr\/index.php?rest_route=\/wp\/v2\/posts"}],"about":[{"href":"https:\/\/www.culture-numerique.fr\/index.php?rest_route=\/wp\/v2\/types\/post"}],"author":[{"embeddable":true,"href":"https:\/\/www.culture-numerique.fr\/index.php?rest_route=\/wp\/v2\/users\/1"}],"replies":[{"embeddable":true,"href":"https:\/\/www.culture-numerique.fr\/index.php?rest_route=%2Fwp%2Fv2%2Fcomments&post=5146"}],"version-history":[{"count":34,"href":"https:\/\/www.culture-numerique.fr\/index.php?rest_route=\/wp\/v2\/posts\/5146\/revisions"}],"predecessor-version":[{"id":8248,"href":"https:\/\/www.culture-numerique.fr\/index.php?rest_route=\/wp\/v2\/posts\/5146\/revisions\/8248"}],"wp:featuredmedia":[{"embeddable":true,"href":"https:\/\/www.culture-numerique.fr\/index.php?rest_route=\/wp\/v2\/media\/5150"}],"wp:attachment":[{"href":"https:\/\/www.culture-numerique.fr\/index.php?rest_route=%2Fwp%2Fv2%2Fmedia&parent=5146"}],"wp:term":[{"taxonomy":"category","embeddable":true,"href":"https:\/\/www.culture-numerique.fr\/index.php?rest_route=%2Fwp%2Fv2%2Fcategories&post=5146"},{"taxonomy":"post_tag","embeddable":true,"href":"https:\/\/www.culture-numerique.fr\/index.php?rest_route=%2Fwp%2Fv2%2Ftags&post=5146"}],"curies":[{"name":"wp","href":"https:\/\/api.w.org\/{rel}","templated":true}]}}