{"id":5079,"date":"2016-07-28T22:44:54","date_gmt":"2016-07-28T20:44:54","guid":{"rendered":"http:\/\/www.culture-numerique.fr\/?p=5079"},"modified":"2016-11-22T18:48:42","modified_gmt":"2016-11-22T17:48:42","slug":"quand-lecole-est-sur-la-voie-du-brexit","status":"publish","type":"post","link":"https:\/\/www.culture-numerique.fr\/?p=5079","title":{"rendered":"Quand l&rsquo;\u00e9cole est sur la voie du Brexit\u2026"},"content":{"rendered":"<h3>\u00a0<img loading=\"lazy\" decoding=\"async\" class=\"aligncenter size-full wp-image-5173\" src=\"http:\/\/www.culture-numerique.fr\/wp-content\/uploads\/2016\/07\/pencil-1203980_1280.jpg\" alt=\"Brexit\" width=\"1280\" height=\"891\" srcset=\"https:\/\/www.culture-numerique.fr\/wp-content\/uploads\/2016\/07\/pencil-1203980_1280.jpg 1280w, https:\/\/www.culture-numerique.fr\/wp-content\/uploads\/2016\/07\/pencil-1203980_1280-300x209.jpg 300w, https:\/\/www.culture-numerique.fr\/wp-content\/uploads\/2016\/07\/pencil-1203980_1280-1024x713.jpg 1024w, https:\/\/www.culture-numerique.fr\/wp-content\/uploads\/2016\/07\/pencil-1203980_1280-100x70.jpg 100w, https:\/\/www.culture-numerique.fr\/wp-content\/uploads\/2016\/07\/pencil-1203980_1280-150x104.jpg 150w, https:\/\/www.culture-numerique.fr\/wp-content\/uploads\/2016\/07\/pencil-1203980_1280-200x139.jpg 200w, https:\/\/www.culture-numerique.fr\/wp-content\/uploads\/2016\/07\/pencil-1203980_1280-450x313.jpg 450w, https:\/\/www.culture-numerique.fr\/wp-content\/uploads\/2016\/07\/pencil-1203980_1280-600x418.jpg 600w, https:\/\/www.culture-numerique.fr\/wp-content\/uploads\/2016\/07\/pencil-1203980_1280-900x626.jpg 900w\" sizes=\"auto, (max-width: 1280px) 100vw, 1280px\" \/><\/h3>\n<p><strong>Il y a comme quelque chose de cass\u00e9<\/strong> dans l&rsquo;\u00e9cole de France. Les sympt\u00f4mes sont nombreux qui montrent des tensions, des frictions qui concernent tant le syst\u00e8me \u00e9ducatif lui-m\u00eame que ses acteurs. Depuis la r\u00e9forme du lyc\u00e9e, en passant par la refondation, la fabrique des nouveaux programmes, l&rsquo;\u00e9cole num\u00e9rique, les rythmes scolaires et maintenant la r\u00e9forme du coll\u00e8ge, toutes ces mutations ont montr\u00e9 \u00e0 la fois l&rsquo;incapacit\u00e9 du syst\u00e8me \u00e0 se r\u00e9former et <strong>la formidable r\u00e9sistance au changement<\/strong>.<\/p>\n<blockquote><p>\u00ab\u00a0\u00c7a et l\u00e0, des initiatives \u00e9mergent mais une v\u00e9ritable vision prospective c\u00e8de souvent devant des r\u00e9flexions \u00e0 court terme, que ce soit sur les usages du num\u00e9rique, les apprentissages fondamentaux ou l\u2019enseignement du civisme. Or si l\u2019\u00e9cole ne contribue pas davantage \u00e0 changer la soci\u00e9t\u00e9, c\u2019est la soci\u00e9t\u00e9 qui changera l\u2019\u00e9cole, et peut-\u00eatre plus radicalement qu\u2019on ne le croit.\u00a0\u00bb<\/p><\/blockquote>\n<p>Ces lignes admirables que j&rsquo;aurais aim\u00e9 \u00e9crire sont de\u00a0<a href=\"http:\/\/www.richard-emmanuel.eastes.eu\/resume\" target=\"_blank\">Richard-Emmanuel Eastes<\/a>, chercheur suisse, qui signe <a href=\"https:\/\/theconversation.com\/pour-reinventer-lecole-60972\" target=\"_blank\">un texte brilllant<\/a> et r\u00e9cent dans\u00a0<em><a href=\"https:\/\/theconversation.com\/\" target=\"_blank\">The Conversation<\/a><\/em>.<\/p>\n<h3>L&rsquo;\u00e9cole a-t-elle perdu\u00a0la raison\u00a0?<\/h3>\n<p>C&rsquo;est en effet bien le sujet. C&rsquo;est l&rsquo;\u00e9cole qui traditionnellement, dans ce pays, <strong>montre la voie \u00e0 la soci\u00e9t\u00e9<\/strong>, en lui donnant \u00e0 expliquer le Monde et ses \u00e9volutions, en portant bien haut et en transmettant les valeurs communes de la R\u00e9publique. C&rsquo;est l&rsquo;\u00e9cole qui, prenant appui sur <strong>de solides humanit\u00e9s<\/strong>, permet \u00e0 ses jeunes citoyens de d\u00e9chiffrer les informations de l&rsquo;actualit\u00e9 comme de comprendre les grands d\u00e9bats \u00e9thiques, scientifiques, \u00e9conomiques, politiques, soci\u00e9taux qui agitent le Monde. Et, surtout, c&rsquo;est l&rsquo;\u00e9cole qui doit <strong>mettre la raison au c\u0153ur<\/strong> de toutes ces r\u00e9flexions, contre toutes les croyances et les doxas. O\u00f9 est pass\u00e9e aujourd&rsquo;hui la raison\u00a0? Bien des \u00e9v\u00e9nements r\u00e9cents ont montr\u00e9 qu&rsquo;elle avait bel et bien quitt\u00e9 l&rsquo;\u00e9cole, comme si l&rsquo;institution, son encadrement et ses ma\u00eetres s&rsquo;av\u00e9raient incapables de proposer une r\u00e9flexion critique permettant aux \u00e9l\u00e8ves de discerner le bien du mal, le vrai du faux\u2026 Comme si\u2026<\/p>\n<p>Pour y revenir, concernant par exemple le paradigme num\u00e9rique, l&rsquo;\u00e9cole est-elle aujourd&rsquo;hui capable de proposer \u00e0 la soci\u00e9t\u00e9 <strong>une r\u00e9flexion raisonn\u00e9e de ce mod\u00e8le<\/strong>\u00a0? Tout en effet montre le contraire, un repli sur soi consensuel voire atavique, la censure des id\u00e9es, le m\u00e9pris des jeunes suppos\u00e9s incapables de penser, le rejet de l&rsquo;innovation, l&rsquo;incapacit\u00e9 \u00e0 partager, \u00e0 \u00e9changer, \u00e0 d\u00e9battre, \u00e0 remettre en cause les vieux mod\u00e8les surann\u00e9s, \u00e0 observer, interroger et prendre en compte les modifications comportementales et soci\u00e9tales, \u00e0 reb\u00e2tir, \u00e0 refonder, \u00e0 r\u00e9inventer, \u00e0 faire confiance, \u00e0 promouvoir, \u00e0 distinguer, \u00e0 faire le tri, \u00e0 animer, \u00e0 impulser, \u00e0 tirer vers l&rsquo;avant\u2026 \u00e0 dire ce qui nous rassemble, \u00e0 penser droit <a href=\"http:\/\/blogs.lexpress.fr\/etudiant-sur-le-tard\/face-a-la-terreur-penser-droit-quand-meme\/\" target=\"_blank\">comme le propose Luc Bentz<\/a>.<\/p>\n<h3>C&rsquo;est la soci\u00e9t\u00e9 qui se met \u00e0 changer l&rsquo;\u00e9cole<\/h3>\n<blockquote><p>\u00ab\u00a0\u2026\u00a0en changeant l\u2019\u00e9cole, nous portons bien un projet de soci\u00e9t\u00e9.\u00a0\u00bb<\/p><\/blockquote>\n<p>C&rsquo;est pourtant sous cet auspice que Vincent Peillon pr\u00e9sentait son projet de refondation de l&rsquo;\u00e9cole, par exemple dans <a href=\"http:\/\/www.cahiers-pedagogiques.com\/C-est-a-l-ecole-de-changer-la-societe\" target=\"_blank\">ce discours<\/a>, fin octobre 2012.<\/p>\n<p>Mais non, d\u00e9finitivement, \u00e7a ne se passe pas comme cela. La lecture, jour apr\u00e8s jour, de la litt\u00e9rature officielle sur Eduscol ou du Bulletin officiel, la lecture des bulletins et sites syndicaux de tout poil ou presque, l&rsquo;\u00e9coute de la plupart des cadres et des enseignants sur les r\u00e9seaux sociaux ou dans les salles de professeurs ne laisse pas d&rsquo;inqui\u00e9ter. Ceux qui avancent, ceux qui impulsent, <strong>ceux qui tirent vers l&rsquo;avant sont rares, si rares.\u00a0<\/strong><\/p>\n<p>En cette fin juillet, je suis r\u00e9solument pessimiste. Et ce ne sont pas les \u00e9v\u00e9nements r\u00e9cents qui vont me faire penser le contraire. L&rsquo;\u00e9cole subit les grands changements et les mutations sociales qui affectent la soci\u00e9t\u00e9, incapable qu&rsquo;elle est de les anticiper et de proposer <strong>une alternative raisonn\u00e9e et s\u00e9rieuse<\/strong>. Qu&rsquo;a-t-elle fait pour s&rsquo;opposer au communautarisme qui gagne, qu&rsquo;a-t-elle fait pour d\u00e9fendre la la\u00efcit\u00e9 \u2014\u00a0rares sont ceux qui savent encore ce que cela signifie \u2014, qu&rsquo;a-t-elle fait pour r\u00e9sister aux th\u00e9ories cr\u00e9ationnistes\u00a0? Qu&rsquo;a-t-elle vraiment entrepris ces derniers mois pour proposer d&rsquo;autres mod\u00e8les\u00a0?<\/p>\n<p>Car il tra\u00eene malheureusement l&rsquo;id\u00e9e \u00ab\u00a0<em>qu&rsquo;il ne faut pas trop charger la mule<\/em>\u00a0\u00bb, que l&rsquo;\u00e9cole ne peut \u00e0 elle seule, sans doute, trouver une solution \u00e0 tous les maux de la soci\u00e9t\u00e9\u2026 Je l&rsquo;ai encore entendu r\u00e9cemment. Mais si l&rsquo;\u00e9cole ne le fait pas, si elle n&rsquo;est pas capable de bouleverser ses programmes, de \u00ab\u00a0<em>pousser plus loin les murs de la classe<\/em>\u00a0\u00bb, comme je le proposais il y a plus de quatre ans d\u00e9j\u00e0 (1), de dresser entre les disciplines\u00a0les n\u00e9cessaires passerelles pour lutter ensemble contre la d\u00e9sinformation, le complotisme et proposer <strong>une v\u00e9ritable \u00e9ducation aux m\u00e9dias<\/strong>, plus indispensable que jamais, nourrie et enrichie des apports du num\u00e9rique, qui le fera\u00a0? Les marchands du temple n&rsquo;attendent que l&rsquo;occasion d&rsquo;ub\u00e9riser l&rsquo;\u00e9cole, de l&rsquo;\u00e9parpiller fa\u00e7on puzzle pour imposer leurs propres lois, celles du march\u00e9\u2026<\/p>\n<p>Je vous avais pr\u00e9venu, le pessimisme me gagne&#8230;<\/p>\n<p>Michel Guillou\u00a0<a href=\"https:\/\/twitter.com\/michelguillou\" target=\"_blank\">@michelguillou<\/a><\/p>\n<p><a href=\"http:\/\/creativecommons.org\/licenses\/by-nc-sa\/2.0\/fr\/\" target=\"_blank\"><img loading=\"lazy\" decoding=\"async\" src=\"http:\/\/i.creativecommons.org\/l\/by-nc-sa\/2.0\/fr\/80x15.png\" alt=\"image\" width=\"80\" height=\"15\" data-pin-nopin=\"true\" \/><\/a><\/p>\n<p>Cr\u00e9dit photo\u00a0: via <a href=\"https:\/\/pixabay.com\/fr\/crayon-fracture-rompu-bris%C3%A9es-1203980\/\" target=\"_blank\">Pixabay<\/a> en licence CC0, <a title=\"Creative Commons Attribution-Share Alike 3.0\" href=\"http:\/\/creativecommons.org\/licenses\/by-sa\/3.0\">CC BY-SA 3.0<\/a><\/p>\n<ol>\n<li>Pousser plus loin les murs de la classe\u2026\u00a0<a href=\"http:\/\/www.culture-numerique.fr\/?p=598\" target=\"_blank\">http:\/\/www.culture-numerique.fr\/?p=598<\/a><\/li>\n<\/ol>\n<p>[cite]<\/p>\n","protected":false},"excerpt":{"rendered":"<p><img loading=\"lazy\" decoding=\"async\" class=\"aligncenter size-full wp-image-5173\" src=\"http:\/\/www.culture-numerique.fr\/wp-content\/uploads\/2016\/07\/pencil-1203980_1280.jpg\" alt=\"Brexit\" width=\"1280\" height=\"891\" srcset=\"https:\/\/www.culture-numerique.fr\/wp-content\/uploads\/2016\/07\/pencil-1203980_1280.jpg 1280w, https:\/\/www.culture-numerique.fr\/wp-content\/uploads\/2016\/07\/pencil-1203980_1280-300x209.jpg 300w, https:\/\/www.culture-numerique.fr\/wp-content\/uploads\/2016\/07\/pencil-1203980_1280-1024x713.jpg 1024w, https:\/\/www.culture-numerique.fr\/wp-content\/uploads\/2016\/07\/pencil-1203980_1280-100x70.jpg 100w, https:\/\/www.culture-numerique.fr\/wp-content\/uploads\/2016\/07\/pencil-1203980_1280-150x104.jpg 150w, https:\/\/www.culture-numerique.fr\/wp-content\/uploads\/2016\/07\/pencil-1203980_1280-200x139.jpg 200w, https:\/\/www.culture-numerique.fr\/wp-content\/uploads\/2016\/07\/pencil-1203980_1280-450x313.jpg 450w, https:\/\/www.culture-numerique.fr\/wp-content\/uploads\/2016\/07\/pencil-1203980_1280-600x418.jpg 600w, https:\/\/www.culture-numerique.fr\/wp-content\/uploads\/2016\/07\/pencil-1203980_1280-900x626.jpg 900w\" sizes=\"auto, (max-width: 1280px) 100vw, 1280px\" \/><\/p>\n<p><strong>Il y a comme quelque chose de cass\u00e9<\/strong> dans l&rsquo;\u00e9cole de France. Les sympt\u00f4mes sont nombreux qui montrent des tensions, des frictions qui concernent tant le syst\u00e8me \u00e9ducatif lui-m\u00eame que ses acteurs. Depuis la r\u00e9forme du lyc\u00e9e,<\/p>\n<p><span class=\"ellipsis\">&hellip;<\/span><\/p>\n<div class=\"read-more\"><a href=\"https:\/\/www.culture-numerique.fr\/?p=5079\">Lire la suite &#8250;<\/a><\/div>\n<p><!-- end of .read-more --><\/p>\n","protected":false},"author":1,"featured_media":5173,"comment_status":"open","ping_status":"open","sticky":false,"template":"","format":"standard","meta":{"jetpack_post_was_ever_published":false,"_jetpack_newsletter_access":"","_jetpack_dont_email_post_to_subs":true,"_jetpack_newsletter_tier_id":0,"_jetpack_memberships_contains_paywalled_content":false,"_jetpack_memberships_contains_paid_content":false,"footnotes":""},"categories":[9],"tags":[593,745,111,575,230],"class_list":["post-5079","post","type-post","status-publish","format-standard","has-post-thumbnail","hentry","category-billets-dhumeur","tag-changer-lecole","tag-changer-la-societe","tag-education-aux-medias","tag-resistance-au-changement","tag-societe"],"jetpack_featured_media_url":"https:\/\/www.culture-numerique.fr\/wp-content\/uploads\/2016\/07\/pencil-1203980_1280.jpg","jetpack_sharing_enabled":true,"_links":{"self":[{"href":"https:\/\/www.culture-numerique.fr\/index.php?rest_route=\/wp\/v2\/posts\/5079","targetHints":{"allow":["GET"]}}],"collection":[{"href":"https:\/\/www.culture-numerique.fr\/index.php?rest_route=\/wp\/v2\/posts"}],"about":[{"href":"https:\/\/www.culture-numerique.fr\/index.php?rest_route=\/wp\/v2\/types\/post"}],"author":[{"embeddable":true,"href":"https:\/\/www.culture-numerique.fr\/index.php?rest_route=\/wp\/v2\/users\/1"}],"replies":[{"embeddable":true,"href":"https:\/\/www.culture-numerique.fr\/index.php?rest_route=%2Fwp%2Fv2%2Fcomments&post=5079"}],"version-history":[{"count":19,"href":"https:\/\/www.culture-numerique.fr\/index.php?rest_route=\/wp\/v2\/posts\/5079\/revisions"}],"predecessor-version":[{"id":5225,"href":"https:\/\/www.culture-numerique.fr\/index.php?rest_route=\/wp\/v2\/posts\/5079\/revisions\/5225"}],"wp:featuredmedia":[{"embeddable":true,"href":"https:\/\/www.culture-numerique.fr\/index.php?rest_route=\/wp\/v2\/media\/5173"}],"wp:attachment":[{"href":"https:\/\/www.culture-numerique.fr\/index.php?rest_route=%2Fwp%2Fv2%2Fmedia&parent=5079"}],"wp:term":[{"taxonomy":"category","embeddable":true,"href":"https:\/\/www.culture-numerique.fr\/index.php?rest_route=%2Fwp%2Fv2%2Fcategories&post=5079"},{"taxonomy":"post_tag","embeddable":true,"href":"https:\/\/www.culture-numerique.fr\/index.php?rest_route=%2Fwp%2Fv2%2Ftags&post=5079"}],"curies":[{"name":"wp","href":"https:\/\/api.w.org\/{rel}","templated":true}]}}