{"id":507,"date":"2012-08-22T13:36:44","date_gmt":"2012-08-22T11:36:44","guid":{"rendered":"http:\/\/www.culture-numerique.fr\/?p=507"},"modified":"2015-09-01T11:03:10","modified_gmt":"2015-09-01T09:03:10","slug":"zaza-va-a-la-plage","status":"publish","type":"post","link":"https:\/\/www.culture-numerique.fr\/?p=507","title":{"rendered":"Zaza va \u00e0 la plage\u2026"},"content":{"rendered":"<p><a href=\"http:\/\/www.culture-numerique.fr\/wp-content\/uploads\/2014\/04\/zaza1.jpg\"><img loading=\"lazy\" decoding=\"async\" class=\"size-large wp-image-508 aligncenter\" src=\"http:\/\/www.culture-numerique.fr\/wp-content\/uploads\/2014\/04\/zaza1-1024x281.jpg\" alt=\"Zaza\" width=\"550\" height=\"150\" srcset=\"https:\/\/www.culture-numerique.fr\/wp-content\/uploads\/2014\/04\/zaza1-1024x281.jpg 1024w, https:\/\/www.culture-numerique.fr\/wp-content\/uploads\/2014\/04\/zaza1-300x82.jpg 300w, https:\/\/www.culture-numerique.fr\/wp-content\/uploads\/2014\/04\/zaza1-100x27.jpg 100w, https:\/\/www.culture-numerique.fr\/wp-content\/uploads\/2014\/04\/zaza1-150x41.jpg 150w, https:\/\/www.culture-numerique.fr\/wp-content\/uploads\/2014\/04\/zaza1-200x54.jpg 200w, https:\/\/www.culture-numerique.fr\/wp-content\/uploads\/2014\/04\/zaza1-450x123.jpg 450w, https:\/\/www.culture-numerique.fr\/wp-content\/uploads\/2014\/04\/zaza1-600x164.jpg 600w, https:\/\/www.culture-numerique.fr\/wp-content\/uploads\/2014\/04\/zaza1-900x247.jpg 900w, https:\/\/www.culture-numerique.fr\/wp-content\/uploads\/2014\/04\/zaza1.jpg 2044w\" sizes=\"auto, (max-width: 550px) 100vw, 550px\" \/><\/a><\/p>\n<p><strong>Zaza, c\u2019est Suzanne<\/strong>, ma petite-fille de deux mois et demi. Elle est jolie, tr\u00e8s jolie, tr\u00e8s intelligente aussi. C\u2019est la troisi\u00e8me merveille du monde, avec le\u00a0<a href=\"http:\/\/fr.wikipedia.org\/wiki\/M%C3%A9nez-Hom\" target=\"_blank\">M\u00e9nez-Hom<\/a>\u00a0et\u00a0<a href=\"http:\/\/fr.wikipedia.org\/wiki\/IPv6\" target=\"_blank\">IPv6<\/a><strong>.<\/strong><\/p>\n<p>Pourquoi nous parle-t-il de sa petite-fille, me direz-vous, fort \u00e0 propos\u2026 C\u2019est parce que j\u2019ai pass\u00e9 une bonne partie de mon temps, figurez-vous\u00a0!, comme d\u2019autres il est vrai, \u00e0 m\u2019occuper de Suzanne et que cette derni\u00e8re ne m\u2019a laiss\u00e9 que tr\u00e8s peu de temps pour \u00e9crire tous les articles que je m\u2019\u00e9tais promis de soumettre \u00e0 votre r\u00e9flexion sagace quoique engourdie des chaleurs estivales. Bref, je n\u2019ai pas eu le temps.<\/p>\n<h4><strong>Le clair-obscur et les autres<\/strong><\/h4>\n<p>J\u2019aurais aim\u00e9, par exemple, prendre un peu de temps pour revenir sur cet \u00e9pisode tragi-comique des derni\u00e8res \u00e9lections que constitue le tweet ravageur de Mme Trierweiler. Non pas tant le tweet en lui-m\u00eame qui ne pr\u00e9sente gu\u00e8re d\u2019int\u00e9r\u00eat mais les commentaires du microcosme qui ont suivi\u2026 Les gens qui s\u2019y complaisent continuent \u00e0 nous parler de la vie priv\u00e9e et de la vie publique comme du blanc et du noir, comme si, avec\u00a0l\u2019av\u00e8nement\u00a0du num\u00e9rique, il ne s\u2019\u00e9tait rien pass\u00e9 et que ces choses-l\u00e0 devaient \u00eatre d\u00e9finitivement s\u00e9par\u00e9es\u2026 J\u2019aimerais rappeler \u00e0 tous, journalistes, donneurs de le\u00e7ons en tous genres, ap\u00f4tres du simplisme, l\u2019existence des\u00a0<a href=\"http:\/\/www.internetactu.net\/2008\/02\/01\/le-design-de-la-visibilite-un-essai-de-typologie-du-web-20\/\" target=\"_blank\">travaux de\u00a0Dominique Cardon<\/a>, par exemple, d\u00e9j\u00e0 plus tout r\u00e9cents\u2026<\/p>\n<p>Mais je n\u2019ai pas eu le temps, non\u2026 La faute \u00e0 Zaza\u00a0!<\/p>\n<h4><strong>Le bonnet d\u2019\u00e2ne<\/strong><\/h4>\n<p>J\u2019aurais aim\u00e9 aussi prendre un peu de temps pour commenter plus longuement\u00a0<a href=\"http:\/\/www.macgeneration.com\/news\/voir\/254482\/la-france-bonnet-d-ane-du-haut-debit\" target=\"_blank\">cet article de\u00a0Macg\u00e9n\u00e9ration<\/a>. On y apprend, oh stup\u00e9faction\u00a0!, que la France est d\u00e9j\u00e0 le bonnet d\u2019\u00e2ne du haut d\u00e9bit. On n\u2019esp\u00e9rait pas, non, \u00eatre au niveau de la Cor\u00e9e du sud, mais apprendre que nous sommes distanc\u00e9s, et de loin, par tous les pays europ\u00e9ens \u2014 la Tch\u00e9quie, l\u2019Irlande, la Roumanie, la Hongrie, sans parler m\u00eame de nos proches voisins, sont bien meilleurs que nous\u00a0! \u2014 est un vrai choc. Quand comprendra-t-on, en haut lieu, qu\u2019il est temps d\u2019unir nos forces, \u00c9tat, collectivit\u00e9s locales, op\u00e9rateurs pour proposer aux entreprises, aux administrations, aux citoyens la possibilit\u00e9 d\u2019acc\u00e9der enfin \u00e0 Internet \u00e0 tr\u00e8s haut d\u00e9bit\u00a0? C\u2019est un investissement devenu maintenant obligatoire\u00a0!<\/p>\n<p>Il va de soi que ces performances minables ont des cons\u00e9quences graves dans nos \u00e9tablissements scolaires qui sont les plus mal lotis en Europe. Au-del\u00e0 de la m\u00e9fiance cong\u00e9nitale \u2014 et forc\u00e9ment stupide \u2014 \u00e0 l\u2019encontre des r\u00e9seaux sociaux et du web vid\u00e9o qui vaut, la plupart du temps, \u00e0 Facebook, Youtube, Dailymotion, etc. mais aussi aux services audiovisuels \u00e9ducatifs d\u2019\u00eatre censur\u00e9s, car suppos\u00e9ment consommateurs de trop de bande passante, c\u2019est bien un enjeu fort qui nous est propos\u00e9 de l\u2019acc\u00e8s ouvert et neutre \u00e0 un Internet \u00e0 tr\u00e8s haut d\u00e9bit. Il n\u2019existe pas d\u2019usage p\u00e9dagogique num\u00e9rique sans confort technique plein et durable. Ne jamais l\u2019oublier\u00a0!<\/p>\n<p>Bon, j\u2019aurais pu vous parler de tout \u00e7a s\u2019il n\u2019y avait pas eu Zaza\u2026<\/p>\n<h4><strong>Copier, c\u2019est mal<\/strong><\/h4>\n<p>J\u2019ai retrouv\u00e9 cet \u00e9t\u00e9\u00a0<a href=\"http:\/\/www.sebastienstasse.com\/?p=175\" target=\"_blank\">un article<\/a>\u00a0assez \u00e9difiant dont j\u2019aurais pu vous parler longuement. Il s\u2019agit d\u2019une longue r\u00e9flexion sur le plagiat scolaire massif, ses cons\u00e9quences et les solutions propos\u00e9es \u00e0 la communaut\u00e9 scolaire. Bon, je ne suis pas d\u2019accord avec l\u2019essentiel du propos mais l\u00e0 n\u2019est pas le plus important car ce billet, qui m\u00e9rite d\u2019\u00eatre lu, constitue une r\u00e9flexion coh\u00e9rente sur le sujet qui t\u00e9moigne d\u2019un certain mal-\u00eatre du professeur.<\/p>\n<p>Non, le plus incroyable, pour r\u00e9soudre ces probl\u00e8mes de plagiat, c\u2019est que l\u2019auteur de ce billet propose de faire venir en classe un\u00a0<strong>policier<\/strong>\u00a0ou un\u00a0<strong>avocat<\/strong>\u00a0pour en parler aux \u00e9l\u00e8ves\u00a0! Pourquoi pas l\u2019ONU comme on me l\u2019a sugg\u00e9r\u00e9 sur Twitter\u00a0?<\/p>\n<p>On sait d\u00e9j\u00e0 que ce sont souvent les infirmi\u00e8res scolaires qui prennent l\u2019initiative d\u2019actions d\u2019\u00e9ducation aux m\u00e9dias num\u00e9riques et \u00e0 l\u2019Internet dans nos coll\u00e8ges et lyc\u00e9es. On sait aussi quelle action, souvent tr\u00e8s dommageable voire nocive, exercent certaines officines priv\u00e9es qui viennent vendre aux parents et aux \u00e9l\u00e8ves la m\u00e9fiance et la peur \u00e0 l\u2019\u00e9gard de l\u2019Internet.\u00a0<strong>Quand tout cela va-t-il cesser\u00a0?\u00a0<\/strong>Si Internet et les m\u00e9dias num\u00e9riques modifient la donne en perturbant les modes d\u2019acc\u00e8s aux savoirs ou d\u2019appropriation de ces derniers, il s\u2019agit dans tous les cas de probl\u00e8mes\u00a0<strong>hautement \u00e9ducatifs\u00a0<\/strong>dont ne peuvent en aucun cas se d\u00e9sint\u00e9resser les professeurs qui doivent les prendre en charge eux-m\u00eames, dans un premier temps.<\/p>\n<p>Bon, j\u2019aurais pu prendre du temps pour \u00e9voquer tout \u00e7a avec vous, mais il y avait Zaza\u2026<\/p>\n<p>\u00c0 lire, sur le sujet du plagiat et de la copie, cet excellent article paru cet \u00e9t\u00e9\u00a0:\u00a0<a href=\"http:\/\/owni.fr\/2012\/08\/08\/et-si-albrecht-durer-avait-eu-un-tumblr\/#\" target=\"_blank\">Et si Albrecht D\u00fcrer avait eu un Tumblr\u00a0?<\/a><\/p>\n<p>Michel Guillou\u00a0<a style=\"color: #2c32f6;\" title=\"Twitter\" href=\"https:\/\/twitter.com\/#!\/michelguillou\" target=\"_blank\">@michelguillou<br \/>\n<\/a><\/p>\n<p><a style=\"color: #2c32f6;\" href=\"http:\/\/creativecommons.org\/licenses\/by-nc-sa\/2.0\/fr\/\" target=\"_blank\" rel=\"license\"><img decoding=\"async\" src=\"http:\/\/i.creativecommons.org\/l\/by-nc-sa\/2.0\/fr\/80x15.png\" alt=\"Licence Creative Commons\" \/><\/a><\/p>\n","protected":false},"excerpt":{"rendered":"<p><a href=\"http:\/\/www.culture-numerique.fr\/wp-content\/uploads\/2014\/04\/zaza1.jpg\"><img loading=\"lazy\" decoding=\"async\" class=\"size-large wp-image-508 aligncenter\" src=\"http:\/\/www.culture-numerique.fr\/wp-content\/uploads\/2014\/04\/zaza1-1024x281.jpg\" alt=\"Zaza\" width=\"550\" height=\"150\" srcset=\"https:\/\/www.culture-numerique.fr\/wp-content\/uploads\/2014\/04\/zaza1-1024x281.jpg 1024w, https:\/\/www.culture-numerique.fr\/wp-content\/uploads\/2014\/04\/zaza1-300x82.jpg 300w, https:\/\/www.culture-numerique.fr\/wp-content\/uploads\/2014\/04\/zaza1-100x27.jpg 100w, https:\/\/www.culture-numerique.fr\/wp-content\/uploads\/2014\/04\/zaza1-150x41.jpg 150w, https:\/\/www.culture-numerique.fr\/wp-content\/uploads\/2014\/04\/zaza1-200x54.jpg 200w, https:\/\/www.culture-numerique.fr\/wp-content\/uploads\/2014\/04\/zaza1-450x123.jpg 450w, https:\/\/www.culture-numerique.fr\/wp-content\/uploads\/2014\/04\/zaza1-600x164.jpg 600w, https:\/\/www.culture-numerique.fr\/wp-content\/uploads\/2014\/04\/zaza1-900x247.jpg 900w, https:\/\/www.culture-numerique.fr\/wp-content\/uploads\/2014\/04\/zaza1.jpg 2044w\" sizes=\"auto, (max-width: 550px) 100vw, 550px\" \/><\/a><\/p>\n<p><strong>Zaza, c\u2019est Suzanne<\/strong>, ma petite-fille de deux mois et demi. Elle est jolie, tr\u00e8s jolie, tr\u00e8s intelligente aussi. C\u2019est la troisi\u00e8me merveille du monde, avec le\u00a0<a href=\"http:\/\/fr.wikipedia.org\/wiki\/M%C3%A9nez-Hom\" target=\"_blank\">M\u00e9nez-Hom<\/a>\u00a0et\u00a0<a href=\"http:\/\/fr.wikipedia.org\/wiki\/IPv6\" target=\"_blank\">IPv6<\/a><strong>.<\/strong><\/p>\n<p><span class=\"ellipsis\">&hellip;<\/span><\/p>\n<div class=\"read-more\"><a href=\"https:\/\/www.culture-numerique.fr\/?p=507\">Lire la suite &#8250;<\/a><\/div>\n<p><!-- end of .read-more --><\/p>\n","protected":false},"author":1,"featured_media":508,"comment_status":"open","ping_status":"open","sticky":false,"template":"","format":"standard","meta":{"jetpack_post_was_ever_published":false,"_jetpack_newsletter_access":"","_jetpack_dont_email_post_to_subs":false,"_jetpack_newsletter_tier_id":0,"_jetpack_memberships_contains_paywalled_content":false,"_jetpack_memberships_contains_paid_content":false,"footnotes":""},"categories":[9],"tags":[341,340,50,49,196,45,342,184],"class_list":["post-507","post","type-post","status-publish","format-standard","has-post-thumbnail","hentry","category-billets-dhumeur","tag-clair-obscur","tag-copier","tag-copier-coller","tag-plagiat","tag-tres-haut-debit","tag-vie-privee","tag-vie-publique","tag-zaza"],"jetpack_featured_media_url":"https:\/\/www.culture-numerique.fr\/wp-content\/uploads\/2014\/04\/zaza1.jpg","jetpack_sharing_enabled":true,"_links":{"self":[{"href":"https:\/\/www.culture-numerique.fr\/index.php?rest_route=\/wp\/v2\/posts\/507","targetHints":{"allow":["GET"]}}],"collection":[{"href":"https:\/\/www.culture-numerique.fr\/index.php?rest_route=\/wp\/v2\/posts"}],"about":[{"href":"https:\/\/www.culture-numerique.fr\/index.php?rest_route=\/wp\/v2\/types\/post"}],"author":[{"embeddable":true,"href":"https:\/\/www.culture-numerique.fr\/index.php?rest_route=\/wp\/v2\/users\/1"}],"replies":[{"embeddable":true,"href":"https:\/\/www.culture-numerique.fr\/index.php?rest_route=%2Fwp%2Fv2%2Fcomments&post=507"}],"version-history":[{"count":4,"href":"https:\/\/www.culture-numerique.fr\/index.php?rest_route=\/wp\/v2\/posts\/507\/revisions"}],"predecessor-version":[{"id":3715,"href":"https:\/\/www.culture-numerique.fr\/index.php?rest_route=\/wp\/v2\/posts\/507\/revisions\/3715"}],"wp:featuredmedia":[{"embeddable":true,"href":"https:\/\/www.culture-numerique.fr\/index.php?rest_route=\/wp\/v2\/media\/508"}],"wp:attachment":[{"href":"https:\/\/www.culture-numerique.fr\/index.php?rest_route=%2Fwp%2Fv2%2Fmedia&parent=507"}],"wp:term":[{"taxonomy":"category","embeddable":true,"href":"https:\/\/www.culture-numerique.fr\/index.php?rest_route=%2Fwp%2Fv2%2Fcategories&post=507"},{"taxonomy":"post_tag","embeddable":true,"href":"https:\/\/www.culture-numerique.fr\/index.php?rest_route=%2Fwp%2Fv2%2Ftags&post=507"}],"curies":[{"name":"wp","href":"https:\/\/api.w.org\/{rel}","templated":true}]}}