{"id":5043,"date":"2016-06-21T10:43:08","date_gmt":"2016-06-21T08:43:08","guid":{"rendered":"http:\/\/www.culture-numerique.fr\/?p=5043"},"modified":"2016-09-25T11:18:13","modified_gmt":"2016-09-25T09:18:13","slug":"en-attendant-non-lecole-numerique-ca-nexiste-pas","status":"publish","type":"post","link":"https:\/\/www.culture-numerique.fr\/?p=5043","title":{"rendered":"En attendant, non, l&rsquo;\u00e9cole num\u00e9rique, \u00e7a n&rsquo;existe pas\u00a0!"},"content":{"rendered":"<p><img loading=\"lazy\" decoding=\"async\" class=\"aligncenter size-full wp-image-5047\" src=\"http:\/\/www.culture-numerique.fr\/wp-content\/uploads\/2016\/06\/Vernosc_cour_de_l\u00e9cole_publique_CPAB.jpg\" alt=\"Cour de l'\u00e9cole publique\" width=\"1024\" height=\"647\" srcset=\"https:\/\/www.culture-numerique.fr\/wp-content\/uploads\/2016\/06\/Vernosc_cour_de_l\u00e9cole_publique_CPAB.jpg 1024w, https:\/\/www.culture-numerique.fr\/wp-content\/uploads\/2016\/06\/Vernosc_cour_de_l\u00e9cole_publique_CPAB-300x190.jpg 300w, https:\/\/www.culture-numerique.fr\/wp-content\/uploads\/2016\/06\/Vernosc_cour_de_l\u00e9cole_publique_CPAB-100x63.jpg 100w, https:\/\/www.culture-numerique.fr\/wp-content\/uploads\/2016\/06\/Vernosc_cour_de_l\u00e9cole_publique_CPAB-150x95.jpg 150w, https:\/\/www.culture-numerique.fr\/wp-content\/uploads\/2016\/06\/Vernosc_cour_de_l\u00e9cole_publique_CPAB-200x126.jpg 200w, https:\/\/www.culture-numerique.fr\/wp-content\/uploads\/2016\/06\/Vernosc_cour_de_l\u00e9cole_publique_CPAB-450x284.jpg 450w, https:\/\/www.culture-numerique.fr\/wp-content\/uploads\/2016\/06\/Vernosc_cour_de_l\u00e9cole_publique_CPAB-600x379.jpg 600w, https:\/\/www.culture-numerique.fr\/wp-content\/uploads\/2016\/06\/Vernosc_cour_de_l\u00e9cole_publique_CPAB-900x569.jpg 900w\" sizes=\"auto, (max-width: 1024px) 100vw, 1024px\" \/><\/p>\n<p><strong>Il faut entendre ce qu&rsquo;on vous dit, <\/strong>l&rsquo;\u00e9cole ne serait plus ce qu&rsquo;elle \u00e9tait. Plus du tout, para\u00eet-il.\u00a0Qu&rsquo;est-ce qui aurait chang\u00e9\u00a0?<\/p>\n<p>Pas grand chose en fait. En ce moment-m\u00eame, les professeurs documentalistes sont r\u00e9quisitionn\u00e9(e)s comme manutentionnaires pour entreposer les centaines de nouveaux manuels papier \u00e0 peine sorties des presses de nos \u00e9diteurs \u00e9clair\u00e9s et visionnaires. Comme elles ou ils le seront \u00e0 la rentr\u00e9e pour les distribuer aux \u00e9l\u00e8ves. Les professeurs documentalistes font un beau m\u00e9tier, au service de l&rsquo;\u00e9dition scolaire et de la transmission des connaissances via le livre. C&rsquo;est comme \u00e7a depuis des ann\u00e9es, des d\u00e9cennies, pourquoi voulez-vous que \u00e7a change\u00a0?<\/p>\n<p><strong>Savez-vous pourquoi on distribue de nouveaux manuels\u00a0?<\/strong> Parce que les programmes ont chang\u00e9. Enfin, non, ils n&rsquo;ont pas vraiment chang\u00e9, pas au fond, ils se sont juste adapt\u00e9s, \u00e0 l&rsquo;\u00e9cole du premier degr\u00e9 et au coll\u00e8ge, aux nouveaux r\u00e9f\u00e9rentiels du socle. Ces derniers fonctionnent aujourd&rsquo;hui par cycles de trois ans et ne sont qu&rsquo;une version un peu plus moderne des premiers. On change les programmes mais, en fait, ils ne changent pas, c&rsquo;est juste pour vendre de nouveaux manuels. En informatique \u2014\u00a0c&rsquo;est tr\u00e8s branch\u00e9, en ce moment, il faut apprendre \u00e0 penser comme les informaticiens\u00a0\u2014, on appelle \u00e7a une boucle. Mais l\u00e0, c&rsquo;est de l&rsquo;\u00e9conomie.<\/p>\n<p>En fait, il y a une raison \u00e0 tout cela\u00a0: au d\u00e9part, il \u00e9tait question, il y a quatre ans, de refonder l&rsquo;\u00e9cole, ce qui impliquait de nouveaux programmes, avec de nouveaux professeurs form\u00e9s diff\u00e9remment et des nouvelles modalit\u00e9s d&rsquo;enseigner. Tout cela \u00e9tait coh\u00e9rent\u00a0: refonder, c&rsquo;\u00e9tait changer au fond les enseignements, transformer l&rsquo;\u00e9cole. Au fond, vous dit-on. <strong>Oui, mais \u00e7a, c&rsquo;\u00e9tait avant.<\/strong><\/p>\n<h3>Un petit bilan de la refondation\u00a0?<\/h3>\n<p><a href=\"http:\/\/www.education.gouv.fr\/pid29462\/la-refondation-de-l-ecole-de-la-republique.html\"><img loading=\"lazy\" decoding=\"async\" class=\"alignright wp-image-5056\" src=\"http:\/\/www.culture-numerique.fr\/wp-content\/uploads\/2016\/06\/2014_ecoledelarefondation_infographie_V2_311514.39.jpg\" alt=\"Refondation\" width=\"300\" height=\"704\" srcset=\"https:\/\/www.culture-numerique.fr\/wp-content\/uploads\/2016\/06\/2014_ecoledelarefondation_infographie_V2_311514.39.jpg 390w, https:\/\/www.culture-numerique.fr\/wp-content\/uploads\/2016\/06\/2014_ecoledelarefondation_infographie_V2_311514.39-128x300.jpg 128w, https:\/\/www.culture-numerique.fr\/wp-content\/uploads\/2016\/06\/2014_ecoledelarefondation_infographie_V2_311514.39-100x235.jpg 100w, https:\/\/www.culture-numerique.fr\/wp-content\/uploads\/2016\/06\/2014_ecoledelarefondation_infographie_V2_311514.39-150x352.jpg 150w, https:\/\/www.culture-numerique.fr\/wp-content\/uploads\/2016\/06\/2014_ecoledelarefondation_infographie_V2_311514.39-200x469.jpg 200w, https:\/\/www.culture-numerique.fr\/wp-content\/uploads\/2016\/06\/2014_ecoledelarefondation_infographie_V2_311514.39-300x704.jpg 300w\" sizes=\"auto, (max-width: 300px) 100vw, 300px\" \/><\/a>Au centre de la r\u00e9forme, il \u00e9tait question de red\u00e9finir les programmes. Comme je l&rsquo;ai d\u00e9j\u00e0 dit plus haut et ailleurs sur ce blogue, c&rsquo;est rat\u00e9. Le c\u00e9nacle choisi, la m\u00e9thode, l&rsquo;absence de concertation avec les autres directions du minist\u00e8re\u00a0\u2014\u00a0nos fameux silos \u00e9tanches fonctionnent tr\u00e8s bien\u00a0\u2014 sont des points qui ont tous contribu\u00e9 \u00e0 rendre une copie bien palote. <strong>Concernant le num\u00e9rique<\/strong>, par exemple, j&rsquo;ai d\u00e9j\u00e0 eu l&rsquo;occasion de montrer que les auteurs de ces programmes, o\u00f9 qu&rsquo;ils soient, d&rsquo;o\u00f9 qu&rsquo;ils proviennent, n&rsquo;ont, \u00e0 aucun moment, manifest\u00e9 une quelconque vision prospective des enjeux. <em>A contrario<\/em>, ils ont\u00a0fait le choix \u00e0 court terme d&rsquo;un\u00a0mat\u00e9rialisme bien r\u00e9ducteur du num\u00e9rique qui n&rsquo;est pas insensible, loin de l\u00e0, \u00e0 la pression continuelle de tous les lobbys. <a href=\"https:\/\/ecolededemain.wordpress.com\/2016\/04\/27\/le-numerique-dans-les-nouveaux-programmes-des-cycles-2-et-3\/\" target=\"_blank\">Ceux qui se sont attard\u00e9s<\/a> \u00e0 relever dans ces programmes les contours du num\u00e9rique ne peuvent que le constater, bien malgr\u00e9 eux. La simple mention du mot dans les programmes est d&rsquo;ailleurs l&rsquo;indication que ses auteurs <strong>s\u00e9parent ce qui est num\u00e9rique de ce qui ne l&rsquo;est pas<\/strong>, ce qui aujourd&rsquo;hui n&rsquo;a pas le moindre sens.<\/p>\n<p>Au centre de la r\u00e9forme, il \u00e9tait aussi question de reconstruire la formation des enseignants. Le moins que l&rsquo;on puisse dire, c&rsquo;est que, si le chantier est ouvert, il est encore loin, tr\u00e8s loin d&rsquo;avoir vraiment avanc\u00e9. Concernant la formation initiale, on apprend encore dans les ESPE, pour la plupart des cas \u2014\u00a0j&rsquo;en re\u00e7ois des t\u00e9moignages tous les jours\u00a0\u2014, exactement les m\u00eames formes d&rsquo;enseignement que celles que les ma\u00eetres formateurs ont re\u00e7u eux-m\u00eames comme mod\u00e8les, quarante bonnes ann\u00e9es auparavant. Ce qui est nouveau, c&rsquo;est que ces vieilleries sont m\u00e2tin\u00e9es de consid\u00e9rations vaseuses sur les neurosciences, cens\u00e9es tout expliquer.\u00a0<strong>Concernant la transformation num\u00e9rique<\/strong> des enseignements et la n\u00e9cessaire prise de conscience qui s&rsquo;impose, on est encore tr\u00e8s loin du compte. On a vaguement entendu parler du num\u00e9rique dont on n&rsquo;\u00e9voque, l\u00e0 encore, l&rsquo;appoint en classe que sous la forme de ses outils ou des ressources. Cette constance souffre bien s\u00fbr de notables exceptions, curieusement mais fort heureusement, dans les disciplines o\u00f9 les ma\u00eetres ont \u00e0 faire l&rsquo;\u00e9tonnante d\u00e9monstration tous les jours, dans les salles de professeurs, qu&rsquo;ils font bien partie de l&rsquo;estim\u00e9e corporation. Je pense \u00e0 l&rsquo;\u00e9ducation physique et sportive et \u00e0 la documentation. Concernant la formation continue, m\u00eame si ses formes ont \u00e9volu\u00e9, avec la pr\u00e9sence de modules en ligne sur les plateformes acad\u00e9miques et nationales, on ne sent pas non plus souffler tr\u00e8s fort le vent de la nouveaut\u00e9 ou de l&rsquo;innovation. La lecture des nouveaux plans, sur les sites acad\u00e9miques, apporte tous les jours des preuves d&rsquo;un grand conformisme.<\/p>\n<p>Au centre de la r\u00e9forme, il y avait aussi bien s\u00fbr <strong>le d\u00e9veloppement du num\u00e9rique \u00e9ducatif<\/strong>. Je le r\u00e9p\u00e8te, Vincent Peillon savait, lui, n&rsquo;en d\u00e9plaise aux grincheux, que <strong>la refondation de l&rsquo;\u00e9cole serait num\u00e9rique ou ne serait pas<\/strong>. Le plan bolch\u00e9vique qui descend aujourd&rsquo;hui de l&rsquo;\u00c9lys\u00e9e ou de Matignon ne risque pas de changer grand chose, sinon parfois le sentiment d&rsquo;un peu plus de confort technico-p\u00e9dagogique pour quelques enseignants, en premier degr\u00e9 ou en coll\u00e8ge. Elles aussi soumises aux pressions lancinantes de lobbys tout puissants, les collectivit\u00e9s connectent, \u00e9quipent et fournissent les \u00e9coles et \u00e9tablissements dont elles ont la charge, dans le plus grand d\u00e9sordre et sans gu\u00e8re d&rsquo;impulsion et de coordination de l&rsquo;\u00c9tat central, voire contre les conseils de ce dernier. Autre constante qui ne laisse pas d&rsquo;\u00e9tonner\u00a0: les \u00e9quipes d&rsquo;enseignants, dont <a href=\"https:\/\/fr.wikipedia.org\/wiki\/Fran%C3%A7ois_Taddei\" target=\"_blank\">Fran\u00e7ois Taddei<\/a> <a href=\"http:\/\/www.lemonde.fr\/festival\/article\/2016\/06\/15\/francois-taddei-il-est-temps-de-passer-a-une-ecole-de-la-confiance_4950879_4415198.html\" target=\"_blank\">disait r\u00e9cemment<\/a> qu&rsquo;il convenait de renforcer l&rsquo;autonomie, ne sont pas en mesure d&rsquo;exprimer leurs besoins dont on fait, de toutes fa\u00e7ons, peu de cas. On ouvre l&rsquo;oreille pour les entendre puis, sans s&rsquo;attarder, on d\u00e9ploie (1). Ce n&rsquo;est pas la culture de la maison que d&rsquo;\u00e9couter les professeurs ou de leur faire confiance. Pourtant, comment faire autrement\u00a0?<\/p>\n<p>Bon, je pressens qu&rsquo;on me reproche de caricaturer. Oui, c&rsquo;est vrai. Mais, \u00e0 peine.<\/p>\n<p>Je vous fais gr\u00e2ce du reste des chantiers de la refondation dont il est patent que leur avancement est tr\u00e8s retard\u00e9, m\u00eame et y compris pour ce qui concerne la cr\u00e9ation des postes manquants. Il y aurait tant \u00e0 dire aussi sur la transmission des valeurs de la R\u00e9publique, chantier dont l&rsquo;\u00e9cole prend enfin conscience aujourd&rsquo;hui\u00a0\u2014\u00a0oh\u00a0! une conscience bien passag\u00e8re\u2026\u00a0\u2014 qu&rsquo;il s&rsquo;agissait d&rsquo;une mission imm\u00e9moriale qu&rsquo;elle a bien eu tort d&rsquo;abandonner.<\/p>\n<p>Mais pour r\u00e9pondre \u00e0 la question initiale, <strong>celle de la transformation de l&rsquo;\u00e9cole <\/strong>avec le num\u00e9rique pour levier, dont je disais, il y a trois ans d\u00e9j\u00e0 qu&rsquo;on en prenait encore pour vingt ans \u00e0 attendre (2), je crois bien que mon estimation \u00e9tait basse et que les retards sont beaucoup plus importants encore.<\/p>\n<p>Est-ce si grave\u00a0? Que na\u00eetra-t-il du chaos\u00a0?<\/p>\n<p>En attendant<strong>, non, l&rsquo;\u00e9cole num\u00e9rique, \u00e7a n&rsquo;existe pas\u00a0!<\/strong><\/p>\n<p>Michel Guillou\u00a0<a href=\"https:\/\/twitter.com\/michelguillou\" target=\"_blank\">@michelguillou<\/a><\/p>\n<p><a href=\"http:\/\/creativecommons.org\/licenses\/by-nc-sa\/2.0\/fr\/\" target=\"_blank\"><img loading=\"lazy\" decoding=\"async\" src=\"http:\/\/i.creativecommons.org\/l\/by-nc-sa\/2.0\/fr\/80x15.png\" alt=\"image\" width=\"80\" height=\"15\" data-pin-nopin=\"true\" \/><\/a><\/p>\n<p>Cr\u00e9dit photo\u00a0: par A. B\u00e9raud (carte postale ancienne) [Public domain], <a href=\"https:\/\/commons.wikimedia.org\/wiki\/File%3AVernosc_cour_de_l'%C3%A9cole_publique_CPAB.jpg\">via Wikimedia Commons<\/a><\/p>\n<ol>\n<li>\u00ab\u00a0D\u00e9ployer le num\u00e9rique \u00e0 l\u2019\u00e9cole\u00a0\u00bb ne veut rien dire, tout simplement\u00a0<a href=\"http:\/\/www.culture-numerique.fr\/?p=4771\" target=\"_blank\">http:\/\/www.culture-numerique.fr\/?p=4771<\/a><\/li>\n<li>Num\u00e9rique : et si l\u2019\u00e9cole en prenait encore pour 20 ans \u00e0 attendre ?\u00a0<a href=\"http:\/\/www.culture-numerique.fr\/?p=279\" target=\"_blank\">http:\/\/www.culture-numerique.fr\/?p=279<\/a><\/li>\n<\/ol>\n<p>[cite]<\/p>\n","protected":false},"excerpt":{"rendered":"<p><img loading=\"lazy\" decoding=\"async\" class=\"aligncenter size-full wp-image-5047\" src=\"http:\/\/www.culture-numerique.fr\/wp-content\/uploads\/2016\/06\/Vernosc_cour_de_l\u00e9cole_publique_CPAB.jpg\" alt=\"Cour de l'\u00e9cole publique\" width=\"1024\" height=\"647\" srcset=\"https:\/\/www.culture-numerique.fr\/wp-content\/uploads\/2016\/06\/Vernosc_cour_de_l\u00e9cole_publique_CPAB.jpg 1024w, https:\/\/www.culture-numerique.fr\/wp-content\/uploads\/2016\/06\/Vernosc_cour_de_l\u00e9cole_publique_CPAB-300x190.jpg 300w, https:\/\/www.culture-numerique.fr\/wp-content\/uploads\/2016\/06\/Vernosc_cour_de_l\u00e9cole_publique_CPAB-100x63.jpg 100w, https:\/\/www.culture-numerique.fr\/wp-content\/uploads\/2016\/06\/Vernosc_cour_de_l\u00e9cole_publique_CPAB-150x95.jpg 150w, https:\/\/www.culture-numerique.fr\/wp-content\/uploads\/2016\/06\/Vernosc_cour_de_l\u00e9cole_publique_CPAB-200x126.jpg 200w, https:\/\/www.culture-numerique.fr\/wp-content\/uploads\/2016\/06\/Vernosc_cour_de_l\u00e9cole_publique_CPAB-450x284.jpg 450w, https:\/\/www.culture-numerique.fr\/wp-content\/uploads\/2016\/06\/Vernosc_cour_de_l\u00e9cole_publique_CPAB-600x379.jpg 600w, https:\/\/www.culture-numerique.fr\/wp-content\/uploads\/2016\/06\/Vernosc_cour_de_l\u00e9cole_publique_CPAB-900x569.jpg 900w\" sizes=\"auto, (max-width: 1024px) 100vw, 1024px\" \/><\/p>\n<p><strong>Il faut entendre ce qu&rsquo;on vous dit, <\/strong>l&rsquo;\u00e9cole ne serait plus ce qu&rsquo;elle \u00e9tait. Plus du tout, para\u00eet-il.\u00a0Qu&rsquo;est-ce qui aurait chang\u00e9\u00a0?<\/p>\n<p>Pas grand chose en fait. En ce moment-m\u00eame, les professeurs documentalistes sont r\u00e9quisitionn\u00e9(e)s comme manutentionnaires pour entreposer les centaines de nouveaux manuels papier \u00e0 peine sorties des presses de nos \u00e9diteurs \u00e9clair\u00e9s et visionnaires.<\/p>\n<p><span class=\"ellipsis\">&hellip;<\/span><\/p>\n<div class=\"read-more\"><a href=\"https:\/\/www.culture-numerique.fr\/?p=5043\">Lire la suite &#8250;<\/a><\/div>\n<p><!-- end of .read-more --><\/p>\n","protected":false},"author":1,"featured_media":5047,"comment_status":"open","ping_status":"open","sticky":false,"template":"","format":"standard","meta":{"jetpack_post_was_ever_published":false,"_jetpack_newsletter_access":"","_jetpack_dont_email_post_to_subs":true,"_jetpack_newsletter_tier_id":0,"_jetpack_memberships_contains_paywalled_content":false,"_jetpack_memberships_contains_paid_content":false,"footnotes":""},"categories":[9],"tags":[66,737,95,163,4,65,708],"class_list":["post-5043","post","type-post","status-publish","format-standard","has-post-thumbnail","hentry","category-billets-dhumeur","tag-ecole-numerique","tag-formation-continue","tag-formation-initiale","tag-manuels","tag-numerique-educatif","tag-refondation","tag-transformation-numerique"],"jetpack_featured_media_url":"https:\/\/www.culture-numerique.fr\/wp-content\/uploads\/2016\/06\/Vernosc_cour_de_l\u00e9cole_publique_CPAB.jpg","jetpack_sharing_enabled":true,"_links":{"self":[{"href":"https:\/\/www.culture-numerique.fr\/index.php?rest_route=\/wp\/v2\/posts\/5043","targetHints":{"allow":["GET"]}}],"collection":[{"href":"https:\/\/www.culture-numerique.fr\/index.php?rest_route=\/wp\/v2\/posts"}],"about":[{"href":"https:\/\/www.culture-numerique.fr\/index.php?rest_route=\/wp\/v2\/types\/post"}],"author":[{"embeddable":true,"href":"https:\/\/www.culture-numerique.fr\/index.php?rest_route=\/wp\/v2\/users\/1"}],"replies":[{"embeddable":true,"href":"https:\/\/www.culture-numerique.fr\/index.php?rest_route=%2Fwp%2Fv2%2Fcomments&post=5043"}],"version-history":[{"count":23,"href":"https:\/\/www.culture-numerique.fr\/index.php?rest_route=\/wp\/v2\/posts\/5043\/revisions"}],"predecessor-version":[{"id":5376,"href":"https:\/\/www.culture-numerique.fr\/index.php?rest_route=\/wp\/v2\/posts\/5043\/revisions\/5376"}],"wp:featuredmedia":[{"embeddable":true,"href":"https:\/\/www.culture-numerique.fr\/index.php?rest_route=\/wp\/v2\/media\/5047"}],"wp:attachment":[{"href":"https:\/\/www.culture-numerique.fr\/index.php?rest_route=%2Fwp%2Fv2%2Fmedia&parent=5043"}],"wp:term":[{"taxonomy":"category","embeddable":true,"href":"https:\/\/www.culture-numerique.fr\/index.php?rest_route=%2Fwp%2Fv2%2Fcategories&post=5043"},{"taxonomy":"post_tag","embeddable":true,"href":"https:\/\/www.culture-numerique.fr\/index.php?rest_route=%2Fwp%2Fv2%2Ftags&post=5043"}],"curies":[{"name":"wp","href":"https:\/\/api.w.org\/{rel}","templated":true}]}}