{"id":5019,"date":"2016-06-13T10:19:16","date_gmt":"2016-06-13T08:19:16","guid":{"rendered":"http:\/\/www.culture-numerique.fr\/?p=5019"},"modified":"2016-08-17T16:11:42","modified_gmt":"2016-08-17T14:11:42","slug":"sortir-de-cette-logique-dusage-et-engager-les-jeunes-a-etre-des-acteurs-dinternet","status":"publish","type":"post","link":"https:\/\/www.culture-numerique.fr\/?p=5019","title":{"rendered":"\u00ab\u00a0Sortir de cette logique d&rsquo;usage et engager les jeunes \u00e0 \u00eatre des acteurs d&rsquo;Internet\u00a0\u00bb"},"content":{"rendered":"<p><img loading=\"lazy\" decoding=\"async\" class=\"wp-image-5021 aligncenter\" src=\"http:\/\/www.culture-numerique.fr\/wp-content\/uploads\/2016\/06\/DSC_0001.jpg\" alt=\"Foyer historique\" width=\"1248\" height=\"702\" srcset=\"https:\/\/www.culture-numerique.fr\/wp-content\/uploads\/2016\/06\/DSC_0001.jpg 3840w, https:\/\/www.culture-numerique.fr\/wp-content\/uploads\/2016\/06\/DSC_0001-300x169.jpg 300w, https:\/\/www.culture-numerique.fr\/wp-content\/uploads\/2016\/06\/DSC_0001-1024x576.jpg 1024w, https:\/\/www.culture-numerique.fr\/wp-content\/uploads\/2016\/06\/DSC_0001-100x56.jpg 100w, https:\/\/www.culture-numerique.fr\/wp-content\/uploads\/2016\/06\/DSC_0001-150x84.jpg 150w, https:\/\/www.culture-numerique.fr\/wp-content\/uploads\/2016\/06\/DSC_0001-200x113.jpg 200w, https:\/\/www.culture-numerique.fr\/wp-content\/uploads\/2016\/06\/DSC_0001-450x253.jpg 450w, https:\/\/www.culture-numerique.fr\/wp-content\/uploads\/2016\/06\/DSC_0001-600x338.jpg 600w, https:\/\/www.culture-numerique.fr\/wp-content\/uploads\/2016\/06\/DSC_0001-900x506.jpg 900w\" sizes=\"auto, (max-width: 1248px) 100vw, 1248px\" \/><\/p>\n<p><strong>F<a href=\"http:\/\/www.futur-en-seine.paris\/\" target=\"_blank\">utur-en-Seine<\/a>, vendredi 10 juin<\/strong>, au foyer historique de <a href=\"https:\/\/gaite-lyrique.net\/\" target=\"_blank\">La Ga\u00eet\u00e9 lyrique<\/a>, on remettait, en pr\u00e9sence de la ministre de l&rsquo;\u00c9ducation nationale et de la pr\u00e9sidente de la <a href=\"https:\/\/www.cnil.fr\/\" target=\"_blank\">CNIL<\/a>, les prix aux laur\u00e9ats des <a href=\"https:\/\/www.educnum.fr\/fr\/les-trophees-educnum-seront-remis-futur-en-seine-le-10-juin\" target=\"_blank\">troph\u00e9es Educnum<\/a>.<\/p>\n<p>Vous ne le savez peut-\u00eatre pas mais Educnum est <a href=\"https:\/\/www.educnum.fr\/fr\/le-collectif-educnum\" target=\"_blank\">un collectif<\/a>\u00a0d&rsquo;acteurs divers, d\u2019associations, de fondations, d&rsquo;institutions\u2026 qui, \u00e0 l&rsquo;initiative de la CNIL, tentent de collaborer \u00ab\u00a0<span style=\"color: #800000;\"><em>pour porter et soutenir des actions visant \u00e0 promouvoir une v\u00e9ritable culture citoyenne du num\u00e9rique<\/em><\/span>\u00a0\u00bb. Pour ma part, j&rsquo;\u00e9tais pr\u00e9sent ce jour-l\u00e0 pour repr\u00e9senter l&rsquo;un de ces acteurs, l&rsquo;<a href=\"http:\/\/www.anae.education\/\" target=\"_blank\">An@e<\/a>, qui \u00e9dite <a href=\"http:\/\/www.educavox.fr\/\" target=\"_blank\">Educavox<\/a> et dont les valeurs sont \u00e9videmment tr\u00e8s compatibles avec\u00a0cette \u00ab\u00a0<strong>v\u00e9ritable culture citoyenne du num\u00e9rique<\/strong>\u00a0\u00bb que la CNIL et Educnum tentent de promouvoir. Bon, ne r\u00eavons pas, le collectif est tr\u00e8s h\u00e9t\u00e9roclite, tr\u00e8s, et les lobbys que vous connaissez bien si vous me lisez, id\u00e9ologiques, \u00e9conomiques\u2026 y sont pr\u00e9sents, nombreux et solidaires. Peu importe pour eux, en fait, l&rsquo;objectif commun de l&rsquo;acquisition par tous, les jeunes les premiers, d&rsquo;<strong>une culture num\u00e9rique, globale, citoyenne et commune<\/strong>. Mais l\u00e0 n&rsquo;est pas le sujet de ce billet.<\/p>\n<p>Ces troph\u00e9es sont une belle occasion de porter bien haut ces valeurs communes et de valoriser aussi ce projet collectif. <strong>La place de l&rsquo;An@e-Educavox est alors naturelle et importante dans ce cadre<\/strong>. C&rsquo;est bien l\u00e0 l&rsquo;essentiel.<\/p>\n<p>Mais j&rsquo;aimerais vous dire un mot des prises de parole qui se sont succ\u00e9d\u00e9 sur l&rsquo;estrade du foyer historique en cette occasion. Avant de vous parler du propos initial de la ministre, je vous avoue avoir \u00e9t\u00e9 pour le moins surpris, en d\u00e9calage d&rsquo;ailleurs avec la grande qualit\u00e9 des projets pr\u00e9sent\u00e9s, par <strong>la tonalit\u00e9 moralisatrice<\/strong>, condescendante et parfois donneuse de le\u00e7ons des intervenants, les jeunes laur\u00e9ats \u00e9tudiants les premiers. Comme si ces adultes \u00e9taient eux-m\u00eames exempts des travers qu&rsquo;ils sont cens\u00e9s d\u00e9noncer, comme s&rsquo;ils savaient tous eux-m\u00eames parfaitement g\u00e9rer leur <strong>intimit\u00e9<\/strong>\u00a0\u2014\u00a0je pr\u00e9f\u00e9rerai toujours cette bonne traduction de \u00ab\u00a0<em>privacy<\/em>\u00a0\u00bb \u00e0 l&rsquo;abscons \u00ab\u00a0vie priv\u00e9e\u00a0\u00bb utilis\u00e9 en France\u2026<\/p>\n<p>Une tr\u00e8s curieuse impression, donc. Je ne m&rsquo;attendais pas \u00e0 cela m\u00eame si le fait que la pr\u00e9sidente de l&rsquo;<a href=\"http:\/\/www.unaf.fr\/\" target=\"_blank\">UNAF<\/a> dise que les parents ont peur de <a href=\"https:\/\/www.snapchat.com\/l\/fr-fr\/\" target=\"_blank\">Snapchat<\/a>\u00a0m&rsquo;a fait sourire sans vraiment me surprendre.<\/p>\n<h3>D&rsquo;usager consommateur \u00e0 acteur engag\u00e9 du num\u00e9rique et de l&rsquo;Internet<\/h3>\n<p>La ministre de l&rsquo;\u00c9ducation nationale <a href=\"https:\/\/fr.wikipedia.org\/wiki\/Najat_Vallaud-Belkacem\" target=\"_blank\">Najat Vallaud-Belkacem<\/a> est donc intervenue \u00e0 l&rsquo;ouverture de cette c\u00e9r\u00e9monie. Apr\u00e8s avoir dit le plaisir qu&rsquo;elle avait d&rsquo;\u00eatre l\u00e0, elle s&rsquo;est interrog\u00e9e sur les raisons qui poussaient les internautes \u00e0 cliquer sur le bouton [<strong>Suppression de l&rsquo;esprit critique<\/strong>] avant toute action ou recherche sur Internet. Au-del\u00e0 de la caricature convenue, la ministre aurait aussi pu \u00e9viter la confusion classique entre le web et l&rsquo;Internet. Pas grave.<\/p>\n<p><strong>Mais sa conclusion est d&rsquo;un tout autre niveau.<\/strong> En effet, elle a fait l&rsquo;observation particuli\u00e8rement pertinente que tout contribuait aujourd&rsquo;hui, sur Internet, \u00e0 r\u00e9duire les utilisateurs au triste rang d&rsquo;usagers, le plus souvent consommateurs sans autre responsabilit\u00e9. Elle a alors exhort\u00e9 tous ceux qui travaillent \u00e0 l&rsquo;acculturation num\u00e9rique des jeunes en particulier \u00e0 tout mettre en \u0153uvre pour changer cette logique d\u00e9l\u00e9t\u00e8re et \u00e0 promouvoir et faciliter <strong>la production, la cr\u00e9ation, l&rsquo;engagement des jeunes<\/strong>\u2026 \u00e0 \u00e9duquer dans le sens de l\u2019acquisition d&rsquo;une d\u00e9marche proactive.<\/p>\n<p>Si vous me lisez, vous savez combien cela m&rsquo;agr\u00e9e et l&rsquo;importance que j&rsquo;accorde \u00e0 <strong>la publication<\/strong> et aux enjeux p\u00e9dagogiques et \u00e9ducatifs de cette nouvelle comp\u00e9tence, pour moi indispensable \u00e0 tout citoyen de la soci\u00e9t\u00e9 num\u00e9rique. Je ne peux donc que me r\u00e9jouir d&rsquo;une telle prise de position, si symbolique soit-elle.<\/p>\n<blockquote class=\"twitter-tweet\" data-width=\"550\" data-dnt=\"true\">\n<p lang=\"fr\" dir=\"ltr\">Elle a surtout dit qu&#39;il fallait sortir de cette logique d&#39;usage et engager les jeunes \u00e0 \u00eatre des acteurs d&#39;Internet <a href=\"https:\/\/t.co\/fXL2WPDHAF\">https:\/\/t.co\/fXL2WPDHAF<\/a><\/p>\n<p>&mdash; Michel Guillou \ud83c\udf31 (@michelguillou) <a href=\"https:\/\/twitter.com\/michelguillou\/status\/741364316616720385?ref_src=twsrc%5Etfw\">June 10, 2016<\/a><\/p><\/blockquote>\n<p><script async src=\"https:\/\/platform.twitter.com\/widgets.js\" charset=\"utf-8\"><\/script><\/p>\n<p>Pourtant, j&rsquo;ai comme un petit go\u00fbt amer dans la bouche.<\/p>\n<p>D&rsquo;abord parce que l&rsquo;engagement des jeunes, dans les associations, sur Internet ou ailleurs, <strong>est trop peu valoris\u00e9<\/strong>. Il y a bien, depuis 2015, un <a href=\"http:\/\/www.education.gouv.fr\/cid94119\/vie-lyceenne-des-mesures-fortes-pour-encourager-l-engagement-citoyen.html\" target=\"_blank\">bulletin officiel<\/a> qui \u00e9num\u00e8re les mesures prises pour valoriser l&rsquo;engagement des lyc\u00e9ens, notamment dans le cadre de la vie lyc\u00e9enne, mais ces mesures restent r\u00e9serv\u00e9es aux seuls plus grands des \u00e9l\u00e8ves et apparaissent, par ailleurs, encore beaucoup trop timides. C&rsquo;est un euph\u00e9misme.<\/p>\n<p>L&rsquo;Universit\u00e9 semble, tout r\u00e9cemment, <a href=\"http:\/\/www.lemonde.fr\/campus\/article\/2016\/06\/08\/les-facs-devront-crediter-l-engagement-etudiant_4942604_4401467.html\" target=\"_blank\">vouloir prendre<\/a> des mesures plus encourageantes dans ce sens en valorisant l&rsquo;engagement associatif des \u00e9tudiants. Aujourd&rsquo;hui, il est enfin question de <strong>faire\u00a0bient\u00f4t gagner des points<\/strong>\u00a0aux examens \u00e0 tous ceux qui s&rsquo;engagent. Acceptons l&rsquo;augure de ces notables progr\u00e8s.<\/p>\n<p>Mais l&rsquo;amertume vient aussi du d\u00e9calage entre ce brillant et prometteur discours et la politique minist\u00e9rielle soi-m\u00eame. Tout en effet est mis en \u0153uvre pour glorifier les fameux <strong>usages p\u00e9dagogiques du num\u00e9rique,<\/strong> usages distants, d\u00e9responsabilis\u00e9s, contraints\u00a0et bard\u00e9s de statistiques informelles,\u00a0<strong>usages qui fabriquent des usagers<\/strong>, usages qui ne permettent pas de comprendre qu&rsquo;il s&rsquo;agit en fait de pratiques professionnelles. Enfin, ces usages se nourrissent de vieux r\u00e9flexes \u00ab\u00a0<em>user-centric<\/em>\u00a0\u00bb d\u00e9voy\u00e9s en contribuant de fait\u00a0au renforcement du pouvoir des administrateurs, informatiques comme p\u00e9dagogiques. Les hi\u00e9rarchies adorent \u00e7a, conforter leur base dans la posture d&rsquo;usager d\u00e9pendant et surtout pas\u2026 engag\u00e9.<\/p>\n<p>Autant le dire, on cherche vainement dans la strat\u00e9gie num\u00e9rique pilot\u00e9e tr\u00e8s haut et mise en \u0153uvre par la ministre <strong>o\u00f9 se trouve la culture de l&rsquo;engagement<\/strong> que cette derni\u00e8re pr\u00f4ne aujourd&rsquo;hui pour les jeunes citoyens num\u00e9riques comme pour l&rsquo;action publique du minist\u00e8re de l&rsquo;\u00e9ducation. <strong>Il n&rsquo;y a d&rsquo;engagement nulle part ou presque<\/strong>. L&rsquo;engagement, comme l&rsquo;innovation, fait trop peur en ce sens qu&rsquo;il contribue \u00e0 d\u00e9stabiliser davantage un syst\u00e8me \u00e9ducatif scl\u00e9ros\u00e9 et trop peu capable de se r\u00e9former. Ceux qui s&rsquo;engagent sont rares, on les fait rentrer dans le rang et ils laissent parfois y des plumes.<\/p>\n<p>Mais je ne veux aujourd&rsquo;hui que me r\u00e9jouir. Si la ministre a pris ce soir, dans la berline qui la conduisait \u00e0 La Ga\u00eet\u00e9 lyrique, conscience de cette n\u00e9cessaire \u00e9volution vers l&rsquo;action et l&rsquo;engagement r\u00e9solu, c&rsquo;est tant mieux. Il ne reste plus qu&rsquo;\u00e0 mettre en action, l\u00e0 aussi, ces excellentes r\u00e9solutions.<\/p>\n<p>Michel Guillou\u00a0<a href=\"https:\/\/twitter.com\/michelguillou\" target=\"_blank\">@michelguillou<\/a><\/p>\n<p><a href=\"http:\/\/creativecommons.org\/licenses\/by-nc-sa\/2.0\/fr\/\" target=\"_blank\"><img loading=\"lazy\" decoding=\"async\" src=\"http:\/\/i.creativecommons.org\/l\/by-nc-sa\/2.0\/fr\/80x15.png\" alt=\"image\" width=\"80\" height=\"15\" data-pin-nopin=\"true\" \/><\/a><\/p>\n<p>[cite]<\/p>\n","protected":false},"excerpt":{"rendered":"<p><img loading=\"lazy\" decoding=\"async\" class=\"wp-image-5021 aligncenter\" src=\"http:\/\/www.culture-numerique.fr\/wp-content\/uploads\/2016\/06\/DSC_0001.jpg\" alt=\"Foyer historique\" width=\"1248\" height=\"702\" srcset=\"https:\/\/www.culture-numerique.fr\/wp-content\/uploads\/2016\/06\/DSC_0001.jpg 3840w, https:\/\/www.culture-numerique.fr\/wp-content\/uploads\/2016\/06\/DSC_0001-300x169.jpg 300w, https:\/\/www.culture-numerique.fr\/wp-content\/uploads\/2016\/06\/DSC_0001-1024x576.jpg 1024w, https:\/\/www.culture-numerique.fr\/wp-content\/uploads\/2016\/06\/DSC_0001-100x56.jpg 100w, https:\/\/www.culture-numerique.fr\/wp-content\/uploads\/2016\/06\/DSC_0001-150x84.jpg 150w, https:\/\/www.culture-numerique.fr\/wp-content\/uploads\/2016\/06\/DSC_0001-200x113.jpg 200w, https:\/\/www.culture-numerique.fr\/wp-content\/uploads\/2016\/06\/DSC_0001-450x253.jpg 450w, https:\/\/www.culture-numerique.fr\/wp-content\/uploads\/2016\/06\/DSC_0001-600x338.jpg 600w, https:\/\/www.culture-numerique.fr\/wp-content\/uploads\/2016\/06\/DSC_0001-900x506.jpg 900w\" sizes=\"auto, (max-width: 1248px) 100vw, 1248px\" \/><\/p>\n<p><strong>F<a href=\"http:\/\/www.futur-en-seine.paris\/\" target=\"_blank\">utur-en-Seine<\/a>, vendredi 10 juin<\/strong>, au foyer historique de <a href=\"https:\/\/gaite-lyrique.net\/\" target=\"_blank\">La Ga\u00eet\u00e9 lyrique<\/a>, on remettait, en pr\u00e9sence de la ministre de l&rsquo;\u00c9ducation nationale et de la pr\u00e9sidente de la <a href=\"https:\/\/www.cnil.fr\/\" target=\"_blank\">CNIL<\/a>,<\/p>\n<p><span class=\"ellipsis\">&hellip;<\/span><\/p>\n<div class=\"read-more\"><a href=\"https:\/\/www.culture-numerique.fr\/?p=5019\">Lire la suite &#8250;<\/a><\/div>\n<p><!-- end of .read-more --><\/p>\n","protected":false},"author":1,"featured_media":5021,"comment_status":"open","ping_status":"open","sticky":false,"template":"","format":"standard","meta":{"jetpack_post_was_ever_published":false,"_jetpack_newsletter_access":"","_jetpack_dont_email_post_to_subs":false,"_jetpack_newsletter_tier_id":0,"_jetpack_memberships_contains_paywalled_content":false,"_jetpack_memberships_contains_paid_content":false,"footnotes":""},"categories":[9],"tags":[91,129,52,609,39,610,440,735,736,45],"class_list":["post-5019","post","type-post","status-publish","format-standard","has-post-thumbnail","hentry","category-billets-dhumeur","tag-citoyennete-numerique","tag-cnil","tag-culture-numerique","tag-educnum","tag-engagement","tag-futur-en-seine","tag-intimite","tag-la-gaite-lyrique","tag-usages-pedagogiques","tag-vie-privee"],"jetpack_featured_media_url":"https:\/\/www.culture-numerique.fr\/wp-content\/uploads\/2016\/06\/DSC_0001.jpg","jetpack_sharing_enabled":true,"_links":{"self":[{"href":"https:\/\/www.culture-numerique.fr\/index.php?rest_route=\/wp\/v2\/posts\/5019","targetHints":{"allow":["GET"]}}],"collection":[{"href":"https:\/\/www.culture-numerique.fr\/index.php?rest_route=\/wp\/v2\/posts"}],"about":[{"href":"https:\/\/www.culture-numerique.fr\/index.php?rest_route=\/wp\/v2\/types\/post"}],"author":[{"embeddable":true,"href":"https:\/\/www.culture-numerique.fr\/index.php?rest_route=\/wp\/v2\/users\/1"}],"replies":[{"embeddable":true,"href":"https:\/\/www.culture-numerique.fr\/index.php?rest_route=%2Fwp%2Fv2%2Fcomments&post=5019"}],"version-history":[{"count":21,"href":"https:\/\/www.culture-numerique.fr\/index.php?rest_route=\/wp\/v2\/posts\/5019\/revisions"}],"predecessor-version":[{"id":5227,"href":"https:\/\/www.culture-numerique.fr\/index.php?rest_route=\/wp\/v2\/posts\/5019\/revisions\/5227"}],"wp:featuredmedia":[{"embeddable":true,"href":"https:\/\/www.culture-numerique.fr\/index.php?rest_route=\/wp\/v2\/media\/5021"}],"wp:attachment":[{"href":"https:\/\/www.culture-numerique.fr\/index.php?rest_route=%2Fwp%2Fv2%2Fmedia&parent=5019"}],"wp:term":[{"taxonomy":"category","embeddable":true,"href":"https:\/\/www.culture-numerique.fr\/index.php?rest_route=%2Fwp%2Fv2%2Fcategories&post=5019"},{"taxonomy":"post_tag","embeddable":true,"href":"https:\/\/www.culture-numerique.fr\/index.php?rest_route=%2Fwp%2Fv2%2Ftags&post=5019"}],"curies":[{"name":"wp","href":"https:\/\/api.w.org\/{rel}","templated":true}]}}